{"id":2213,"date":"2019-11-07T13:34:41","date_gmt":"2019-11-07T11:34:41","guid":{"rendered":"https:\/\/suomenkuvalehti.fi\/taivaan-tahden\/?p=2213"},"modified":"2019-11-07T13:34:41","modified_gmt":"2019-11-07T11:34:41","slug":"ihmiskunta-matkaa-tahtiin-to-del-la-hi-taas-ti","status":"publish","type":"post","link":"https:\/\/suomenkuvalehti.fi\/taivaan-tahden\/2019\/11\/07\/ihmiskunta-matkaa-tahtiin-to-del-la-hi-taas-ti\/","title":{"rendered":"Ihmiskunta matkaa t\u00e4htiin \u2013 to-del-la hi-taas-ti"},"content":{"rendered":"<figure class=\"aligncenter size-large is-resized wp-block-image\">\n  <div class=\"wp-block-image__inner-container\">\n    <a href=\"https:\/\/suomenkuvalehti.fi\/taivaan-tahden\/wp-content\/uploads\/sites\/36\/2019\/11\/v_2_nasa.jpeg\"><img loading=\"lazy\" decoding=\"async\" src=\"https:\/\/suomenkuvalehti.fi\/taivaan-tahden\/wp-content\/uploads\/sites\/36\/2019\/11\/v_2_nasa-1024x768.jpeg\" alt=\"\" class=\"wp-image-2214\" width=\"1024\" height=\"768\" style=\"--aspect-ratio: 1.33\" srcset=\"https:\/\/suomenkuvalehti.fi\/taivaan-tahden\/wp-content\/uploads\/sites\/36\/2019\/11\/v_2_nasa-1024x768.jpeg 1024w, https:\/\/suomenkuvalehti.fi\/taivaan-tahden\/wp-content\/uploads\/sites\/36\/2019\/11\/v_2_nasa-300x225.jpeg 300w, https:\/\/suomenkuvalehti.fi\/taivaan-tahden\/wp-content\/uploads\/sites\/36\/2019\/11\/v_2_nasa-768x576.jpeg 768w, https:\/\/suomenkuvalehti.fi\/taivaan-tahden\/wp-content\/uploads\/sites\/36\/2019\/11\/v_2_nasa-630x473.jpeg 630w, https:\/\/suomenkuvalehti.fi\/taivaan-tahden\/wp-content\/uploads\/sites\/36\/2019\/11\/v_2_nasa.jpeg 1344w\" sizes=\"auto, (max-width: 1024px) 100vw, 1024px\" \/><\/a>    <figcaption class=\"wp-block-image__figcaption\">\n      Voyager 2 laukaistiin matkaan elokuussa 1977. Kuva: NASA\/JPL          <\/figcaption>\n      <\/div>\n<\/figure>\n\n\n<p><span class=\"capitalized\">Aurinkokunnan laitamilta<\/span> kantautuu uutisia. Voyager 2 -luotain, joka singahti t\u00e4htienv\u00e4liseen avaruuteen viime vuonna, on l\u00e4hett\u00e4nyt tietoa olosuhteista Aurinkokunnan reunan tuolla puolen. Tai tarkemmin sanottuna siell\u00e4 sinkoilevien varattujen hiukkasten muodostaman plasman ominaisuuksista.<\/p>\n\n\n\n<p>Voyager 1 poistui Aurinkokunnasta jo vuonna 2012, mutta mittausten mukaan sen matka h\u00e4ilyvien rajaseutujen halki kesti hieman pidemp\u00e4\u00e4n kuin sisarluotaimensa, joka pujahti niiden l\u00e4pi alle vuorokaudessa.<\/p>\n\n\n\n<p>Olemme siis valloittaneet t\u00e4htienv\u00e4lisen avaruuden per\u00e4ti kahden luotaimen voimin!<\/p>\n\n\n\n<p><span class=\"capitalized\">V\u00e4h\u00e4ttelem\u00e4tt\u00e4<\/span> kahden sinnikk\u00e4\u00e4n avaruuslaitteen ja niiden rakentajien saavutusta \u2013 Voyagerit ovat taivaltaneet tyhjyydess\u00e4 yli 40 vuotta \u2013 olemme todellisuudessa viel\u00e4 Auringon l\u00e4hinaapurustossa, melkein omalla kotipihalla.<\/p>\n\n\n\n<blockquote class=\"wp-block-quote\"><p>Aika n\u00e4ytt\u00e4isi pys\u00e4htyv\u00e4n.<\/p><\/blockquote>\n\n\n\n<p>Jos avaruuden valloitusta vertaa valtameren yli uimiseen, olemme h\u00e4din tuskin kastaneet varpaitamme veteen, hyv\u00e4 jos olemme p\u00e4\u00e4sseet laiturille asti.<\/p>\n\n\n\n<p>Aurinkokunnan ulkoraja on parikymmenen miljardin kilometrin et\u00e4isyydell\u00e4 Auringosta, mik\u00e4 on tietysti valtaisa matka verrattuna arkiel\u00e4m\u00e4st\u00e4 tuttuihin lukemiin. Jopa 300 000 kilometri\u00e4 sekunnissa kiit\u00e4v\u00e4lt\u00e4 valolta kest\u00e4\u00e4 16,5 tuntia moisen taipaleen taittamiseen.<\/p>\n\n\n\n<p><span class=\"capitalized\">Mutta kun<\/span> mik\u00e4\u00e4n ei riit\u00e4. L\u00e4himp\u00e4\u00e4n t\u00e4hteen on matkaa hieman yli nelj\u00e4 valovuotta eli valo saapuu Proxima Centaurista meille hieman yli nelj\u00e4ss\u00e4 vuodessa.<\/p>\n\n\n\n<p>Kun 16,5 tuntia jaetaan \u201dhieman yli nelj\u00e4ll\u00e4 vuodella\u201d eli noin 37 000 tunnilla, saadaan tulokseksi, ett\u00e4 Aurinkokunnan rajan ylitt\u00e4neet luotaimet ovat edenneet puolisen promillea matkasta kohti l\u00e4hint\u00e4 t\u00e4hte\u00e4. Jota kohti kumpikaan ei tosin ole kiit\u00e4m\u00e4ss\u00e4.<\/p>\n\n\n\n<p>Vaikka Voyager-luotainten nopeus on noin 55 000 kilometri\u00e4 tunnissa \u2013 matka Maan ymp\u00e4ri kest\u00e4isi vajaat kolme varttia \u2013 se on vain 0,05 promillea valon nopeudesta. Maailmankaikkeuden mitassa aika haipakalta vaikuttava meno on hyvin verkkaista matelua.<\/p>\n\n\n\n<p><span class=\"capitalized\">Yleisen suhteellisuusteorian<\/span> mukaan valon nopeutta ei voi saavuttaa, koska se edellytt\u00e4isi \u00e4\u00e4ret\u00f6nt\u00e4 energiaa. Ja toisaalta valon nopeudella liikkuvassa aluksessa \u2013 siis jos sellainen olisi edes teoriassa mahdollista rakentaa \u2013 aika n\u00e4ytt\u00e4isi pys\u00e4htyv\u00e4n.<\/p>\n\n\n\n<p>Jos t\u00e4htiin aiotaan todella matkata jossain tolkullisessa ajassa, pit\u00e4isi p\u00e4\u00e4st\u00e4 nopeuksiin, jotka ovat merkitt\u00e4v\u00e4 osa valon nopeudesta.<\/p>\n\n\n\n<p>Breakthrough Starshot -hankkeen tavoitteena on kehitt\u00e4\u00e4 luotain, jonka nopeus olisi 20 prosenttia valon nopeudesta eli huimat 60 000 kilometri\u00e4 sekunnissa. Sill\u00e4 olisi mahdollista saavuttaa Proxima kahdessa vuosikymmeness\u00e4.<\/p>\n\n\n\n<p>Mukaan ei kuitenkaan mahtuisi kovin paljon matkatavaroita, sill\u00e4 nanoluotaimella olisi massaa vain yhden gramman verran.<\/p>\n\n\n\n<p>&nbsp;<\/p>\n\n\n","protected":false},"excerpt":{"rendered":"<p>Aurinkokunnan laitamilta kantautuu uutisia. Voyager 2 -luotain, joka singahti t\u00e4htienv\u00e4liseen avaruuteen viime vuonna, on l\u00e4hett\u00e4nyt tietoa olosuhteista Aurinkokunnan reunan tuolla puolen. Tai tarkemmin sanottuna siell\u00e4 sinkoilevien varattujen hiukkasten muodostaman plasman<br \/>\nomin&hellip;<\/p>\n","protected":false},"author":557,"featured_media":2214,"comment_status":"open","ping_status":"open","sticky":false,"template":"","format":"standard","meta":{"_acf_changed":false,"asauth_required_access_level":3,"asauth_cansharepaid":"true","om_header_attributes":[],"footnotes":"","om_featured_image_focal_point":[],"om_primary_tag":0,"om_contributors":[],"om_co_authors":[],"beyondwords_generate_audio":"","beyondwords_project_id":"","beyondwords_content_id":"","beyondwords_preview_token":"","beyondwords_player_content":"","beyondwords_player_style":"","beyondwords_language_code":"","beyondwords_language_id":"","beyondwords_title_voice_id":"","beyondwords_body_voice_id":"","beyondwords_summary_voice_id":"","beyondwords_error_message":"","beyondwords_disabled":"","beyondwords_delete_content":"","beyondwords_podcast_id":"","beyondwords_hash":"","publish_post_to_speechkit":"","speechkit_hash":"","speechkit_generate_audio":"","speechkit_project_id":"","speechkit_podcast_id":"","speechkit_error_message":"","speechkit_disabled":"","speechkit_access_key":"","speechkit_error":"","speechkit_info":"","speechkit_response":"","speechkit_retries":"","speechkit_status":"","speechkit_updated_at":"","_speechkit_link":"","_speechkit_text":""},"categories":[1],"tags":[128,212,530,231,835],"class_list":["post-2213","post","type-post","status-publish","format-standard","has-post-thumbnail","hentry","category-taivaan-tahden","tag-aurinkokunta","tag-breakthrough-starshot","tag-tahtienvalinen-avaruus","tag-voyager-1","tag-voyager-2"],"om_views":null,"acf":{"tuuma_off":false,"tuuma_kysymys":"","tuuma_vastaus":""},"asauth":{"required_access_level":1,"share_token":"","is_paid":false},"yoast_head":"<!-- This site is optimized with the Yoast SEO plugin v26.4 - https:\/\/yoast.com\/wordpress\/plugins\/seo\/ -->\n<title>Ihmiskunta matkaa t\u00e4htiin \u2013 to-del-la hi-taas-ti - Taivaan t\u00e4hden<\/title>\n<meta name=\"robots\" content=\"index, follow, max-snippet:-1, max-image-preview:large, max-video-preview:-1\" \/>\n<link rel=\"canonical\" href=\"https:\/\/suomenkuvalehti.fi\/taivaan-tahden\/2019\/11\/07\/ihmiskunta-matkaa-tahtiin-to-del-la-hi-taas-ti\/\" \/>\n<meta property=\"og:locale\" content=\"fi_FI\" \/>\n<meta property=\"og:type\" content=\"article\" \/>\n<meta property=\"og:title\" content=\"Ihmiskunta matkaa t\u00e4htiin \u2013 to-del-la hi-taas-ti - Taivaan t\u00e4hden\" \/>\n<meta property=\"og:description\" content=\"Aurinkokunnan laitamilta kantautuu uutisia. Voyager 2 -luotain, joka singahti t\u00e4htienv\u00e4liseen avaruuteen viime vuonna, on l\u00e4hett\u00e4nyt tietoa olosuhteista Aurinkokunnan reunan tuolla puolen. Tai tarkemmin sanottuna siell\u00e4 sinkoilevien varattujen hiukkasten muodostaman plasman omin&hellip;\" \/>\n<meta property=\"og:url\" content=\"https:\/\/suomenkuvalehti.fi\/taivaan-tahden\/2019\/11\/07\/ihmiskunta-matkaa-tahtiin-to-del-la-hi-taas-ti\/\" \/>\n<meta property=\"og:site_name\" content=\"Taivaan t\u00e4hden\" \/>\n<meta property=\"article:published_time\" content=\"2019-11-07T11:34:41+00:00\" \/>\n<meta property=\"og:image\" content=\"https:\/\/suomenkuvalehti.fi\/taivaan-tahden\/wp-content\/uploads\/sites\/36\/2019\/11\/v_2_nasa.jpeg\" \/>\n\t<meta property=\"og:image:width\" content=\"1344\" \/>\n\t<meta property=\"og:image:height\" content=\"1008\" \/>\n\t<meta property=\"og:image:type\" content=\"image\/jpeg\" \/>\n<meta name=\"author\" content=\"Markus Hotakainen\" \/>\n<meta name=\"twitter:card\" content=\"summary_large_image\" \/>\n<meta name=\"twitter:label1\" content=\"Written by\" \/>\n\t<meta name=\"twitter:data1\" content=\"Markus Hotakainen\" \/>\n\t<meta name=\"twitter:label2\" content=\"Est. reading time\" \/>\n\t<meta name=\"twitter:data2\" content=\"2 minuuttia\" \/>\n<script type=\"application\/ld+json\" class=\"yoast-schema-graph\">{\"@context\":\"https:\/\/schema.org\",\"@graph\":[{\"@type\":\"WebPage\",\"@id\":\"https:\/\/suomenkuvalehti.fi\/taivaan-tahden\/2019\/11\/07\/ihmiskunta-matkaa-tahtiin-to-del-la-hi-taas-ti\/\",\"url\":\"https:\/\/suomenkuvalehti.fi\/taivaan-tahden\/2019\/11\/07\/ihmiskunta-matkaa-tahtiin-to-del-la-hi-taas-ti\/\",\"name\":\"Ihmiskunta matkaa t\u00e4htiin \u2013 to-del-la hi-taas-ti - Taivaan t\u00e4hden\",\"isPartOf\":{\"@id\":\"https:\/\/suomenkuvalehti.fi\/taivaan-tahden\/#website\"},\"primaryImageOfPage\":{\"@id\":\"https:\/\/suomenkuvalehti.fi\/taivaan-tahden\/2019\/11\/07\/ihmiskunta-matkaa-tahtiin-to-del-la-hi-taas-ti\/#primaryimage\"},\"image\":{\"@id\":\"https:\/\/suomenkuvalehti.fi\/taivaan-tahden\/2019\/11\/07\/ihmiskunta-matkaa-tahtiin-to-del-la-hi-taas-ti\/#primaryimage\"},\"thumbnailUrl\":\"https:\/\/suomenkuvalehti.fi\/taivaan-tahden\/wp-content\/uploads\/sites\/36\/2019\/11\/v_2_nasa.jpeg\",\"datePublished\":\"2019-11-07T11:34:41+00:00\",\"author\":{\"@id\":\"https:\/\/suomenkuvalehti.fi\/taivaan-tahden\/#\/schema\/person\/c9c1373acb19750e11084ef640abeae0\"},\"breadcrumb\":{\"@id\":\"https:\/\/suomenkuvalehti.fi\/taivaan-tahden\/2019\/11\/07\/ihmiskunta-matkaa-tahtiin-to-del-la-hi-taas-ti\/#breadcrumb\"},\"inLanguage\":\"fi\",\"potentialAction\":[{\"@type\":\"ReadAction\",\"target\":[\"https:\/\/suomenkuvalehti.fi\/taivaan-tahden\/2019\/11\/07\/ihmiskunta-matkaa-tahtiin-to-del-la-hi-taas-ti\/\"]}]},{\"@type\":\"ImageObject\",\"inLanguage\":\"fi\",\"@id\":\"https:\/\/suomenkuvalehti.fi\/taivaan-tahden\/2019\/11\/07\/ihmiskunta-matkaa-tahtiin-to-del-la-hi-taas-ti\/#primaryimage\",\"url\":\"https:\/\/suomenkuvalehti.fi\/taivaan-tahden\/wp-content\/uploads\/sites\/36\/2019\/11\/v_2_nasa.jpeg\",\"contentUrl\":\"https:\/\/suomenkuvalehti.fi\/taivaan-tahden\/wp-content\/uploads\/sites\/36\/2019\/11\/v_2_nasa.jpeg\",\"width\":1344,\"height\":1008,\"caption\":\"Voyager 2 laukaistiin matkaan elokuussa 1977. Kuva: NASA\/JPL\"},{\"@type\":\"BreadcrumbList\",\"@id\":\"https:\/\/suomenkuvalehti.fi\/taivaan-tahden\/2019\/11\/07\/ihmiskunta-matkaa-tahtiin-to-del-la-hi-taas-ti\/#breadcrumb\",\"itemListElement\":[{\"@type\":\"ListItem\",\"position\":1,\"name\":\"Home\",\"item\":\"https:\/\/suomenkuvalehti.fi\/taivaan-tahden\/\"},{\"@type\":\"ListItem\",\"position\":2,\"name\":\"Ihmiskunta matkaa t\u00e4htiin \u2013 to-del-la hi-taas-ti\"}]},{\"@type\":\"WebSite\",\"@id\":\"https:\/\/suomenkuvalehti.fi\/taivaan-tahden\/#website\",\"url\":\"https:\/\/suomenkuvalehti.fi\/taivaan-tahden\/\",\"name\":\"Taivaan t\u00e4hden\",\"description\":\"Tiedetoimittaja Markus Hotakainen h\u00e4mm\u00e4stelee maailmankaikkeutta.\",\"potentialAction\":[{\"@type\":\"SearchAction\",\"target\":{\"@type\":\"EntryPoint\",\"urlTemplate\":\"https:\/\/suomenkuvalehti.fi\/haku\/?q={search_term_string}\"},\"query-input\":{\"@type\":\"PropertyValueSpecification\",\"valueRequired\":true,\"valueName\":\"search_term_string\"}}],\"inLanguage\":\"fi\"},{\"@type\":\"Person\",\"@id\":\"https:\/\/suomenkuvalehti.fi\/taivaan-tahden\/#\/schema\/person\/c9c1373acb19750e11084ef640abeae0\",\"name\":\"Markus Hotakainen\",\"image\":{\"@type\":\"ImageObject\",\"inLanguage\":\"fi\",\"@id\":\"https:\/\/suomenkuvalehti.fi\/taivaan-tahden\/#\/schema\/person\/image\/\",\"url\":\"https:\/\/suomenkuvalehti.fi\/taivaan-tahden\/wp-content\/uploads\/sites\/36\/2018\/05\/markus_hotakainen_blogi_pieni-150x150.jpg\",\"contentUrl\":\"https:\/\/suomenkuvalehti.fi\/taivaan-tahden\/wp-content\/uploads\/sites\/36\/2018\/05\/markus_hotakainen_blogi_pieni-150x150.jpg\",\"caption\":\"Markus Hotakainen\"},\"description\":\"Kirjoittaja on tiedetoimittaja ja tietokirjailija.\"}]}<\/script>\n<!-- \/ Yoast SEO plugin. -->","yoast_head_json":{"title":"Ihmiskunta matkaa t\u00e4htiin \u2013 to-del-la hi-taas-ti - Taivaan t\u00e4hden","robots":{"index":"index","follow":"follow","max-snippet":"max-snippet:-1","max-image-preview":"max-image-preview:large","max-video-preview":"max-video-preview:-1"},"canonical":"https:\/\/suomenkuvalehti.fi\/taivaan-tahden\/2019\/11\/07\/ihmiskunta-matkaa-tahtiin-to-del-la-hi-taas-ti\/","og_locale":"fi_FI","og_type":"article","og_title":"Ihmiskunta matkaa t\u00e4htiin \u2013 to-del-la hi-taas-ti - Taivaan t\u00e4hden","og_description":"Aurinkokunnan laitamilta kantautuu uutisia. Voyager 2 -luotain, joka singahti t\u00e4htienv\u00e4liseen avaruuteen viime vuonna, on l\u00e4hett\u00e4nyt tietoa olosuhteista Aurinkokunnan reunan tuolla puolen. Tai tarkemmin sanottuna siell\u00e4 sinkoilevien varattujen hiukkasten muodostaman plasman omin&hellip;","og_url":"https:\/\/suomenkuvalehti.fi\/taivaan-tahden\/2019\/11\/07\/ihmiskunta-matkaa-tahtiin-to-del-la-hi-taas-ti\/","og_site_name":"Taivaan t\u00e4hden","article_published_time":"2019-11-07T11:34:41+00:00","og_image":[{"width":1344,"height":1008,"url":"https:\/\/suomenkuvalehti.fi\/taivaan-tahden\/wp-content\/uploads\/sites\/36\/2019\/11\/v_2_nasa.jpeg","type":"image\/jpeg"}],"author":"Markus Hotakainen","twitter_card":"summary_large_image","twitter_misc":{"Written by":"Markus Hotakainen","Est. reading time":"2 minuuttia"},"schema":{"@context":"https:\/\/schema.org","@graph":[{"@type":"WebPage","@id":"https:\/\/suomenkuvalehti.fi\/taivaan-tahden\/2019\/11\/07\/ihmiskunta-matkaa-tahtiin-to-del-la-hi-taas-ti\/","url":"https:\/\/suomenkuvalehti.fi\/taivaan-tahden\/2019\/11\/07\/ihmiskunta-matkaa-tahtiin-to-del-la-hi-taas-ti\/","name":"Ihmiskunta matkaa t\u00e4htiin \u2013 to-del-la hi-taas-ti - Taivaan t\u00e4hden","isPartOf":{"@id":"https:\/\/suomenkuvalehti.fi\/taivaan-tahden\/#website"},"primaryImageOfPage":{"@id":"https:\/\/suomenkuvalehti.fi\/taivaan-tahden\/2019\/11\/07\/ihmiskunta-matkaa-tahtiin-to-del-la-hi-taas-ti\/#primaryimage"},"image":{"@id":"https:\/\/suomenkuvalehti.fi\/taivaan-tahden\/2019\/11\/07\/ihmiskunta-matkaa-tahtiin-to-del-la-hi-taas-ti\/#primaryimage"},"thumbnailUrl":"https:\/\/suomenkuvalehti.fi\/taivaan-tahden\/wp-content\/uploads\/sites\/36\/2019\/11\/v_2_nasa.jpeg","datePublished":"2019-11-07T11:34:41+00:00","author":{"@id":"https:\/\/suomenkuvalehti.fi\/taivaan-tahden\/#\/schema\/person\/c9c1373acb19750e11084ef640abeae0"},"breadcrumb":{"@id":"https:\/\/suomenkuvalehti.fi\/taivaan-tahden\/2019\/11\/07\/ihmiskunta-matkaa-tahtiin-to-del-la-hi-taas-ti\/#breadcrumb"},"inLanguage":"fi","potentialAction":[{"@type":"ReadAction","target":["https:\/\/suomenkuvalehti.fi\/taivaan-tahden\/2019\/11\/07\/ihmiskunta-matkaa-tahtiin-to-del-la-hi-taas-ti\/"]}]},{"@type":"ImageObject","inLanguage":"fi","@id":"https:\/\/suomenkuvalehti.fi\/taivaan-tahden\/2019\/11\/07\/ihmiskunta-matkaa-tahtiin-to-del-la-hi-taas-ti\/#primaryimage","url":"https:\/\/suomenkuvalehti.fi\/taivaan-tahden\/wp-content\/uploads\/sites\/36\/2019\/11\/v_2_nasa.jpeg","contentUrl":"https:\/\/suomenkuvalehti.fi\/taivaan-tahden\/wp-content\/uploads\/sites\/36\/2019\/11\/v_2_nasa.jpeg","width":1344,"height":1008,"caption":"Voyager 2 laukaistiin matkaan elokuussa 1977. Kuva: NASA\/JPL"},{"@type":"BreadcrumbList","@id":"https:\/\/suomenkuvalehti.fi\/taivaan-tahden\/2019\/11\/07\/ihmiskunta-matkaa-tahtiin-to-del-la-hi-taas-ti\/#breadcrumb","itemListElement":[{"@type":"ListItem","position":1,"name":"Home","item":"https:\/\/suomenkuvalehti.fi\/taivaan-tahden\/"},{"@type":"ListItem","position":2,"name":"Ihmiskunta matkaa t\u00e4htiin \u2013 to-del-la hi-taas-ti"}]},{"@type":"WebSite","@id":"https:\/\/suomenkuvalehti.fi\/taivaan-tahden\/#website","url":"https:\/\/suomenkuvalehti.fi\/taivaan-tahden\/","name":"Taivaan t\u00e4hden","description":"Tiedetoimittaja Markus Hotakainen h\u00e4mm\u00e4stelee maailmankaikkeutta.","potentialAction":[{"@type":"SearchAction","target":{"@type":"EntryPoint","urlTemplate":"https:\/\/suomenkuvalehti.fi\/haku\/?q={search_term_string}"},"query-input":{"@type":"PropertyValueSpecification","valueRequired":true,"valueName":"search_term_string"}}],"inLanguage":"fi"},{"@type":"Person","@id":"https:\/\/suomenkuvalehti.fi\/taivaan-tahden\/#\/schema\/person\/c9c1373acb19750e11084ef640abeae0","name":"Markus Hotakainen","image":{"@type":"ImageObject","inLanguage":"fi","@id":"https:\/\/suomenkuvalehti.fi\/taivaan-tahden\/#\/schema\/person\/image\/","url":"https:\/\/suomenkuvalehti.fi\/taivaan-tahden\/wp-content\/uploads\/sites\/36\/2018\/05\/markus_hotakainen_blogi_pieni-150x150.jpg","contentUrl":"https:\/\/suomenkuvalehti.fi\/taivaan-tahden\/wp-content\/uploads\/sites\/36\/2018\/05\/markus_hotakainen_blogi_pieni-150x150.jpg","caption":"Markus Hotakainen"},"description":"Kirjoittaja on tiedetoimittaja ja tietokirjailija."}]}},"_links":{"self":[{"href":"https:\/\/suomenkuvalehti.fi\/taivaan-tahden\/wp-json\/wp\/v2\/posts\/2213","targetHints":{"allow":["GET"]}}],"collection":[{"href":"https:\/\/suomenkuvalehti.fi\/taivaan-tahden\/wp-json\/wp\/v2\/posts"}],"about":[{"href":"https:\/\/suomenkuvalehti.fi\/taivaan-tahden\/wp-json\/wp\/v2\/types\/post"}],"author":[{"embeddable":true,"href":"https:\/\/suomenkuvalehti.fi\/taivaan-tahden\/wp-json\/wp\/v2\/users\/557"}],"replies":[{"embeddable":true,"href":"https:\/\/suomenkuvalehti.fi\/taivaan-tahden\/wp-json\/wp\/v2\/comments?post=2213"}],"version-history":[{"count":2,"href":"https:\/\/suomenkuvalehti.fi\/taivaan-tahden\/wp-json\/wp\/v2\/posts\/2213\/revisions"}],"predecessor-version":[{"id":2216,"href":"https:\/\/suomenkuvalehti.fi\/taivaan-tahden\/wp-json\/wp\/v2\/posts\/2213\/revisions\/2216"}],"wp:featuredmedia":[{"embeddable":true,"href":"https:\/\/suomenkuvalehti.fi\/taivaan-tahden\/wp-json\/wp\/v2\/media\/2214"}],"wp:attachment":[{"href":"https:\/\/suomenkuvalehti.fi\/taivaan-tahden\/wp-json\/wp\/v2\/media?parent=2213"}],"wp:term":[{"taxonomy":"category","embeddable":true,"href":"https:\/\/suomenkuvalehti.fi\/taivaan-tahden\/wp-json\/wp\/v2\/categories?post=2213"},{"taxonomy":"post_tag","embeddable":true,"href":"https:\/\/suomenkuvalehti.fi\/taivaan-tahden\/wp-json\/wp\/v2\/tags?post=2213"}],"curies":[{"name":"wp","href":"https:\/\/api.w.org\/{rel}","templated":true}]}}