{"id":2202,"date":"2019-10-28T13:38:18","date_gmt":"2019-10-28T11:38:18","guid":{"rendered":"https:\/\/suomenkuvalehti.fi\/taivaan-tahden\/?p=2202"},"modified":"2019-10-28T13:38:18","modified_gmt":"2019-10-28T11:38:18","slug":"valon-nopeus-on-aarellinen-onneksi","status":"publish","type":"post","link":"https:\/\/suomenkuvalehti.fi\/taivaan-tahden\/2019\/10\/28\/valon-nopeus-on-aarellinen-onneksi\/","title":{"rendered":"Valon nopeus on \u00e4\u00e4rellinen \u2013 onneksi"},"content":{"rendered":"<figure class=\"aligncenter size-large is-resized wp-block-image\">\n  <div class=\"wp-block-image__inner-container\">\n    <a href=\"https:\/\/suomenkuvalehti.fi\/taivaan-tahden\/wp-content\/uploads\/sites\/36\/2019\/10\/distant_galaxy_gn-z11_in_goods-n_image_by_hst.jpg\"><img loading=\"lazy\" decoding=\"async\" src=\"https:\/\/suomenkuvalehti.fi\/taivaan-tahden\/wp-content\/uploads\/sites\/36\/2019\/10\/distant_galaxy_gn-z11_in_goods-n_image_by_hst-1024x716.jpg\" alt=\"\" class=\"wp-image-2203\" width=\"1024\" height=\"716\" style=\"--aspect-ratio: 1.43\" srcset=\"https:\/\/suomenkuvalehti.fi\/taivaan-tahden\/wp-content\/uploads\/sites\/36\/2019\/10\/distant_galaxy_gn-z11_in_goods-n_image_by_hst-1024x716.jpg 1024w, https:\/\/suomenkuvalehti.fi\/taivaan-tahden\/wp-content\/uploads\/sites\/36\/2019\/10\/distant_galaxy_gn-z11_in_goods-n_image_by_hst-300x210.jpg 300w, https:\/\/suomenkuvalehti.fi\/taivaan-tahden\/wp-content\/uploads\/sites\/36\/2019\/10\/distant_galaxy_gn-z11_in_goods-n_image_by_hst-768x537.jpg 768w, https:\/\/suomenkuvalehti.fi\/taivaan-tahden\/wp-content\/uploads\/sites\/36\/2019\/10\/distant_galaxy_gn-z11_in_goods-n_image_by_hst-630x441.jpg 630w, https:\/\/suomenkuvalehti.fi\/taivaan-tahden\/wp-content\/uploads\/sites\/36\/2019\/10\/distant_galaxy_gn-z11_in_goods-n_image_by_hst.jpg 1575w\" sizes=\"auto, (max-width: 1024px) 100vw, 1024px\" \/><\/a>    <figcaption class=\"wp-block-image__figcaption\">\n      Galaksi \u201dnimelt\u00e4\u201d GN-z11 13,4 miljardia vuotta sitten. Nykyinen olemus tuntematon. Kuva: NASA\/ESA\/P. Oesch (Yale University)\/G. Brammer (STScI)\/P. van Dokkum (Yale University)\/G. Illingworth (University of California, Santa Cruz)          <\/figcaption>\n      <\/div>\n<\/figure>\n\n\n<p><span class=\"capitalized\">T\u00e4htitiedett\u00e4 k\u00e4sittelevien<\/span> kirjojen joukosta tuskin l\u00f6ytyy kovinkaan monta opusta, jossa kaukoputkea ei kehuttaisi aikakoneeksi. Sellainenhan se on.<\/p>\n\n\n\n<p>Jos teleskoopilla t\u00e4ht\u00e4\u00e4 vaikkapa talvista taivasta koristavaan Siriukseen, n\u00e4emme t\u00e4hden sellaisena kuin se oli alkukev\u00e4\u00e4ll\u00e4 2011. Valo etenee avaruudessa melkein 300 000 kilometri\u00e4 sekunnissa ja 8,6 vuodessa se taittaa 8,6 valovuoden mittaisen matkan Siriuksesta Maahan.<\/p>\n\n\n\n<p>Andromedan galaksi kajastaa \u00f6isell\u00e4 taivaalla valoa, joka on l\u00e4htenyt liikkeelle 2,5 miljoonaa vuotta sitten. M87-tunnuksella tunnettu galaksi, jonka keskell\u00e4 lymy\u00e4v\u00e4st\u00e4 supermassiivisesta mustasta aukosta julkaistiin viime kev\u00e4\u00e4n\u00e4 ensimm\u00e4inen kuva, n\u00e4ytt\u00e4ytyy sellaisena kuin se oli 53,5 miljoonaa vuotta sitten.<\/p>\n\n\n\n<p><span class=\"capitalized\">Et\u00e4isimm\u00e4t tunnetut kohteet<\/span> ovat yli 13 miljardin valovuoden et\u00e4isyydell\u00e4, joten niiden valo on l\u00e4htenyt liikkeelle, kun kosmos oli h\u00e4din tuskin karistanut kapalonsa. Mit\u00e4 kauemmas t\u00e4hy\u00e4mme, sit\u00e4 kauemmas menneisyyteen n\u00e4emme.<\/p>\n\n\n\n<p>Ja hyv\u00e4 niin.<\/p>\n\n\n\n<p>Ai miten niin?<\/p>\n\n\n\n<p>Eik\u00f6 olisi kiinnostavaa tiet\u00e4\u00e4, millainen maailmankaikkeus on juuri nyt, t\u00e4sm\u00e4lleen t\u00e4ll\u00e4 kellonly\u00f6m\u00e4ll\u00e4, kaikissa suunnissa ja kaikilla et\u00e4isyyksill\u00e4?<\/p>\n\n\n\n<p><span class=\"capitalized\">Periaatteessa kyll\u00e4<\/span>, k\u00e4yt\u00e4nn\u00f6ss\u00e4 ei niink\u00e4\u00e4n.<\/p>\n\n\n\n<p>Ensinn\u00e4kin se edellytt\u00e4isi fysiikalta sellaista kuperkeikkaa, ett\u00e4 <b>Albert Einsteinin<\/b> luoma suhteellisuusteoria ja sen perusteet joutaisivat romukoppaan. Valon nopeus ei olisi \u00e4\u00e4rellinen eik\u00e4 se olisi maailmankaikkeuden ehdoton kattonopeus.<\/p>\n\n\n\n<blockquote class=\"wp-block-quote\"><p>Tiet\u00e4myksemme kosmoksesta olisi hyvin rajallinen.<\/p><\/blockquote>\n\n\n\n<p>Toisekseen emme tiet\u00e4isi mit\u00e4\u00e4n maailmankaikkeuden historiasta. K\u00e4sityksemme sen synnyst\u00e4 ja kehityksest\u00e4 perustuu juuri siihen, ett\u00e4 pystymme tarkastelemaan universumia eri kehitysvaiheissa katselemalla erilaisille et\u00e4isyyksille.<\/p>\n\n\n\n<p><span class=\"capitalized\">Sama p\u00e4tisi<\/span> my\u00f6s maailmankaikkeuden rakennuspalikoihin, galakseihin ja galaksijoukkoihin. N\u00e4kisimme kaikki t\u00e4htij\u00e4rjestelm\u00e4t ja niiden muodostamat rypp\u00e4\u00e4t sellaisina kuin ne ovat t\u00e4ll\u00e4 hetkell\u00e4.<\/p>\n\n\n\n<p>Esimerkiksi maailmankaikkeuden alkuaikoina loistaneet kvasaarit, galaksien aktiiviset ytimet, olisivat sammuneet jo aika p\u00e4ivi\u00e4. Emme edes tiet\u00e4isi moisia kohteita olleen joskus olemassa.<\/p>\n\n\n\n<p>Tiet\u00e4myksemme kosmoksesta olisi hyvin rajallinen. Se olisi kallis hinta siit\u00e4 ilosta, ett\u00e4 tuntisimme universumin l\u00e4pikotaisin juuri nyt, joka suunnassa ja kaikilla et\u00e4isyyksill\u00e4.<\/p>\n\n\n\n<p>Onneksi maailmankaikkeudessa vallitsee nopeusrajoitus, jota on mahdoton rikkoa.<\/p>\n\n\n\n<p>&nbsp;<\/p>\n\n\n","protected":false},"excerpt":{"rendered":"<p>T\u00e4htitiedett\u00e4 k\u00e4sittelevien kirjojen joukosta tuskin l\u00f6ytyy kovinkaan monta opusta, jossa kaukoputkea ei kehuttaisi aikakoneeksi. Sellainenhan se on. Jos teleskoopilla t\u00e4ht\u00e4\u00e4 vaikkapa talvista taivasta koristavaan Siriukseen, n\u00e4emme t\u00e4hden sellaisena kuin se oli alkukev\u00e4\u00e4ll\u00e4 2011.<br \/>\nValo etenee&hellip;<\/p>\n","protected":false},"author":557,"featured_media":2203,"comment_status":"open","ping_status":"open","sticky":false,"template":"","format":"standard","meta":{"_acf_changed":false,"asauth_required_access_level":3,"asauth_cansharepaid":"true","om_header_attributes":[],"footnotes":"","om_featured_image_focal_point":[],"om_primary_tag":0,"om_contributors":[],"om_co_authors":[],"beyondwords_generate_audio":"","beyondwords_project_id":"","beyondwords_content_id":"","beyondwords_preview_token":"","beyondwords_player_content":"","beyondwords_player_style":"","beyondwords_language_code":"","beyondwords_language_id":"","beyondwords_title_voice_id":"","beyondwords_body_voice_id":"","beyondwords_summary_voice_id":"","beyondwords_error_message":"","beyondwords_disabled":"","beyondwords_delete_content":"","beyondwords_podcast_id":"","beyondwords_hash":"","publish_post_to_speechkit":"","speechkit_hash":"","speechkit_generate_audio":"","speechkit_project_id":"","speechkit_podcast_id":"","speechkit_error_message":"","speechkit_disabled":"","speechkit_access_key":"","speechkit_error":"","speechkit_info":"","speechkit_response":"","speechkit_retries":"","speechkit_status":"","speechkit_updated_at":"","_speechkit_link":"","_speechkit_text":""},"categories":[1],"tags":[229,26,278,633,16,92],"class_list":["post-2202","post","type-post","status-publish","format-standard","has-post-thumbnail","hentry","category-taivaan-tahden","tag-albert-einstein","tag-galaksit","tag-kosmologia","tag-kvasaarit","tag-maailmankaikkeus","tag-valon-nopeus"],"om_views":null,"acf":{"tuuma_off":false,"tuuma_kysymys":"","tuuma_vastaus":""},"asauth":{"required_access_level":1,"share_token":"","is_paid":false},"yoast_head":"<!-- This site is optimized with the Yoast SEO plugin v26.4 - https:\/\/yoast.com\/wordpress\/plugins\/seo\/ -->\n<title>Valon nopeus on \u00e4\u00e4rellinen \u2013 onneksi - Taivaan t\u00e4hden<\/title>\n<meta name=\"robots\" content=\"index, follow, max-snippet:-1, max-image-preview:large, max-video-preview:-1\" \/>\n<link rel=\"canonical\" href=\"https:\/\/suomenkuvalehti.fi\/taivaan-tahden\/2019\/10\/28\/valon-nopeus-on-aarellinen-onneksi\/\" \/>\n<meta property=\"og:locale\" content=\"fi_FI\" \/>\n<meta property=\"og:type\" content=\"article\" \/>\n<meta property=\"og:title\" content=\"Valon nopeus on \u00e4\u00e4rellinen \u2013 onneksi - Taivaan t\u00e4hden\" \/>\n<meta property=\"og:description\" content=\"T\u00e4htitiedett\u00e4 k\u00e4sittelevien kirjojen joukosta tuskin l\u00f6ytyy kovinkaan monta opusta, jossa kaukoputkea ei kehuttaisi aikakoneeksi. Sellainenhan se on. Jos teleskoopilla t\u00e4ht\u00e4\u00e4 vaikkapa talvista taivasta koristavaan Siriukseen, n\u00e4emme t\u00e4hden sellaisena kuin se oli alkukev\u00e4\u00e4ll\u00e4 2011. Valo etenee&hellip;\" \/>\n<meta property=\"og:url\" content=\"https:\/\/suomenkuvalehti.fi\/taivaan-tahden\/2019\/10\/28\/valon-nopeus-on-aarellinen-onneksi\/\" \/>\n<meta property=\"og:site_name\" content=\"Taivaan t\u00e4hden\" \/>\n<meta property=\"article:published_time\" content=\"2019-10-28T11:38:18+00:00\" \/>\n<meta property=\"og:image\" content=\"https:\/\/suomenkuvalehti.fi\/taivaan-tahden\/wp-content\/uploads\/sites\/36\/2019\/10\/distant_galaxy_gn-z11_in_goods-n_image_by_hst-1024x716.jpg\" \/>\n\t<meta property=\"og:image:width\" content=\"1024\" \/>\n\t<meta property=\"og:image:height\" content=\"716\" \/>\n\t<meta property=\"og:image:type\" content=\"image\/jpeg\" \/>\n<meta name=\"author\" content=\"Markus Hotakainen\" \/>\n<meta name=\"twitter:card\" content=\"summary_large_image\" \/>\n<meta name=\"twitter:label1\" content=\"Written by\" \/>\n\t<meta name=\"twitter:data1\" content=\"Markus Hotakainen\" \/>\n\t<meta name=\"twitter:label2\" content=\"Est. reading time\" \/>\n\t<meta name=\"twitter:data2\" content=\"2 minuuttia\" \/>\n<script type=\"application\/ld+json\" class=\"yoast-schema-graph\">{\"@context\":\"https:\/\/schema.org\",\"@graph\":[{\"@type\":\"WebPage\",\"@id\":\"https:\/\/suomenkuvalehti.fi\/taivaan-tahden\/2019\/10\/28\/valon-nopeus-on-aarellinen-onneksi\/\",\"url\":\"https:\/\/suomenkuvalehti.fi\/taivaan-tahden\/2019\/10\/28\/valon-nopeus-on-aarellinen-onneksi\/\",\"name\":\"Valon nopeus on \u00e4\u00e4rellinen \u2013 onneksi - Taivaan t\u00e4hden\",\"isPartOf\":{\"@id\":\"https:\/\/suomenkuvalehti.fi\/taivaan-tahden\/#website\"},\"primaryImageOfPage\":{\"@id\":\"https:\/\/suomenkuvalehti.fi\/taivaan-tahden\/2019\/10\/28\/valon-nopeus-on-aarellinen-onneksi\/#primaryimage\"},\"image\":{\"@id\":\"https:\/\/suomenkuvalehti.fi\/taivaan-tahden\/2019\/10\/28\/valon-nopeus-on-aarellinen-onneksi\/#primaryimage\"},\"thumbnailUrl\":\"https:\/\/suomenkuvalehti.fi\/taivaan-tahden\/wp-content\/uploads\/sites\/36\/2019\/10\/distant_galaxy_gn-z11_in_goods-n_image_by_hst.jpg\",\"datePublished\":\"2019-10-28T11:38:18+00:00\",\"author\":{\"@id\":\"https:\/\/suomenkuvalehti.fi\/taivaan-tahden\/#\/schema\/person\/c9c1373acb19750e11084ef640abeae0\"},\"breadcrumb\":{\"@id\":\"https:\/\/suomenkuvalehti.fi\/taivaan-tahden\/2019\/10\/28\/valon-nopeus-on-aarellinen-onneksi\/#breadcrumb\"},\"inLanguage\":\"fi\",\"potentialAction\":[{\"@type\":\"ReadAction\",\"target\":[\"https:\/\/suomenkuvalehti.fi\/taivaan-tahden\/2019\/10\/28\/valon-nopeus-on-aarellinen-onneksi\/\"]}]},{\"@type\":\"ImageObject\",\"inLanguage\":\"fi\",\"@id\":\"https:\/\/suomenkuvalehti.fi\/taivaan-tahden\/2019\/10\/28\/valon-nopeus-on-aarellinen-onneksi\/#primaryimage\",\"url\":\"https:\/\/suomenkuvalehti.fi\/taivaan-tahden\/wp-content\/uploads\/sites\/36\/2019\/10\/distant_galaxy_gn-z11_in_goods-n_image_by_hst.jpg\",\"contentUrl\":\"https:\/\/suomenkuvalehti.fi\/taivaan-tahden\/wp-content\/uploads\/sites\/36\/2019\/10\/distant_galaxy_gn-z11_in_goods-n_image_by_hst.jpg\",\"width\":1575,\"height\":1102,\"caption\":\"Galaksi \u201dnimelt\u00e4\u201d GN-z11 13,4 miljardia vuotta sitten. Nykyinen olemus tuntematon. Kuva: NASA\/ESA\/P. Oesch (Yale University)\/G. Brammer (STScI)\/P. van Dokkum (Yale University)\/G. Illingworth (University of California, Santa Cruz)\"},{\"@type\":\"BreadcrumbList\",\"@id\":\"https:\/\/suomenkuvalehti.fi\/taivaan-tahden\/2019\/10\/28\/valon-nopeus-on-aarellinen-onneksi\/#breadcrumb\",\"itemListElement\":[{\"@type\":\"ListItem\",\"position\":1,\"name\":\"Home\",\"item\":\"https:\/\/suomenkuvalehti.fi\/taivaan-tahden\/\"},{\"@type\":\"ListItem\",\"position\":2,\"name\":\"Valon nopeus on \u00e4\u00e4rellinen \u2013 onneksi\"}]},{\"@type\":\"WebSite\",\"@id\":\"https:\/\/suomenkuvalehti.fi\/taivaan-tahden\/#website\",\"url\":\"https:\/\/suomenkuvalehti.fi\/taivaan-tahden\/\",\"name\":\"Taivaan t\u00e4hden\",\"description\":\"Tiedetoimittaja Markus Hotakainen h\u00e4mm\u00e4stelee maailmankaikkeutta.\",\"potentialAction\":[{\"@type\":\"SearchAction\",\"target\":{\"@type\":\"EntryPoint\",\"urlTemplate\":\"https:\/\/suomenkuvalehti.fi\/haku\/?q={search_term_string}\"},\"query-input\":{\"@type\":\"PropertyValueSpecification\",\"valueRequired\":true,\"valueName\":\"search_term_string\"}}],\"inLanguage\":\"fi\"},{\"@type\":\"Person\",\"@id\":\"https:\/\/suomenkuvalehti.fi\/taivaan-tahden\/#\/schema\/person\/c9c1373acb19750e11084ef640abeae0\",\"name\":\"Markus Hotakainen\",\"image\":{\"@type\":\"ImageObject\",\"inLanguage\":\"fi\",\"@id\":\"https:\/\/suomenkuvalehti.fi\/taivaan-tahden\/#\/schema\/person\/image\/\",\"url\":\"https:\/\/suomenkuvalehti.fi\/taivaan-tahden\/wp-content\/uploads\/sites\/36\/2018\/05\/markus_hotakainen_blogi_pieni-150x150.jpg\",\"contentUrl\":\"https:\/\/suomenkuvalehti.fi\/taivaan-tahden\/wp-content\/uploads\/sites\/36\/2018\/05\/markus_hotakainen_blogi_pieni-150x150.jpg\",\"caption\":\"Markus Hotakainen\"},\"description\":\"Kirjoittaja on tiedetoimittaja ja tietokirjailija.\"}]}<\/script>\n<!-- \/ Yoast SEO plugin. -->","yoast_head_json":{"title":"Valon nopeus on \u00e4\u00e4rellinen \u2013 onneksi - Taivaan t\u00e4hden","robots":{"index":"index","follow":"follow","max-snippet":"max-snippet:-1","max-image-preview":"max-image-preview:large","max-video-preview":"max-video-preview:-1"},"canonical":"https:\/\/suomenkuvalehti.fi\/taivaan-tahden\/2019\/10\/28\/valon-nopeus-on-aarellinen-onneksi\/","og_locale":"fi_FI","og_type":"article","og_title":"Valon nopeus on \u00e4\u00e4rellinen \u2013 onneksi - Taivaan t\u00e4hden","og_description":"T\u00e4htitiedett\u00e4 k\u00e4sittelevien kirjojen joukosta tuskin l\u00f6ytyy kovinkaan monta opusta, jossa kaukoputkea ei kehuttaisi aikakoneeksi. Sellainenhan se on. Jos teleskoopilla t\u00e4ht\u00e4\u00e4 vaikkapa talvista taivasta koristavaan Siriukseen, n\u00e4emme t\u00e4hden sellaisena kuin se oli alkukev\u00e4\u00e4ll\u00e4 2011. Valo etenee&hellip;","og_url":"https:\/\/suomenkuvalehti.fi\/taivaan-tahden\/2019\/10\/28\/valon-nopeus-on-aarellinen-onneksi\/","og_site_name":"Taivaan t\u00e4hden","article_published_time":"2019-10-28T11:38:18+00:00","og_image":[{"width":1024,"height":716,"url":"https:\/\/suomenkuvalehti.fi\/taivaan-tahden\/wp-content\/uploads\/sites\/36\/2019\/10\/distant_galaxy_gn-z11_in_goods-n_image_by_hst-1024x716.jpg","type":"image\/jpeg"}],"author":"Markus Hotakainen","twitter_card":"summary_large_image","twitter_misc":{"Written by":"Markus Hotakainen","Est. reading time":"2 minuuttia"},"schema":{"@context":"https:\/\/schema.org","@graph":[{"@type":"WebPage","@id":"https:\/\/suomenkuvalehti.fi\/taivaan-tahden\/2019\/10\/28\/valon-nopeus-on-aarellinen-onneksi\/","url":"https:\/\/suomenkuvalehti.fi\/taivaan-tahden\/2019\/10\/28\/valon-nopeus-on-aarellinen-onneksi\/","name":"Valon nopeus on \u00e4\u00e4rellinen \u2013 onneksi - Taivaan t\u00e4hden","isPartOf":{"@id":"https:\/\/suomenkuvalehti.fi\/taivaan-tahden\/#website"},"primaryImageOfPage":{"@id":"https:\/\/suomenkuvalehti.fi\/taivaan-tahden\/2019\/10\/28\/valon-nopeus-on-aarellinen-onneksi\/#primaryimage"},"image":{"@id":"https:\/\/suomenkuvalehti.fi\/taivaan-tahden\/2019\/10\/28\/valon-nopeus-on-aarellinen-onneksi\/#primaryimage"},"thumbnailUrl":"https:\/\/suomenkuvalehti.fi\/taivaan-tahden\/wp-content\/uploads\/sites\/36\/2019\/10\/distant_galaxy_gn-z11_in_goods-n_image_by_hst.jpg","datePublished":"2019-10-28T11:38:18+00:00","author":{"@id":"https:\/\/suomenkuvalehti.fi\/taivaan-tahden\/#\/schema\/person\/c9c1373acb19750e11084ef640abeae0"},"breadcrumb":{"@id":"https:\/\/suomenkuvalehti.fi\/taivaan-tahden\/2019\/10\/28\/valon-nopeus-on-aarellinen-onneksi\/#breadcrumb"},"inLanguage":"fi","potentialAction":[{"@type":"ReadAction","target":["https:\/\/suomenkuvalehti.fi\/taivaan-tahden\/2019\/10\/28\/valon-nopeus-on-aarellinen-onneksi\/"]}]},{"@type":"ImageObject","inLanguage":"fi","@id":"https:\/\/suomenkuvalehti.fi\/taivaan-tahden\/2019\/10\/28\/valon-nopeus-on-aarellinen-onneksi\/#primaryimage","url":"https:\/\/suomenkuvalehti.fi\/taivaan-tahden\/wp-content\/uploads\/sites\/36\/2019\/10\/distant_galaxy_gn-z11_in_goods-n_image_by_hst.jpg","contentUrl":"https:\/\/suomenkuvalehti.fi\/taivaan-tahden\/wp-content\/uploads\/sites\/36\/2019\/10\/distant_galaxy_gn-z11_in_goods-n_image_by_hst.jpg","width":1575,"height":1102,"caption":"Galaksi \u201dnimelt\u00e4\u201d GN-z11 13,4 miljardia vuotta sitten. Nykyinen olemus tuntematon. Kuva: NASA\/ESA\/P. Oesch (Yale University)\/G. Brammer (STScI)\/P. van Dokkum (Yale University)\/G. Illingworth (University of California, Santa Cruz)"},{"@type":"BreadcrumbList","@id":"https:\/\/suomenkuvalehti.fi\/taivaan-tahden\/2019\/10\/28\/valon-nopeus-on-aarellinen-onneksi\/#breadcrumb","itemListElement":[{"@type":"ListItem","position":1,"name":"Home","item":"https:\/\/suomenkuvalehti.fi\/taivaan-tahden\/"},{"@type":"ListItem","position":2,"name":"Valon nopeus on \u00e4\u00e4rellinen \u2013 onneksi"}]},{"@type":"WebSite","@id":"https:\/\/suomenkuvalehti.fi\/taivaan-tahden\/#website","url":"https:\/\/suomenkuvalehti.fi\/taivaan-tahden\/","name":"Taivaan t\u00e4hden","description":"Tiedetoimittaja Markus Hotakainen h\u00e4mm\u00e4stelee maailmankaikkeutta.","potentialAction":[{"@type":"SearchAction","target":{"@type":"EntryPoint","urlTemplate":"https:\/\/suomenkuvalehti.fi\/haku\/?q={search_term_string}"},"query-input":{"@type":"PropertyValueSpecification","valueRequired":true,"valueName":"search_term_string"}}],"inLanguage":"fi"},{"@type":"Person","@id":"https:\/\/suomenkuvalehti.fi\/taivaan-tahden\/#\/schema\/person\/c9c1373acb19750e11084ef640abeae0","name":"Markus Hotakainen","image":{"@type":"ImageObject","inLanguage":"fi","@id":"https:\/\/suomenkuvalehti.fi\/taivaan-tahden\/#\/schema\/person\/image\/","url":"https:\/\/suomenkuvalehti.fi\/taivaan-tahden\/wp-content\/uploads\/sites\/36\/2018\/05\/markus_hotakainen_blogi_pieni-150x150.jpg","contentUrl":"https:\/\/suomenkuvalehti.fi\/taivaan-tahden\/wp-content\/uploads\/sites\/36\/2018\/05\/markus_hotakainen_blogi_pieni-150x150.jpg","caption":"Markus Hotakainen"},"description":"Kirjoittaja on tiedetoimittaja ja tietokirjailija."}]}},"_links":{"self":[{"href":"https:\/\/suomenkuvalehti.fi\/taivaan-tahden\/wp-json\/wp\/v2\/posts\/2202","targetHints":{"allow":["GET"]}}],"collection":[{"href":"https:\/\/suomenkuvalehti.fi\/taivaan-tahden\/wp-json\/wp\/v2\/posts"}],"about":[{"href":"https:\/\/suomenkuvalehti.fi\/taivaan-tahden\/wp-json\/wp\/v2\/types\/post"}],"author":[{"embeddable":true,"href":"https:\/\/suomenkuvalehti.fi\/taivaan-tahden\/wp-json\/wp\/v2\/users\/557"}],"replies":[{"embeddable":true,"href":"https:\/\/suomenkuvalehti.fi\/taivaan-tahden\/wp-json\/wp\/v2\/comments?post=2202"}],"version-history":[{"count":3,"href":"https:\/\/suomenkuvalehti.fi\/taivaan-tahden\/wp-json\/wp\/v2\/posts\/2202\/revisions"}],"predecessor-version":[{"id":2206,"href":"https:\/\/suomenkuvalehti.fi\/taivaan-tahden\/wp-json\/wp\/v2\/posts\/2202\/revisions\/2206"}],"wp:featuredmedia":[{"embeddable":true,"href":"https:\/\/suomenkuvalehti.fi\/taivaan-tahden\/wp-json\/wp\/v2\/media\/2203"}],"wp:attachment":[{"href":"https:\/\/suomenkuvalehti.fi\/taivaan-tahden\/wp-json\/wp\/v2\/media?parent=2202"}],"wp:term":[{"taxonomy":"category","embeddable":true,"href":"https:\/\/suomenkuvalehti.fi\/taivaan-tahden\/wp-json\/wp\/v2\/categories?post=2202"},{"taxonomy":"post_tag","embeddable":true,"href":"https:\/\/suomenkuvalehti.fi\/taivaan-tahden\/wp-json\/wp\/v2\/tags?post=2202"}],"curies":[{"name":"wp","href":"https:\/\/api.w.org\/{rel}","templated":true}]}}