{"id":2197,"date":"2019-10-27T08:51:26","date_gmt":"2019-10-27T06:51:26","guid":{"rendered":"https:\/\/suomenkuvalehti.fi\/taivaan-tahden\/?p=2197"},"modified":"2019-10-27T08:51:26","modified_gmt":"2019-10-27T06:51:26","slug":"alienit-tulevat-ilmastouhka-vaistyy","status":"publish","type":"post","link":"https:\/\/suomenkuvalehti.fi\/taivaan-tahden\/2019\/10\/27\/alienit-tulevat-ilmastouhka-vaistyy\/","title":{"rendered":"Alienit tulevat, ilmastouhka v\u00e4istyy"},"content":{"rendered":"<figure class=\"aligncenter size-large is-resized wp-block-image\">\n  <div class=\"wp-block-image__inner-container\">\n    <a href=\"https:\/\/suomenkuvalehti.fi\/taivaan-tahden\/wp-content\/uploads\/sites\/36\/2019\/10\/earth-from-himawari-8-satellite-geostationary-orbit.jpg\"><img loading=\"lazy\" decoding=\"async\" src=\"https:\/\/suomenkuvalehti.fi\/taivaan-tahden\/wp-content\/uploads\/sites\/36\/2019\/10\/earth-from-himawari-8-satellite-geostationary-orbit-1024x576.jpg\" alt=\"\" class=\"wp-image-2198\" width=\"1024\" height=\"576\" style=\"--aspect-ratio: 1.78\" srcset=\"https:\/\/suomenkuvalehti.fi\/taivaan-tahden\/wp-content\/uploads\/sites\/36\/2019\/10\/earth-from-himawari-8-satellite-geostationary-orbit-1024x576.jpg 1024w, https:\/\/suomenkuvalehti.fi\/taivaan-tahden\/wp-content\/uploads\/sites\/36\/2019\/10\/earth-from-himawari-8-satellite-geostationary-orbit-300x169.jpg 300w, https:\/\/suomenkuvalehti.fi\/taivaan-tahden\/wp-content\/uploads\/sites\/36\/2019\/10\/earth-from-himawari-8-satellite-geostationary-orbit-768x432.jpg 768w, https:\/\/suomenkuvalehti.fi\/taivaan-tahden\/wp-content\/uploads\/sites\/36\/2019\/10\/earth-from-himawari-8-satellite-geostationary-orbit-630x354.jpg 630w, https:\/\/suomenkuvalehti.fi\/taivaan-tahden\/wp-content\/uploads\/sites\/36\/2019\/10\/earth-from-himawari-8-satellite-geostationary-orbit.jpg 1200w\" sizes=\"auto, (max-width: 1024px) 100vw, 1024px\" \/><\/a>    <figcaption class=\"wp-block-image__figcaption\">\n      Me olemme t\u00e4st\u00e4 vastuussa. Kuva: Japan Meteorological Agency          <\/figcaption>\n      <\/div>\n<\/figure>\n\n\n<p><span class=\"capitalized\">Miss\u00e4 kaikki ovat<\/span>, kyseli <b>Enrico Fermi<\/b> aikoinaan, ja tovi my\u00f6hemmin <b>Zden\u011bk Kopal<\/b> kehotti olemaan vastaamatta, jos kosminen puhelin soi.<\/p>\n\n\n\n<p>N\u00e4ihin kahteen lausahdukseen kiteytyy avaruuden \u00e4lyn etsint\u00e4 ja l\u00f6ytymisen pelko.<\/p>\n\n\n\n<p>Tilastollisesti muuallakin pit\u00e4isi olla el\u00e4m\u00e4\u00e4, sill\u00e4 t\u00e4ll\u00e4 hetkell\u00e4 tunnetaan jo yli 4 000 eksoplaneettaa, jotka kiert\u00e4v\u00e4t jotain muuta t\u00e4hte\u00e4 kuin Aurinkoa.<\/p>\n\n\n\n<p><span class=\"capitalized\">Suuri osa<\/span> niist\u00e4 on j\u00e4ttim\u00e4isi\u00e4 kaasuplaneettoja, mutta joukossa on joitakin maankaltaisia kiertolaisia, joiden pinnalla saattaa olla el\u00e4m\u00e4n kannalta keskeisen\u00e4 pidetty\u00e4 nestem\u00e4ist\u00e4 vett\u00e4.<\/p>\n\n\n\n<p>El\u00e4m\u00e4\u00e4 sen sijaan ei ole l\u00f6ytynyt mist\u00e4\u00e4n. Ainakaan viel\u00e4.<\/p>\n\n\n\n<p>Jos tuolla jossain sitten onkin muukalaisten sivilisaatio ja sen edustajat p\u00e4\u00e4tt\u00e4v\u00e4t matkata maapallolle, meid\u00e4n k\u00e4y yht\u00e4 huonosti kuin alkuper\u00e4iskansojen niiden t\u00f6rm\u00e4tess\u00e4 maailmanvalloitusta havitteleviin l\u00f6yt\u00f6retkeilij\u00f6ihin.<\/p>\n\n\n\n<p>Kuten <b>Stephen Hawking<\/b> on todennut kirjassaan <i>Lyhyet vastaukset suuriin kysymyksiin<\/i>:<i> <\/i>\u201dNykyisess\u00e4 kehitysvaiheessamme edistyneemm\u00e4n sivilisaation kohtaaminen muistuttaisi jossain m\u00e4\u00e4rin Amerikan alkuper\u00e4iskansojen tapaamista Kolumbuksen kanssa \u2013 enk\u00e4 usko heid\u00e4n ajatelleen, ett\u00e4 se olisi ollut heille eduksi.\u201d<\/p>\n\n\n\n<p><span class=\"capitalized\">Tai sitten<\/span> kaikki k\u00e4\u00e4ntyykin hyv\u00e4ksi. Oikein hyv\u00e4ksi.<\/p>\n\n\n\n<p>Osa denialisteista ja vouhotuksesta jankkaavista kuvittelee, ettei ilmastonmuutosta ole olemassakaan ja jos onkin, se katoaa itsest\u00e4\u00e4n tai jonkin teknisen poppakonstin ansiosta. Kaikkein harhaisin siipi tuntuu odottavan avaruuden muukalaisten v\u00e4liintuloa.<\/p>\n\n\n\n<blockquote class=\"wp-block-quote\"><p>Vaakalaudalla on paljon muutakin.<\/p><\/blockquote>\n\n\n\n<p>Onhan moiselle operaatiolle ennakkotapauskin. Satojatuhansia vuosia sitten Nibiru-planeettaa asuttavat anunnakit tulivat uuttamaan Maan merist\u00e4 kultaa, jolla he \u201dkorjaisivat\u201d planeettansa vikaantuneen kaasukeh\u00e4n.<\/p>\n\n\n\n<p>Tai niin ainakin uskoo joukko h\u00f6rh\u00f6ilij\u00f6it\u00e4, joiden mielest\u00e4 Marsissa Cydonian tasangolla olevat rapautuneet muodostelmat ovat j\u00e4\u00e4nteit\u00e4 anunnakien rakentamasta, kullan rahtaamiseen tarkoitetusta v\u00e4liasemasta.<\/p>\n\n\n\n<p><span class=\"capitalized\">Ja muukalaisten interventiota<\/span> odotellessa voi olla tekem\u00e4tt\u00e4 asialle mit\u00e4\u00e4n. Meill\u00e4h\u00e4n on vankka perint\u00f6oikeus maapalloon ja sen resursseihin. Jos ne ovat rajallisia, se on tulevien sukupolvien ongelma. Sit\u00e4 paitsi onhan Aurinkokunnassa muitakin planeettoja.<\/p>\n\n\n\n<p>Kyse ei kuitenkaan ole vain meid\u00e4n ihmisten tulevista sukupolvista, vaakalaudalla on paljon muutakin, kokonaisen planeetan biosf\u00e4\u00e4ri.<\/p>\n\n\n\n<p>Silti t\u00e4ll\u00e4 hetkell\u00e4 vellova keskustelu keskittyy pitk\u00e4lti siihen, miten \u201dmeid\u00e4n\u201d k\u00e4y. Me voimme vaikuttaa asioihin, kaikki muut eli\u00f6lajit joutuvat olemaan meid\u00e4n viisautemme tai typeryytemme varassa.<\/p>\n\n\n\n<p><span class=\"capitalized\">On totaalista eskapismia<\/span> olettaa ja toivoa, ett\u00e4 pelastus tulisi avaruudesta, oli se sitten muukalaisten masinoima pelastusoperaatio tai Marsiin suunniteltu siirtokunta.<\/p>\n\n\n\n<p>Meid\u00e4n on selvitett\u00e4v\u00e4 sotkumme ihan itse. T\u00e4ll\u00e4 ainoalla elinkelpoisella planeetalla.<\/p>\n\n\n\n<p>&nbsp;<\/p>\n\n\n","protected":false},"excerpt":{"rendered":"<p>Miss\u00e4 kaikki ovat, kyseli Enrico Fermi aikoinaan, ja tovi my\u00f6hemmin Zden\u011bk Kopal kehotti olemaan vastaamatta, jos kosminen puhelin soi. N\u00e4ihin kahteen lausahdukseen kiteytyy avaruuden \u00e4lyn etsint\u00e4 ja l\u00f6ytymisen pelko. Tilastollisesti muuallakin pit\u00e4isi olla el\u00e4m\u00e4\u00e4, sill\u00e4 t\u00e4ll\u00e4<br \/>\nhetkell\u00e4 tunn&hellip;<\/p>\n","protected":false},"author":557,"featured_media":2198,"comment_status":"open","ping_status":"open","sticky":false,"template":"","format":"standard","meta":{"_acf_changed":false,"asauth_required_access_level":3,"asauth_cansharepaid":"true","om_header_attributes":[],"footnotes":"","om_featured_image_focal_point":[],"om_primary_tag":0,"om_contributors":[],"om_co_authors":[],"beyondwords_generate_audio":"","beyondwords_project_id":"","beyondwords_content_id":"","beyondwords_preview_token":"","beyondwords_player_content":"","beyondwords_player_style":"","beyondwords_language_code":"","beyondwords_language_id":"","beyondwords_title_voice_id":"","beyondwords_body_voice_id":"","beyondwords_summary_voice_id":"","beyondwords_error_message":"","beyondwords_disabled":"","beyondwords_delete_content":"","beyondwords_podcast_id":"","beyondwords_hash":"","publish_post_to_speechkit":"","speechkit_hash":"","speechkit_generate_audio":"","speechkit_project_id":"","speechkit_podcast_id":"","speechkit_error_message":"","speechkit_disabled":"","speechkit_access_key":"","speechkit_error":"","speechkit_info":"","speechkit_response":"","speechkit_retries":"","speechkit_status":"","speechkit_updated_at":"","_speechkit_link":"","_speechkit_text":""},"categories":[1],"tags":[765,185,137,31],"class_list":["post-2197","post","type-post","status-publish","format-standard","has-post-thumbnail","hentry","category-taivaan-tahden","tag-anunnakit","tag-avaruuden-muukalaiset","tag-ilmastonmuutos","tag-maa"],"om_views":null,"acf":{"tuuma_off":false,"tuuma_kysymys":"","tuuma_vastaus":""},"asauth":{"required_access_level":1,"share_token":"","is_paid":false},"yoast_head":"<!-- This site is optimized with the Yoast SEO plugin v26.4 - https:\/\/yoast.com\/wordpress\/plugins\/seo\/ -->\n<title>Alienit tulevat, ilmastouhka v\u00e4istyy - Taivaan t\u00e4hden<\/title>\n<meta name=\"robots\" content=\"index, follow, max-snippet:-1, max-image-preview:large, max-video-preview:-1\" \/>\n<link rel=\"canonical\" href=\"https:\/\/suomenkuvalehti.fi\/taivaan-tahden\/2019\/10\/27\/alienit-tulevat-ilmastouhka-vaistyy\/\" \/>\n<meta property=\"og:locale\" content=\"fi_FI\" \/>\n<meta property=\"og:type\" content=\"article\" \/>\n<meta property=\"og:title\" content=\"Alienit tulevat, ilmastouhka v\u00e4istyy - Taivaan t\u00e4hden\" \/>\n<meta property=\"og:description\" content=\"Miss\u00e4 kaikki ovat, kyseli Enrico Fermi aikoinaan, ja tovi my\u00f6hemmin Zden\u011bk Kopal kehotti olemaan vastaamatta, jos kosminen puhelin soi. N\u00e4ihin kahteen lausahdukseen kiteytyy avaruuden \u00e4lyn etsint\u00e4 ja l\u00f6ytymisen pelko. Tilastollisesti muuallakin pit\u00e4isi olla el\u00e4m\u00e4\u00e4, sill\u00e4 t\u00e4ll\u00e4 hetkell\u00e4 tunn&hellip;\" \/>\n<meta property=\"og:url\" content=\"https:\/\/suomenkuvalehti.fi\/taivaan-tahden\/2019\/10\/27\/alienit-tulevat-ilmastouhka-vaistyy\/\" \/>\n<meta property=\"og:site_name\" content=\"Taivaan t\u00e4hden\" \/>\n<meta property=\"article:published_time\" content=\"2019-10-27T06:51:26+00:00\" \/>\n<meta property=\"og:image\" content=\"https:\/\/suomenkuvalehti.fi\/taivaan-tahden\/wp-content\/uploads\/sites\/36\/2019\/10\/earth-from-himawari-8-satellite-geostationary-orbit.jpg\" \/>\n\t<meta property=\"og:image:width\" content=\"1200\" \/>\n\t<meta property=\"og:image:height\" content=\"675\" \/>\n\t<meta property=\"og:image:type\" content=\"image\/jpeg\" \/>\n<meta name=\"author\" content=\"Markus Hotakainen\" \/>\n<meta name=\"twitter:card\" content=\"summary_large_image\" \/>\n<meta name=\"twitter:label1\" content=\"Written by\" \/>\n\t<meta name=\"twitter:data1\" content=\"Markus Hotakainen\" \/>\n\t<meta name=\"twitter:label2\" content=\"Est. reading time\" \/>\n\t<meta name=\"twitter:data2\" content=\"2 minuuttia\" \/>\n<script type=\"application\/ld+json\" class=\"yoast-schema-graph\">{\"@context\":\"https:\/\/schema.org\",\"@graph\":[{\"@type\":\"WebPage\",\"@id\":\"https:\/\/suomenkuvalehti.fi\/taivaan-tahden\/2019\/10\/27\/alienit-tulevat-ilmastouhka-vaistyy\/\",\"url\":\"https:\/\/suomenkuvalehti.fi\/taivaan-tahden\/2019\/10\/27\/alienit-tulevat-ilmastouhka-vaistyy\/\",\"name\":\"Alienit tulevat, ilmastouhka v\u00e4istyy - Taivaan t\u00e4hden\",\"isPartOf\":{\"@id\":\"https:\/\/suomenkuvalehti.fi\/taivaan-tahden\/#website\"},\"primaryImageOfPage\":{\"@id\":\"https:\/\/suomenkuvalehti.fi\/taivaan-tahden\/2019\/10\/27\/alienit-tulevat-ilmastouhka-vaistyy\/#primaryimage\"},\"image\":{\"@id\":\"https:\/\/suomenkuvalehti.fi\/taivaan-tahden\/2019\/10\/27\/alienit-tulevat-ilmastouhka-vaistyy\/#primaryimage\"},\"thumbnailUrl\":\"https:\/\/suomenkuvalehti.fi\/taivaan-tahden\/wp-content\/uploads\/sites\/36\/2019\/10\/earth-from-himawari-8-satellite-geostationary-orbit.jpg\",\"datePublished\":\"2019-10-27T06:51:26+00:00\",\"author\":{\"@id\":\"https:\/\/suomenkuvalehti.fi\/taivaan-tahden\/#\/schema\/person\/c9c1373acb19750e11084ef640abeae0\"},\"breadcrumb\":{\"@id\":\"https:\/\/suomenkuvalehti.fi\/taivaan-tahden\/2019\/10\/27\/alienit-tulevat-ilmastouhka-vaistyy\/#breadcrumb\"},\"inLanguage\":\"fi\",\"potentialAction\":[{\"@type\":\"ReadAction\",\"target\":[\"https:\/\/suomenkuvalehti.fi\/taivaan-tahden\/2019\/10\/27\/alienit-tulevat-ilmastouhka-vaistyy\/\"]}]},{\"@type\":\"ImageObject\",\"inLanguage\":\"fi\",\"@id\":\"https:\/\/suomenkuvalehti.fi\/taivaan-tahden\/2019\/10\/27\/alienit-tulevat-ilmastouhka-vaistyy\/#primaryimage\",\"url\":\"https:\/\/suomenkuvalehti.fi\/taivaan-tahden\/wp-content\/uploads\/sites\/36\/2019\/10\/earth-from-himawari-8-satellite-geostationary-orbit.jpg\",\"contentUrl\":\"https:\/\/suomenkuvalehti.fi\/taivaan-tahden\/wp-content\/uploads\/sites\/36\/2019\/10\/earth-from-himawari-8-satellite-geostationary-orbit.jpg\",\"width\":1200,\"height\":675,\"caption\":\"Me olemme t\u00e4st\u00e4 vastuussa. Kuva: Japan Meteorological Agency\"},{\"@type\":\"BreadcrumbList\",\"@id\":\"https:\/\/suomenkuvalehti.fi\/taivaan-tahden\/2019\/10\/27\/alienit-tulevat-ilmastouhka-vaistyy\/#breadcrumb\",\"itemListElement\":[{\"@type\":\"ListItem\",\"position\":1,\"name\":\"Home\",\"item\":\"https:\/\/suomenkuvalehti.fi\/taivaan-tahden\/\"},{\"@type\":\"ListItem\",\"position\":2,\"name\":\"Alienit tulevat, ilmastouhka v\u00e4istyy\"}]},{\"@type\":\"WebSite\",\"@id\":\"https:\/\/suomenkuvalehti.fi\/taivaan-tahden\/#website\",\"url\":\"https:\/\/suomenkuvalehti.fi\/taivaan-tahden\/\",\"name\":\"Taivaan t\u00e4hden\",\"description\":\"Tiedetoimittaja Markus Hotakainen h\u00e4mm\u00e4stelee maailmankaikkeutta.\",\"potentialAction\":[{\"@type\":\"SearchAction\",\"target\":{\"@type\":\"EntryPoint\",\"urlTemplate\":\"https:\/\/suomenkuvalehti.fi\/haku\/?q={search_term_string}\"},\"query-input\":{\"@type\":\"PropertyValueSpecification\",\"valueRequired\":true,\"valueName\":\"search_term_string\"}}],\"inLanguage\":\"fi\"},{\"@type\":\"Person\",\"@id\":\"https:\/\/suomenkuvalehti.fi\/taivaan-tahden\/#\/schema\/person\/c9c1373acb19750e11084ef640abeae0\",\"name\":\"Markus Hotakainen\",\"image\":{\"@type\":\"ImageObject\",\"inLanguage\":\"fi\",\"@id\":\"https:\/\/suomenkuvalehti.fi\/taivaan-tahden\/#\/schema\/person\/image\/\",\"url\":\"https:\/\/suomenkuvalehti.fi\/taivaan-tahden\/wp-content\/uploads\/sites\/36\/2018\/05\/markus_hotakainen_blogi_pieni-150x150.jpg\",\"contentUrl\":\"https:\/\/suomenkuvalehti.fi\/taivaan-tahden\/wp-content\/uploads\/sites\/36\/2018\/05\/markus_hotakainen_blogi_pieni-150x150.jpg\",\"caption\":\"Markus Hotakainen\"},\"description\":\"Kirjoittaja on tiedetoimittaja ja tietokirjailija.\"}]}<\/script>\n<!-- \/ Yoast SEO plugin. -->","yoast_head_json":{"title":"Alienit tulevat, ilmastouhka v\u00e4istyy - Taivaan t\u00e4hden","robots":{"index":"index","follow":"follow","max-snippet":"max-snippet:-1","max-image-preview":"max-image-preview:large","max-video-preview":"max-video-preview:-1"},"canonical":"https:\/\/suomenkuvalehti.fi\/taivaan-tahden\/2019\/10\/27\/alienit-tulevat-ilmastouhka-vaistyy\/","og_locale":"fi_FI","og_type":"article","og_title":"Alienit tulevat, ilmastouhka v\u00e4istyy - Taivaan t\u00e4hden","og_description":"Miss\u00e4 kaikki ovat, kyseli Enrico Fermi aikoinaan, ja tovi my\u00f6hemmin Zden\u011bk Kopal kehotti olemaan vastaamatta, jos kosminen puhelin soi. N\u00e4ihin kahteen lausahdukseen kiteytyy avaruuden \u00e4lyn etsint\u00e4 ja l\u00f6ytymisen pelko. Tilastollisesti muuallakin pit\u00e4isi olla el\u00e4m\u00e4\u00e4, sill\u00e4 t\u00e4ll\u00e4 hetkell\u00e4 tunn&hellip;","og_url":"https:\/\/suomenkuvalehti.fi\/taivaan-tahden\/2019\/10\/27\/alienit-tulevat-ilmastouhka-vaistyy\/","og_site_name":"Taivaan t\u00e4hden","article_published_time":"2019-10-27T06:51:26+00:00","og_image":[{"width":1200,"height":675,"url":"https:\/\/suomenkuvalehti.fi\/taivaan-tahden\/wp-content\/uploads\/sites\/36\/2019\/10\/earth-from-himawari-8-satellite-geostationary-orbit.jpg","type":"image\/jpeg"}],"author":"Markus Hotakainen","twitter_card":"summary_large_image","twitter_misc":{"Written by":"Markus Hotakainen","Est. reading time":"2 minuuttia"},"schema":{"@context":"https:\/\/schema.org","@graph":[{"@type":"WebPage","@id":"https:\/\/suomenkuvalehti.fi\/taivaan-tahden\/2019\/10\/27\/alienit-tulevat-ilmastouhka-vaistyy\/","url":"https:\/\/suomenkuvalehti.fi\/taivaan-tahden\/2019\/10\/27\/alienit-tulevat-ilmastouhka-vaistyy\/","name":"Alienit tulevat, ilmastouhka v\u00e4istyy - Taivaan t\u00e4hden","isPartOf":{"@id":"https:\/\/suomenkuvalehti.fi\/taivaan-tahden\/#website"},"primaryImageOfPage":{"@id":"https:\/\/suomenkuvalehti.fi\/taivaan-tahden\/2019\/10\/27\/alienit-tulevat-ilmastouhka-vaistyy\/#primaryimage"},"image":{"@id":"https:\/\/suomenkuvalehti.fi\/taivaan-tahden\/2019\/10\/27\/alienit-tulevat-ilmastouhka-vaistyy\/#primaryimage"},"thumbnailUrl":"https:\/\/suomenkuvalehti.fi\/taivaan-tahden\/wp-content\/uploads\/sites\/36\/2019\/10\/earth-from-himawari-8-satellite-geostationary-orbit.jpg","datePublished":"2019-10-27T06:51:26+00:00","author":{"@id":"https:\/\/suomenkuvalehti.fi\/taivaan-tahden\/#\/schema\/person\/c9c1373acb19750e11084ef640abeae0"},"breadcrumb":{"@id":"https:\/\/suomenkuvalehti.fi\/taivaan-tahden\/2019\/10\/27\/alienit-tulevat-ilmastouhka-vaistyy\/#breadcrumb"},"inLanguage":"fi","potentialAction":[{"@type":"ReadAction","target":["https:\/\/suomenkuvalehti.fi\/taivaan-tahden\/2019\/10\/27\/alienit-tulevat-ilmastouhka-vaistyy\/"]}]},{"@type":"ImageObject","inLanguage":"fi","@id":"https:\/\/suomenkuvalehti.fi\/taivaan-tahden\/2019\/10\/27\/alienit-tulevat-ilmastouhka-vaistyy\/#primaryimage","url":"https:\/\/suomenkuvalehti.fi\/taivaan-tahden\/wp-content\/uploads\/sites\/36\/2019\/10\/earth-from-himawari-8-satellite-geostationary-orbit.jpg","contentUrl":"https:\/\/suomenkuvalehti.fi\/taivaan-tahden\/wp-content\/uploads\/sites\/36\/2019\/10\/earth-from-himawari-8-satellite-geostationary-orbit.jpg","width":1200,"height":675,"caption":"Me olemme t\u00e4st\u00e4 vastuussa. Kuva: Japan Meteorological Agency"},{"@type":"BreadcrumbList","@id":"https:\/\/suomenkuvalehti.fi\/taivaan-tahden\/2019\/10\/27\/alienit-tulevat-ilmastouhka-vaistyy\/#breadcrumb","itemListElement":[{"@type":"ListItem","position":1,"name":"Home","item":"https:\/\/suomenkuvalehti.fi\/taivaan-tahden\/"},{"@type":"ListItem","position":2,"name":"Alienit tulevat, ilmastouhka v\u00e4istyy"}]},{"@type":"WebSite","@id":"https:\/\/suomenkuvalehti.fi\/taivaan-tahden\/#website","url":"https:\/\/suomenkuvalehti.fi\/taivaan-tahden\/","name":"Taivaan t\u00e4hden","description":"Tiedetoimittaja Markus Hotakainen h\u00e4mm\u00e4stelee maailmankaikkeutta.","potentialAction":[{"@type":"SearchAction","target":{"@type":"EntryPoint","urlTemplate":"https:\/\/suomenkuvalehti.fi\/haku\/?q={search_term_string}"},"query-input":{"@type":"PropertyValueSpecification","valueRequired":true,"valueName":"search_term_string"}}],"inLanguage":"fi"},{"@type":"Person","@id":"https:\/\/suomenkuvalehti.fi\/taivaan-tahden\/#\/schema\/person\/c9c1373acb19750e11084ef640abeae0","name":"Markus Hotakainen","image":{"@type":"ImageObject","inLanguage":"fi","@id":"https:\/\/suomenkuvalehti.fi\/taivaan-tahden\/#\/schema\/person\/image\/","url":"https:\/\/suomenkuvalehti.fi\/taivaan-tahden\/wp-content\/uploads\/sites\/36\/2018\/05\/markus_hotakainen_blogi_pieni-150x150.jpg","contentUrl":"https:\/\/suomenkuvalehti.fi\/taivaan-tahden\/wp-content\/uploads\/sites\/36\/2018\/05\/markus_hotakainen_blogi_pieni-150x150.jpg","caption":"Markus Hotakainen"},"description":"Kirjoittaja on tiedetoimittaja ja tietokirjailija."}]}},"_links":{"self":[{"href":"https:\/\/suomenkuvalehti.fi\/taivaan-tahden\/wp-json\/wp\/v2\/posts\/2197","targetHints":{"allow":["GET"]}}],"collection":[{"href":"https:\/\/suomenkuvalehti.fi\/taivaan-tahden\/wp-json\/wp\/v2\/posts"}],"about":[{"href":"https:\/\/suomenkuvalehti.fi\/taivaan-tahden\/wp-json\/wp\/v2\/types\/post"}],"author":[{"embeddable":true,"href":"https:\/\/suomenkuvalehti.fi\/taivaan-tahden\/wp-json\/wp\/v2\/users\/557"}],"replies":[{"embeddable":true,"href":"https:\/\/suomenkuvalehti.fi\/taivaan-tahden\/wp-json\/wp\/v2\/comments?post=2197"}],"version-history":[{"count":3,"href":"https:\/\/suomenkuvalehti.fi\/taivaan-tahden\/wp-json\/wp\/v2\/posts\/2197\/revisions"}],"predecessor-version":[{"id":2201,"href":"https:\/\/suomenkuvalehti.fi\/taivaan-tahden\/wp-json\/wp\/v2\/posts\/2197\/revisions\/2201"}],"wp:featuredmedia":[{"embeddable":true,"href":"https:\/\/suomenkuvalehti.fi\/taivaan-tahden\/wp-json\/wp\/v2\/media\/2198"}],"wp:attachment":[{"href":"https:\/\/suomenkuvalehti.fi\/taivaan-tahden\/wp-json\/wp\/v2\/media?parent=2197"}],"wp:term":[{"taxonomy":"category","embeddable":true,"href":"https:\/\/suomenkuvalehti.fi\/taivaan-tahden\/wp-json\/wp\/v2\/categories?post=2197"},{"taxonomy":"post_tag","embeddable":true,"href":"https:\/\/suomenkuvalehti.fi\/taivaan-tahden\/wp-json\/wp\/v2\/tags?post=2197"}],"curies":[{"name":"wp","href":"https:\/\/api.w.org\/{rel}","templated":true}]}}