{"id":219,"date":"2015-08-04T10:00:17","date_gmt":"2015-08-04T07:00:17","guid":{"rendered":"https:\/\/suomenkuvalehti.fi\/taivaan-tahden\/?p=219"},"modified":"2015-08-04T08:34:11","modified_gmt":"2015-08-04T05:34:11","slug":"jos-aurinko-olisi-musta-aukko","status":"publish","type":"post","link":"https:\/\/suomenkuvalehti.fi\/taivaan-tahden\/2015\/08\/04\/jos-aurinko-olisi-musta-aukko\/","title":{"rendered":"Jos Aurinko olisi musta aukko&#8230;"},"content":{"rendered":"<figure class=\"aligncenter size-large is-resized wp-block-image\">\n  <div class=\"wp-block-image__inner-container\">\n    <a href=\"https:\/\/suomenkuvalehti.fi\/taivaan-tahden\/wp-content\/uploads\/sites\/36\/2015\/08\/hires_blackhole.jpg\"><img loading=\"lazy\" decoding=\"async\" src=\"https:\/\/suomenkuvalehti.fi\/taivaan-tahden\/wp-content\/uploads\/sites\/36\/2015\/08\/hires_blackhole-1024x682.jpg\" alt=\"hires_blackhole\" class=\"wp-image-221\" width=\"1024\" height=\"682\" style=\"--aspect-ratio: 1.5\" srcset=\"https:\/\/suomenkuvalehti.fi\/taivaan-tahden\/wp-content\/uploads\/sites\/36\/2015\/08\/hires_blackhole-1024x682.jpg 1024w, https:\/\/suomenkuvalehti.fi\/taivaan-tahden\/wp-content\/uploads\/sites\/36\/2015\/08\/hires_blackhole-300x200.jpg 300w, https:\/\/suomenkuvalehti.fi\/taivaan-tahden\/wp-content\/uploads\/sites\/36\/2015\/08\/hires_blackhole.jpg 1496w\" sizes=\"auto, (max-width: 1024px) 100vw, 1024px\" \/><\/a>    <figcaption class=\"wp-block-image__figcaption\">\n      Aurinko mustana aukkona? Ei ole ihan v\u00e4lit\u00f6n eik\u00e4 edes todellinen uhka. Kuva: Aurore Simonnet \/ Sonoma State University \/ Nasa          <\/figcaption>\n      <\/div>\n<\/figure>\n\n\n<p>Kes\u00e4n k\u00e4\u00e4ntyess\u00e4 kohta lopuilleen \u2013 jos se nyt koskaan kunnolla p\u00e4\u00e4si alkamaankaan \u2013 y\u00f6t pimenev\u00e4t ja t\u00e4htitaivas tummuu. Y\u00f6taivaalta huokuva avaruuden pimeys on \u00e4\u00e4rimmill\u00e4\u00e4n mustissa aukoissa, jotka eiv\u00e4t s\u00e4teile lainkaan (unohdetaan nyt t\u00e4ss\u00e4 yhteydess\u00e4 Hawkingin hiukkass\u00e4teily\u2026).<\/p>\n\n\n\n<p>Heti alkuun pari rauhoittavaa sanaa: Aurinko ei voi muuttua mustaksi aukoksi. Siihen tarvitaan huomattavan paljon suurempi ja massiivisempi t\u00e4hti. El\u00e4m\u00e4ns\u00e4 ehtoolla Aurinko laajenee punaiseksi j\u00e4ttil\u00e4iseksi, joka ennen pitk\u00e4\u00e4 puhaltaa uloimmat kerroksensa aika rauhallisesti avaruuteen. Lopputuloksena on planetaarinen sumu, jonka keskell\u00e4 on suunnilleen Maan kokoinen, hitaasti j\u00e4\u00e4htyv\u00e4 valkoinen k\u00e4\u00e4pi\u00f6.<\/p>\n\n\n\n<p>Jos Aurinko vastoin kaikkia fysiikan lakeja kuitenkin puristuisi niin tiiviiksi kappaleeksi, ett\u00e4 edes valo ei p\u00e4\u00e4sisi sen vetovoimaa pakoon \u2013 eli siit\u00e4 tulisi musta aukko \u2013 sill\u00e4 olisi l\u00e4pimittaa vain kuutisen kilometri\u00e4.<\/p>\n\n\n\n<p>Mutta eik\u00f6s musta aukko ole matemaattinen piste, singulariteetti, jonka tilavuus on nolla ja tiheys \u00e4\u00e4ret\u00f6n? V\u00e4h\u00e4n mutkia oikoen kyll\u00e4 on, mutta mustan aukon \u201dl\u00e4pimittana\u201d pidet\u00e4\u00e4n yleens\u00e4 sen tapahtumahorisontin kokoa. Se muodostaa rajan, jonka takaa edes vilkasliikkeinen valo ei p\u00e4\u00e4se palaamaan tuntemaamme maailmankaikkeuteen.<\/p>\n\n\n\n<p>Mik\u00e4li Aurinko jonkin kosmisen taikatempun seurauksena muuttuisi mustaksi aukoksi juuri NYT, emme huomaisi mink\u00e4\u00e4nlaista muutosta moneen minuuttiin. Valo taittaa Maan ja Auringon v\u00e4lisen, noin 150 miljoonan kilometrin mittaisen matkan kahdeksassa minuutissa kahdessakymmeness\u00e4 sekunnissa. Vasta kun mustan aurinkoaukon synnyst\u00e4 olisi kulunut tuo aika, huomaisimme p\u00e4iv\u00e4n pimenev\u00e4n.<\/p>\n\n\n\n<p>\u00d6iseen aikaan pit\u00e4isi odottaa aamua, jotta muutos k\u00e4visi ilmeiseksi. Paitsi ett\u00e4 aamua ei tulisikaan.<\/p>\n\n\n\n<p>Jos oikein l\u00e4hdet\u00e4\u00e4n hiuksia halkomaan, pohjoisimmassa Suomessa kest\u00e4isi parhaassa \u2013 tai pahimmassa \u2013 tapauksessa viikkokausia ennen kuin totuus valkenisi mutta p\u00e4iv\u00e4 ei. Tosin sit\u00e4 ennen olisi tullut jo hyvin kylm\u00e4, sill\u00e4 valaisun lis\u00e4ksi Aurinko hoitaa Maan l\u00e4mmityksen.<\/p>\n\n\n\n<p>Mit\u00e4 muuta seuraisi Auringon muuttumisesta mustaksi aukoksi? Sy\u00f6ksyisimmek\u00f6 me kaikki maapallon mukana kosmiseen kurimukseen, jossa venyisimme ensin spagetinohuiksi ja rusentuisimme sitten alkeishiukkasten osasiksi tai muuttuisimme puhtaaksi energiaksi, kun putoaisimme lopuksi singulariteettiin?<\/p>\n\n\n\n<p>Emme. Maa ja kaikki muutkin Aurinkokunnan kappaleet jatkaisivat kiertoradoillaan vanhaan tuttuun tapaansa. Jos Aurinko tosiaan muuttuisi mustaksi aukoksi paitsi fysiikan lakien vastaisesti my\u00f6s v\u00e4ltt\u00e4en kaikki todellisen mustan aukon syntyyn liittyv\u00e4t ilmi\u00f6t kuten supernovar\u00e4j\u00e4hdyksen, jossa suuri osa j\u00e4ttil\u00e4ist\u00e4hden aineesta levi\u00e4\u00e4 avaruuteen, sen vetovoima pysyisi ennallaan. Ja planeettojen, k\u00e4\u00e4pi\u00f6planeettojen, asteroidien, komeettojen ja muiden kappaleiden kiertoliike tottelee ainoastaan vetovoimalakia.<\/p>\n\n\n\n<p>Jos ollaan taas ihan tarkkoja, my\u00f6s Auringon s\u00e4teilypaine vaikuttaa pienempien kappaleiden liikkeisiin, mutta yleisesti ottaen Aurinkokunnan kiertoradoissa ei tapahtuisi muutoksia. Ongelmaksi muodostuisi valon ja l\u00e4mm\u00f6n puute.<\/p>\n\n\n\n<p>Tovin voisimme ehk\u00e4 yritt\u00e4\u00e4 v\u00e4ist\u00e4\u00e4 v\u00e4ist\u00e4m\u00e4t\u00f6nt\u00e4 ja viivytt\u00e4\u00e4 maailmanloppua hetken verran polttamalla oikein urakalla \u00f6ljy\u00e4, hiilt\u00e4, puuta ja turvetta, k\u00e4\u00e4nt\u00e4m\u00e4ll\u00e4 ydinvoimaloiden tehonupit kaakkoon ja imem\u00e4ll\u00e4 geotermist\u00e4 energiaa maaper\u00e4st\u00e4. Lohtu olisi kuitenkin laiha ja lyhytaikainen.<\/p>\n\n\n\n<p>Auringon valo ja l\u00e4mp\u00f6 pit\u00e4v\u00e4t yll\u00e4 el\u00e4m\u00e4n lis\u00e4ksi my\u00f6s maapallon ilmastoa ja s\u00e4\u00e4j\u00e4rjestelmi\u00e4. Jos Aurinko sammuisi, nykyinen ilmastonmuutos olisi sen seurauksiin verrattuna mit\u00e4t\u00f6nt\u00e4 nikottelua. Vaikka itse tuottamamme l\u00e4mp\u00f6 toviksi riitt\u00e4isikin, yh\u00e4 j\u00e4\u00e4t\u00e4v\u00e4mm\u00e4ksi ja arvaamattomammaksi k\u00e4yv\u00e4ss\u00e4 s\u00e4\u00e4ss\u00e4 t\u00e4\u00e4ll\u00e4 ei olisi ollenkaan kivaa. Mutta kurjuutta ei onneksi kest\u00e4isi kovin kauan. Sitten Maa olisi eloton j\u00e4\u00e4pallo.<\/p>\n\n\n","protected":false},"excerpt":{"rendered":"<p>Kes\u00e4n k\u00e4\u00e4ntyess\u00e4 kohta lopuilleen \u2013 jos se nyt koskaan kunnolla p\u00e4\u00e4si alkamaankaan \u2013 y\u00f6t pimenev\u00e4t ja t\u00e4htitaivas tummuu. Y\u00f6taivaalta huokuva avaruuden pimeys on \u00e4\u00e4rimmill\u00e4\u00e4n mustissa aukoissa, jotka eiv\u00e4t s\u00e4teile lainkaan (unohdetaan nyt t\u00e4ss\u00e4 yhteydess\u00e4 Hawkingin<br \/>\nhiukkass\u00e4teily\u2026). Heti&hellip;<\/p>\n","protected":false},"author":557,"featured_media":0,"comment_status":"open","ping_status":"open","sticky":false,"template":"","format":"standard","meta":{"_acf_changed":false,"asauth_required_access_level":3,"asauth_cansharepaid":"true","om_header_attributes":[],"footnotes":"","om_featured_image_focal_point":[],"om_primary_tag":0,"om_contributors":[],"om_co_authors":[],"beyondwords_generate_audio":"","beyondwords_project_id":"","beyondwords_content_id":"","beyondwords_preview_token":"","beyondwords_player_content":"","beyondwords_player_style":"","beyondwords_language_code":"","beyondwords_language_id":"","beyondwords_title_voice_id":"","beyondwords_body_voice_id":"","beyondwords_summary_voice_id":"","beyondwords_error_message":"","beyondwords_disabled":"","beyondwords_delete_content":"","beyondwords_podcast_id":"","beyondwords_hash":"","publish_post_to_speechkit":"","speechkit_hash":"","speechkit_generate_audio":"","speechkit_project_id":"","speechkit_podcast_id":"","speechkit_error_message":"","speechkit_disabled":"","speechkit_access_key":"","speechkit_error":"","speechkit_info":"","speechkit_response":"","speechkit_retries":"","speechkit_status":"","speechkit_updated_at":"","_speechkit_link":"","_speechkit_text":""},"categories":[1],"tags":[4,27,65,64],"class_list":["post-219","post","type-post","status-publish","format-standard","hentry","category-taivaan-tahden","tag-aurinko","tag-musta-aukko","tag-singulariteetti","tag-tapahtumahorisontti"],"om_views":null,"acf":{"tuuma_off":false,"tuuma_kysymys":"","tuuma_vastaus":""},"asauth":{"required_access_level":1,"share_token":"","is_paid":false},"yoast_head":"<!-- This site is optimized with the Yoast SEO plugin v26.4 - https:\/\/yoast.com\/wordpress\/plugins\/seo\/ -->\n<title>Jos Aurinko olisi musta aukko... - Taivaan t\u00e4hden<\/title>\n<meta name=\"robots\" content=\"index, follow, max-snippet:-1, max-image-preview:large, max-video-preview:-1\" \/>\n<link rel=\"canonical\" href=\"https:\/\/suomenkuvalehti.fi\/taivaan-tahden\/2015\/08\/04\/jos-aurinko-olisi-musta-aukko\/\" \/>\n<meta property=\"og:locale\" content=\"fi_FI\" \/>\n<meta property=\"og:type\" content=\"article\" \/>\n<meta property=\"og:title\" content=\"Jos Aurinko olisi musta aukko... - Taivaan t\u00e4hden\" \/>\n<meta property=\"og:description\" content=\"Kes\u00e4n k\u00e4\u00e4ntyess\u00e4 kohta lopuilleen \u2013 jos se nyt koskaan kunnolla p\u00e4\u00e4si alkamaankaan \u2013 y\u00f6t pimenev\u00e4t ja t\u00e4htitaivas tummuu. Y\u00f6taivaalta huokuva avaruuden pimeys on \u00e4\u00e4rimmill\u00e4\u00e4n mustissa aukoissa, jotka eiv\u00e4t s\u00e4teile lainkaan (unohdetaan nyt t\u00e4ss\u00e4 yhteydess\u00e4 Hawkingin hiukkass\u00e4teily\u2026). Heti&hellip;\" \/>\n<meta property=\"og:url\" content=\"https:\/\/suomenkuvalehti.fi\/taivaan-tahden\/2015\/08\/04\/jos-aurinko-olisi-musta-aukko\/\" \/>\n<meta property=\"og:site_name\" content=\"Taivaan t\u00e4hden\" \/>\n<meta property=\"article:published_time\" content=\"2015-08-04T07:00:17+00:00\" \/>\n<meta property=\"og:image\" content=\"https:\/\/suomenkuvalehti.fi\/taivaan-tahden\/wp-content\/uploads\/sites\/36\/2015\/08\/hires_blackhole-1024x682.jpg\" \/>\n<meta name=\"author\" content=\"Markus Hotakainen\" \/>\n<meta name=\"twitter:card\" content=\"summary_large_image\" \/>\n<meta name=\"twitter:label1\" content=\"Written by\" \/>\n\t<meta name=\"twitter:data1\" content=\"Markus Hotakainen\" \/>\n\t<meta name=\"twitter:label2\" content=\"Est. reading time\" \/>\n\t<meta name=\"twitter:data2\" content=\"3 minuuttia\" \/>\n<script type=\"application\/ld+json\" class=\"yoast-schema-graph\">{\"@context\":\"https:\/\/schema.org\",\"@graph\":[{\"@type\":\"WebPage\",\"@id\":\"https:\/\/suomenkuvalehti.fi\/taivaan-tahden\/2015\/08\/04\/jos-aurinko-olisi-musta-aukko\/\",\"url\":\"https:\/\/suomenkuvalehti.fi\/taivaan-tahden\/2015\/08\/04\/jos-aurinko-olisi-musta-aukko\/\",\"name\":\"Jos Aurinko olisi musta aukko... - Taivaan t\u00e4hden\",\"isPartOf\":{\"@id\":\"https:\/\/suomenkuvalehti.fi\/taivaan-tahden\/#website\"},\"primaryImageOfPage\":{\"@id\":\"https:\/\/suomenkuvalehti.fi\/taivaan-tahden\/2015\/08\/04\/jos-aurinko-olisi-musta-aukko\/#primaryimage\"},\"image\":{\"@id\":\"https:\/\/suomenkuvalehti.fi\/taivaan-tahden\/2015\/08\/04\/jos-aurinko-olisi-musta-aukko\/#primaryimage\"},\"thumbnailUrl\":\"https:\/\/suomenkuvalehti.fi\/taivaan-tahden\/wp-content\/uploads\/sites\/36\/2015\/08\/hires_blackhole-1024x682.jpg\",\"datePublished\":\"2015-08-04T07:00:17+00:00\",\"author\":{\"@id\":\"https:\/\/suomenkuvalehti.fi\/taivaan-tahden\/#\/schema\/person\/c9c1373acb19750e11084ef640abeae0\"},\"breadcrumb\":{\"@id\":\"https:\/\/suomenkuvalehti.fi\/taivaan-tahden\/2015\/08\/04\/jos-aurinko-olisi-musta-aukko\/#breadcrumb\"},\"inLanguage\":\"fi\",\"potentialAction\":[{\"@type\":\"ReadAction\",\"target\":[\"https:\/\/suomenkuvalehti.fi\/taivaan-tahden\/2015\/08\/04\/jos-aurinko-olisi-musta-aukko\/\"]}]},{\"@type\":\"ImageObject\",\"inLanguage\":\"fi\",\"@id\":\"https:\/\/suomenkuvalehti.fi\/taivaan-tahden\/2015\/08\/04\/jos-aurinko-olisi-musta-aukko\/#primaryimage\",\"url\":\"https:\/\/suomenkuvalehti.fi\/taivaan-tahden\/wp-content\/uploads\/sites\/36\/2015\/08\/hires_blackhole.jpg\",\"contentUrl\":\"https:\/\/suomenkuvalehti.fi\/taivaan-tahden\/wp-content\/uploads\/sites\/36\/2015\/08\/hires_blackhole.jpg\",\"width\":1496,\"height\":996},{\"@type\":\"BreadcrumbList\",\"@id\":\"https:\/\/suomenkuvalehti.fi\/taivaan-tahden\/2015\/08\/04\/jos-aurinko-olisi-musta-aukko\/#breadcrumb\",\"itemListElement\":[{\"@type\":\"ListItem\",\"position\":1,\"name\":\"Home\",\"item\":\"https:\/\/suomenkuvalehti.fi\/taivaan-tahden\/\"},{\"@type\":\"ListItem\",\"position\":2,\"name\":\"Jos Aurinko olisi musta aukko&#8230;\"}]},{\"@type\":\"WebSite\",\"@id\":\"https:\/\/suomenkuvalehti.fi\/taivaan-tahden\/#website\",\"url\":\"https:\/\/suomenkuvalehti.fi\/taivaan-tahden\/\",\"name\":\"Taivaan t\u00e4hden\",\"description\":\"Tiedetoimittaja Markus Hotakainen h\u00e4mm\u00e4stelee maailmankaikkeutta.\",\"potentialAction\":[{\"@type\":\"SearchAction\",\"target\":{\"@type\":\"EntryPoint\",\"urlTemplate\":\"https:\/\/suomenkuvalehti.fi\/haku\/?q={search_term_string}\"},\"query-input\":{\"@type\":\"PropertyValueSpecification\",\"valueRequired\":true,\"valueName\":\"search_term_string\"}}],\"inLanguage\":\"fi\"},{\"@type\":\"Person\",\"@id\":\"https:\/\/suomenkuvalehti.fi\/taivaan-tahden\/#\/schema\/person\/c9c1373acb19750e11084ef640abeae0\",\"name\":\"Markus Hotakainen\",\"image\":{\"@type\":\"ImageObject\",\"inLanguage\":\"fi\",\"@id\":\"https:\/\/suomenkuvalehti.fi\/taivaan-tahden\/#\/schema\/person\/image\/\",\"url\":\"https:\/\/suomenkuvalehti.fi\/taivaan-tahden\/wp-content\/uploads\/sites\/36\/2018\/05\/markus_hotakainen_blogi_pieni-150x150.jpg\",\"contentUrl\":\"https:\/\/suomenkuvalehti.fi\/taivaan-tahden\/wp-content\/uploads\/sites\/36\/2018\/05\/markus_hotakainen_blogi_pieni-150x150.jpg\",\"caption\":\"Markus Hotakainen\"},\"description\":\"Kirjoittaja on tiedetoimittaja ja tietokirjailija.\"}]}<\/script>\n<!-- \/ Yoast SEO plugin. -->","yoast_head_json":{"title":"Jos Aurinko olisi musta aukko... - Taivaan t\u00e4hden","robots":{"index":"index","follow":"follow","max-snippet":"max-snippet:-1","max-image-preview":"max-image-preview:large","max-video-preview":"max-video-preview:-1"},"canonical":"https:\/\/suomenkuvalehti.fi\/taivaan-tahden\/2015\/08\/04\/jos-aurinko-olisi-musta-aukko\/","og_locale":"fi_FI","og_type":"article","og_title":"Jos Aurinko olisi musta aukko... - Taivaan t\u00e4hden","og_description":"Kes\u00e4n k\u00e4\u00e4ntyess\u00e4 kohta lopuilleen \u2013 jos se nyt koskaan kunnolla p\u00e4\u00e4si alkamaankaan \u2013 y\u00f6t pimenev\u00e4t ja t\u00e4htitaivas tummuu. Y\u00f6taivaalta huokuva avaruuden pimeys on \u00e4\u00e4rimmill\u00e4\u00e4n mustissa aukoissa, jotka eiv\u00e4t s\u00e4teile lainkaan (unohdetaan nyt t\u00e4ss\u00e4 yhteydess\u00e4 Hawkingin hiukkass\u00e4teily\u2026). Heti&hellip;","og_url":"https:\/\/suomenkuvalehti.fi\/taivaan-tahden\/2015\/08\/04\/jos-aurinko-olisi-musta-aukko\/","og_site_name":"Taivaan t\u00e4hden","article_published_time":"2015-08-04T07:00:17+00:00","og_image":[{"url":"https:\/\/suomenkuvalehti.fi\/taivaan-tahden\/wp-content\/uploads\/sites\/36\/2015\/08\/hires_blackhole-1024x682.jpg","type":"","width":"","height":""}],"author":"Markus Hotakainen","twitter_card":"summary_large_image","twitter_misc":{"Written by":"Markus Hotakainen","Est. reading time":"3 minuuttia"},"schema":{"@context":"https:\/\/schema.org","@graph":[{"@type":"WebPage","@id":"https:\/\/suomenkuvalehti.fi\/taivaan-tahden\/2015\/08\/04\/jos-aurinko-olisi-musta-aukko\/","url":"https:\/\/suomenkuvalehti.fi\/taivaan-tahden\/2015\/08\/04\/jos-aurinko-olisi-musta-aukko\/","name":"Jos Aurinko olisi musta aukko... - Taivaan t\u00e4hden","isPartOf":{"@id":"https:\/\/suomenkuvalehti.fi\/taivaan-tahden\/#website"},"primaryImageOfPage":{"@id":"https:\/\/suomenkuvalehti.fi\/taivaan-tahden\/2015\/08\/04\/jos-aurinko-olisi-musta-aukko\/#primaryimage"},"image":{"@id":"https:\/\/suomenkuvalehti.fi\/taivaan-tahden\/2015\/08\/04\/jos-aurinko-olisi-musta-aukko\/#primaryimage"},"thumbnailUrl":"https:\/\/suomenkuvalehti.fi\/taivaan-tahden\/wp-content\/uploads\/sites\/36\/2015\/08\/hires_blackhole-1024x682.jpg","datePublished":"2015-08-04T07:00:17+00:00","author":{"@id":"https:\/\/suomenkuvalehti.fi\/taivaan-tahden\/#\/schema\/person\/c9c1373acb19750e11084ef640abeae0"},"breadcrumb":{"@id":"https:\/\/suomenkuvalehti.fi\/taivaan-tahden\/2015\/08\/04\/jos-aurinko-olisi-musta-aukko\/#breadcrumb"},"inLanguage":"fi","potentialAction":[{"@type":"ReadAction","target":["https:\/\/suomenkuvalehti.fi\/taivaan-tahden\/2015\/08\/04\/jos-aurinko-olisi-musta-aukko\/"]}]},{"@type":"ImageObject","inLanguage":"fi","@id":"https:\/\/suomenkuvalehti.fi\/taivaan-tahden\/2015\/08\/04\/jos-aurinko-olisi-musta-aukko\/#primaryimage","url":"https:\/\/suomenkuvalehti.fi\/taivaan-tahden\/wp-content\/uploads\/sites\/36\/2015\/08\/hires_blackhole.jpg","contentUrl":"https:\/\/suomenkuvalehti.fi\/taivaan-tahden\/wp-content\/uploads\/sites\/36\/2015\/08\/hires_blackhole.jpg","width":1496,"height":996},{"@type":"BreadcrumbList","@id":"https:\/\/suomenkuvalehti.fi\/taivaan-tahden\/2015\/08\/04\/jos-aurinko-olisi-musta-aukko\/#breadcrumb","itemListElement":[{"@type":"ListItem","position":1,"name":"Home","item":"https:\/\/suomenkuvalehti.fi\/taivaan-tahden\/"},{"@type":"ListItem","position":2,"name":"Jos Aurinko olisi musta aukko&#8230;"}]},{"@type":"WebSite","@id":"https:\/\/suomenkuvalehti.fi\/taivaan-tahden\/#website","url":"https:\/\/suomenkuvalehti.fi\/taivaan-tahden\/","name":"Taivaan t\u00e4hden","description":"Tiedetoimittaja Markus Hotakainen h\u00e4mm\u00e4stelee maailmankaikkeutta.","potentialAction":[{"@type":"SearchAction","target":{"@type":"EntryPoint","urlTemplate":"https:\/\/suomenkuvalehti.fi\/haku\/?q={search_term_string}"},"query-input":{"@type":"PropertyValueSpecification","valueRequired":true,"valueName":"search_term_string"}}],"inLanguage":"fi"},{"@type":"Person","@id":"https:\/\/suomenkuvalehti.fi\/taivaan-tahden\/#\/schema\/person\/c9c1373acb19750e11084ef640abeae0","name":"Markus Hotakainen","image":{"@type":"ImageObject","inLanguage":"fi","@id":"https:\/\/suomenkuvalehti.fi\/taivaan-tahden\/#\/schema\/person\/image\/","url":"https:\/\/suomenkuvalehti.fi\/taivaan-tahden\/wp-content\/uploads\/sites\/36\/2018\/05\/markus_hotakainen_blogi_pieni-150x150.jpg","contentUrl":"https:\/\/suomenkuvalehti.fi\/taivaan-tahden\/wp-content\/uploads\/sites\/36\/2018\/05\/markus_hotakainen_blogi_pieni-150x150.jpg","caption":"Markus Hotakainen"},"description":"Kirjoittaja on tiedetoimittaja ja tietokirjailija."}]}},"_links":{"self":[{"href":"https:\/\/suomenkuvalehti.fi\/taivaan-tahden\/wp-json\/wp\/v2\/posts\/219","targetHints":{"allow":["GET"]}}],"collection":[{"href":"https:\/\/suomenkuvalehti.fi\/taivaan-tahden\/wp-json\/wp\/v2\/posts"}],"about":[{"href":"https:\/\/suomenkuvalehti.fi\/taivaan-tahden\/wp-json\/wp\/v2\/types\/post"}],"author":[{"embeddable":true,"href":"https:\/\/suomenkuvalehti.fi\/taivaan-tahden\/wp-json\/wp\/v2\/users\/557"}],"replies":[{"embeddable":true,"href":"https:\/\/suomenkuvalehti.fi\/taivaan-tahden\/wp-json\/wp\/v2\/comments?post=219"}],"version-history":[{"count":4,"href":"https:\/\/suomenkuvalehti.fi\/taivaan-tahden\/wp-json\/wp\/v2\/posts\/219\/revisions"}],"predecessor-version":[{"id":225,"href":"https:\/\/suomenkuvalehti.fi\/taivaan-tahden\/wp-json\/wp\/v2\/posts\/219\/revisions\/225"}],"wp:attachment":[{"href":"https:\/\/suomenkuvalehti.fi\/taivaan-tahden\/wp-json\/wp\/v2\/media?parent=219"}],"wp:term":[{"taxonomy":"category","embeddable":true,"href":"https:\/\/suomenkuvalehti.fi\/taivaan-tahden\/wp-json\/wp\/v2\/categories?post=219"},{"taxonomy":"post_tag","embeddable":true,"href":"https:\/\/suomenkuvalehti.fi\/taivaan-tahden\/wp-json\/wp\/v2\/tags?post=219"}],"curies":[{"name":"wp","href":"https:\/\/api.w.org\/{rel}","templated":true}]}}