{"id":2184,"date":"2019-10-11T12:03:03","date_gmt":"2019-10-11T09:03:03","guid":{"rendered":"https:\/\/suomenkuvalehti.fi\/taivaan-tahden\/?p=2184"},"modified":"2019-10-11T12:03:03","modified_gmt":"2019-10-11T09:03:03","slug":"pitaako-ilmastotiedetta-ymmartaa","status":"publish","type":"post","link":"https:\/\/suomenkuvalehti.fi\/taivaan-tahden\/2019\/10\/11\/pitaako-ilmastotiedetta-ymmartaa\/","title":{"rendered":"Pit\u00e4\u00e4k\u00f6 (ilmasto)tiedett\u00e4 ymm\u00e4rt\u00e4\u00e4?"},"content":{"rendered":"<figure class=\"aligncenter size-full wp-block-image\">\n  <div class=\"wp-block-image__inner-container\">\n    <a href=\"https:\/\/suomenkuvalehti.fi\/taivaan-tahden\/wp-content\/uploads\/sites\/36\/2019\/10\/autokuura_sk.jpg\"><img loading=\"lazy\" decoding=\"async\" src=\"https:\/\/suomenkuvalehti.fi\/taivaan-tahden\/wp-content\/uploads\/sites\/36\/2019\/10\/autokuura_sk.jpg\" alt=\"\" class=\"wp-image-2185\" width=\"1004\" height=\"630\" style=\"--aspect-ratio: 1.59\" srcset=\"https:\/\/suomenkuvalehti.fi\/taivaan-tahden\/wp-content\/uploads\/sites\/36\/2019\/10\/autokuura_sk.jpg 1004w, https:\/\/suomenkuvalehti.fi\/taivaan-tahden\/wp-content\/uploads\/sites\/36\/2019\/10\/autokuura_sk-300x188.jpg 300w, https:\/\/suomenkuvalehti.fi\/taivaan-tahden\/wp-content\/uploads\/sites\/36\/2019\/10\/autokuura_sk-768x482.jpg 768w, https:\/\/suomenkuvalehti.fi\/taivaan-tahden\/wp-content\/uploads\/sites\/36\/2019\/10\/autokuura_sk-630x395.jpg 630w\" sizes=\"auto, (max-width: 1004px) 100vw, 1004px\" \/><\/a>    <figcaption class=\"wp-block-image__figcaption\">\n      J\u00e4\u00e4t\u00e4! Ja pakkasta?! Vaikka ilmasto l\u00e4mpenee. Kuva: Markus Hotakainen          <\/figcaption>\n      <\/div>\n<\/figure>\n\n\n<p><span class=\"capitalized\">Lyhyesti sanottuna<\/span>: ei. Siis ei v\u00e4ltt\u00e4m\u00e4tt\u00e4.<\/p>\n\n\n\n<p>Pidempi perustelu kietoutuu \u2013 j\u00e4lleen kerran \u2013 ilmaston muuttumiseen.<\/p>\n\n\n\n<p>Ihmisille tuntuu olevan kovin vaikeaa luottaa ilmastotutkijoiden sanomisiin ja niiden taustalla oleviin tutkimuksiin, koska niiden perusteita on vaikea ymm\u00e4rt\u00e4\u00e4.<\/p>\n\n\n\n<p>Ilmastomalleja pidet\u00e4\u00e4n liian abstrakteina ja lehtien mielipidepalstoilla on tuotu esiin, ett\u00e4 niiden pohjana olevaan tieteeseen ei ole helppo luottaa.<\/p>\n\n\n\n<p>Miksi ei?<\/p>\n\n\n\n<p><span class=\"capitalized\">Nykyp\u00e4iv\u00e4n\u00e4<\/span> maailma on t\u00e4ynn\u00e4 asioita ja esineit\u00e4, jotka perustuvat \u201dabstrakteihin\u201d k\u00e4sitteisiin ja tieteeseen, jota on todella vaikea ymm\u00e4rt\u00e4\u00e4. Silti niihin ja niiden toimintaan luotetaan, yleens\u00e4 ilmeisen helpostikin.<\/p>\n\n\n\n<p>Kuinka moni \u00e4lyk\u00e4nnyk\u00e4n k\u00e4ytt\u00e4j\u00e4 tiet\u00e4\u00e4, miten kosketusn\u00e4ytt\u00f6, internetyhteys, tai klassinen perustoiminto, puheen siirtyminen toisella puolelle maapalloa, oikein toimii?<\/p>\n\n\n\n<p>Siit\u00e4 huolimatta aika moni luottaa kapulansa toimivuuteen eik\u00e4 alati kyseenalaista sen k\u00e4ytt\u00f6kelpoisuutta.<\/p>\n\n\n\n<p><span class=\"capitalized\">Sama p\u00e4tee<\/span> lukuisiin muihinkin asioihin. Arki muuttuu kaiken aikaa teknisemm\u00e4ksi ja k\u00e4yt\u00f6ss\u00e4mme oleva tekniikka perustuu yh\u00e4 useammin \u201dtieteeseen, jota on vaikea ymm\u00e4rt\u00e4\u00e4\u201d.<\/p>\n\n\n\n<p>Mik\u00e4 ilmastotutkimuksesta tekee niin toisenlaisen asian, ett\u00e4 sen taustalla olevan tieteen pit\u00e4isi olla jokaiselle p\u00e4iv\u00e4nselv\u00e4\u00e4 ja kristallinkirkasta, jotta siihen voisi luottaa?<\/p>\n\n\n\n<blockquote class=\"wp-block-quote\"><p>Parempi laittaa p\u00e4\u00e4 pensaaseen.<\/p><\/blockquote>\n\n\n\n<p>Jos palataan \u00e4lyk\u00e4nnykk\u00e4\u00e4n, sen toimivuuteen halutaan luottaa, koska se tekee el\u00e4m\u00e4st\u00e4 helpompaa (vaikka jotkut ovat siit\u00e4kin eri mielt\u00e4).<\/p>\n\n\n\n<p>Ilmastotutkimukseen ja siin\u00e4 k\u00e4ytett\u00e4vien mallien toimivuuteen ei haluta luottaa, koska se tekee el\u00e4m\u00e4st\u00e4 ahdistavaa.<\/p>\n\n\n\n<p><span class=\"capitalized\">Asiaan vaikuttaa<\/span> my\u00f6s se, ett\u00e4 media piti pitk\u00e4\u00e4n yll\u00e4 myytti\u00e4 ilmastonmuutoksesta mielipidekysymyksen\u00e4. Jokaisen n\u00e4kemys oli yht\u00e4 arvokas, tutki sitten ty\u00f6kseen ilmastonmuutosta tai sattui seisomaan kaupan kassajonossa, kun toimittaja teki kolmen ihmisen \u201dkatukalluppia\u201d.<\/p>\n\n\n\n<p>Moisesta \u201dtasapuolisuudesta\u201d on onneksi jo pitk\u00e4lti p\u00e4\u00e4sty, mutta perinteist\u00e4 pidet\u00e4\u00e4n kiinni: jos MINUSTA tuntuu, ett\u00e4 ilmasto ei ole l\u00e4mpenem\u00e4ss\u00e4, MINUN ei tarvitse tehd\u00e4 asian suhteen mit\u00e4\u00e4n, ei edes uskoa tutkijoiden v\u00e4itteisiin, joita he perustelevat MINULLE k\u00e4sitt\u00e4m\u00e4tt\u00f6mill\u00e4 tai ainakin vaikeasti ymm\u00e4rrett\u00e4vill\u00e4 tieteellisill\u00e4 argumenteilla.<\/p>\n\n\n\n<p><span class=\"capitalized\">Eih\u00e4n ihminen<\/span> VOI vaikuttaa koko maapallon laajuisiin asioihin \u2013 vaikka l\u00e4hihistoriassa on lukuisia konkreettisia esimerkkej\u00e4 siit\u00e4, miten miljardien ihmisten toiminta aiheuttaa globaaleja seurauksia.<\/p>\n\n\n\n<p>Pelkk\u00e4\u00e4 ilmastovouhotusta se on, parempi laittaa p\u00e4\u00e4 pensaaseen ja unohtaa koko juttu. T\u00e4n\u00e4kin aamuna olivat auton ikkunat j\u00e4\u00e4ss\u00e4.<\/p>\n\n\n\n<p>&nbsp;<\/p>\n\n\n","protected":false},"excerpt":{"rendered":"<p>Lyhyesti sanottuna: ei. Siis ei v\u00e4ltt\u00e4m\u00e4tt\u00e4. Pidempi perustelu kietoutuu \u2013 j\u00e4lleen kerran \u2013 ilmaston muuttumiseen. Ihmisille tuntuu olevan kovin vaikeaa luottaa ilmastotutkijoiden sanomisiin ja niiden taustalla oleviin tutkimuksiin, koska niiden perusteita on vaikea ymm\u00e4rt\u00e4\u00e4.<br \/>\nIlmastomall&hellip;<\/p>\n","protected":false},"author":557,"featured_media":2185,"comment_status":"open","ping_status":"open","sticky":false,"template":"","format":"standard","meta":{"_acf_changed":false,"asauth_required_access_level":3,"asauth_cansharepaid":"true","om_header_attributes":[],"footnotes":"","om_featured_image_focal_point":[],"om_primary_tag":0,"om_contributors":[],"om_co_authors":[],"beyondwords_generate_audio":"","beyondwords_project_id":"","beyondwords_content_id":"","beyondwords_preview_token":"","beyondwords_player_content":"","beyondwords_player_style":"","beyondwords_language_code":"","beyondwords_language_id":"","beyondwords_title_voice_id":"","beyondwords_body_voice_id":"","beyondwords_summary_voice_id":"","beyondwords_error_message":"","beyondwords_disabled":"","beyondwords_delete_content":"","beyondwords_podcast_id":"","beyondwords_hash":"","publish_post_to_speechkit":"","speechkit_hash":"","speechkit_generate_audio":"","speechkit_project_id":"","speechkit_podcast_id":"","speechkit_error_message":"","speechkit_disabled":"","speechkit_access_key":"","speechkit_error":"","speechkit_info":"","speechkit_response":"","speechkit_retries":"","speechkit_status":"","speechkit_updated_at":"","_speechkit_link":"","_speechkit_text":""},"categories":[1],"tags":[831,137,330,41],"class_list":["post-2184","post","type-post","status-publish","format-standard","has-post-thumbnail","hentry","category-taivaan-tahden","tag-ilmastomallit","tag-ilmastonmuutos","tag-tekniikka","tag-tiede"],"om_views":null,"acf":{"tuuma_off":false,"tuuma_kysymys":"","tuuma_vastaus":""},"asauth":{"required_access_level":1,"share_token":"","is_paid":false},"yoast_head":"<!-- This site is optimized with the Yoast SEO plugin v26.4 - https:\/\/yoast.com\/wordpress\/plugins\/seo\/ -->\n<title>Pit\u00e4\u00e4k\u00f6 (ilmasto)tiedett\u00e4 ymm\u00e4rt\u00e4\u00e4? - Taivaan t\u00e4hden<\/title>\n<meta name=\"robots\" content=\"index, follow, max-snippet:-1, max-image-preview:large, max-video-preview:-1\" \/>\n<link rel=\"canonical\" href=\"https:\/\/suomenkuvalehti.fi\/taivaan-tahden\/2019\/10\/11\/pitaako-ilmastotiedetta-ymmartaa\/\" \/>\n<meta property=\"og:locale\" content=\"fi_FI\" \/>\n<meta property=\"og:type\" content=\"article\" \/>\n<meta property=\"og:title\" content=\"Pit\u00e4\u00e4k\u00f6 (ilmasto)tiedett\u00e4 ymm\u00e4rt\u00e4\u00e4? - Taivaan t\u00e4hden\" \/>\n<meta property=\"og:description\" content=\"Lyhyesti sanottuna: ei. Siis ei v\u00e4ltt\u00e4m\u00e4tt\u00e4. Pidempi perustelu kietoutuu \u2013 j\u00e4lleen kerran \u2013 ilmaston muuttumiseen. Ihmisille tuntuu olevan kovin vaikeaa luottaa ilmastotutkijoiden sanomisiin ja niiden taustalla oleviin tutkimuksiin, koska niiden perusteita on vaikea ymm\u00e4rt\u00e4\u00e4. Ilmastomall&hellip;\" \/>\n<meta property=\"og:url\" content=\"https:\/\/suomenkuvalehti.fi\/taivaan-tahden\/2019\/10\/11\/pitaako-ilmastotiedetta-ymmartaa\/\" \/>\n<meta property=\"og:site_name\" content=\"Taivaan t\u00e4hden\" \/>\n<meta property=\"article:published_time\" content=\"2019-10-11T09:03:03+00:00\" \/>\n<meta property=\"og:image\" content=\"https:\/\/suomenkuvalehti.fi\/taivaan-tahden\/wp-content\/uploads\/sites\/36\/2019\/10\/autokuura_sk.jpg\" \/>\n\t<meta property=\"og:image:width\" content=\"1004\" \/>\n\t<meta property=\"og:image:height\" content=\"630\" \/>\n\t<meta property=\"og:image:type\" content=\"image\/jpeg\" \/>\n<meta name=\"author\" content=\"Markus Hotakainen\" \/>\n<meta name=\"twitter:card\" content=\"summary_large_image\" \/>\n<meta name=\"twitter:label1\" content=\"Written by\" \/>\n\t<meta name=\"twitter:data1\" content=\"Markus Hotakainen\" \/>\n\t<meta name=\"twitter:label2\" content=\"Est. reading time\" \/>\n\t<meta name=\"twitter:data2\" content=\"2 minuuttia\" \/>\n<script type=\"application\/ld+json\" class=\"yoast-schema-graph\">{\"@context\":\"https:\/\/schema.org\",\"@graph\":[{\"@type\":\"WebPage\",\"@id\":\"https:\/\/suomenkuvalehti.fi\/taivaan-tahden\/2019\/10\/11\/pitaako-ilmastotiedetta-ymmartaa\/\",\"url\":\"https:\/\/suomenkuvalehti.fi\/taivaan-tahden\/2019\/10\/11\/pitaako-ilmastotiedetta-ymmartaa\/\",\"name\":\"Pit\u00e4\u00e4k\u00f6 (ilmasto)tiedett\u00e4 ymm\u00e4rt\u00e4\u00e4? - Taivaan t\u00e4hden\",\"isPartOf\":{\"@id\":\"https:\/\/suomenkuvalehti.fi\/taivaan-tahden\/#website\"},\"primaryImageOfPage\":{\"@id\":\"https:\/\/suomenkuvalehti.fi\/taivaan-tahden\/2019\/10\/11\/pitaako-ilmastotiedetta-ymmartaa\/#primaryimage\"},\"image\":{\"@id\":\"https:\/\/suomenkuvalehti.fi\/taivaan-tahden\/2019\/10\/11\/pitaako-ilmastotiedetta-ymmartaa\/#primaryimage\"},\"thumbnailUrl\":\"https:\/\/suomenkuvalehti.fi\/taivaan-tahden\/wp-content\/uploads\/sites\/36\/2019\/10\/autokuura_sk.jpg\",\"datePublished\":\"2019-10-11T09:03:03+00:00\",\"author\":{\"@id\":\"https:\/\/suomenkuvalehti.fi\/taivaan-tahden\/#\/schema\/person\/c9c1373acb19750e11084ef640abeae0\"},\"breadcrumb\":{\"@id\":\"https:\/\/suomenkuvalehti.fi\/taivaan-tahden\/2019\/10\/11\/pitaako-ilmastotiedetta-ymmartaa\/#breadcrumb\"},\"inLanguage\":\"fi\",\"potentialAction\":[{\"@type\":\"ReadAction\",\"target\":[\"https:\/\/suomenkuvalehti.fi\/taivaan-tahden\/2019\/10\/11\/pitaako-ilmastotiedetta-ymmartaa\/\"]}]},{\"@type\":\"ImageObject\",\"inLanguage\":\"fi\",\"@id\":\"https:\/\/suomenkuvalehti.fi\/taivaan-tahden\/2019\/10\/11\/pitaako-ilmastotiedetta-ymmartaa\/#primaryimage\",\"url\":\"https:\/\/suomenkuvalehti.fi\/taivaan-tahden\/wp-content\/uploads\/sites\/36\/2019\/10\/autokuura_sk.jpg\",\"contentUrl\":\"https:\/\/suomenkuvalehti.fi\/taivaan-tahden\/wp-content\/uploads\/sites\/36\/2019\/10\/autokuura_sk.jpg\",\"width\":1004,\"height\":630,\"caption\":\"J\u00e4\u00e4t\u00e4! Ja pakkasta?! Vaikka ilmasto l\u00e4mpenee. Kuva: Markus Hotakainen\"},{\"@type\":\"BreadcrumbList\",\"@id\":\"https:\/\/suomenkuvalehti.fi\/taivaan-tahden\/2019\/10\/11\/pitaako-ilmastotiedetta-ymmartaa\/#breadcrumb\",\"itemListElement\":[{\"@type\":\"ListItem\",\"position\":1,\"name\":\"Home\",\"item\":\"https:\/\/suomenkuvalehti.fi\/taivaan-tahden\/\"},{\"@type\":\"ListItem\",\"position\":2,\"name\":\"Pit\u00e4\u00e4k\u00f6 (ilmasto)tiedett\u00e4 ymm\u00e4rt\u00e4\u00e4?\"}]},{\"@type\":\"WebSite\",\"@id\":\"https:\/\/suomenkuvalehti.fi\/taivaan-tahden\/#website\",\"url\":\"https:\/\/suomenkuvalehti.fi\/taivaan-tahden\/\",\"name\":\"Taivaan t\u00e4hden\",\"description\":\"Tiedetoimittaja Markus Hotakainen h\u00e4mm\u00e4stelee maailmankaikkeutta.\",\"potentialAction\":[{\"@type\":\"SearchAction\",\"target\":{\"@type\":\"EntryPoint\",\"urlTemplate\":\"https:\/\/suomenkuvalehti.fi\/haku\/?q={search_term_string}\"},\"query-input\":{\"@type\":\"PropertyValueSpecification\",\"valueRequired\":true,\"valueName\":\"search_term_string\"}}],\"inLanguage\":\"fi\"},{\"@type\":\"Person\",\"@id\":\"https:\/\/suomenkuvalehti.fi\/taivaan-tahden\/#\/schema\/person\/c9c1373acb19750e11084ef640abeae0\",\"name\":\"Markus Hotakainen\",\"image\":{\"@type\":\"ImageObject\",\"inLanguage\":\"fi\",\"@id\":\"https:\/\/suomenkuvalehti.fi\/taivaan-tahden\/#\/schema\/person\/image\/\",\"url\":\"https:\/\/suomenkuvalehti.fi\/taivaan-tahden\/wp-content\/uploads\/sites\/36\/2018\/05\/markus_hotakainen_blogi_pieni-150x150.jpg\",\"contentUrl\":\"https:\/\/suomenkuvalehti.fi\/taivaan-tahden\/wp-content\/uploads\/sites\/36\/2018\/05\/markus_hotakainen_blogi_pieni-150x150.jpg\",\"caption\":\"Markus Hotakainen\"},\"description\":\"Kirjoittaja on tiedetoimittaja ja tietokirjailija.\"}]}<\/script>\n<!-- \/ Yoast SEO plugin. -->","yoast_head_json":{"title":"Pit\u00e4\u00e4k\u00f6 (ilmasto)tiedett\u00e4 ymm\u00e4rt\u00e4\u00e4? - Taivaan t\u00e4hden","robots":{"index":"index","follow":"follow","max-snippet":"max-snippet:-1","max-image-preview":"max-image-preview:large","max-video-preview":"max-video-preview:-1"},"canonical":"https:\/\/suomenkuvalehti.fi\/taivaan-tahden\/2019\/10\/11\/pitaako-ilmastotiedetta-ymmartaa\/","og_locale":"fi_FI","og_type":"article","og_title":"Pit\u00e4\u00e4k\u00f6 (ilmasto)tiedett\u00e4 ymm\u00e4rt\u00e4\u00e4? - Taivaan t\u00e4hden","og_description":"Lyhyesti sanottuna: ei. Siis ei v\u00e4ltt\u00e4m\u00e4tt\u00e4. Pidempi perustelu kietoutuu \u2013 j\u00e4lleen kerran \u2013 ilmaston muuttumiseen. Ihmisille tuntuu olevan kovin vaikeaa luottaa ilmastotutkijoiden sanomisiin ja niiden taustalla oleviin tutkimuksiin, koska niiden perusteita on vaikea ymm\u00e4rt\u00e4\u00e4. Ilmastomall&hellip;","og_url":"https:\/\/suomenkuvalehti.fi\/taivaan-tahden\/2019\/10\/11\/pitaako-ilmastotiedetta-ymmartaa\/","og_site_name":"Taivaan t\u00e4hden","article_published_time":"2019-10-11T09:03:03+00:00","og_image":[{"width":1004,"height":630,"url":"https:\/\/suomenkuvalehti.fi\/taivaan-tahden\/wp-content\/uploads\/sites\/36\/2019\/10\/autokuura_sk.jpg","type":"image\/jpeg"}],"author":"Markus Hotakainen","twitter_card":"summary_large_image","twitter_misc":{"Written by":"Markus Hotakainen","Est. reading time":"2 minuuttia"},"schema":{"@context":"https:\/\/schema.org","@graph":[{"@type":"WebPage","@id":"https:\/\/suomenkuvalehti.fi\/taivaan-tahden\/2019\/10\/11\/pitaako-ilmastotiedetta-ymmartaa\/","url":"https:\/\/suomenkuvalehti.fi\/taivaan-tahden\/2019\/10\/11\/pitaako-ilmastotiedetta-ymmartaa\/","name":"Pit\u00e4\u00e4k\u00f6 (ilmasto)tiedett\u00e4 ymm\u00e4rt\u00e4\u00e4? - Taivaan t\u00e4hden","isPartOf":{"@id":"https:\/\/suomenkuvalehti.fi\/taivaan-tahden\/#website"},"primaryImageOfPage":{"@id":"https:\/\/suomenkuvalehti.fi\/taivaan-tahden\/2019\/10\/11\/pitaako-ilmastotiedetta-ymmartaa\/#primaryimage"},"image":{"@id":"https:\/\/suomenkuvalehti.fi\/taivaan-tahden\/2019\/10\/11\/pitaako-ilmastotiedetta-ymmartaa\/#primaryimage"},"thumbnailUrl":"https:\/\/suomenkuvalehti.fi\/taivaan-tahden\/wp-content\/uploads\/sites\/36\/2019\/10\/autokuura_sk.jpg","datePublished":"2019-10-11T09:03:03+00:00","author":{"@id":"https:\/\/suomenkuvalehti.fi\/taivaan-tahden\/#\/schema\/person\/c9c1373acb19750e11084ef640abeae0"},"breadcrumb":{"@id":"https:\/\/suomenkuvalehti.fi\/taivaan-tahden\/2019\/10\/11\/pitaako-ilmastotiedetta-ymmartaa\/#breadcrumb"},"inLanguage":"fi","potentialAction":[{"@type":"ReadAction","target":["https:\/\/suomenkuvalehti.fi\/taivaan-tahden\/2019\/10\/11\/pitaako-ilmastotiedetta-ymmartaa\/"]}]},{"@type":"ImageObject","inLanguage":"fi","@id":"https:\/\/suomenkuvalehti.fi\/taivaan-tahden\/2019\/10\/11\/pitaako-ilmastotiedetta-ymmartaa\/#primaryimage","url":"https:\/\/suomenkuvalehti.fi\/taivaan-tahden\/wp-content\/uploads\/sites\/36\/2019\/10\/autokuura_sk.jpg","contentUrl":"https:\/\/suomenkuvalehti.fi\/taivaan-tahden\/wp-content\/uploads\/sites\/36\/2019\/10\/autokuura_sk.jpg","width":1004,"height":630,"caption":"J\u00e4\u00e4t\u00e4! Ja pakkasta?! Vaikka ilmasto l\u00e4mpenee. Kuva: Markus Hotakainen"},{"@type":"BreadcrumbList","@id":"https:\/\/suomenkuvalehti.fi\/taivaan-tahden\/2019\/10\/11\/pitaako-ilmastotiedetta-ymmartaa\/#breadcrumb","itemListElement":[{"@type":"ListItem","position":1,"name":"Home","item":"https:\/\/suomenkuvalehti.fi\/taivaan-tahden\/"},{"@type":"ListItem","position":2,"name":"Pit\u00e4\u00e4k\u00f6 (ilmasto)tiedett\u00e4 ymm\u00e4rt\u00e4\u00e4?"}]},{"@type":"WebSite","@id":"https:\/\/suomenkuvalehti.fi\/taivaan-tahden\/#website","url":"https:\/\/suomenkuvalehti.fi\/taivaan-tahden\/","name":"Taivaan t\u00e4hden","description":"Tiedetoimittaja Markus Hotakainen h\u00e4mm\u00e4stelee maailmankaikkeutta.","potentialAction":[{"@type":"SearchAction","target":{"@type":"EntryPoint","urlTemplate":"https:\/\/suomenkuvalehti.fi\/haku\/?q={search_term_string}"},"query-input":{"@type":"PropertyValueSpecification","valueRequired":true,"valueName":"search_term_string"}}],"inLanguage":"fi"},{"@type":"Person","@id":"https:\/\/suomenkuvalehti.fi\/taivaan-tahden\/#\/schema\/person\/c9c1373acb19750e11084ef640abeae0","name":"Markus Hotakainen","image":{"@type":"ImageObject","inLanguage":"fi","@id":"https:\/\/suomenkuvalehti.fi\/taivaan-tahden\/#\/schema\/person\/image\/","url":"https:\/\/suomenkuvalehti.fi\/taivaan-tahden\/wp-content\/uploads\/sites\/36\/2018\/05\/markus_hotakainen_blogi_pieni-150x150.jpg","contentUrl":"https:\/\/suomenkuvalehti.fi\/taivaan-tahden\/wp-content\/uploads\/sites\/36\/2018\/05\/markus_hotakainen_blogi_pieni-150x150.jpg","caption":"Markus Hotakainen"},"description":"Kirjoittaja on tiedetoimittaja ja tietokirjailija."}]}},"_links":{"self":[{"href":"https:\/\/suomenkuvalehti.fi\/taivaan-tahden\/wp-json\/wp\/v2\/posts\/2184","targetHints":{"allow":["GET"]}}],"collection":[{"href":"https:\/\/suomenkuvalehti.fi\/taivaan-tahden\/wp-json\/wp\/v2\/posts"}],"about":[{"href":"https:\/\/suomenkuvalehti.fi\/taivaan-tahden\/wp-json\/wp\/v2\/types\/post"}],"author":[{"embeddable":true,"href":"https:\/\/suomenkuvalehti.fi\/taivaan-tahden\/wp-json\/wp\/v2\/users\/557"}],"replies":[{"embeddable":true,"href":"https:\/\/suomenkuvalehti.fi\/taivaan-tahden\/wp-json\/wp\/v2\/comments?post=2184"}],"version-history":[{"count":3,"href":"https:\/\/suomenkuvalehti.fi\/taivaan-tahden\/wp-json\/wp\/v2\/posts\/2184\/revisions"}],"predecessor-version":[{"id":2188,"href":"https:\/\/suomenkuvalehti.fi\/taivaan-tahden\/wp-json\/wp\/v2\/posts\/2184\/revisions\/2188"}],"wp:featuredmedia":[{"embeddable":true,"href":"https:\/\/suomenkuvalehti.fi\/taivaan-tahden\/wp-json\/wp\/v2\/media\/2185"}],"wp:attachment":[{"href":"https:\/\/suomenkuvalehti.fi\/taivaan-tahden\/wp-json\/wp\/v2\/media?parent=2184"}],"wp:term":[{"taxonomy":"category","embeddable":true,"href":"https:\/\/suomenkuvalehti.fi\/taivaan-tahden\/wp-json\/wp\/v2\/categories?post=2184"},{"taxonomy":"post_tag","embeddable":true,"href":"https:\/\/suomenkuvalehti.fi\/taivaan-tahden\/wp-json\/wp\/v2\/tags?post=2184"}],"curies":[{"name":"wp","href":"https:\/\/api.w.org\/{rel}","templated":true}]}}