{"id":2157,"date":"2019-09-25T16:32:34","date_gmt":"2019-09-25T13:32:34","guid":{"rendered":"https:\/\/suomenkuvalehti.fi\/taivaan-tahden\/?p=2157"},"modified":"2019-09-26T15:51:28","modified_gmt":"2019-09-26T12:51:28","slug":"marsilaiset-kuolivat-110-vuotta-sitten","status":"publish","type":"post","link":"https:\/\/suomenkuvalehti.fi\/taivaan-tahden\/2019\/09\/25\/marsilaiset-kuolivat-110-vuotta-sitten\/","title":{"rendered":"Marsilaiset kuolivat 110 vuotta sitten"},"content":{"rendered":"<figure class=\"aligncenter size-large is-resized wp-block-image\">\n  <div class=\"wp-block-image__inner-container\">\n    <a href=\"https:\/\/suomenkuvalehti.fi\/taivaan-tahden\/wp-content\/uploads\/sites\/36\/2019\/09\/mars_03_010_sk.jpg\"><img loading=\"lazy\" decoding=\"async\" src=\"https:\/\/suomenkuvalehti.fi\/taivaan-tahden\/wp-content\/uploads\/sites\/36\/2019\/09\/mars_03_010_sk-1017x1024.jpg\" alt=\"\" class=\"wp-image-2159\" width=\"1017\" height=\"1024\" style=\"--aspect-ratio: 0.99\" srcset=\"https:\/\/suomenkuvalehti.fi\/taivaan-tahden\/wp-content\/uploads\/sites\/36\/2019\/09\/mars_03_010_sk-1017x1024.jpg 1017w, https:\/\/suomenkuvalehti.fi\/taivaan-tahden\/wp-content\/uploads\/sites\/36\/2019\/09\/mars_03_010_sk-150x150.jpg 150w, https:\/\/suomenkuvalehti.fi\/taivaan-tahden\/wp-content\/uploads\/sites\/36\/2019\/09\/mars_03_010_sk-298x300.jpg 298w, https:\/\/suomenkuvalehti.fi\/taivaan-tahden\/wp-content\/uploads\/sites\/36\/2019\/09\/mars_03_010_sk-768x773.jpg 768w, https:\/\/suomenkuvalehti.fi\/taivaan-tahden\/wp-content\/uploads\/sites\/36\/2019\/09\/mars_03_010_sk-300x302.jpg 300w, https:\/\/suomenkuvalehti.fi\/taivaan-tahden\/wp-content\/uploads\/sites\/36\/2019\/09\/mars_03_010_sk-630x634.jpg 630w, https:\/\/suomenkuvalehti.fi\/taivaan-tahden\/wp-content\/uploads\/sites\/36\/2019\/09\/mars_03_010_sk.jpg 1299w\" sizes=\"auto, (max-width: 1017px) 100vw, 1017px\" \/><\/a>    <figcaption class=\"wp-block-image__figcaption\">\n      Mars, eloton planeetta. Kuva: Eug\u00e8ne Antoniadi          <\/figcaption>\n      <\/div>\n<\/figure>\n\n\n<p><span class=\"capitalized\">Kohtalokas ajankohta<\/span> tiedet\u00e4\u00e4n tarkasti: 20. syyskuuta 1909. Kreikkalais-ranskalainen <b>Eug\u00e8ne Antoniadi<\/b> oli tuona p\u00e4iv\u00e4n\u00e4 \u2013 tai pikemminkin y\u00f6n\u00e4 \u2013 Pariisin liepeill\u00e4 sijaitsevan Meudonin observatorion suuressa kupolissa.<\/p>\n\n\n\n<p>H\u00e4n oli suunnannut 83-senttisen \u201dGrande Lunette\u201d -linssikaukoputken, joka on edelleen Euroopan suurin, kohti y\u00f6taivaalla kiiluvaa punaista valopistett\u00e4. S\u00e4\u00e4 oli selke\u00e4 ja ilmakeh\u00e4 poikkeuksellisen rauhallinen.<\/p>\n\n\n\n<p>Marsilaisia ei surmannut se, mit\u00e4 Antoniadi kaukoputkeen katsoessaan n\u00e4ki, vaan mit\u00e4 h\u00e4n ei n\u00e4hnyt.<\/p>\n\n\n\n<p><span class=\"capitalized\">1870-luvun lopulta<\/span> l\u00e4htien oli tiedetty, ett\u00e4 Marsia asuttavat teknisesti meit\u00e4 kehittyneemm\u00e4t ja etev\u00e4mm\u00e4t oliot. Tai ainakin osa t\u00e4htitieteilij\u00f6ist\u00e4 oli niin tiet\u00e4vin\u00e4\u00e4n.<\/p>\n\n\n\n<p>Italialainen <b>Giovanni Schiaparelli<\/b> oli laatinut Breran observatoriossa vuonna 1877 tekemiens\u00e4 havaintojen pohjalta Marsista kartan, jota kirjoivat planeetan pinnalla risteilev\u00e4t suorat viivat: naapuriplaneetallamme on kanavia!<\/p>\n\n\n\n<p>Jotkut p\u00e4\u00e4tteliv\u00e4t, ett\u00e4 jos planeetan pinnalla on kanavia, joilla on mittaa satoja kilometrej\u00e4, siell\u00e4 t\u00e4ytyy olla asukkaita, joilla on hallussaan melkoinen m\u00e4\u00e4r\u00e4 niiden rakentamiseen vaadittavaa teknist\u00e4 osaamista.<\/p>\n\n\n\n<blockquote class=\"wp-block-quote\"><p>Kanavat olivat kadonneet.<\/p><\/blockquote>\n\n\n\n<p>Kaikki eiv\u00e4t alkujaankaan uskoneet ajatukseen ja kiivaimpien kannattajien vakuutteluista huolimatta yh\u00e4 useampi alkoi ep\u00e4ill\u00e4 niin marsilaisten kuin kanavienkin olemassaoloa.<\/p>\n\n\n\n<p><span class=\"capitalized\">Yksi heist\u00e4<\/span> oli juuri edell\u00e4 mainittu Antoniadi. Kun Ranskaan muuttanut nuori t\u00e4htitieteilij\u00e4 p\u00e4\u00e4si t\u00f6ihin kuuluisan <b>Camille Flammarionin<\/b> observatorioon, h\u00e4n oli monien muiden tavoin n\u00e4kevin\u00e4\u00e4n Marsin pinnalla risteilevi\u00e4 viivoja.<\/p>\n\n\n\n<p>Kun Antoniadi otti vastuulleen British Astronomical Associationin Mars-jaoston j\u00e4senten tekemien havaintojen k\u00e4sittelyn, mieli alkoi muuttua. Eri puolilta Eurooppaa kertyneiden piirrosten kirjo oli niin vaihteleva, ett\u00e4 se her\u00e4tti vahvoja ep\u00e4ilyksi\u00e4: ovatko kanavat ollenkaan todellisia vai ainoastaan n\u00e4k\u00f6harhaa?<\/p>\n\n\n\n<p><span class=\"capitalized\">Pelk\u00e4t ep\u00e4ilykset<\/span> eiv\u00e4t kuitenkaan riitt\u00e4neet, tarvittiin todisteita. Syyskuisena y\u00f6n\u00e4 Antoniadi sai ne hankittua.<\/p>\n\n\n\n<p>Kun Meudonin j\u00e4ttim\u00e4isen kaukoputken n\u00e4k\u00f6kentt\u00e4\u00e4n ilmestyi taivaalla loimottavan punaisen valopisteen voimakkaasti suurennettu kuvajainen, kanavat olivat kadonneet.<\/p>\n\n\n\n<p>Antoniadi ikuisti Marsin yksityiskohdat ajan tavan mukaan piirrokseen. Naapuriplaneettamme pinnalla erottuvat tummat alueet hajosivat yh\u00e4 pienemmiksi ja pienemmiksi detaljeiksi, mutta yli 30 vuotta t\u00e4htitieteilij\u00f6it\u00e4 askarruttaneista suorista viivoista ei n\u00e4kynyt j\u00e4lke\u00e4k\u00e4\u00e4n. Ne olivat vain harhan\u00e4kyj\u00e4.<\/p>\n\n\n\n<p>Johtop\u00e4\u00e4t\u00f6s oli v\u00e4ist\u00e4m\u00e4t\u00f6n: Marsissa ei ole kanavia eik\u00e4 siell\u00e4 ole my\u00f6sk\u00e4\u00e4n kanavia rakentanutta sivilisaatiota. Tuona y\u00f6n\u00e4 marsilaiset kuolivat. Tai eiv\u00e4t he olleet koskaan edes el\u00e4neet.<\/p>\n\n\n\n<p>&nbsp;<\/p>\n\n\n","protected":false},"excerpt":{"rendered":"<p>Kohtalokas ajankohta tiedet\u00e4\u00e4n tarkasti: 20. syyskuuta 1909. Kreikkalais-ranskalainen Eug\u00e8ne Antoniadi oli tuona p\u00e4iv\u00e4n\u00e4 \u2013 tai pikemminkin y\u00f6n\u00e4 \u2013 Pariisin liepeill\u00e4 sijaitsevan Meudonin observatorion suuressa kupolissa. H\u00e4n oli suunnannut 83-senttisen \u201dGrande Lunette\u201d<br \/>\n-linssikaukoputke&hellip;<\/p>\n","protected":false},"author":557,"featured_media":2159,"comment_status":"open","ping_status":"open","sticky":false,"template":"","format":"standard","meta":{"_acf_changed":false,"asauth_required_access_level":3,"asauth_cansharepaid":"true","om_header_attributes":[],"footnotes":"","om_featured_image_focal_point":[],"om_primary_tag":0,"om_contributors":[],"om_co_authors":[],"beyondwords_generate_audio":"","beyondwords_project_id":"","beyondwords_content_id":"","beyondwords_preview_token":"","beyondwords_player_content":"","beyondwords_player_style":"","beyondwords_language_code":"","beyondwords_language_id":"","beyondwords_title_voice_id":"","beyondwords_body_voice_id":"","beyondwords_summary_voice_id":"","beyondwords_error_message":"","beyondwords_disabled":"","beyondwords_delete_content":"","beyondwords_podcast_id":"","beyondwords_hash":"","publish_post_to_speechkit":"","speechkit_hash":"","speechkit_generate_audio":"","speechkit_project_id":"","speechkit_podcast_id":"","speechkit_error_message":"","speechkit_disabled":"","speechkit_access_key":"","speechkit_error":"","speechkit_info":"","speechkit_response":"","speechkit_retries":"","speechkit_status":"","speechkit_updated_at":"","_speechkit_link":"","_speechkit_text":""},"categories":[1],"tags":[824,823,32,825],"class_list":["post-2157","post","type-post","status-publish","format-standard","has-post-thumbnail","hentry","category-taivaan-tahden","tag-eugene-antoniadi","tag-kanavat","tag-mars","tag-meudon"],"om_views":null,"acf":{"tuuma_off":false,"tuuma_kysymys":"","tuuma_vastaus":""},"asauth":{"required_access_level":1,"share_token":"","is_paid":false},"yoast_head":"<!-- This site is optimized with the Yoast SEO plugin v26.4 - https:\/\/yoast.com\/wordpress\/plugins\/seo\/ -->\n<title>Marsilaiset kuolivat 110 vuotta sitten - Taivaan t\u00e4hden<\/title>\n<meta name=\"robots\" content=\"index, follow, max-snippet:-1, max-image-preview:large, max-video-preview:-1\" \/>\n<link rel=\"canonical\" href=\"https:\/\/suomenkuvalehti.fi\/taivaan-tahden\/2019\/09\/25\/marsilaiset-kuolivat-110-vuotta-sitten\/\" \/>\n<meta property=\"og:locale\" content=\"fi_FI\" \/>\n<meta property=\"og:type\" content=\"article\" \/>\n<meta property=\"og:title\" content=\"Marsilaiset kuolivat 110 vuotta sitten - Taivaan t\u00e4hden\" \/>\n<meta property=\"og:description\" content=\"Kohtalokas ajankohta tiedet\u00e4\u00e4n tarkasti: 20. syyskuuta 1909. Kreikkalais-ranskalainen Eug\u00e8ne Antoniadi oli tuona p\u00e4iv\u00e4n\u00e4 \u2013 tai pikemminkin y\u00f6n\u00e4 \u2013 Pariisin liepeill\u00e4 sijaitsevan Meudonin observatorion suuressa kupolissa. H\u00e4n oli suunnannut 83-senttisen \u201dGrande Lunette\u201d -linssikaukoputke&hellip;\" \/>\n<meta property=\"og:url\" content=\"https:\/\/suomenkuvalehti.fi\/taivaan-tahden\/2019\/09\/25\/marsilaiset-kuolivat-110-vuotta-sitten\/\" \/>\n<meta property=\"og:site_name\" content=\"Taivaan t\u00e4hden\" \/>\n<meta property=\"article:published_time\" content=\"2019-09-25T13:32:34+00:00\" \/>\n<meta property=\"article:modified_time\" content=\"2019-09-26T12:51:28+00:00\" \/>\n<meta property=\"og:image\" content=\"https:\/\/suomenkuvalehti.fi\/taivaan-tahden\/wp-content\/uploads\/sites\/36\/2019\/09\/mars_03_010_sk.jpg\" \/>\n\t<meta property=\"og:image:width\" content=\"1299\" \/>\n\t<meta property=\"og:image:height\" content=\"1308\" \/>\n\t<meta property=\"og:image:type\" content=\"image\/jpeg\" \/>\n<meta name=\"author\" content=\"Markus Hotakainen\" \/>\n<meta name=\"twitter:card\" content=\"summary_large_image\" \/>\n<meta name=\"twitter:label1\" content=\"Written by\" \/>\n\t<meta name=\"twitter:data1\" content=\"Markus Hotakainen\" \/>\n\t<meta name=\"twitter:label2\" content=\"Est. reading time\" \/>\n\t<meta name=\"twitter:data2\" content=\"2 minuuttia\" \/>\n<script type=\"application\/ld+json\" class=\"yoast-schema-graph\">{\"@context\":\"https:\/\/schema.org\",\"@graph\":[{\"@type\":\"WebPage\",\"@id\":\"https:\/\/suomenkuvalehti.fi\/taivaan-tahden\/2019\/09\/25\/marsilaiset-kuolivat-110-vuotta-sitten\/\",\"url\":\"https:\/\/suomenkuvalehti.fi\/taivaan-tahden\/2019\/09\/25\/marsilaiset-kuolivat-110-vuotta-sitten\/\",\"name\":\"Marsilaiset kuolivat 110 vuotta sitten - Taivaan t\u00e4hden\",\"isPartOf\":{\"@id\":\"https:\/\/suomenkuvalehti.fi\/taivaan-tahden\/#website\"},\"primaryImageOfPage\":{\"@id\":\"https:\/\/suomenkuvalehti.fi\/taivaan-tahden\/2019\/09\/25\/marsilaiset-kuolivat-110-vuotta-sitten\/#primaryimage\"},\"image\":{\"@id\":\"https:\/\/suomenkuvalehti.fi\/taivaan-tahden\/2019\/09\/25\/marsilaiset-kuolivat-110-vuotta-sitten\/#primaryimage\"},\"thumbnailUrl\":\"https:\/\/suomenkuvalehti.fi\/taivaan-tahden\/wp-content\/uploads\/sites\/36\/2019\/09\/mars_03_010_sk.jpg\",\"datePublished\":\"2019-09-25T13:32:34+00:00\",\"dateModified\":\"2019-09-26T12:51:28+00:00\",\"author\":{\"@id\":\"https:\/\/suomenkuvalehti.fi\/taivaan-tahden\/#\/schema\/person\/c9c1373acb19750e11084ef640abeae0\"},\"breadcrumb\":{\"@id\":\"https:\/\/suomenkuvalehti.fi\/taivaan-tahden\/2019\/09\/25\/marsilaiset-kuolivat-110-vuotta-sitten\/#breadcrumb\"},\"inLanguage\":\"fi\",\"potentialAction\":[{\"@type\":\"ReadAction\",\"target\":[\"https:\/\/suomenkuvalehti.fi\/taivaan-tahden\/2019\/09\/25\/marsilaiset-kuolivat-110-vuotta-sitten\/\"]}]},{\"@type\":\"ImageObject\",\"inLanguage\":\"fi\",\"@id\":\"https:\/\/suomenkuvalehti.fi\/taivaan-tahden\/2019\/09\/25\/marsilaiset-kuolivat-110-vuotta-sitten\/#primaryimage\",\"url\":\"https:\/\/suomenkuvalehti.fi\/taivaan-tahden\/wp-content\/uploads\/sites\/36\/2019\/09\/mars_03_010_sk.jpg\",\"contentUrl\":\"https:\/\/suomenkuvalehti.fi\/taivaan-tahden\/wp-content\/uploads\/sites\/36\/2019\/09\/mars_03_010_sk.jpg\",\"width\":1299,\"height\":1308,\"caption\":\"Mars, eloton planeetta. Kuva: Eug\u00e8ne Antoniadi\"},{\"@type\":\"BreadcrumbList\",\"@id\":\"https:\/\/suomenkuvalehti.fi\/taivaan-tahden\/2019\/09\/25\/marsilaiset-kuolivat-110-vuotta-sitten\/#breadcrumb\",\"itemListElement\":[{\"@type\":\"ListItem\",\"position\":1,\"name\":\"Home\",\"item\":\"https:\/\/suomenkuvalehti.fi\/taivaan-tahden\/\"},{\"@type\":\"ListItem\",\"position\":2,\"name\":\"Marsilaiset kuolivat 110 vuotta sitten\"}]},{\"@type\":\"WebSite\",\"@id\":\"https:\/\/suomenkuvalehti.fi\/taivaan-tahden\/#website\",\"url\":\"https:\/\/suomenkuvalehti.fi\/taivaan-tahden\/\",\"name\":\"Taivaan t\u00e4hden\",\"description\":\"Tiedetoimittaja Markus Hotakainen h\u00e4mm\u00e4stelee maailmankaikkeutta.\",\"potentialAction\":[{\"@type\":\"SearchAction\",\"target\":{\"@type\":\"EntryPoint\",\"urlTemplate\":\"https:\/\/suomenkuvalehti.fi\/haku\/?q={search_term_string}\"},\"query-input\":{\"@type\":\"PropertyValueSpecification\",\"valueRequired\":true,\"valueName\":\"search_term_string\"}}],\"inLanguage\":\"fi\"},{\"@type\":\"Person\",\"@id\":\"https:\/\/suomenkuvalehti.fi\/taivaan-tahden\/#\/schema\/person\/c9c1373acb19750e11084ef640abeae0\",\"name\":\"Markus Hotakainen\",\"image\":{\"@type\":\"ImageObject\",\"inLanguage\":\"fi\",\"@id\":\"https:\/\/suomenkuvalehti.fi\/taivaan-tahden\/#\/schema\/person\/image\/\",\"url\":\"https:\/\/suomenkuvalehti.fi\/taivaan-tahden\/wp-content\/uploads\/sites\/36\/2018\/05\/markus_hotakainen_blogi_pieni-150x150.jpg\",\"contentUrl\":\"https:\/\/suomenkuvalehti.fi\/taivaan-tahden\/wp-content\/uploads\/sites\/36\/2018\/05\/markus_hotakainen_blogi_pieni-150x150.jpg\",\"caption\":\"Markus Hotakainen\"},\"description\":\"Kirjoittaja on tiedetoimittaja ja tietokirjailija.\"}]}<\/script>\n<!-- \/ Yoast SEO plugin. -->","yoast_head_json":{"title":"Marsilaiset kuolivat 110 vuotta sitten - Taivaan t\u00e4hden","robots":{"index":"index","follow":"follow","max-snippet":"max-snippet:-1","max-image-preview":"max-image-preview:large","max-video-preview":"max-video-preview:-1"},"canonical":"https:\/\/suomenkuvalehti.fi\/taivaan-tahden\/2019\/09\/25\/marsilaiset-kuolivat-110-vuotta-sitten\/","og_locale":"fi_FI","og_type":"article","og_title":"Marsilaiset kuolivat 110 vuotta sitten - Taivaan t\u00e4hden","og_description":"Kohtalokas ajankohta tiedet\u00e4\u00e4n tarkasti: 20. syyskuuta 1909. Kreikkalais-ranskalainen Eug\u00e8ne Antoniadi oli tuona p\u00e4iv\u00e4n\u00e4 \u2013 tai pikemminkin y\u00f6n\u00e4 \u2013 Pariisin liepeill\u00e4 sijaitsevan Meudonin observatorion suuressa kupolissa. H\u00e4n oli suunnannut 83-senttisen \u201dGrande Lunette\u201d -linssikaukoputke&hellip;","og_url":"https:\/\/suomenkuvalehti.fi\/taivaan-tahden\/2019\/09\/25\/marsilaiset-kuolivat-110-vuotta-sitten\/","og_site_name":"Taivaan t\u00e4hden","article_published_time":"2019-09-25T13:32:34+00:00","article_modified_time":"2019-09-26T12:51:28+00:00","og_image":[{"width":1299,"height":1308,"url":"https:\/\/suomenkuvalehti.fi\/taivaan-tahden\/wp-content\/uploads\/sites\/36\/2019\/09\/mars_03_010_sk.jpg","type":"image\/jpeg"}],"author":"Markus Hotakainen","twitter_card":"summary_large_image","twitter_misc":{"Written by":"Markus Hotakainen","Est. reading time":"2 minuuttia"},"schema":{"@context":"https:\/\/schema.org","@graph":[{"@type":"WebPage","@id":"https:\/\/suomenkuvalehti.fi\/taivaan-tahden\/2019\/09\/25\/marsilaiset-kuolivat-110-vuotta-sitten\/","url":"https:\/\/suomenkuvalehti.fi\/taivaan-tahden\/2019\/09\/25\/marsilaiset-kuolivat-110-vuotta-sitten\/","name":"Marsilaiset kuolivat 110 vuotta sitten - Taivaan t\u00e4hden","isPartOf":{"@id":"https:\/\/suomenkuvalehti.fi\/taivaan-tahden\/#website"},"primaryImageOfPage":{"@id":"https:\/\/suomenkuvalehti.fi\/taivaan-tahden\/2019\/09\/25\/marsilaiset-kuolivat-110-vuotta-sitten\/#primaryimage"},"image":{"@id":"https:\/\/suomenkuvalehti.fi\/taivaan-tahden\/2019\/09\/25\/marsilaiset-kuolivat-110-vuotta-sitten\/#primaryimage"},"thumbnailUrl":"https:\/\/suomenkuvalehti.fi\/taivaan-tahden\/wp-content\/uploads\/sites\/36\/2019\/09\/mars_03_010_sk.jpg","datePublished":"2019-09-25T13:32:34+00:00","dateModified":"2019-09-26T12:51:28+00:00","author":{"@id":"https:\/\/suomenkuvalehti.fi\/taivaan-tahden\/#\/schema\/person\/c9c1373acb19750e11084ef640abeae0"},"breadcrumb":{"@id":"https:\/\/suomenkuvalehti.fi\/taivaan-tahden\/2019\/09\/25\/marsilaiset-kuolivat-110-vuotta-sitten\/#breadcrumb"},"inLanguage":"fi","potentialAction":[{"@type":"ReadAction","target":["https:\/\/suomenkuvalehti.fi\/taivaan-tahden\/2019\/09\/25\/marsilaiset-kuolivat-110-vuotta-sitten\/"]}]},{"@type":"ImageObject","inLanguage":"fi","@id":"https:\/\/suomenkuvalehti.fi\/taivaan-tahden\/2019\/09\/25\/marsilaiset-kuolivat-110-vuotta-sitten\/#primaryimage","url":"https:\/\/suomenkuvalehti.fi\/taivaan-tahden\/wp-content\/uploads\/sites\/36\/2019\/09\/mars_03_010_sk.jpg","contentUrl":"https:\/\/suomenkuvalehti.fi\/taivaan-tahden\/wp-content\/uploads\/sites\/36\/2019\/09\/mars_03_010_sk.jpg","width":1299,"height":1308,"caption":"Mars, eloton planeetta. Kuva: Eug\u00e8ne Antoniadi"},{"@type":"BreadcrumbList","@id":"https:\/\/suomenkuvalehti.fi\/taivaan-tahden\/2019\/09\/25\/marsilaiset-kuolivat-110-vuotta-sitten\/#breadcrumb","itemListElement":[{"@type":"ListItem","position":1,"name":"Home","item":"https:\/\/suomenkuvalehti.fi\/taivaan-tahden\/"},{"@type":"ListItem","position":2,"name":"Marsilaiset kuolivat 110 vuotta sitten"}]},{"@type":"WebSite","@id":"https:\/\/suomenkuvalehti.fi\/taivaan-tahden\/#website","url":"https:\/\/suomenkuvalehti.fi\/taivaan-tahden\/","name":"Taivaan t\u00e4hden","description":"Tiedetoimittaja Markus Hotakainen h\u00e4mm\u00e4stelee maailmankaikkeutta.","potentialAction":[{"@type":"SearchAction","target":{"@type":"EntryPoint","urlTemplate":"https:\/\/suomenkuvalehti.fi\/haku\/?q={search_term_string}"},"query-input":{"@type":"PropertyValueSpecification","valueRequired":true,"valueName":"search_term_string"}}],"inLanguage":"fi"},{"@type":"Person","@id":"https:\/\/suomenkuvalehti.fi\/taivaan-tahden\/#\/schema\/person\/c9c1373acb19750e11084ef640abeae0","name":"Markus Hotakainen","image":{"@type":"ImageObject","inLanguage":"fi","@id":"https:\/\/suomenkuvalehti.fi\/taivaan-tahden\/#\/schema\/person\/image\/","url":"https:\/\/suomenkuvalehti.fi\/taivaan-tahden\/wp-content\/uploads\/sites\/36\/2018\/05\/markus_hotakainen_blogi_pieni-150x150.jpg","contentUrl":"https:\/\/suomenkuvalehti.fi\/taivaan-tahden\/wp-content\/uploads\/sites\/36\/2018\/05\/markus_hotakainen_blogi_pieni-150x150.jpg","caption":"Markus Hotakainen"},"description":"Kirjoittaja on tiedetoimittaja ja tietokirjailija."}]}},"_links":{"self":[{"href":"https:\/\/suomenkuvalehti.fi\/taivaan-tahden\/wp-json\/wp\/v2\/posts\/2157","targetHints":{"allow":["GET"]}}],"collection":[{"href":"https:\/\/suomenkuvalehti.fi\/taivaan-tahden\/wp-json\/wp\/v2\/posts"}],"about":[{"href":"https:\/\/suomenkuvalehti.fi\/taivaan-tahden\/wp-json\/wp\/v2\/types\/post"}],"author":[{"embeddable":true,"href":"https:\/\/suomenkuvalehti.fi\/taivaan-tahden\/wp-json\/wp\/v2\/users\/557"}],"replies":[{"embeddable":true,"href":"https:\/\/suomenkuvalehti.fi\/taivaan-tahden\/wp-json\/wp\/v2\/comments?post=2157"}],"version-history":[{"count":4,"href":"https:\/\/suomenkuvalehti.fi\/taivaan-tahden\/wp-json\/wp\/v2\/posts\/2157\/revisions"}],"predecessor-version":[{"id":2163,"href":"https:\/\/suomenkuvalehti.fi\/taivaan-tahden\/wp-json\/wp\/v2\/posts\/2157\/revisions\/2163"}],"wp:featuredmedia":[{"embeddable":true,"href":"https:\/\/suomenkuvalehti.fi\/taivaan-tahden\/wp-json\/wp\/v2\/media\/2159"}],"wp:attachment":[{"href":"https:\/\/suomenkuvalehti.fi\/taivaan-tahden\/wp-json\/wp\/v2\/media?parent=2157"}],"wp:term":[{"taxonomy":"category","embeddable":true,"href":"https:\/\/suomenkuvalehti.fi\/taivaan-tahden\/wp-json\/wp\/v2\/categories?post=2157"},{"taxonomy":"post_tag","embeddable":true,"href":"https:\/\/suomenkuvalehti.fi\/taivaan-tahden\/wp-json\/wp\/v2\/tags?post=2157"}],"curies":[{"name":"wp","href":"https:\/\/api.w.org\/{rel}","templated":true}]}}