{"id":2150,"date":"2019-09-23T12:18:14","date_gmt":"2019-09-23T09:18:14","guid":{"rendered":"https:\/\/suomenkuvalehti.fi\/taivaan-tahden\/?p=2150"},"modified":"2019-09-23T12:18:14","modified_gmt":"2019-09-23T09:18:14","slug":"asteroidit-kolaroivat-maa-jaatyi","status":"publish","type":"post","link":"https:\/\/suomenkuvalehti.fi\/taivaan-tahden\/2019\/09\/23\/asteroidit-kolaroivat-maa-jaatyi\/","title":{"rendered":"Asteroidit kolaroivat, Maa j\u00e4\u00e4tyi"},"content":{"rendered":"<figure class=\"aligncenter size-large is-resized wp-block-image\">\n  <div class=\"wp-block-image__inner-container\">\n    <a href=\"https:\/\/suomenkuvalehti.fi\/taivaan-tahden\/wp-content\/uploads\/sites\/36\/2019\/09\/iceagee.jpg\"><img loading=\"lazy\" decoding=\"async\" src=\"https:\/\/suomenkuvalehti.fi\/taivaan-tahden\/wp-content\/uploads\/sites\/36\/2019\/09\/iceagee-1024x683.jpg\" alt=\"\" class=\"wp-image-2152\" width=\"1024\" height=\"683\" style=\"--aspect-ratio: 1.5\" srcset=\"https:\/\/suomenkuvalehti.fi\/taivaan-tahden\/wp-content\/uploads\/sites\/36\/2019\/09\/iceagee-1024x683.jpg 1024w, https:\/\/suomenkuvalehti.fi\/taivaan-tahden\/wp-content\/uploads\/sites\/36\/2019\/09\/iceagee-300x200.jpg 300w, https:\/\/suomenkuvalehti.fi\/taivaan-tahden\/wp-content\/uploads\/sites\/36\/2019\/09\/iceagee-768x512.jpg 768w, https:\/\/suomenkuvalehti.fi\/taivaan-tahden\/wp-content\/uploads\/sites\/36\/2019\/09\/iceagee-630x420.jpg 630w, https:\/\/suomenkuvalehti.fi\/taivaan-tahden\/wp-content\/uploads\/sites\/36\/2019\/09\/iceagee.jpg 1575w\" sizes=\"auto, (max-width: 1024px) 100vw, 1024px\" \/><\/a>    <figcaption class=\"wp-block-image__figcaption\">\n      Ent\u00e4 jos lumi ei kev\u00e4\u00e4ll\u00e4 alkaisikaan sulaa\u2026? Kuva: Markus Hotakainen          <\/figcaption>\n      <\/div>\n<\/figure>\n\n\n<p><span class=\"capitalized\">Noin 466 miljoonaa vuotta<\/span> sitten maapallolla oli j\u00e4\u00e4kausi, yksi monista, joista viimeisin on j\u00e4tt\u00e4nyt yh\u00e4 n\u00e4kyv\u00e4t j\u00e4lkens\u00e4 my\u00f6s kotimaamme kallioper\u00e4\u00e4n.<\/p>\n\n\n\n<p>Nyt tuon ammoisen j\u00e4\u00e4tik\u00f6itymisen syy on selvinnyt, ainakin jos tutkijoiden tuoreimpiin tuloksiin on uskominen.<\/p>\n\n\n\n<p>Muinainen j\u00e4\u00e4kausi johtui asteroidien t\u00f6rm\u00e4yksest\u00e4. Toisin kuin 400 miljoonaa vuotta my\u00f6hemmin, kun kosminen isku taittoi kirjaimellisesti dinosaurusten selk\u00e4rangan, sill\u00e4 kertaa maalitauluna ei ollut Maa.<\/p>\n\n\n\n<p>Asteroidit kolaroivat kesken\u00e4\u00e4n.<\/p>\n\n\n\n<p><span class=\"capitalized\">Tutkijat p\u00e4\u00e4siv\u00e4t<\/span> muinaisen j\u00e4\u00e4kauden aiheuttajan j\u00e4ljille tutkimalla kiviss\u00e4 ja kallioper\u00e4ss\u00e4 olevia alkuaineita, niiden isotooppeja sek\u00e4 metallipitoisuuksia. Ne kaikki antoivat viitteit\u00e4 siit\u00e4, ett\u00e4 huomattava osa 466 miljoonan vuoden ik\u00e4isen kiviaineksen joukossa olevasta p\u00f6lyst\u00e4 on alkujaan ollut avaruudessa.<\/p>\n\n\n\n<blockquote class=\"wp-block-quote\"><p>Osa mantereista j\u00e4i pysyv\u00e4n talven kahleisiin.<\/p><\/blockquote>\n\n\n\n<p>Maapallolle tiedet\u00e4\u00e4n satavan jatkuvasti avaruuden p\u00f6ly\u00e4 noin 40 000 tonnia vuodessa. Tutummissa mitoissa se tarkoittaa noin tuhatta rekkakuormallista joka vuosi. Osa p\u00f6lyst\u00e4 k\u00e4r\u00e4ht\u00e4\u00e4 vajaan sadan kilometrin korkeudella ja saa aikaan \u00f6isell\u00e4 taivaalla n\u00e4kyvi\u00e4 t\u00e4hdenlentoja.<\/p>\n\n\n\n<p>Osa leijuu hitaasti alemmas ilmakeh\u00e4\u00e4n, miss\u00e4 on paljon muutakin roinaa, kuten tulivuorten sy\u00f6ksem\u00e4\u00e4 tuhkaa ja aavikoilta tuulten mukana noussutta tomua.<\/p>\n\n\n\n<p><span class=\"capitalized\">Kun 150-kilometrinen asteroidi<\/span> hajosi rajussa t\u00f6rm\u00e4yksess\u00e4 Marsin ja Jupiterin ratojen v\u00e4lill\u00e4, p\u00f6lyn m\u00e4\u00e4r\u00e4 moninkertaistui. Maan ilmakeh\u00e4\u00e4n p\u00e4\u00e4tyi tuhannen sijasta miljoonan rekkakuormallisen verran p\u00f6ly\u00e4. Joka vuosi.<\/p>\n\n\n\n<p>Ja \u201dsadetta\u201d jatkui pari miljoonaa vuotta. Se ei voinut olla vaikuttamatta Maan olosuhteisiin. Ilmakeh\u00e4\u00e4n kertynyt p\u00f6ly v\u00e4hensi Auringon s\u00e4teily\u00e4 niin paljon, ett\u00e4 ilmasto alkoi j\u00e4\u00e4hty\u00e4.<\/p>\n\n\n\n<p>Napaj\u00e4\u00e4tik\u00f6t levisiv\u00e4t yh\u00e4 laajemmalle ja ennen pitk\u00e4\u00e4 osa mantereista j\u00e4i pysyv\u00e4n talven kahleisiin.<\/p>\n\n\n\n<p>Ilmaston kylmeneminen ei ollut pelk\u00e4st\u00e4\u00e4n huono juttu, pikemminkin p\u00e4invastoin, ainakin evoluution kannalta. Eli \u201dv\u00e4h\u00e4n\u201d pidemm\u00e4ll\u00e4 t\u00e4ht\u00e4imell\u00e4.<\/p>\n\n\n\n<p>Koska ilmasto viileni hyvin hitaasti, el\u00e4in- ja kasvikunta pystyi sopeutumaan muuttuviin olosuhteisiin. Itse asiassa lajien kirjo kasvoi, kun evoluution my\u00f6t\u00e4 kehittyi uusia lajeja, jotka p\u00e4rj\u00e4siv\u00e4t aiemmista poikkeavissa, eri puolilla maailmaa vaihtelevissa olosuhteissa.<\/p>\n\n\n\n<p><span class=\"capitalized\">Ilmastonmuutos<\/span> ei siis v\u00e4ltt\u00e4m\u00e4tt\u00e4 ole pahasta \u2013 jos se tapahtuu huomattavan paljon nykyist\u00e4 hitaammin, kymmenien sijasta miljoonien vuosien kuluessa.<\/p>\n\n\n\n<p>&nbsp;<\/p>\n\n\n","protected":false},"excerpt":{"rendered":"<p>Noin 466 miljoonaa vuotta sitten maapallolla oli j\u00e4\u00e4kausi, yksi monista, joista viimeisin on j\u00e4tt\u00e4nyt yh\u00e4 n\u00e4kyv\u00e4t j\u00e4lkens\u00e4 my\u00f6s kotimaamme kallioper\u00e4\u00e4n. Nyt tuon ammoisen j\u00e4\u00e4tik\u00f6itymisen syy on selvinnyt, ainakin jos tutkijoiden tuoreimpiin tuloksiin on uskominen. Muinainen<br \/>\nj\u00e4\u00e4kausi johtu&hellip;<\/p>\n","protected":false},"author":557,"featured_media":2152,"comment_status":"open","ping_status":"open","sticky":false,"template":"","format":"standard","meta":{"_acf_changed":false,"asauth_required_access_level":3,"asauth_cansharepaid":"true","om_header_attributes":[],"footnotes":"","om_featured_image_focal_point":[],"om_primary_tag":0,"om_contributors":[],"om_co_authors":[],"beyondwords_generate_audio":"","beyondwords_project_id":"","beyondwords_content_id":"","beyondwords_preview_token":"","beyondwords_player_content":"","beyondwords_player_style":"","beyondwords_language_code":"","beyondwords_language_id":"","beyondwords_title_voice_id":"","beyondwords_body_voice_id":"","beyondwords_summary_voice_id":"","beyondwords_error_message":"","beyondwords_disabled":"","beyondwords_delete_content":"","beyondwords_podcast_id":"","beyondwords_hash":"","publish_post_to_speechkit":"","speechkit_hash":"","speechkit_generate_audio":"","speechkit_project_id":"","speechkit_podcast_id":"","speechkit_error_message":"","speechkit_disabled":"","speechkit_access_key":"","speechkit_error":"","speechkit_info":"","speechkit_response":"","speechkit_retries":"","speechkit_status":"","speechkit_updated_at":"","_speechkit_link":"","_speechkit_text":""},"categories":[1],"tags":[266,366,370,467],"class_list":["post-2150","post","type-post","status-publish","format-standard","has-post-thumbnail","hentry","category-taivaan-tahden","tag-asteroidit","tag-evoluutio","tag-jaakausi","tag-poly"],"om_views":null,"acf":{"tuuma_off":false,"tuuma_kysymys":"","tuuma_vastaus":""},"asauth":{"required_access_level":1,"share_token":"","is_paid":false},"yoast_head":"<!-- This site is optimized with the Yoast SEO plugin v26.4 - https:\/\/yoast.com\/wordpress\/plugins\/seo\/ -->\n<title>Asteroidit kolaroivat, Maa j\u00e4\u00e4tyi - Taivaan t\u00e4hden<\/title>\n<meta name=\"robots\" content=\"index, follow, max-snippet:-1, max-image-preview:large, max-video-preview:-1\" \/>\n<link rel=\"canonical\" href=\"https:\/\/suomenkuvalehti.fi\/taivaan-tahden\/2019\/09\/23\/asteroidit-kolaroivat-maa-jaatyi\/\" \/>\n<meta property=\"og:locale\" content=\"fi_FI\" \/>\n<meta property=\"og:type\" content=\"article\" \/>\n<meta property=\"og:title\" content=\"Asteroidit kolaroivat, Maa j\u00e4\u00e4tyi - Taivaan t\u00e4hden\" \/>\n<meta property=\"og:description\" content=\"Noin 466 miljoonaa vuotta sitten maapallolla oli j\u00e4\u00e4kausi, yksi monista, joista viimeisin on j\u00e4tt\u00e4nyt yh\u00e4 n\u00e4kyv\u00e4t j\u00e4lkens\u00e4 my\u00f6s kotimaamme kallioper\u00e4\u00e4n. Nyt tuon ammoisen j\u00e4\u00e4tik\u00f6itymisen syy on selvinnyt, ainakin jos tutkijoiden tuoreimpiin tuloksiin on uskominen. Muinainen j\u00e4\u00e4kausi johtu&hellip;\" \/>\n<meta property=\"og:url\" content=\"https:\/\/suomenkuvalehti.fi\/taivaan-tahden\/2019\/09\/23\/asteroidit-kolaroivat-maa-jaatyi\/\" \/>\n<meta property=\"og:site_name\" content=\"Taivaan t\u00e4hden\" \/>\n<meta property=\"article:published_time\" content=\"2019-09-23T09:18:14+00:00\" \/>\n<meta property=\"og:image\" content=\"https:\/\/suomenkuvalehti.fi\/taivaan-tahden\/wp-content\/uploads\/sites\/36\/2019\/09\/iceagee.jpg\" \/>\n\t<meta property=\"og:image:width\" content=\"1575\" \/>\n\t<meta property=\"og:image:height\" content=\"1050\" \/>\n\t<meta property=\"og:image:type\" content=\"image\/jpeg\" \/>\n<meta name=\"author\" content=\"Markus Hotakainen\" \/>\n<meta name=\"twitter:card\" content=\"summary_large_image\" \/>\n<meta name=\"twitter:label1\" content=\"Written by\" \/>\n\t<meta name=\"twitter:data1\" content=\"Markus Hotakainen\" \/>\n\t<meta name=\"twitter:label2\" content=\"Est. reading time\" \/>\n\t<meta name=\"twitter:data2\" content=\"2 minuuttia\" \/>\n<script type=\"application\/ld+json\" class=\"yoast-schema-graph\">{\"@context\":\"https:\/\/schema.org\",\"@graph\":[{\"@type\":\"WebPage\",\"@id\":\"https:\/\/suomenkuvalehti.fi\/taivaan-tahden\/2019\/09\/23\/asteroidit-kolaroivat-maa-jaatyi\/\",\"url\":\"https:\/\/suomenkuvalehti.fi\/taivaan-tahden\/2019\/09\/23\/asteroidit-kolaroivat-maa-jaatyi\/\",\"name\":\"Asteroidit kolaroivat, Maa j\u00e4\u00e4tyi - Taivaan t\u00e4hden\",\"isPartOf\":{\"@id\":\"https:\/\/suomenkuvalehti.fi\/taivaan-tahden\/#website\"},\"primaryImageOfPage\":{\"@id\":\"https:\/\/suomenkuvalehti.fi\/taivaan-tahden\/2019\/09\/23\/asteroidit-kolaroivat-maa-jaatyi\/#primaryimage\"},\"image\":{\"@id\":\"https:\/\/suomenkuvalehti.fi\/taivaan-tahden\/2019\/09\/23\/asteroidit-kolaroivat-maa-jaatyi\/#primaryimage\"},\"thumbnailUrl\":\"https:\/\/suomenkuvalehti.fi\/taivaan-tahden\/wp-content\/uploads\/sites\/36\/2019\/09\/iceagee.jpg\",\"datePublished\":\"2019-09-23T09:18:14+00:00\",\"author\":{\"@id\":\"https:\/\/suomenkuvalehti.fi\/taivaan-tahden\/#\/schema\/person\/c9c1373acb19750e11084ef640abeae0\"},\"breadcrumb\":{\"@id\":\"https:\/\/suomenkuvalehti.fi\/taivaan-tahden\/2019\/09\/23\/asteroidit-kolaroivat-maa-jaatyi\/#breadcrumb\"},\"inLanguage\":\"fi\",\"potentialAction\":[{\"@type\":\"ReadAction\",\"target\":[\"https:\/\/suomenkuvalehti.fi\/taivaan-tahden\/2019\/09\/23\/asteroidit-kolaroivat-maa-jaatyi\/\"]}]},{\"@type\":\"ImageObject\",\"inLanguage\":\"fi\",\"@id\":\"https:\/\/suomenkuvalehti.fi\/taivaan-tahden\/2019\/09\/23\/asteroidit-kolaroivat-maa-jaatyi\/#primaryimage\",\"url\":\"https:\/\/suomenkuvalehti.fi\/taivaan-tahden\/wp-content\/uploads\/sites\/36\/2019\/09\/iceagee.jpg\",\"contentUrl\":\"https:\/\/suomenkuvalehti.fi\/taivaan-tahden\/wp-content\/uploads\/sites\/36\/2019\/09\/iceagee.jpg\",\"width\":1575,\"height\":1050,\"caption\":\"Ent\u00e4 jos lumi ei kev\u00e4\u00e4ll\u00e4 alkaisikaan sulaa\u2026? Kuva: Markus Hotakainen\"},{\"@type\":\"BreadcrumbList\",\"@id\":\"https:\/\/suomenkuvalehti.fi\/taivaan-tahden\/2019\/09\/23\/asteroidit-kolaroivat-maa-jaatyi\/#breadcrumb\",\"itemListElement\":[{\"@type\":\"ListItem\",\"position\":1,\"name\":\"Home\",\"item\":\"https:\/\/suomenkuvalehti.fi\/taivaan-tahden\/\"},{\"@type\":\"ListItem\",\"position\":2,\"name\":\"Asteroidit kolaroivat, Maa j\u00e4\u00e4tyi\"}]},{\"@type\":\"WebSite\",\"@id\":\"https:\/\/suomenkuvalehti.fi\/taivaan-tahden\/#website\",\"url\":\"https:\/\/suomenkuvalehti.fi\/taivaan-tahden\/\",\"name\":\"Taivaan t\u00e4hden\",\"description\":\"Tiedetoimittaja Markus Hotakainen h\u00e4mm\u00e4stelee maailmankaikkeutta.\",\"potentialAction\":[{\"@type\":\"SearchAction\",\"target\":{\"@type\":\"EntryPoint\",\"urlTemplate\":\"https:\/\/suomenkuvalehti.fi\/haku\/?q={search_term_string}\"},\"query-input\":{\"@type\":\"PropertyValueSpecification\",\"valueRequired\":true,\"valueName\":\"search_term_string\"}}],\"inLanguage\":\"fi\"},{\"@type\":\"Person\",\"@id\":\"https:\/\/suomenkuvalehti.fi\/taivaan-tahden\/#\/schema\/person\/c9c1373acb19750e11084ef640abeae0\",\"name\":\"Markus Hotakainen\",\"image\":{\"@type\":\"ImageObject\",\"inLanguage\":\"fi\",\"@id\":\"https:\/\/suomenkuvalehti.fi\/taivaan-tahden\/#\/schema\/person\/image\/\",\"url\":\"https:\/\/suomenkuvalehti.fi\/taivaan-tahden\/wp-content\/uploads\/sites\/36\/2018\/05\/markus_hotakainen_blogi_pieni-150x150.jpg\",\"contentUrl\":\"https:\/\/suomenkuvalehti.fi\/taivaan-tahden\/wp-content\/uploads\/sites\/36\/2018\/05\/markus_hotakainen_blogi_pieni-150x150.jpg\",\"caption\":\"Markus Hotakainen\"},\"description\":\"Kirjoittaja on tiedetoimittaja ja tietokirjailija.\"}]}<\/script>\n<!-- \/ Yoast SEO plugin. -->","yoast_head_json":{"title":"Asteroidit kolaroivat, Maa j\u00e4\u00e4tyi - Taivaan t\u00e4hden","robots":{"index":"index","follow":"follow","max-snippet":"max-snippet:-1","max-image-preview":"max-image-preview:large","max-video-preview":"max-video-preview:-1"},"canonical":"https:\/\/suomenkuvalehti.fi\/taivaan-tahden\/2019\/09\/23\/asteroidit-kolaroivat-maa-jaatyi\/","og_locale":"fi_FI","og_type":"article","og_title":"Asteroidit kolaroivat, Maa j\u00e4\u00e4tyi - Taivaan t\u00e4hden","og_description":"Noin 466 miljoonaa vuotta sitten maapallolla oli j\u00e4\u00e4kausi, yksi monista, joista viimeisin on j\u00e4tt\u00e4nyt yh\u00e4 n\u00e4kyv\u00e4t j\u00e4lkens\u00e4 my\u00f6s kotimaamme kallioper\u00e4\u00e4n. Nyt tuon ammoisen j\u00e4\u00e4tik\u00f6itymisen syy on selvinnyt, ainakin jos tutkijoiden tuoreimpiin tuloksiin on uskominen. Muinainen j\u00e4\u00e4kausi johtu&hellip;","og_url":"https:\/\/suomenkuvalehti.fi\/taivaan-tahden\/2019\/09\/23\/asteroidit-kolaroivat-maa-jaatyi\/","og_site_name":"Taivaan t\u00e4hden","article_published_time":"2019-09-23T09:18:14+00:00","og_image":[{"width":1575,"height":1050,"url":"https:\/\/suomenkuvalehti.fi\/taivaan-tahden\/wp-content\/uploads\/sites\/36\/2019\/09\/iceagee.jpg","type":"image\/jpeg"}],"author":"Markus Hotakainen","twitter_card":"summary_large_image","twitter_misc":{"Written by":"Markus Hotakainen","Est. reading time":"2 minuuttia"},"schema":{"@context":"https:\/\/schema.org","@graph":[{"@type":"WebPage","@id":"https:\/\/suomenkuvalehti.fi\/taivaan-tahden\/2019\/09\/23\/asteroidit-kolaroivat-maa-jaatyi\/","url":"https:\/\/suomenkuvalehti.fi\/taivaan-tahden\/2019\/09\/23\/asteroidit-kolaroivat-maa-jaatyi\/","name":"Asteroidit kolaroivat, Maa j\u00e4\u00e4tyi - Taivaan t\u00e4hden","isPartOf":{"@id":"https:\/\/suomenkuvalehti.fi\/taivaan-tahden\/#website"},"primaryImageOfPage":{"@id":"https:\/\/suomenkuvalehti.fi\/taivaan-tahden\/2019\/09\/23\/asteroidit-kolaroivat-maa-jaatyi\/#primaryimage"},"image":{"@id":"https:\/\/suomenkuvalehti.fi\/taivaan-tahden\/2019\/09\/23\/asteroidit-kolaroivat-maa-jaatyi\/#primaryimage"},"thumbnailUrl":"https:\/\/suomenkuvalehti.fi\/taivaan-tahden\/wp-content\/uploads\/sites\/36\/2019\/09\/iceagee.jpg","datePublished":"2019-09-23T09:18:14+00:00","author":{"@id":"https:\/\/suomenkuvalehti.fi\/taivaan-tahden\/#\/schema\/person\/c9c1373acb19750e11084ef640abeae0"},"breadcrumb":{"@id":"https:\/\/suomenkuvalehti.fi\/taivaan-tahden\/2019\/09\/23\/asteroidit-kolaroivat-maa-jaatyi\/#breadcrumb"},"inLanguage":"fi","potentialAction":[{"@type":"ReadAction","target":["https:\/\/suomenkuvalehti.fi\/taivaan-tahden\/2019\/09\/23\/asteroidit-kolaroivat-maa-jaatyi\/"]}]},{"@type":"ImageObject","inLanguage":"fi","@id":"https:\/\/suomenkuvalehti.fi\/taivaan-tahden\/2019\/09\/23\/asteroidit-kolaroivat-maa-jaatyi\/#primaryimage","url":"https:\/\/suomenkuvalehti.fi\/taivaan-tahden\/wp-content\/uploads\/sites\/36\/2019\/09\/iceagee.jpg","contentUrl":"https:\/\/suomenkuvalehti.fi\/taivaan-tahden\/wp-content\/uploads\/sites\/36\/2019\/09\/iceagee.jpg","width":1575,"height":1050,"caption":"Ent\u00e4 jos lumi ei kev\u00e4\u00e4ll\u00e4 alkaisikaan sulaa\u2026? Kuva: Markus Hotakainen"},{"@type":"BreadcrumbList","@id":"https:\/\/suomenkuvalehti.fi\/taivaan-tahden\/2019\/09\/23\/asteroidit-kolaroivat-maa-jaatyi\/#breadcrumb","itemListElement":[{"@type":"ListItem","position":1,"name":"Home","item":"https:\/\/suomenkuvalehti.fi\/taivaan-tahden\/"},{"@type":"ListItem","position":2,"name":"Asteroidit kolaroivat, Maa j\u00e4\u00e4tyi"}]},{"@type":"WebSite","@id":"https:\/\/suomenkuvalehti.fi\/taivaan-tahden\/#website","url":"https:\/\/suomenkuvalehti.fi\/taivaan-tahden\/","name":"Taivaan t\u00e4hden","description":"Tiedetoimittaja Markus Hotakainen h\u00e4mm\u00e4stelee maailmankaikkeutta.","potentialAction":[{"@type":"SearchAction","target":{"@type":"EntryPoint","urlTemplate":"https:\/\/suomenkuvalehti.fi\/haku\/?q={search_term_string}"},"query-input":{"@type":"PropertyValueSpecification","valueRequired":true,"valueName":"search_term_string"}}],"inLanguage":"fi"},{"@type":"Person","@id":"https:\/\/suomenkuvalehti.fi\/taivaan-tahden\/#\/schema\/person\/c9c1373acb19750e11084ef640abeae0","name":"Markus Hotakainen","image":{"@type":"ImageObject","inLanguage":"fi","@id":"https:\/\/suomenkuvalehti.fi\/taivaan-tahden\/#\/schema\/person\/image\/","url":"https:\/\/suomenkuvalehti.fi\/taivaan-tahden\/wp-content\/uploads\/sites\/36\/2018\/05\/markus_hotakainen_blogi_pieni-150x150.jpg","contentUrl":"https:\/\/suomenkuvalehti.fi\/taivaan-tahden\/wp-content\/uploads\/sites\/36\/2018\/05\/markus_hotakainen_blogi_pieni-150x150.jpg","caption":"Markus Hotakainen"},"description":"Kirjoittaja on tiedetoimittaja ja tietokirjailija."}]}},"_links":{"self":[{"href":"https:\/\/suomenkuvalehti.fi\/taivaan-tahden\/wp-json\/wp\/v2\/posts\/2150","targetHints":{"allow":["GET"]}}],"collection":[{"href":"https:\/\/suomenkuvalehti.fi\/taivaan-tahden\/wp-json\/wp\/v2\/posts"}],"about":[{"href":"https:\/\/suomenkuvalehti.fi\/taivaan-tahden\/wp-json\/wp\/v2\/types\/post"}],"author":[{"embeddable":true,"href":"https:\/\/suomenkuvalehti.fi\/taivaan-tahden\/wp-json\/wp\/v2\/users\/557"}],"replies":[{"embeddable":true,"href":"https:\/\/suomenkuvalehti.fi\/taivaan-tahden\/wp-json\/wp\/v2\/comments?post=2150"}],"version-history":[{"count":4,"href":"https:\/\/suomenkuvalehti.fi\/taivaan-tahden\/wp-json\/wp\/v2\/posts\/2150\/revisions"}],"predecessor-version":[{"id":2155,"href":"https:\/\/suomenkuvalehti.fi\/taivaan-tahden\/wp-json\/wp\/v2\/posts\/2150\/revisions\/2155"}],"wp:featuredmedia":[{"embeddable":true,"href":"https:\/\/suomenkuvalehti.fi\/taivaan-tahden\/wp-json\/wp\/v2\/media\/2152"}],"wp:attachment":[{"href":"https:\/\/suomenkuvalehti.fi\/taivaan-tahden\/wp-json\/wp\/v2\/media?parent=2150"}],"wp:term":[{"taxonomy":"category","embeddable":true,"href":"https:\/\/suomenkuvalehti.fi\/taivaan-tahden\/wp-json\/wp\/v2\/categories?post=2150"},{"taxonomy":"post_tag","embeddable":true,"href":"https:\/\/suomenkuvalehti.fi\/taivaan-tahden\/wp-json\/wp\/v2\/tags?post=2150"}],"curies":[{"name":"wp","href":"https:\/\/api.w.org\/{rel}","templated":true}]}}