{"id":2120,"date":"2019-08-27T15:33:57","date_gmt":"2019-08-27T12:33:57","guid":{"rendered":"https:\/\/suomenkuvalehti.fi\/taivaan-tahden\/?p=2120"},"modified":"2019-08-27T15:33:57","modified_gmt":"2019-08-27T12:33:57","slug":"hellekelit-jatkuvat-myos-venuksessa","status":"publish","type":"post","link":"https:\/\/suomenkuvalehti.fi\/taivaan-tahden\/2019\/08\/27\/hellekelit-jatkuvat-myos-venuksessa\/","title":{"rendered":"Hellekelit jatkuvat \u2013 my\u00f6s Venuksessa"},"content":{"rendered":"<figure class=\"aligncenter size-large is-resized wp-block-image\">\n  <div class=\"wp-block-image__inner-container\">\n    <a href=\"https:\/\/suomenkuvalehti.fi\/taivaan-tahden\/wp-content\/uploads\/sites\/36\/2019\/08\/venus__sk.jpg\"><img loading=\"lazy\" decoding=\"async\" src=\"https:\/\/suomenkuvalehti.fi\/taivaan-tahden\/wp-content\/uploads\/sites\/36\/2019\/08\/venus__sk-1024x684.jpg\" alt=\"\" class=\"wp-image-2121\" width=\"1024\" height=\"684\" style=\"--aspect-ratio: 1.5\" srcset=\"https:\/\/suomenkuvalehti.fi\/taivaan-tahden\/wp-content\/uploads\/sites\/36\/2019\/08\/venus__sk-1024x684.jpg 1024w, https:\/\/suomenkuvalehti.fi\/taivaan-tahden\/wp-content\/uploads\/sites\/36\/2019\/08\/venus__sk-300x200.jpg 300w, https:\/\/suomenkuvalehti.fi\/taivaan-tahden\/wp-content\/uploads\/sites\/36\/2019\/08\/venus__sk-768x513.jpg 768w, https:\/\/suomenkuvalehti.fi\/taivaan-tahden\/wp-content\/uploads\/sites\/36\/2019\/08\/venus__sk-630x421.jpg 630w, https:\/\/suomenkuvalehti.fi\/taivaan-tahden\/wp-content\/uploads\/sites\/36\/2019\/08\/venus__sk.jpg 1050w\" sizes=\"auto, (max-width: 1024px) 100vw, 1024px\" \/><\/a>    <figcaption class=\"wp-block-image__figcaption\">\n      Taivaalla kiiluu tulinen p\u00e4tsi. Kuva: Markus Hotakainen          <\/figcaption>\n      <\/div>\n<\/figure>\n\n\n<p><span class=\"capitalized\">Suomessa helles\u00e4it\u00e4<\/span> piisaa, vaikka kohta ollaan jo syyskuussa. Tulevina vuosina sit\u00e4 sopii odottaa \u2013 tai kavahtaa \u2013 entist\u00e4 useammin, kun ilmastonmuutos etenee.<\/p>\n\n\n\n<p>Mihin hiilidioksidin ja muiden l\u00e4mp\u00f6\u00e4 pid\u00e4tt\u00e4vien kaasujen aiheuttama kasvihuoneilmi\u00f6 voi \u00e4\u00e4rimmill\u00e4\u00e4n johtaa?<\/p>\n\n\n\n<p>Sit\u00e4 ei tarvitse laskeskella kyn\u00e4ll\u00e4 ja paperilla eik\u00e4 simuloida supertietokoneiden uumenissa ruksuttavilla ohjelmistoilla. Havainnollinen esimerkki l\u00f6ytyy ihan naapurista.<\/p>\n\n\n\n<p><span class=\"capitalized\">Venus on melkein<\/span> samankokoinen kuin Maa \u2013 l\u00e4pimitoissa on eroa vain muutama prosentti \u2013 mutta siihen identtinen kaksosuus rajoittuukin. Venuksella on paksu ja tihe\u00e4 kaasukeh\u00e4, joka koostuu melkein yksinomaan hiilidioksidista. Joko kellot soivat?<\/p>\n\n\n\n<p>Kyll\u00e4, yli 96-prosenttisesti hiilidioksidista koostuvassa kaasukeh\u00e4ss\u00e4 on niin voimakas kasvihuoneilmi\u00f6, ett\u00e4 l\u00e4mp\u00f6tila planeetan pinnalla on yli 460 celsiusastetta. Moisessa hehkussa sulaisi lyijykin.<\/p>\n\n\n\n<p>Venuksen korkea l\u00e4mp\u00f6tila ei siis selity pelk\u00e4st\u00e4\u00e4n sill\u00e4, ett\u00e4 se kiert\u00e4\u00e4 Aurinkoa nelisenkymment\u00e4 miljoonaa kilometri\u00e4 l\u00e4hemp\u00e4n\u00e4 kuin Maa. Ilman kasvihuoneilmi\u00f6t\u00e4 l\u00e4mp\u00f6tila Venuksen pinnalla olisi joitakin kymmeni\u00e4, korkeintaan sata celsiusastetta.<\/p>\n\n\n\n<blockquote class=\"wp-block-quote\"><p>Jo nyt muutos on ennakoitua nopeampaa.<\/p><\/blockquote>\n\n\n\n<p>Jos Venuksen \u201dk\u00e4sist\u00e4 karannut\u201d kasvihuoneilmi\u00f6 vaatii 96 prosentin hiilidioksidipitoisuuden, miksi Maan ilmakeh\u00e4n vajaan 0,04 prosentin hiilidioksidipitoisuudesta melskataan niin kova\u00e4\u00e4nisesti?<\/p>\n\n\n\n<p><span class=\"capitalized\">Juuri siksi<\/span>, ett\u00e4 Maan ilmakeh\u00e4ss\u00e4 on hiilidioksidia niin v\u00e4h\u00e4n. Kun me syyd\u00e4mme sit\u00e4 yh\u00e4 kiihtyv\u00e4ll\u00e4 vauhdilla taivaalle, tuossa pieness\u00e4 m\u00e4\u00e4r\u00e4ss\u00e4 tapahtuu suuria muutoksia. Eiv\u00e4tk\u00e4 ne tied\u00e4 hyv\u00e4\u00e4 ilmastonmuutoksen kannalta.<\/p>\n\n\n\n<p>Jo nyt muutos on ennakoitua nopeampaa ja silti puuhastelemme kokonaisuuden kannalta merkityksett\u00f6mien pikkuseikkojen parissa \u2013 p\u00e4\u00e4asia, ett\u00e4 omatunto ei kolkuttele niin pahasti.<\/p>\n\n\n\n<p>Naapuriplaneettamme Venuksen tapauksessa on jokseenkin yhdentekev\u00e4\u00e4, onko sen pinnalla vallitseva l\u00e4mp\u00f6tila sata vai nelj\u00e4sataa celsiusastetta: siell\u00e4 ei ole el\u00e4m\u00e4\u00e4.<\/p>\n\n\n\n<p><span class=\"capitalized\">Maapallolla sen sijaan on<\/span>, ja se on eri puolilla planeettaa sopeutunut vallitseviin olosuhteisiin. Jos vallitsevat olosuhteet muuttuvat merkitt\u00e4v\u00e4sti, se tiet\u00e4\u00e4 ongelmia sek\u00e4 el\u00e4in- ett\u00e4 kasvikunnalle. Ja my\u00f6s ihmiselle, sill\u00e4 olemme riippuvaisia kummastakin.<\/p>\n\n\n\n<p>Eiv\u00e4tk\u00e4 merkityksett\u00f6mi\u00e4 ole my\u00f6sk\u00e4\u00e4n s\u00e4\u00e4n \u00e4\u00e4ri-ilmi\u00f6iden voimistumisen seuraukset sivilisaatiomme perustana olevan infrastruktuurin kannalta. Esimerkiksi s\u00e4hk\u00f6 on niin itsest\u00e4\u00e4n selv\u00e4 asia, ettemme tule edes ajatelleeksi, kuinka riippuvaisia olemme sen jatkuvasta saannista.<\/p>\n\n\n\n<p>Ent\u00e4 jos myrsky toisensa j\u00e4lkeen p\u00e4tkii s\u00e4hk\u00f6t pitkiksi ajoiksi laajoilta alueilta? Pilkkopime\u00e4ss\u00e4 on paha postata Facebook-p\u00e4ivityksi\u00e4.<\/p>\n\n\n\n<p>Venuksen kaltaiseen kasvihuoneilmi\u00f6n kuumentamaan p\u00e4tsiin on viel\u00e4 pitk\u00e4 matka, mutta jos valtioiden johtoon p\u00e4\u00e4tyy jatkossa lis\u00e4\u00e4 nykyisten \u00e4nkyr\u00f6iden kaltaisia kaistap\u00e4it\u00e4, kukaan ei tied\u00e4, millaisen tulevaisuuden seuraavat sukupolvet joutuvat kohtaamaan.<\/p>\n\n\n","protected":false},"excerpt":{"rendered":"<p>Suomessa helles\u00e4it\u00e4 piisaa, vaikka kohta ollaan jo syyskuussa. Tulevina vuosina sit\u00e4 sopii odottaa \u2013 tai kavahtaa \u2013 entist\u00e4 useammin, kun ilmastonmuutos etenee. Mihin hiilidioksidin ja muiden l\u00e4mp\u00f6\u00e4 pid\u00e4tt\u00e4vien kaasujen aiheuttama kasvihuoneilmi\u00f6 voi \u00e4\u00e4rimmill\u00e4\u00e4n johtaa?<br \/>\nSit\u00e4 ei tarvitse &hellip;<\/p>\n","protected":false},"author":557,"featured_media":2121,"comment_status":"open","ping_status":"open","sticky":false,"template":"","format":"standard","meta":{"_acf_changed":false,"asauth_required_access_level":3,"asauth_cansharepaid":"true","om_header_attributes":[],"footnotes":"","om_featured_image_focal_point":[],"om_primary_tag":0,"om_contributors":[],"om_co_authors":[],"beyondwords_generate_audio":"","beyondwords_project_id":"","beyondwords_content_id":"","beyondwords_preview_token":"","beyondwords_player_content":"","beyondwords_player_style":"","beyondwords_language_code":"","beyondwords_language_id":"","beyondwords_title_voice_id":"","beyondwords_body_voice_id":"","beyondwords_summary_voice_id":"","beyondwords_error_message":"","beyondwords_disabled":"","beyondwords_delete_content":"","beyondwords_podcast_id":"","beyondwords_hash":"","publish_post_to_speechkit":"","speechkit_hash":"","speechkit_generate_audio":"","speechkit_project_id":"","speechkit_podcast_id":"","speechkit_error_message":"","speechkit_disabled":"","speechkit_access_key":"","speechkit_error":"","speechkit_info":"","speechkit_response":"","speechkit_retries":"","speechkit_status":"","speechkit_updated_at":"","_speechkit_link":"","_speechkit_text":""},"categories":[1],"tags":[815,137,814,31,14],"class_list":["post-2120","post","type-post","status-publish","format-standard","has-post-thumbnail","hentry","category-taivaan-tahden","tag-hiilidioksidi","tag-ilmastonmuutos","tag-kasvihuoneilmio","tag-maa","tag-venus"],"om_views":null,"acf":{"tuuma_off":false,"tuuma_kysymys":"","tuuma_vastaus":""},"asauth":{"required_access_level":1,"share_token":"","is_paid":false},"yoast_head":"<!-- This site is optimized with the Yoast SEO plugin v26.4 - https:\/\/yoast.com\/wordpress\/plugins\/seo\/ -->\n<title>Hellekelit jatkuvat \u2013 my\u00f6s Venuksessa - Taivaan t\u00e4hden<\/title>\n<meta name=\"robots\" content=\"index, follow, max-snippet:-1, max-image-preview:large, max-video-preview:-1\" \/>\n<link rel=\"canonical\" href=\"https:\/\/suomenkuvalehti.fi\/taivaan-tahden\/2019\/08\/27\/hellekelit-jatkuvat-myos-venuksessa\/\" \/>\n<meta property=\"og:locale\" content=\"fi_FI\" \/>\n<meta property=\"og:type\" content=\"article\" \/>\n<meta property=\"og:title\" content=\"Hellekelit jatkuvat \u2013 my\u00f6s Venuksessa - Taivaan t\u00e4hden\" \/>\n<meta property=\"og:description\" content=\"Suomessa helles\u00e4it\u00e4 piisaa, vaikka kohta ollaan jo syyskuussa. Tulevina vuosina sit\u00e4 sopii odottaa \u2013 tai kavahtaa \u2013 entist\u00e4 useammin, kun ilmastonmuutos etenee. Mihin hiilidioksidin ja muiden l\u00e4mp\u00f6\u00e4 pid\u00e4tt\u00e4vien kaasujen aiheuttama kasvihuoneilmi\u00f6 voi \u00e4\u00e4rimmill\u00e4\u00e4n johtaa? Sit\u00e4 ei tarvitse &hellip;\" \/>\n<meta property=\"og:url\" content=\"https:\/\/suomenkuvalehti.fi\/taivaan-tahden\/2019\/08\/27\/hellekelit-jatkuvat-myos-venuksessa\/\" \/>\n<meta property=\"og:site_name\" content=\"Taivaan t\u00e4hden\" \/>\n<meta property=\"article:published_time\" content=\"2019-08-27T12:33:57+00:00\" \/>\n<meta property=\"og:image\" content=\"https:\/\/suomenkuvalehti.fi\/taivaan-tahden\/wp-content\/uploads\/sites\/36\/2019\/08\/venus__sk.jpg\" \/>\n\t<meta property=\"og:image:width\" content=\"1050\" \/>\n\t<meta property=\"og:image:height\" content=\"701\" \/>\n\t<meta property=\"og:image:type\" content=\"image\/jpeg\" \/>\n<meta name=\"author\" content=\"Markus Hotakainen\" \/>\n<meta name=\"twitter:card\" content=\"summary_large_image\" \/>\n<meta name=\"twitter:label1\" content=\"Written by\" \/>\n\t<meta name=\"twitter:data1\" content=\"Markus Hotakainen\" \/>\n\t<meta name=\"twitter:label2\" content=\"Est. reading time\" \/>\n\t<meta name=\"twitter:data2\" content=\"2 minuuttia\" \/>\n<script type=\"application\/ld+json\" class=\"yoast-schema-graph\">{\"@context\":\"https:\/\/schema.org\",\"@graph\":[{\"@type\":\"WebPage\",\"@id\":\"https:\/\/suomenkuvalehti.fi\/taivaan-tahden\/2019\/08\/27\/hellekelit-jatkuvat-myos-venuksessa\/\",\"url\":\"https:\/\/suomenkuvalehti.fi\/taivaan-tahden\/2019\/08\/27\/hellekelit-jatkuvat-myos-venuksessa\/\",\"name\":\"Hellekelit jatkuvat \u2013 my\u00f6s Venuksessa - Taivaan t\u00e4hden\",\"isPartOf\":{\"@id\":\"https:\/\/suomenkuvalehti.fi\/taivaan-tahden\/#website\"},\"primaryImageOfPage\":{\"@id\":\"https:\/\/suomenkuvalehti.fi\/taivaan-tahden\/2019\/08\/27\/hellekelit-jatkuvat-myos-venuksessa\/#primaryimage\"},\"image\":{\"@id\":\"https:\/\/suomenkuvalehti.fi\/taivaan-tahden\/2019\/08\/27\/hellekelit-jatkuvat-myos-venuksessa\/#primaryimage\"},\"thumbnailUrl\":\"https:\/\/suomenkuvalehti.fi\/taivaan-tahden\/wp-content\/uploads\/sites\/36\/2019\/08\/venus__sk.jpg\",\"datePublished\":\"2019-08-27T12:33:57+00:00\",\"author\":{\"@id\":\"https:\/\/suomenkuvalehti.fi\/taivaan-tahden\/#\/schema\/person\/c9c1373acb19750e11084ef640abeae0\"},\"breadcrumb\":{\"@id\":\"https:\/\/suomenkuvalehti.fi\/taivaan-tahden\/2019\/08\/27\/hellekelit-jatkuvat-myos-venuksessa\/#breadcrumb\"},\"inLanguage\":\"fi\",\"potentialAction\":[{\"@type\":\"ReadAction\",\"target\":[\"https:\/\/suomenkuvalehti.fi\/taivaan-tahden\/2019\/08\/27\/hellekelit-jatkuvat-myos-venuksessa\/\"]}]},{\"@type\":\"ImageObject\",\"inLanguage\":\"fi\",\"@id\":\"https:\/\/suomenkuvalehti.fi\/taivaan-tahden\/2019\/08\/27\/hellekelit-jatkuvat-myos-venuksessa\/#primaryimage\",\"url\":\"https:\/\/suomenkuvalehti.fi\/taivaan-tahden\/wp-content\/uploads\/sites\/36\/2019\/08\/venus__sk.jpg\",\"contentUrl\":\"https:\/\/suomenkuvalehti.fi\/taivaan-tahden\/wp-content\/uploads\/sites\/36\/2019\/08\/venus__sk.jpg\",\"width\":1050,\"height\":701,\"caption\":\"Taivaalla kiiluu tulinen p\u00e4tsi. Kuva: Markus Hotakainen\"},{\"@type\":\"BreadcrumbList\",\"@id\":\"https:\/\/suomenkuvalehti.fi\/taivaan-tahden\/2019\/08\/27\/hellekelit-jatkuvat-myos-venuksessa\/#breadcrumb\",\"itemListElement\":[{\"@type\":\"ListItem\",\"position\":1,\"name\":\"Home\",\"item\":\"https:\/\/suomenkuvalehti.fi\/taivaan-tahden\/\"},{\"@type\":\"ListItem\",\"position\":2,\"name\":\"Hellekelit jatkuvat \u2013 my\u00f6s Venuksessa\"}]},{\"@type\":\"WebSite\",\"@id\":\"https:\/\/suomenkuvalehti.fi\/taivaan-tahden\/#website\",\"url\":\"https:\/\/suomenkuvalehti.fi\/taivaan-tahden\/\",\"name\":\"Taivaan t\u00e4hden\",\"description\":\"Tiedetoimittaja Markus Hotakainen h\u00e4mm\u00e4stelee maailmankaikkeutta.\",\"potentialAction\":[{\"@type\":\"SearchAction\",\"target\":{\"@type\":\"EntryPoint\",\"urlTemplate\":\"https:\/\/suomenkuvalehti.fi\/haku\/?q={search_term_string}\"},\"query-input\":{\"@type\":\"PropertyValueSpecification\",\"valueRequired\":true,\"valueName\":\"search_term_string\"}}],\"inLanguage\":\"fi\"},{\"@type\":\"Person\",\"@id\":\"https:\/\/suomenkuvalehti.fi\/taivaan-tahden\/#\/schema\/person\/c9c1373acb19750e11084ef640abeae0\",\"name\":\"Markus Hotakainen\",\"image\":{\"@type\":\"ImageObject\",\"inLanguage\":\"fi\",\"@id\":\"https:\/\/suomenkuvalehti.fi\/taivaan-tahden\/#\/schema\/person\/image\/\",\"url\":\"https:\/\/suomenkuvalehti.fi\/taivaan-tahden\/wp-content\/uploads\/sites\/36\/2018\/05\/markus_hotakainen_blogi_pieni-150x150.jpg\",\"contentUrl\":\"https:\/\/suomenkuvalehti.fi\/taivaan-tahden\/wp-content\/uploads\/sites\/36\/2018\/05\/markus_hotakainen_blogi_pieni-150x150.jpg\",\"caption\":\"Markus Hotakainen\"},\"description\":\"Kirjoittaja on tiedetoimittaja ja tietokirjailija.\"}]}<\/script>\n<!-- \/ Yoast SEO plugin. -->","yoast_head_json":{"title":"Hellekelit jatkuvat \u2013 my\u00f6s Venuksessa - Taivaan t\u00e4hden","robots":{"index":"index","follow":"follow","max-snippet":"max-snippet:-1","max-image-preview":"max-image-preview:large","max-video-preview":"max-video-preview:-1"},"canonical":"https:\/\/suomenkuvalehti.fi\/taivaan-tahden\/2019\/08\/27\/hellekelit-jatkuvat-myos-venuksessa\/","og_locale":"fi_FI","og_type":"article","og_title":"Hellekelit jatkuvat \u2013 my\u00f6s Venuksessa - Taivaan t\u00e4hden","og_description":"Suomessa helles\u00e4it\u00e4 piisaa, vaikka kohta ollaan jo syyskuussa. Tulevina vuosina sit\u00e4 sopii odottaa \u2013 tai kavahtaa \u2013 entist\u00e4 useammin, kun ilmastonmuutos etenee. Mihin hiilidioksidin ja muiden l\u00e4mp\u00f6\u00e4 pid\u00e4tt\u00e4vien kaasujen aiheuttama kasvihuoneilmi\u00f6 voi \u00e4\u00e4rimmill\u00e4\u00e4n johtaa? Sit\u00e4 ei tarvitse &hellip;","og_url":"https:\/\/suomenkuvalehti.fi\/taivaan-tahden\/2019\/08\/27\/hellekelit-jatkuvat-myos-venuksessa\/","og_site_name":"Taivaan t\u00e4hden","article_published_time":"2019-08-27T12:33:57+00:00","og_image":[{"width":1050,"height":701,"url":"https:\/\/suomenkuvalehti.fi\/taivaan-tahden\/wp-content\/uploads\/sites\/36\/2019\/08\/venus__sk.jpg","type":"image\/jpeg"}],"author":"Markus Hotakainen","twitter_card":"summary_large_image","twitter_misc":{"Written by":"Markus Hotakainen","Est. reading time":"2 minuuttia"},"schema":{"@context":"https:\/\/schema.org","@graph":[{"@type":"WebPage","@id":"https:\/\/suomenkuvalehti.fi\/taivaan-tahden\/2019\/08\/27\/hellekelit-jatkuvat-myos-venuksessa\/","url":"https:\/\/suomenkuvalehti.fi\/taivaan-tahden\/2019\/08\/27\/hellekelit-jatkuvat-myos-venuksessa\/","name":"Hellekelit jatkuvat \u2013 my\u00f6s Venuksessa - Taivaan t\u00e4hden","isPartOf":{"@id":"https:\/\/suomenkuvalehti.fi\/taivaan-tahden\/#website"},"primaryImageOfPage":{"@id":"https:\/\/suomenkuvalehti.fi\/taivaan-tahden\/2019\/08\/27\/hellekelit-jatkuvat-myos-venuksessa\/#primaryimage"},"image":{"@id":"https:\/\/suomenkuvalehti.fi\/taivaan-tahden\/2019\/08\/27\/hellekelit-jatkuvat-myos-venuksessa\/#primaryimage"},"thumbnailUrl":"https:\/\/suomenkuvalehti.fi\/taivaan-tahden\/wp-content\/uploads\/sites\/36\/2019\/08\/venus__sk.jpg","datePublished":"2019-08-27T12:33:57+00:00","author":{"@id":"https:\/\/suomenkuvalehti.fi\/taivaan-tahden\/#\/schema\/person\/c9c1373acb19750e11084ef640abeae0"},"breadcrumb":{"@id":"https:\/\/suomenkuvalehti.fi\/taivaan-tahden\/2019\/08\/27\/hellekelit-jatkuvat-myos-venuksessa\/#breadcrumb"},"inLanguage":"fi","potentialAction":[{"@type":"ReadAction","target":["https:\/\/suomenkuvalehti.fi\/taivaan-tahden\/2019\/08\/27\/hellekelit-jatkuvat-myos-venuksessa\/"]}]},{"@type":"ImageObject","inLanguage":"fi","@id":"https:\/\/suomenkuvalehti.fi\/taivaan-tahden\/2019\/08\/27\/hellekelit-jatkuvat-myos-venuksessa\/#primaryimage","url":"https:\/\/suomenkuvalehti.fi\/taivaan-tahden\/wp-content\/uploads\/sites\/36\/2019\/08\/venus__sk.jpg","contentUrl":"https:\/\/suomenkuvalehti.fi\/taivaan-tahden\/wp-content\/uploads\/sites\/36\/2019\/08\/venus__sk.jpg","width":1050,"height":701,"caption":"Taivaalla kiiluu tulinen p\u00e4tsi. Kuva: Markus Hotakainen"},{"@type":"BreadcrumbList","@id":"https:\/\/suomenkuvalehti.fi\/taivaan-tahden\/2019\/08\/27\/hellekelit-jatkuvat-myos-venuksessa\/#breadcrumb","itemListElement":[{"@type":"ListItem","position":1,"name":"Home","item":"https:\/\/suomenkuvalehti.fi\/taivaan-tahden\/"},{"@type":"ListItem","position":2,"name":"Hellekelit jatkuvat \u2013 my\u00f6s Venuksessa"}]},{"@type":"WebSite","@id":"https:\/\/suomenkuvalehti.fi\/taivaan-tahden\/#website","url":"https:\/\/suomenkuvalehti.fi\/taivaan-tahden\/","name":"Taivaan t\u00e4hden","description":"Tiedetoimittaja Markus Hotakainen h\u00e4mm\u00e4stelee maailmankaikkeutta.","potentialAction":[{"@type":"SearchAction","target":{"@type":"EntryPoint","urlTemplate":"https:\/\/suomenkuvalehti.fi\/haku\/?q={search_term_string}"},"query-input":{"@type":"PropertyValueSpecification","valueRequired":true,"valueName":"search_term_string"}}],"inLanguage":"fi"},{"@type":"Person","@id":"https:\/\/suomenkuvalehti.fi\/taivaan-tahden\/#\/schema\/person\/c9c1373acb19750e11084ef640abeae0","name":"Markus Hotakainen","image":{"@type":"ImageObject","inLanguage":"fi","@id":"https:\/\/suomenkuvalehti.fi\/taivaan-tahden\/#\/schema\/person\/image\/","url":"https:\/\/suomenkuvalehti.fi\/taivaan-tahden\/wp-content\/uploads\/sites\/36\/2018\/05\/markus_hotakainen_blogi_pieni-150x150.jpg","contentUrl":"https:\/\/suomenkuvalehti.fi\/taivaan-tahden\/wp-content\/uploads\/sites\/36\/2018\/05\/markus_hotakainen_blogi_pieni-150x150.jpg","caption":"Markus Hotakainen"},"description":"Kirjoittaja on tiedetoimittaja ja tietokirjailija."}]}},"_links":{"self":[{"href":"https:\/\/suomenkuvalehti.fi\/taivaan-tahden\/wp-json\/wp\/v2\/posts\/2120","targetHints":{"allow":["GET"]}}],"collection":[{"href":"https:\/\/suomenkuvalehti.fi\/taivaan-tahden\/wp-json\/wp\/v2\/posts"}],"about":[{"href":"https:\/\/suomenkuvalehti.fi\/taivaan-tahden\/wp-json\/wp\/v2\/types\/post"}],"author":[{"embeddable":true,"href":"https:\/\/suomenkuvalehti.fi\/taivaan-tahden\/wp-json\/wp\/v2\/users\/557"}],"replies":[{"embeddable":true,"href":"https:\/\/suomenkuvalehti.fi\/taivaan-tahden\/wp-json\/wp\/v2\/comments?post=2120"}],"version-history":[{"count":3,"href":"https:\/\/suomenkuvalehti.fi\/taivaan-tahden\/wp-json\/wp\/v2\/posts\/2120\/revisions"}],"predecessor-version":[{"id":2124,"href":"https:\/\/suomenkuvalehti.fi\/taivaan-tahden\/wp-json\/wp\/v2\/posts\/2120\/revisions\/2124"}],"wp:featuredmedia":[{"embeddable":true,"href":"https:\/\/suomenkuvalehti.fi\/taivaan-tahden\/wp-json\/wp\/v2\/media\/2121"}],"wp:attachment":[{"href":"https:\/\/suomenkuvalehti.fi\/taivaan-tahden\/wp-json\/wp\/v2\/media?parent=2120"}],"wp:term":[{"taxonomy":"category","embeddable":true,"href":"https:\/\/suomenkuvalehti.fi\/taivaan-tahden\/wp-json\/wp\/v2\/categories?post=2120"},{"taxonomy":"post_tag","embeddable":true,"href":"https:\/\/suomenkuvalehti.fi\/taivaan-tahden\/wp-json\/wp\/v2\/tags?post=2120"}],"curies":[{"name":"wp","href":"https:\/\/api.w.org\/{rel}","templated":true}]}}