{"id":2097,"date":"2019-08-03T13:52:24","date_gmt":"2019-08-03T10:52:24","guid":{"rendered":"https:\/\/suomenkuvalehti.fi\/taivaan-tahden\/?p=2097"},"modified":"2019-08-03T13:52:24","modified_gmt":"2019-08-03T10:52:24","slug":"ihmiskunta-on-ikuinen-teini","status":"publish","type":"post","link":"https:\/\/suomenkuvalehti.fi\/taivaan-tahden\/2019\/08\/03\/ihmiskunta-on-ikuinen-teini\/","title":{"rendered":"Ihmiskunta on ikuinen teini"},"content":{"rendered":"<figure class=\"aligncenter size-large is-resized wp-block-image\">\n  <div class=\"wp-block-image__inner-container\">\n    <a href=\"https:\/\/suomenkuvalehti.fi\/taivaan-tahden\/wp-content\/uploads\/sites\/36\/2019\/08\/ruskooo_sk.jpg\"><img loading=\"lazy\" decoding=\"async\" src=\"https:\/\/suomenkuvalehti.fi\/taivaan-tahden\/wp-content\/uploads\/sites\/36\/2019\/08\/ruskooo_sk-1024x683.jpg\" alt=\"\" class=\"wp-image-2098\" width=\"1024\" height=\"683\" style=\"--aspect-ratio: 1.5\" srcset=\"https:\/\/suomenkuvalehti.fi\/taivaan-tahden\/wp-content\/uploads\/sites\/36\/2019\/08\/ruskooo_sk-1024x683.jpg 1024w, https:\/\/suomenkuvalehti.fi\/taivaan-tahden\/wp-content\/uploads\/sites\/36\/2019\/08\/ruskooo_sk-300x200.jpg 300w, https:\/\/suomenkuvalehti.fi\/taivaan-tahden\/wp-content\/uploads\/sites\/36\/2019\/08\/ruskooo_sk-768x512.jpg 768w, https:\/\/suomenkuvalehti.fi\/taivaan-tahden\/wp-content\/uploads\/sites\/36\/2019\/08\/ruskooo_sk-630x420.jpg 630w, https:\/\/suomenkuvalehti.fi\/taivaan-tahden\/wp-content\/uploads\/sites\/36\/2019\/08\/ruskooo_sk.jpg 1575w\" sizes=\"auto, (max-width: 1024px) 100vw, 1024px\" \/><\/a>    <figcaption class=\"wp-block-image__figcaption\">\n      Millainen maailma on huomenna? Tai ylihuomenna? Kuva: Markus Hotakainen          <\/figcaption>\n      <\/div>\n<\/figure>\n\n\n<p><span class=\"capitalized\">Gr\u00f6nlannin j\u00e4\u00e4tik\u00f6t<\/span> sulavat enn\u00e4tysvauhtia. Helleaallot vy\u00f6ryv\u00e4t Euroopan ylitse. Myrskyt ja tulvat murjovat rannikkoseutuja.<\/p>\n\n\n\n<p>Kukaan t\u00e4ysj\u00e4rkinen ei en\u00e4\u00e4 kiist\u00e4 ilmastonmuutoksen todellisuutta ja vain paatuneimmat vastuunpakoilijat voivat v\u00e4itt\u00e4\u00e4, ettei se ole meid\u00e4n omaa syyt\u00e4mme.<\/p>\n\n\n\n<p>Miksi emme tee mit\u00e4\u00e4n? Siis mit\u00e4\u00e4n konkreettista.<\/p>\n\n\n\n<p>Piperr\u00e4mme pikkuasioiden parissa ja kuvittelemme pelastavamme maapallon luopumalla asioista, joita emme edes tarvitse. Samaan aikaan reissaamme ymp\u00e4ri maailmaa murehtien sit\u00e4, j\u00e4ik\u00f6 vessaan valot.<\/p>\n\n\n\n<p><span class=\"capitalized\">Suuri osa<\/span> \u201dN\u00e4in torjut ilmastonmuutoksen\u201d -ohjeistuksesta on silkkaa omatuntoteollisuutta, jolla ihmisi\u00e4 kannustetaan uskottelemaan itselleen, ett\u00e4 \u201dolenhan min\u00e4 oman osani jo tehnyt\u201d.<\/p>\n\n\n\n<p>Sit\u00e4 paitsi kiinalaisia on 1,4 miljardia, mit\u00e4 merkityst\u00e4 on 5,5 miljoonan suomalaisen tekemisill\u00e4?<\/p>\n\n\n\n<p>Valitettavasti en muista, kuka ilmaisi asian n\u00e4in osuvasti, mutta silloinhan kiinalaiset voitaisiin jakaa 5,5 miljoonan ihmisen porukoihin, joista yhdenk\u00e4\u00e4n tekemisill\u00e4 ei olisi mit\u00e4\u00e4n merkityst\u00e4.<\/p>\n\n\n\n<p><span class=\"capitalized\">Kun maailman ylikulutusp\u00e4iv\u00e4<\/span> koitti t\u00e4n\u00e4 vuonna hein\u00e4kuun lopussa, me suomalaiset olimme sy\u00f6neet laarin tyhj\u00e4ksi jo huhtikuun alussa. Pit\u00e4\u00e4 olla sokea kuin lepakko luulotellakseen, ett\u00e4 meid\u00e4n tekemisill\u00e4mme ei olisi merkityst\u00e4.<\/p>\n\n\n\n<blockquote class=\"wp-block-quote\"><p>Eik\u00e4 sek\u00e4\u00e4n v\u00e4ltt\u00e4m\u00e4tt\u00e4 riit\u00e4.<\/p><\/blockquote>\n\n\n\n<p>No mutta mill\u00e4 tavoin ihmiskunta on ikuinen teini?<\/p>\n\n\n\n<p>No kun me kaikki tied\u00e4mme, mit\u00e4 pit\u00e4isi tehd\u00e4, mutta emme kuitenkaan tee sit\u00e4. Niinh\u00e4n me \u201dvanhemmat ja viisaammat\u201d kuvittelemme teinien asioihin suhtautuvan.<\/p>\n\n\n\n<p><span class=\"capitalized\">Esimerkiksi ilmailualalla<\/span> pohditaan, miten lentoliikenteen p\u00e4\u00e4st\u00f6t voitaisiin puolittaa vuoteen 2030 menness\u00e4.<\/p>\n\n\n\n<p>Ei se riit\u00e4. Sen lis\u00e4ksi lentoliikenne pit\u00e4isi puolittaa, samoin moni muu p\u00e4\u00e4st\u00f6j\u00e4 aiheuttava toiminta. Eik\u00e4 vain puolittaa, vaan pienent\u00e4\u00e4 murto-osaan nykyisest\u00e4. Eik\u00e4 sek\u00e4\u00e4n v\u00e4ltt\u00e4m\u00e4tt\u00e4 riit\u00e4.<\/p>\n\n\n\n<p>Ilmastonmuutokset seuraukset ovat jo nyt osoittautumassa niin arvaamattomiksi, ett\u00e4 pelkkiin minimitoimiin ryhtyminen on liki edesvastuutonta. Mutta kun silloin pit\u00e4isi luopua niin paljosta ja tinki\u00e4 niin paljon siit\u00e4 kaikesta, mit\u00e4 olemme tottuneet pit\u00e4m\u00e4\u00e4n itsest\u00e4\u00e4nselvyyten\u00e4.<\/p>\n\n\n\n<p>Niin pit\u00e4isi. Mutta silti emme suostu sit\u00e4 tekem\u00e4\u00e4n.<\/p>\n\n\n\n<p><span class=\"capitalized\">Lopuksi lienee paikallaan<\/span> esitt\u00e4\u00e4 anteeksipyynt\u00f6 teineille, joihin tulin rinnastaneeksi koko ihmiskunnan. T\u00e4ll\u00e4 hetkell\u00e4 tuntuu silt\u00e4, ett\u00e4 vain aidot ja oikeat teinit ovat valmiita tekem\u00e4\u00e4n jotain \u2013 siis jotain konkreettista \u2013 maapallon pelastamiseksi.<\/p>\n\n\n\n<p>En ihmettele, sill\u00e4 me \u201dvanhemmat ja viisaammat\u201d olemme j\u00e4tt\u00e4m\u00e4ss\u00e4 heille perinn\u00f6ksi poltetun maan.<\/p>\n\n\n\n<p>&nbsp;<\/p>\n\n\n","protected":false},"excerpt":{"rendered":"<p>Gr\u00f6nlannin j\u00e4\u00e4tik\u00f6t sulavat enn\u00e4tysvauhtia. Helleaallot vy\u00f6ryv\u00e4t Euroopan ylitse. Myrskyt ja tulvat murjovat rannikkoseutuja. Kukaan t\u00e4ysj\u00e4rkinen ei en\u00e4\u00e4 kiist\u00e4 ilmastonmuutoksen todellisuutta ja vain paatuneimmat vastuunpakoilijat voivat v\u00e4itt\u00e4\u00e4, ettei se ole meid\u00e4n omaa syyt\u00e4mme.<br \/>\nMiksi emme tee m&hellip;<\/p>\n","protected":false},"author":557,"featured_media":0,"comment_status":"open","ping_status":"open","sticky":false,"template":"","format":"standard","meta":{"_acf_changed":false,"asauth_required_access_level":3,"asauth_cansharepaid":"true","om_header_attributes":[],"footnotes":"","om_featured_image_focal_point":[],"om_primary_tag":0,"om_contributors":[],"om_co_authors":[],"beyondwords_generate_audio":"","beyondwords_project_id":"","beyondwords_content_id":"","beyondwords_preview_token":"","beyondwords_player_content":"","beyondwords_player_style":"","beyondwords_language_code":"","beyondwords_language_id":"","beyondwords_title_voice_id":"","beyondwords_body_voice_id":"","beyondwords_summary_voice_id":"","beyondwords_error_message":"","beyondwords_disabled":"","beyondwords_delete_content":"","beyondwords_podcast_id":"","beyondwords_hash":"","publish_post_to_speechkit":"","speechkit_hash":"","speechkit_generate_audio":"","speechkit_project_id":"","speechkit_podcast_id":"","speechkit_error_message":"","speechkit_disabled":"","speechkit_access_key":"","speechkit_error":"","speechkit_info":"","speechkit_response":"","speechkit_retries":"","speechkit_status":"","speechkit_updated_at":"","_speechkit_link":"","_speechkit_text":""},"categories":[1],"tags":[137,808,809,608],"class_list":["post-2097","post","type-post","status-publish","format-standard","hentry","category-taivaan-tahden","tag-ilmastonmuutos","tag-maapallo","tag-teinit","tag-tulevaisuus"],"om_views":null,"acf":{"tuuma_off":false,"tuuma_kysymys":"","tuuma_vastaus":""},"asauth":{"required_access_level":1,"share_token":"","is_paid":false},"yoast_head":"<!-- This site is optimized with the Yoast SEO plugin v26.4 - https:\/\/yoast.com\/wordpress\/plugins\/seo\/ -->\n<title>Ihmiskunta on ikuinen teini - Taivaan t\u00e4hden<\/title>\n<meta name=\"robots\" content=\"index, follow, max-snippet:-1, max-image-preview:large, max-video-preview:-1\" \/>\n<link rel=\"canonical\" href=\"https:\/\/suomenkuvalehti.fi\/taivaan-tahden\/2019\/08\/03\/ihmiskunta-on-ikuinen-teini\/\" \/>\n<meta property=\"og:locale\" content=\"fi_FI\" \/>\n<meta property=\"og:type\" content=\"article\" \/>\n<meta property=\"og:title\" content=\"Ihmiskunta on ikuinen teini - Taivaan t\u00e4hden\" \/>\n<meta property=\"og:description\" content=\"Gr\u00f6nlannin j\u00e4\u00e4tik\u00f6t sulavat enn\u00e4tysvauhtia. Helleaallot vy\u00f6ryv\u00e4t Euroopan ylitse. Myrskyt ja tulvat murjovat rannikkoseutuja. Kukaan t\u00e4ysj\u00e4rkinen ei en\u00e4\u00e4 kiist\u00e4 ilmastonmuutoksen todellisuutta ja vain paatuneimmat vastuunpakoilijat voivat v\u00e4itt\u00e4\u00e4, ettei se ole meid\u00e4n omaa syyt\u00e4mme. Miksi emme tee m&hellip;\" \/>\n<meta property=\"og:url\" content=\"https:\/\/suomenkuvalehti.fi\/taivaan-tahden\/2019\/08\/03\/ihmiskunta-on-ikuinen-teini\/\" \/>\n<meta property=\"og:site_name\" content=\"Taivaan t\u00e4hden\" \/>\n<meta property=\"article:published_time\" content=\"2019-08-03T10:52:24+00:00\" \/>\n<meta property=\"og:image\" content=\"https:\/\/suomenkuvalehti.fi\/taivaan-tahden\/wp-content\/uploads\/sites\/36\/2019\/08\/ruskooo_sk.jpg\" \/>\n\t<meta property=\"og:image:width\" content=\"1575\" \/>\n\t<meta property=\"og:image:height\" content=\"1050\" \/>\n\t<meta property=\"og:image:type\" content=\"image\/jpeg\" \/>\n<meta name=\"author\" content=\"Markus Hotakainen\" \/>\n<meta name=\"twitter:card\" content=\"summary_large_image\" \/>\n<meta name=\"twitter:label1\" content=\"Written by\" \/>\n\t<meta name=\"twitter:data1\" content=\"Markus Hotakainen\" \/>\n\t<meta name=\"twitter:label2\" content=\"Est. reading time\" \/>\n\t<meta name=\"twitter:data2\" content=\"2 minuuttia\" \/>\n<script type=\"application\/ld+json\" class=\"yoast-schema-graph\">{\"@context\":\"https:\/\/schema.org\",\"@graph\":[{\"@type\":\"WebPage\",\"@id\":\"https:\/\/suomenkuvalehti.fi\/taivaan-tahden\/2019\/08\/03\/ihmiskunta-on-ikuinen-teini\/\",\"url\":\"https:\/\/suomenkuvalehti.fi\/taivaan-tahden\/2019\/08\/03\/ihmiskunta-on-ikuinen-teini\/\",\"name\":\"Ihmiskunta on ikuinen teini - Taivaan t\u00e4hden\",\"isPartOf\":{\"@id\":\"https:\/\/suomenkuvalehti.fi\/taivaan-tahden\/#website\"},\"primaryImageOfPage\":{\"@id\":\"https:\/\/suomenkuvalehti.fi\/taivaan-tahden\/2019\/08\/03\/ihmiskunta-on-ikuinen-teini\/#primaryimage\"},\"image\":{\"@id\":\"https:\/\/suomenkuvalehti.fi\/taivaan-tahden\/2019\/08\/03\/ihmiskunta-on-ikuinen-teini\/#primaryimage\"},\"thumbnailUrl\":\"https:\/\/suomenkuvalehti.fi\/taivaan-tahden\/wp-content\/uploads\/sites\/36\/2019\/08\/ruskooo_sk-1024x683.jpg\",\"datePublished\":\"2019-08-03T10:52:24+00:00\",\"author\":{\"@id\":\"https:\/\/suomenkuvalehti.fi\/taivaan-tahden\/#\/schema\/person\/c9c1373acb19750e11084ef640abeae0\"},\"breadcrumb\":{\"@id\":\"https:\/\/suomenkuvalehti.fi\/taivaan-tahden\/2019\/08\/03\/ihmiskunta-on-ikuinen-teini\/#breadcrumb\"},\"inLanguage\":\"fi\",\"potentialAction\":[{\"@type\":\"ReadAction\",\"target\":[\"https:\/\/suomenkuvalehti.fi\/taivaan-tahden\/2019\/08\/03\/ihmiskunta-on-ikuinen-teini\/\"]}]},{\"@type\":\"ImageObject\",\"inLanguage\":\"fi\",\"@id\":\"https:\/\/suomenkuvalehti.fi\/taivaan-tahden\/2019\/08\/03\/ihmiskunta-on-ikuinen-teini\/#primaryimage\",\"url\":\"https:\/\/suomenkuvalehti.fi\/taivaan-tahden\/wp-content\/uploads\/sites\/36\/2019\/08\/ruskooo_sk.jpg\",\"contentUrl\":\"https:\/\/suomenkuvalehti.fi\/taivaan-tahden\/wp-content\/uploads\/sites\/36\/2019\/08\/ruskooo_sk.jpg\",\"width\":1575,\"height\":1050},{\"@type\":\"BreadcrumbList\",\"@id\":\"https:\/\/suomenkuvalehti.fi\/taivaan-tahden\/2019\/08\/03\/ihmiskunta-on-ikuinen-teini\/#breadcrumb\",\"itemListElement\":[{\"@type\":\"ListItem\",\"position\":1,\"name\":\"Home\",\"item\":\"https:\/\/suomenkuvalehti.fi\/taivaan-tahden\/\"},{\"@type\":\"ListItem\",\"position\":2,\"name\":\"Ihmiskunta on ikuinen teini\"}]},{\"@type\":\"WebSite\",\"@id\":\"https:\/\/suomenkuvalehti.fi\/taivaan-tahden\/#website\",\"url\":\"https:\/\/suomenkuvalehti.fi\/taivaan-tahden\/\",\"name\":\"Taivaan t\u00e4hden\",\"description\":\"Tiedetoimittaja Markus Hotakainen h\u00e4mm\u00e4stelee maailmankaikkeutta.\",\"potentialAction\":[{\"@type\":\"SearchAction\",\"target\":{\"@type\":\"EntryPoint\",\"urlTemplate\":\"https:\/\/suomenkuvalehti.fi\/haku\/?q={search_term_string}\"},\"query-input\":{\"@type\":\"PropertyValueSpecification\",\"valueRequired\":true,\"valueName\":\"search_term_string\"}}],\"inLanguage\":\"fi\"},{\"@type\":\"Person\",\"@id\":\"https:\/\/suomenkuvalehti.fi\/taivaan-tahden\/#\/schema\/person\/c9c1373acb19750e11084ef640abeae0\",\"name\":\"Markus Hotakainen\",\"image\":{\"@type\":\"ImageObject\",\"inLanguage\":\"fi\",\"@id\":\"https:\/\/suomenkuvalehti.fi\/taivaan-tahden\/#\/schema\/person\/image\/\",\"url\":\"https:\/\/suomenkuvalehti.fi\/taivaan-tahden\/wp-content\/uploads\/sites\/36\/2018\/05\/markus_hotakainen_blogi_pieni-150x150.jpg\",\"contentUrl\":\"https:\/\/suomenkuvalehti.fi\/taivaan-tahden\/wp-content\/uploads\/sites\/36\/2018\/05\/markus_hotakainen_blogi_pieni-150x150.jpg\",\"caption\":\"Markus Hotakainen\"},\"description\":\"Kirjoittaja on tiedetoimittaja ja tietokirjailija.\"}]}<\/script>\n<!-- \/ Yoast SEO plugin. -->","yoast_head_json":{"title":"Ihmiskunta on ikuinen teini - Taivaan t\u00e4hden","robots":{"index":"index","follow":"follow","max-snippet":"max-snippet:-1","max-image-preview":"max-image-preview:large","max-video-preview":"max-video-preview:-1"},"canonical":"https:\/\/suomenkuvalehti.fi\/taivaan-tahden\/2019\/08\/03\/ihmiskunta-on-ikuinen-teini\/","og_locale":"fi_FI","og_type":"article","og_title":"Ihmiskunta on ikuinen teini - Taivaan t\u00e4hden","og_description":"Gr\u00f6nlannin j\u00e4\u00e4tik\u00f6t sulavat enn\u00e4tysvauhtia. Helleaallot vy\u00f6ryv\u00e4t Euroopan ylitse. Myrskyt ja tulvat murjovat rannikkoseutuja. Kukaan t\u00e4ysj\u00e4rkinen ei en\u00e4\u00e4 kiist\u00e4 ilmastonmuutoksen todellisuutta ja vain paatuneimmat vastuunpakoilijat voivat v\u00e4itt\u00e4\u00e4, ettei se ole meid\u00e4n omaa syyt\u00e4mme. Miksi emme tee m&hellip;","og_url":"https:\/\/suomenkuvalehti.fi\/taivaan-tahden\/2019\/08\/03\/ihmiskunta-on-ikuinen-teini\/","og_site_name":"Taivaan t\u00e4hden","article_published_time":"2019-08-03T10:52:24+00:00","og_image":[{"width":1575,"height":1050,"url":"https:\/\/suomenkuvalehti.fi\/taivaan-tahden\/wp-content\/uploads\/sites\/36\/2019\/08\/ruskooo_sk.jpg","type":"image\/jpeg"}],"author":"Markus Hotakainen","twitter_card":"summary_large_image","twitter_misc":{"Written by":"Markus Hotakainen","Est. reading time":"2 minuuttia"},"schema":{"@context":"https:\/\/schema.org","@graph":[{"@type":"WebPage","@id":"https:\/\/suomenkuvalehti.fi\/taivaan-tahden\/2019\/08\/03\/ihmiskunta-on-ikuinen-teini\/","url":"https:\/\/suomenkuvalehti.fi\/taivaan-tahden\/2019\/08\/03\/ihmiskunta-on-ikuinen-teini\/","name":"Ihmiskunta on ikuinen teini - Taivaan t\u00e4hden","isPartOf":{"@id":"https:\/\/suomenkuvalehti.fi\/taivaan-tahden\/#website"},"primaryImageOfPage":{"@id":"https:\/\/suomenkuvalehti.fi\/taivaan-tahden\/2019\/08\/03\/ihmiskunta-on-ikuinen-teini\/#primaryimage"},"image":{"@id":"https:\/\/suomenkuvalehti.fi\/taivaan-tahden\/2019\/08\/03\/ihmiskunta-on-ikuinen-teini\/#primaryimage"},"thumbnailUrl":"https:\/\/suomenkuvalehti.fi\/taivaan-tahden\/wp-content\/uploads\/sites\/36\/2019\/08\/ruskooo_sk-1024x683.jpg","datePublished":"2019-08-03T10:52:24+00:00","author":{"@id":"https:\/\/suomenkuvalehti.fi\/taivaan-tahden\/#\/schema\/person\/c9c1373acb19750e11084ef640abeae0"},"breadcrumb":{"@id":"https:\/\/suomenkuvalehti.fi\/taivaan-tahden\/2019\/08\/03\/ihmiskunta-on-ikuinen-teini\/#breadcrumb"},"inLanguage":"fi","potentialAction":[{"@type":"ReadAction","target":["https:\/\/suomenkuvalehti.fi\/taivaan-tahden\/2019\/08\/03\/ihmiskunta-on-ikuinen-teini\/"]}]},{"@type":"ImageObject","inLanguage":"fi","@id":"https:\/\/suomenkuvalehti.fi\/taivaan-tahden\/2019\/08\/03\/ihmiskunta-on-ikuinen-teini\/#primaryimage","url":"https:\/\/suomenkuvalehti.fi\/taivaan-tahden\/wp-content\/uploads\/sites\/36\/2019\/08\/ruskooo_sk.jpg","contentUrl":"https:\/\/suomenkuvalehti.fi\/taivaan-tahden\/wp-content\/uploads\/sites\/36\/2019\/08\/ruskooo_sk.jpg","width":1575,"height":1050},{"@type":"BreadcrumbList","@id":"https:\/\/suomenkuvalehti.fi\/taivaan-tahden\/2019\/08\/03\/ihmiskunta-on-ikuinen-teini\/#breadcrumb","itemListElement":[{"@type":"ListItem","position":1,"name":"Home","item":"https:\/\/suomenkuvalehti.fi\/taivaan-tahden\/"},{"@type":"ListItem","position":2,"name":"Ihmiskunta on ikuinen teini"}]},{"@type":"WebSite","@id":"https:\/\/suomenkuvalehti.fi\/taivaan-tahden\/#website","url":"https:\/\/suomenkuvalehti.fi\/taivaan-tahden\/","name":"Taivaan t\u00e4hden","description":"Tiedetoimittaja Markus Hotakainen h\u00e4mm\u00e4stelee maailmankaikkeutta.","potentialAction":[{"@type":"SearchAction","target":{"@type":"EntryPoint","urlTemplate":"https:\/\/suomenkuvalehti.fi\/haku\/?q={search_term_string}"},"query-input":{"@type":"PropertyValueSpecification","valueRequired":true,"valueName":"search_term_string"}}],"inLanguage":"fi"},{"@type":"Person","@id":"https:\/\/suomenkuvalehti.fi\/taivaan-tahden\/#\/schema\/person\/c9c1373acb19750e11084ef640abeae0","name":"Markus Hotakainen","image":{"@type":"ImageObject","inLanguage":"fi","@id":"https:\/\/suomenkuvalehti.fi\/taivaan-tahden\/#\/schema\/person\/image\/","url":"https:\/\/suomenkuvalehti.fi\/taivaan-tahden\/wp-content\/uploads\/sites\/36\/2018\/05\/markus_hotakainen_blogi_pieni-150x150.jpg","contentUrl":"https:\/\/suomenkuvalehti.fi\/taivaan-tahden\/wp-content\/uploads\/sites\/36\/2018\/05\/markus_hotakainen_blogi_pieni-150x150.jpg","caption":"Markus Hotakainen"},"description":"Kirjoittaja on tiedetoimittaja ja tietokirjailija."}]}},"_links":{"self":[{"href":"https:\/\/suomenkuvalehti.fi\/taivaan-tahden\/wp-json\/wp\/v2\/posts\/2097","targetHints":{"allow":["GET"]}}],"collection":[{"href":"https:\/\/suomenkuvalehti.fi\/taivaan-tahden\/wp-json\/wp\/v2\/posts"}],"about":[{"href":"https:\/\/suomenkuvalehti.fi\/taivaan-tahden\/wp-json\/wp\/v2\/types\/post"}],"author":[{"embeddable":true,"href":"https:\/\/suomenkuvalehti.fi\/taivaan-tahden\/wp-json\/wp\/v2\/users\/557"}],"replies":[{"embeddable":true,"href":"https:\/\/suomenkuvalehti.fi\/taivaan-tahden\/wp-json\/wp\/v2\/comments?post=2097"}],"version-history":[{"count":3,"href":"https:\/\/suomenkuvalehti.fi\/taivaan-tahden\/wp-json\/wp\/v2\/posts\/2097\/revisions"}],"predecessor-version":[{"id":2101,"href":"https:\/\/suomenkuvalehti.fi\/taivaan-tahden\/wp-json\/wp\/v2\/posts\/2097\/revisions\/2101"}],"wp:attachment":[{"href":"https:\/\/suomenkuvalehti.fi\/taivaan-tahden\/wp-json\/wp\/v2\/media?parent=2097"}],"wp:term":[{"taxonomy":"category","embeddable":true,"href":"https:\/\/suomenkuvalehti.fi\/taivaan-tahden\/wp-json\/wp\/v2\/categories?post=2097"},{"taxonomy":"post_tag","embeddable":true,"href":"https:\/\/suomenkuvalehti.fi\/taivaan-tahden\/wp-json\/wp\/v2\/tags?post=2097"}],"curies":[{"name":"wp","href":"https:\/\/api.w.org\/{rel}","templated":true}]}}