{"id":2018,"date":"2019-05-23T18:38:52","date_gmt":"2019-05-23T15:38:52","guid":{"rendered":"https:\/\/suomenkuvalehti.fi\/taivaan-tahden\/?p=2018"},"modified":"2019-05-23T18:38:52","modified_gmt":"2019-05-23T15:38:52","slug":"valtaavatko-zombitahdet-linnunradan","status":"publish","type":"post","link":"https:\/\/suomenkuvalehti.fi\/taivaan-tahden\/2019\/05\/23\/valtaavatko-zombitahdet-linnunradan\/","title":{"rendered":"Valtaavatko zombit\u00e4hdet Linnunradan?"},"content":{"rendered":"<figure class=\"aligncenter size-full wp-block-image\">\n  <div class=\"wp-block-image__inner-container\">\n    <a href=\"https:\/\/suomenkuvalehti.fi\/taivaan-tahden\/wp-content\/uploads\/sites\/36\/2019\/05\/eso1505a_zombi.jpg\"><img loading=\"lazy\" decoding=\"async\" src=\"https:\/\/suomenkuvalehti.fi\/taivaan-tahden\/wp-content\/uploads\/sites\/36\/2019\/05\/eso1505a_zombi.jpg\" alt=\"\" class=\"wp-image-2019\" width=\"1000\" height=\"625\" style=\"--aspect-ratio: 1.6\" srcset=\"https:\/\/suomenkuvalehti.fi\/taivaan-tahden\/wp-content\/uploads\/sites\/36\/2019\/05\/eso1505a_zombi.jpg 1000w, https:\/\/suomenkuvalehti.fi\/taivaan-tahden\/wp-content\/uploads\/sites\/36\/2019\/05\/eso1505a_zombi-300x188.jpg 300w, https:\/\/suomenkuvalehti.fi\/taivaan-tahden\/wp-content\/uploads\/sites\/36\/2019\/05\/eso1505a_zombi-768x480.jpg 768w, https:\/\/suomenkuvalehti.fi\/taivaan-tahden\/wp-content\/uploads\/sites\/36\/2019\/05\/eso1505a_zombi-630x394.jpg 630w\" sizes=\"auto, (max-width: 1000px) 100vw, 1000px\" \/><\/a>    <figcaption class=\"wp-block-image__figcaption\">\n      Valkoinen k\u00e4\u00e4pi\u00f6 + valkoinen k\u00e4\u00e4pi\u00f6 = zombit\u00e4hti. Kuva: ESO\/L. Cal\u00e7ada          <\/figcaption>\n      <\/div>\n<\/figure>\n\n\n<p><span class=\"capitalized\">Kun Aurinko<\/span> muutaman miljardin vuoden kuluttua p\u00e4\u00e4tt\u00e4\u00e4 p\u00e4iv\u00e4ns\u00e4, j\u00e4ttil\u00e4iseksi turvonnut p\u00e4iv\u00e4t\u00e4htemme puhaltaa uloimmat kerroksensa avaruuteen ja j\u00e4ljelle j\u00e4\u00e4 vain laajenevan kaasupilven keskell\u00e4 kiiluva, suunnilleen maapallon kokoinen valkoinen k\u00e4\u00e4pi\u00f6.<\/p>\n\n\n\n<p>Siihen p\u00e4\u00e4ttyy Auringon tarina.<\/p>\n\n\n\n<p>Valkoisen k\u00e4\u00e4pi\u00f6n sisuksissa ei en\u00e4\u00e4 tapahdu fuusioreaktioita, joten sen s\u00e4teily hiipuu hiljalleen ja lopulta valkoisesta k\u00e4\u00e4pi\u00f6st\u00e4 tulee sysimusta k\u00e4\u00e4pi\u00f6 \u2013 paitsi jos valkoinen k\u00e4\u00e4pi\u00f6 sattuukin sit\u00e4 ennen her\u00e4\u00e4m\u00e4\u00e4n kuolleista.<\/p>\n\n\n\n<p><span class=\"capitalized\">T\u00e4htitieteilij\u00e4t<\/span> ovat l\u00f6yt\u00e4neet 10 000 valovuoden et\u00e4isyydell\u00e4 sijaitsevan kaasusumun keskelt\u00e4 oudon t\u00e4hden, joka on todenn\u00e4k\u00f6isesti syntynyt kahden valkoisen k\u00e4\u00e4pi\u00f6n sulautuessa yhteen. Kauan sitten kuolleen kaksoist\u00e4hden j\u00e4\u00e4nteet kiersiv\u00e4t toisiaan radoilla, jotka v\u00e4hitellen kutistuivat ja lopulta k\u00e4\u00e4pi\u00f6t\u00e4hdet t\u00f6rm\u00e4siv\u00e4t yhteen.<\/p>\n\n\n\n<p>Uudestisyntyneen t\u00e4hden sisuksissa paine ja l\u00e4mp\u00f6tila kohosivat riitt\u00e4v\u00e4sti, jotta ammoin sammuneet fuusioreaktiot saattoivat k\u00e4ynnisty\u00e4 uudelleen. Ja \u201dpolttoaineeksi\u201d kelpasivat valkoisen k\u00e4\u00e4pi\u00f6n varannosta huvenneita vety\u00e4 ja heliumia raskaammatkin alkuaineet.<\/p>\n\n\n\n<p>J005311-tunnuksen saanut kuolleista her\u00e4nnyt t\u00e4hti s\u00e4teilee t\u00e4ll\u00e4 hetkell\u00e4 noin 40 000 kertaa voimakkaammin kuin Aurinko ja sen pintal\u00e4mp\u00f6tila on kivunnut noin 200 000 asteeseen. Zombi ei kuitenkaan pysy el\u00e4vien kirjoissa pitk\u00e4\u00e4n \u2013 ainahan niille elokuvissa ja tv-sarjoissakin k\u00e4y huonosti.<\/p>\n\n\n\n<blockquote class=\"wp-block-quote\"><p>Se on t\u00e4hden mutkaisen matkan lopullinen p\u00e4\u00e4tepiste.<\/p><\/blockquote>\n\n\n\n<p><span class=\"capitalized\">Fuusioreaktiot jatkuvat<\/span> niin kauan kuin fuusioitavaa ainetta riitt\u00e4\u00e4. Kun alkuainelistassa on muutamassa tuhannessa vuodessa p\u00e4\u00e4sty rautaan saakka, ydinmiilu sammuu j\u00e4lleen: raudan fuusio ei en\u00e4\u00e4 vapauta energiaa, vaan kuluttaa sit\u00e4.<\/p>\n\n\n\n<p>Kahden valkoisen k\u00e4\u00e4pi\u00f6n yhteenlaskettu massa on kuitenkin niin suuri, ett\u00e4 paineen kadotessa uusiot\u00e4hti ei en\u00e4\u00e4 pysy kasassa. Gravitaatio saa sen luhistumaan, jolloin uloimmat osat sinkoutuvat avaruuteen valtaisassa supernovar\u00e4j\u00e4hdyksess\u00e4.<\/p>\n\n\n\n<p>J\u00e4ljelle j\u00e4\u00e4 ainoastaan muutaman kilometrin l\u00e4pimittainen neutronit\u00e4hti. Se on t\u00e4hden \u2013 tai t\u00e4ss\u00e4 tapauksessa kahden t\u00e4hden \u2013 mutkaisen matkan lopullinen p\u00e4\u00e4tepiste.<\/p>\n\n\n\n<p><span class=\"capitalized\">Tuoreen l\u00f6yd\u00f6n my\u00f6t\u00e4<\/span> ei voi puhua mist\u00e4\u00e4n zombit\u00e4htiepidemiasta. J005311 on ensimm\u00e4inen laatuaan, jonka t\u00e4htitieteilij\u00e4t ovat Linnunradasta l\u00f6yt\u00e4neet. Varovaisen arvion mukaan niit\u00e4 voi olla kaikkiaan noin viisi.<\/p>\n\n\n","protected":false},"excerpt":{"rendered":"<p>Kun Aurinko muutaman miljardin vuoden kuluttua p\u00e4\u00e4tt\u00e4\u00e4 p\u00e4iv\u00e4ns\u00e4, j\u00e4ttil\u00e4iseksi turvonnut p\u00e4iv\u00e4t\u00e4htemme puhaltaa uloimmat kerroksensa avaruuteen ja j\u00e4ljelle j\u00e4\u00e4 vain laajenevan kaasupilven keskell\u00e4 kiiluva, suunnilleen maapallon kokoinen valkoinen k\u00e4\u00e4pi\u00f6. Siihen p\u00e4\u00e4ttyy<br \/>\nAuringon tarina. Val&hellip;<\/p>\n","protected":false},"author":557,"featured_media":0,"comment_status":"open","ping_status":"open","sticky":false,"template":"","format":"standard","meta":{"_acf_changed":false,"asauth_required_access_level":3,"asauth_cansharepaid":"true","om_header_attributes":[],"footnotes":"","om_featured_image_focal_point":[],"om_primary_tag":0,"om_contributors":[],"om_co_authors":[],"beyondwords_generate_audio":"","beyondwords_project_id":"","beyondwords_content_id":"","beyondwords_preview_token":"","beyondwords_player_content":"","beyondwords_player_style":"","beyondwords_language_code":"","beyondwords_language_id":"","beyondwords_title_voice_id":"","beyondwords_body_voice_id":"","beyondwords_summary_voice_id":"","beyondwords_error_message":"","beyondwords_disabled":"","beyondwords_delete_content":"","beyondwords_podcast_id":"","beyondwords_hash":"","publish_post_to_speechkit":"","speechkit_hash":"","speechkit_generate_audio":"","speechkit_project_id":"","speechkit_podcast_id":"","speechkit_error_message":"","speechkit_disabled":"","speechkit_access_key":"","speechkit_error":"","speechkit_info":"","speechkit_response":"","speechkit_retries":"","speechkit_status":"","speechkit_updated_at":"","_speechkit_link":"","_speechkit_text":""},"categories":[1],"tags":[4,781,613,341,77],"class_list":["post-2018","post","type-post","status-publish","format-standard","hentry","category-taivaan-tahden","tag-aurinko","tag-fuusioreaktiot","tag-neutronitahti","tag-supernova","tag-valkoinen-kaapio"],"om_views":null,"acf":{"tuuma_off":false,"tuuma_kysymys":"","tuuma_vastaus":""},"asauth":{"required_access_level":1,"share_token":"","is_paid":false},"yoast_head":"<!-- This site is optimized with the Yoast SEO plugin v26.4 - https:\/\/yoast.com\/wordpress\/plugins\/seo\/ -->\n<title>Valtaavatko zombit\u00e4hdet Linnunradan? - Taivaan t\u00e4hden<\/title>\n<meta name=\"robots\" content=\"index, follow, max-snippet:-1, max-image-preview:large, max-video-preview:-1\" \/>\n<link rel=\"canonical\" href=\"https:\/\/suomenkuvalehti.fi\/taivaan-tahden\/2019\/05\/23\/valtaavatko-zombitahdet-linnunradan\/\" \/>\n<meta property=\"og:locale\" content=\"fi_FI\" \/>\n<meta property=\"og:type\" content=\"article\" \/>\n<meta property=\"og:title\" content=\"Valtaavatko zombit\u00e4hdet Linnunradan? - Taivaan t\u00e4hden\" \/>\n<meta property=\"og:description\" content=\"Kun Aurinko muutaman miljardin vuoden kuluttua p\u00e4\u00e4tt\u00e4\u00e4 p\u00e4iv\u00e4ns\u00e4, j\u00e4ttil\u00e4iseksi turvonnut p\u00e4iv\u00e4t\u00e4htemme puhaltaa uloimmat kerroksensa avaruuteen ja j\u00e4ljelle j\u00e4\u00e4 vain laajenevan kaasupilven keskell\u00e4 kiiluva, suunnilleen maapallon kokoinen valkoinen k\u00e4\u00e4pi\u00f6. Siihen p\u00e4\u00e4ttyy Auringon tarina. Val&hellip;\" \/>\n<meta property=\"og:url\" content=\"https:\/\/suomenkuvalehti.fi\/taivaan-tahden\/2019\/05\/23\/valtaavatko-zombitahdet-linnunradan\/\" \/>\n<meta property=\"og:site_name\" content=\"Taivaan t\u00e4hden\" \/>\n<meta property=\"article:published_time\" content=\"2019-05-23T15:38:52+00:00\" \/>\n<meta property=\"og:image\" content=\"https:\/\/suomenkuvalehti.fi\/taivaan-tahden\/wp-content\/uploads\/sites\/36\/2019\/05\/eso1505a_zombi.jpg\" \/>\n\t<meta property=\"og:image:width\" content=\"1000\" \/>\n\t<meta property=\"og:image:height\" content=\"625\" \/>\n\t<meta property=\"og:image:type\" content=\"image\/jpeg\" \/>\n<meta name=\"author\" content=\"Markus Hotakainen\" \/>\n<meta name=\"twitter:card\" content=\"summary_large_image\" \/>\n<meta name=\"twitter:label1\" content=\"Written by\" \/>\n\t<meta name=\"twitter:data1\" content=\"Markus Hotakainen\" \/>\n\t<meta name=\"twitter:label2\" content=\"Est. reading time\" \/>\n\t<meta name=\"twitter:data2\" content=\"2 minuuttia\" \/>\n<script type=\"application\/ld+json\" class=\"yoast-schema-graph\">{\"@context\":\"https:\/\/schema.org\",\"@graph\":[{\"@type\":\"WebPage\",\"@id\":\"https:\/\/suomenkuvalehti.fi\/taivaan-tahden\/2019\/05\/23\/valtaavatko-zombitahdet-linnunradan\/\",\"url\":\"https:\/\/suomenkuvalehti.fi\/taivaan-tahden\/2019\/05\/23\/valtaavatko-zombitahdet-linnunradan\/\",\"name\":\"Valtaavatko zombit\u00e4hdet Linnunradan? - Taivaan t\u00e4hden\",\"isPartOf\":{\"@id\":\"https:\/\/suomenkuvalehti.fi\/taivaan-tahden\/#website\"},\"primaryImageOfPage\":{\"@id\":\"https:\/\/suomenkuvalehti.fi\/taivaan-tahden\/2019\/05\/23\/valtaavatko-zombitahdet-linnunradan\/#primaryimage\"},\"image\":{\"@id\":\"https:\/\/suomenkuvalehti.fi\/taivaan-tahden\/2019\/05\/23\/valtaavatko-zombitahdet-linnunradan\/#primaryimage\"},\"thumbnailUrl\":\"https:\/\/suomenkuvalehti.fi\/taivaan-tahden\/wp-content\/uploads\/sites\/36\/2019\/05\/eso1505a_zombi.jpg\",\"datePublished\":\"2019-05-23T15:38:52+00:00\",\"author\":{\"@id\":\"https:\/\/suomenkuvalehti.fi\/taivaan-tahden\/#\/schema\/person\/c9c1373acb19750e11084ef640abeae0\"},\"breadcrumb\":{\"@id\":\"https:\/\/suomenkuvalehti.fi\/taivaan-tahden\/2019\/05\/23\/valtaavatko-zombitahdet-linnunradan\/#breadcrumb\"},\"inLanguage\":\"fi\",\"potentialAction\":[{\"@type\":\"ReadAction\",\"target\":[\"https:\/\/suomenkuvalehti.fi\/taivaan-tahden\/2019\/05\/23\/valtaavatko-zombitahdet-linnunradan\/\"]}]},{\"@type\":\"ImageObject\",\"inLanguage\":\"fi\",\"@id\":\"https:\/\/suomenkuvalehti.fi\/taivaan-tahden\/2019\/05\/23\/valtaavatko-zombitahdet-linnunradan\/#primaryimage\",\"url\":\"https:\/\/suomenkuvalehti.fi\/taivaan-tahden\/wp-content\/uploads\/sites\/36\/2019\/05\/eso1505a_zombi.jpg\",\"contentUrl\":\"https:\/\/suomenkuvalehti.fi\/taivaan-tahden\/wp-content\/uploads\/sites\/36\/2019\/05\/eso1505a_zombi.jpg\"},{\"@type\":\"BreadcrumbList\",\"@id\":\"https:\/\/suomenkuvalehti.fi\/taivaan-tahden\/2019\/05\/23\/valtaavatko-zombitahdet-linnunradan\/#breadcrumb\",\"itemListElement\":[{\"@type\":\"ListItem\",\"position\":1,\"name\":\"Home\",\"item\":\"https:\/\/suomenkuvalehti.fi\/taivaan-tahden\/\"},{\"@type\":\"ListItem\",\"position\":2,\"name\":\"Valtaavatko zombit\u00e4hdet Linnunradan?\"}]},{\"@type\":\"WebSite\",\"@id\":\"https:\/\/suomenkuvalehti.fi\/taivaan-tahden\/#website\",\"url\":\"https:\/\/suomenkuvalehti.fi\/taivaan-tahden\/\",\"name\":\"Taivaan t\u00e4hden\",\"description\":\"Tiedetoimittaja Markus Hotakainen h\u00e4mm\u00e4stelee maailmankaikkeutta.\",\"potentialAction\":[{\"@type\":\"SearchAction\",\"target\":{\"@type\":\"EntryPoint\",\"urlTemplate\":\"https:\/\/suomenkuvalehti.fi\/haku\/?q={search_term_string}\"},\"query-input\":{\"@type\":\"PropertyValueSpecification\",\"valueRequired\":true,\"valueName\":\"search_term_string\"}}],\"inLanguage\":\"fi\"},{\"@type\":\"Person\",\"@id\":\"https:\/\/suomenkuvalehti.fi\/taivaan-tahden\/#\/schema\/person\/c9c1373acb19750e11084ef640abeae0\",\"name\":\"Markus Hotakainen\",\"image\":{\"@type\":\"ImageObject\",\"inLanguage\":\"fi\",\"@id\":\"https:\/\/suomenkuvalehti.fi\/taivaan-tahden\/#\/schema\/person\/image\/\",\"url\":\"https:\/\/suomenkuvalehti.fi\/taivaan-tahden\/wp-content\/uploads\/sites\/36\/2018\/05\/markus_hotakainen_blogi_pieni-150x150.jpg\",\"contentUrl\":\"https:\/\/suomenkuvalehti.fi\/taivaan-tahden\/wp-content\/uploads\/sites\/36\/2018\/05\/markus_hotakainen_blogi_pieni-150x150.jpg\",\"caption\":\"Markus Hotakainen\"},\"description\":\"Kirjoittaja on tiedetoimittaja ja tietokirjailija.\"}]}<\/script>\n<!-- \/ Yoast SEO plugin. -->","yoast_head_json":{"title":"Valtaavatko zombit\u00e4hdet Linnunradan? - Taivaan t\u00e4hden","robots":{"index":"index","follow":"follow","max-snippet":"max-snippet:-1","max-image-preview":"max-image-preview:large","max-video-preview":"max-video-preview:-1"},"canonical":"https:\/\/suomenkuvalehti.fi\/taivaan-tahden\/2019\/05\/23\/valtaavatko-zombitahdet-linnunradan\/","og_locale":"fi_FI","og_type":"article","og_title":"Valtaavatko zombit\u00e4hdet Linnunradan? - Taivaan t\u00e4hden","og_description":"Kun Aurinko muutaman miljardin vuoden kuluttua p\u00e4\u00e4tt\u00e4\u00e4 p\u00e4iv\u00e4ns\u00e4, j\u00e4ttil\u00e4iseksi turvonnut p\u00e4iv\u00e4t\u00e4htemme puhaltaa uloimmat kerroksensa avaruuteen ja j\u00e4ljelle j\u00e4\u00e4 vain laajenevan kaasupilven keskell\u00e4 kiiluva, suunnilleen maapallon kokoinen valkoinen k\u00e4\u00e4pi\u00f6. Siihen p\u00e4\u00e4ttyy Auringon tarina. Val&hellip;","og_url":"https:\/\/suomenkuvalehti.fi\/taivaan-tahden\/2019\/05\/23\/valtaavatko-zombitahdet-linnunradan\/","og_site_name":"Taivaan t\u00e4hden","article_published_time":"2019-05-23T15:38:52+00:00","og_image":[{"width":1000,"height":625,"url":"https:\/\/suomenkuvalehti.fi\/taivaan-tahden\/wp-content\/uploads\/sites\/36\/2019\/05\/eso1505a_zombi.jpg","type":"image\/jpeg"}],"author":"Markus Hotakainen","twitter_card":"summary_large_image","twitter_misc":{"Written by":"Markus Hotakainen","Est. reading time":"2 minuuttia"},"schema":{"@context":"https:\/\/schema.org","@graph":[{"@type":"WebPage","@id":"https:\/\/suomenkuvalehti.fi\/taivaan-tahden\/2019\/05\/23\/valtaavatko-zombitahdet-linnunradan\/","url":"https:\/\/suomenkuvalehti.fi\/taivaan-tahden\/2019\/05\/23\/valtaavatko-zombitahdet-linnunradan\/","name":"Valtaavatko zombit\u00e4hdet Linnunradan? - Taivaan t\u00e4hden","isPartOf":{"@id":"https:\/\/suomenkuvalehti.fi\/taivaan-tahden\/#website"},"primaryImageOfPage":{"@id":"https:\/\/suomenkuvalehti.fi\/taivaan-tahden\/2019\/05\/23\/valtaavatko-zombitahdet-linnunradan\/#primaryimage"},"image":{"@id":"https:\/\/suomenkuvalehti.fi\/taivaan-tahden\/2019\/05\/23\/valtaavatko-zombitahdet-linnunradan\/#primaryimage"},"thumbnailUrl":"https:\/\/suomenkuvalehti.fi\/taivaan-tahden\/wp-content\/uploads\/sites\/36\/2019\/05\/eso1505a_zombi.jpg","datePublished":"2019-05-23T15:38:52+00:00","author":{"@id":"https:\/\/suomenkuvalehti.fi\/taivaan-tahden\/#\/schema\/person\/c9c1373acb19750e11084ef640abeae0"},"breadcrumb":{"@id":"https:\/\/suomenkuvalehti.fi\/taivaan-tahden\/2019\/05\/23\/valtaavatko-zombitahdet-linnunradan\/#breadcrumb"},"inLanguage":"fi","potentialAction":[{"@type":"ReadAction","target":["https:\/\/suomenkuvalehti.fi\/taivaan-tahden\/2019\/05\/23\/valtaavatko-zombitahdet-linnunradan\/"]}]},{"@type":"ImageObject","inLanguage":"fi","@id":"https:\/\/suomenkuvalehti.fi\/taivaan-tahden\/2019\/05\/23\/valtaavatko-zombitahdet-linnunradan\/#primaryimage","url":"https:\/\/suomenkuvalehti.fi\/taivaan-tahden\/wp-content\/uploads\/sites\/36\/2019\/05\/eso1505a_zombi.jpg","contentUrl":"https:\/\/suomenkuvalehti.fi\/taivaan-tahden\/wp-content\/uploads\/sites\/36\/2019\/05\/eso1505a_zombi.jpg"},{"@type":"BreadcrumbList","@id":"https:\/\/suomenkuvalehti.fi\/taivaan-tahden\/2019\/05\/23\/valtaavatko-zombitahdet-linnunradan\/#breadcrumb","itemListElement":[{"@type":"ListItem","position":1,"name":"Home","item":"https:\/\/suomenkuvalehti.fi\/taivaan-tahden\/"},{"@type":"ListItem","position":2,"name":"Valtaavatko zombit\u00e4hdet Linnunradan?"}]},{"@type":"WebSite","@id":"https:\/\/suomenkuvalehti.fi\/taivaan-tahden\/#website","url":"https:\/\/suomenkuvalehti.fi\/taivaan-tahden\/","name":"Taivaan t\u00e4hden","description":"Tiedetoimittaja Markus Hotakainen h\u00e4mm\u00e4stelee maailmankaikkeutta.","potentialAction":[{"@type":"SearchAction","target":{"@type":"EntryPoint","urlTemplate":"https:\/\/suomenkuvalehti.fi\/haku\/?q={search_term_string}"},"query-input":{"@type":"PropertyValueSpecification","valueRequired":true,"valueName":"search_term_string"}}],"inLanguage":"fi"},{"@type":"Person","@id":"https:\/\/suomenkuvalehti.fi\/taivaan-tahden\/#\/schema\/person\/c9c1373acb19750e11084ef640abeae0","name":"Markus Hotakainen","image":{"@type":"ImageObject","inLanguage":"fi","@id":"https:\/\/suomenkuvalehti.fi\/taivaan-tahden\/#\/schema\/person\/image\/","url":"https:\/\/suomenkuvalehti.fi\/taivaan-tahden\/wp-content\/uploads\/sites\/36\/2018\/05\/markus_hotakainen_blogi_pieni-150x150.jpg","contentUrl":"https:\/\/suomenkuvalehti.fi\/taivaan-tahden\/wp-content\/uploads\/sites\/36\/2018\/05\/markus_hotakainen_blogi_pieni-150x150.jpg","caption":"Markus Hotakainen"},"description":"Kirjoittaja on tiedetoimittaja ja tietokirjailija."}]}},"_links":{"self":[{"href":"https:\/\/suomenkuvalehti.fi\/taivaan-tahden\/wp-json\/wp\/v2\/posts\/2018","targetHints":{"allow":["GET"]}}],"collection":[{"href":"https:\/\/suomenkuvalehti.fi\/taivaan-tahden\/wp-json\/wp\/v2\/posts"}],"about":[{"href":"https:\/\/suomenkuvalehti.fi\/taivaan-tahden\/wp-json\/wp\/v2\/types\/post"}],"author":[{"embeddable":true,"href":"https:\/\/suomenkuvalehti.fi\/taivaan-tahden\/wp-json\/wp\/v2\/users\/557"}],"replies":[{"embeddable":true,"href":"https:\/\/suomenkuvalehti.fi\/taivaan-tahden\/wp-json\/wp\/v2\/comments?post=2018"}],"version-history":[{"count":4,"href":"https:\/\/suomenkuvalehti.fi\/taivaan-tahden\/wp-json\/wp\/v2\/posts\/2018\/revisions"}],"predecessor-version":[{"id":2023,"href":"https:\/\/suomenkuvalehti.fi\/taivaan-tahden\/wp-json\/wp\/v2\/posts\/2018\/revisions\/2023"}],"wp:attachment":[{"href":"https:\/\/suomenkuvalehti.fi\/taivaan-tahden\/wp-json\/wp\/v2\/media?parent=2018"}],"wp:term":[{"taxonomy":"category","embeddable":true,"href":"https:\/\/suomenkuvalehti.fi\/taivaan-tahden\/wp-json\/wp\/v2\/categories?post=2018"},{"taxonomy":"post_tag","embeddable":true,"href":"https:\/\/suomenkuvalehti.fi\/taivaan-tahden\/wp-json\/wp\/v2\/tags?post=2018"}],"curies":[{"name":"wp","href":"https:\/\/api.w.org\/{rel}","templated":true}]}}