{"id":2006,"date":"2019-05-14T14:28:04","date_gmt":"2019-05-14T11:28:04","guid":{"rendered":"https:\/\/suomenkuvalehti.fi\/taivaan-tahden\/?p=2006"},"modified":"2019-05-14T14:28:04","modified_gmt":"2019-05-14T11:28:04","slug":"kuu-kutistuu-toistuuko-pluton-tragedia","status":"publish","type":"post","link":"https:\/\/suomenkuvalehti.fi\/taivaan-tahden\/2019\/05\/14\/kuu-kutistuu-toistuuko-pluton-tragedia\/","title":{"rendered":"Kuu kutistuu, toistuuko Pluton tragedia?"},"content":{"rendered":"<figure class=\"aligncenter size-large is-resized wp-block-image\">\n  <div class=\"wp-block-image__inner-container\">\n    <a href=\"https:\/\/suomenkuvalehti.fi\/taivaan-tahden\/wp-content\/uploads\/sites\/36\/2019\/05\/q_frigoris_sk.jpeg\"><img loading=\"lazy\" decoding=\"async\" src=\"https:\/\/suomenkuvalehti.fi\/taivaan-tahden\/wp-content\/uploads\/sites\/36\/2019\/05\/q_frigoris_sk-1024x682.jpeg\" alt=\"\" class=\"wp-image-2007\" width=\"1024\" height=\"682\" style=\"--aspect-ratio: 1.5\" srcset=\"https:\/\/suomenkuvalehti.fi\/taivaan-tahden\/wp-content\/uploads\/sites\/36\/2019\/05\/q_frigoris_sk-1024x682.jpeg 1024w, https:\/\/suomenkuvalehti.fi\/taivaan-tahden\/wp-content\/uploads\/sites\/36\/2019\/05\/q_frigoris_sk-300x200.jpeg 300w, https:\/\/suomenkuvalehti.fi\/taivaan-tahden\/wp-content\/uploads\/sites\/36\/2019\/05\/q_frigoris_sk-768x512.jpeg 768w, https:\/\/suomenkuvalehti.fi\/taivaan-tahden\/wp-content\/uploads\/sites\/36\/2019\/05\/q_frigoris_sk-630x420.jpeg 630w\" sizes=\"auto, (max-width: 1024px) 100vw, 1024px\" \/><\/a>    <figcaption class=\"wp-block-image__figcaption\">\n      Kylmyyden meri erottuu tummana, pitkulaisena tasankona Kuun pohjoisilla napaseuduilla. Kuva: Markus Hotakainen          <\/figcaption>\n      <\/div>\n<\/figure>\n\n\n<p><span class=\"capitalized\">Tuoreiden tutkimustulosten<\/span> mukaan oman kiertolaisemme Kuun l\u00e4pimitta pienenee.<\/p>\n\n\n\n<p>LRO-luotaimen (Lunar Reconnaissance Orbiter) ottamien kuvien perusteella Kylmyyden meren basaltin peitt\u00e4m\u00e4 pinta el\u00e4\u00e4: se liikkuu hitaasti ja siihen syntyy halkeamia.<\/p>\n\n\n\n<p>Tutkijat arvelevat sen johtuvan Kuun kutistumisesta, joka puolestaan johtuu Kuun sisuksiin sen syntyvaiheissa j\u00e4\u00e4neen l\u00e4mm\u00f6n hitaasta hiipumisesta.<\/p>\n\n\n\n<p><span class=\"capitalized\">Mit\u00e4 tekemist\u00e4<\/span> Kuun kutistumisella on Pluton kanssa?<\/p>\n\n\n\n<p>Aikoinaan Plutoa, tuolloin viel\u00e4 tuntematonta Planeetta X:\u00e4\u00e4, alettiin etsi\u00e4, kun Neptunuksen rataliikkeess\u00e4 todettiin olevan h\u00e4iri\u00f6it\u00e4. Samaan tapaan Uranuksen harhailut olivat 1840-luvun puoliv\u00e4liss\u00e4 olleet peruste alkaa laskeskella viel\u00e4 kaukaisemman planeetan sijaintia. Ja kas, t\u00e4htitieteilij\u00e4t l\u00f6ysiv\u00e4t Neptunuksen.<\/p>\n\n\n\n<p><span class=\"capitalized\">Vuonna 1930<\/span> Pluto l\u00f6ytyikin ja viel\u00e4p\u00e4 l\u00e4helt\u00e4 edesmenneen <b>Percival Lowellin<\/b> laskemaa paikkaa. Lowell oli laskelmissaan olettanut, ett\u00e4 tuntemattoman planeetan massa olisi noin seitsem\u00e4n kertaa suurempi kuin Maan massa.<\/p>\n\n\n\n<p>L\u00f6yt\u00f6kuvissa Pluto erottui vain mit\u00e4tt\u00f6m\u00e4n\u00e4 valopisteen\u00e4, joten sen massan arvioitiin voivan olla korkeintaan samaa luokkaa kuin Maan. Havaintojen karttuessa arvo oli 1940-luvun lopulla pudonnut kymmenesosaan Maan massasta ja 1970-luvun puoliv\u00e4liss\u00e4 jo sadasosaan.<\/p>\n\n\n\n<p>Niin pieni kappale ei pystyisi aiheuttamaan h\u00e4iri\u00f6it\u00e4 Neptunuksen liikkeess\u00e4 ja sittemmin onkin todettu, ett\u00e4 &#8221;h\u00e4iri\u00f6t&#8221; olivat havaintovirheit\u00e4 eik\u00e4 Neptunuksen liikkeess\u00e4 ollut mit\u00e4\u00e4n ihmeellisyyksi\u00e4.<\/p>\n\n\n\n<p>Kun <b>James Christy<\/b> l\u00f6ysi Pluton kuun Charonin vuonna 1978, kiertolaisen et\u00e4isyyden ja kiertoajan perusteella voitiin laskea planeetan massa hyvin tarkasti. Se oli en\u00e4\u00e4 tuhannesosa Maan massasta. Joku huumorintajuinen t\u00e4htitieteilij\u00e4 totesikin, ett\u00e4 jos Pluton massa yritet\u00e4\u00e4n m\u00e4\u00e4ritt\u00e4\u00e4 viel\u00e4 tarkemmin, planeetta katoaa kokonaan.<\/p>\n\n\n\n<blockquote class=\"wp-block-quote\"><p>Kuu on yksiselitteisesti kuu.<\/p><\/blockquote>\n\n\n\n<p><span class=\"capitalized\">Periaatteessa niin k\u00e4vikin<\/span>, kun Kansainv\u00e4linen t\u00e4htitieteen unioni IAU teki vuonna 2006 p\u00e4\u00e4t\u00f6ksen, ett\u00e4 Pluto ei olekaan planeetta vaan k\u00e4\u00e4pi\u00f6planeetta.<\/p>\n\n\n\n<p>Pluton ja Kuun kohtaloiden oleellinen ero on siin\u00e4, ett\u00e4 kaukaisen k\u00e4\u00e4pi\u00f6planeetan koko pieneni ainoastaan havaintotarkkuuden kasvun seurauksena. Todellisuudessa Pluton koko ei muuttunut vuosikymmenien saatossa mill\u00e4\u00e4n lailla.<\/p>\n\n\n\n<p>Kuu sen sijaan on kutistumassa ihan oikeasti. Se ei kuitenkaan ole katoamassa \u00f6iselt\u00e4 taivaalta, sill\u00e4 tutkijoiden arvion mukaan sen l\u00e4pimitta on pienentynyt joidenkin satojen miljoonien vuosien kuluessa noin 50 metri\u00e4.<\/p>\n\n\n\n<p><span class=\"capitalized\">Kuulla ei ole<\/span> my\u00f6sk\u00e4\u00e4n vaaraa joutua siirretyksi johonkin v\u00e4h\u00e4isemp\u00e4\u00e4n luokkaan. Kuu on yksiselitteisesti kuu eli planeettaa kiert\u00e4v\u00e4 taivaankappale. Ja sellaisena Kuu my\u00f6s pysyy, vaikka hiljalleen kutistuukin.<\/p>\n\n\n\n<p>&nbsp;<\/p>\n\n\n","protected":false},"excerpt":{"rendered":"<p>Tuoreiden tutkimustulosten mukaan oman kiertolaisemme Kuun l\u00e4pimitta pienenee. LRO-luotaimen (Lunar Reconnaissance Orbiter) ottamien kuvien perusteella Kylmyyden meren basaltin peitt\u00e4m\u00e4 pinta el\u00e4\u00e4: se liikkuu hitaasti ja siihen syntyy halkeamia. Tutkijat arvelevat sen johtuvan Kuun<br \/>\nkuti&hellip;<\/p>\n","protected":false},"author":557,"featured_media":0,"comment_status":"open","ping_status":"open","sticky":false,"template":"","format":"standard","meta":{"_acf_changed":false,"asauth_required_access_level":3,"asauth_cansharepaid":"true","om_header_attributes":[],"footnotes":"","om_featured_image_focal_point":[],"om_primary_tag":0,"om_contributors":[],"om_co_authors":[],"beyondwords_generate_audio":"","beyondwords_project_id":"","beyondwords_content_id":"","beyondwords_preview_token":"","beyondwords_player_content":"","beyondwords_player_style":"","beyondwords_language_code":"","beyondwords_language_id":"","beyondwords_title_voice_id":"","beyondwords_body_voice_id":"","beyondwords_summary_voice_id":"","beyondwords_error_message":"","beyondwords_disabled":"","beyondwords_delete_content":"","beyondwords_podcast_id":"","beyondwords_hash":"","publish_post_to_speechkit":"","speechkit_hash":"","speechkit_generate_audio":"","speechkit_project_id":"","speechkit_podcast_id":"","speechkit_error_message":"","speechkit_disabled":"","speechkit_access_key":"","speechkit_error":"","speechkit_info":"","speechkit_response":"","speechkit_retries":"","speechkit_status":"","speechkit_updated_at":"","_speechkit_link":"","_speechkit_text":""},"categories":[1],"tags":[5,775,776,46],"class_list":["post-2006","post","type-post","status-publish","format-standard","hentry","category-taivaan-tahden","tag-kuu","tag-kylmyyden-meri","tag-lro-luotain","tag-pluto"],"om_views":null,"acf":{"tuuma_off":false,"tuuma_kysymys":"","tuuma_vastaus":""},"asauth":{"required_access_level":1,"share_token":"","is_paid":false},"yoast_head":"<!-- This site is optimized with the Yoast SEO plugin v26.4 - https:\/\/yoast.com\/wordpress\/plugins\/seo\/ -->\n<title>Kuu kutistuu, toistuuko Pluton tragedia? - Taivaan t\u00e4hden<\/title>\n<meta name=\"robots\" content=\"index, follow, max-snippet:-1, max-image-preview:large, max-video-preview:-1\" \/>\n<link rel=\"canonical\" href=\"https:\/\/suomenkuvalehti.fi\/taivaan-tahden\/2019\/05\/14\/kuu-kutistuu-toistuuko-pluton-tragedia\/\" \/>\n<meta property=\"og:locale\" content=\"fi_FI\" \/>\n<meta property=\"og:type\" content=\"article\" \/>\n<meta property=\"og:title\" content=\"Kuu kutistuu, toistuuko Pluton tragedia? - Taivaan t\u00e4hden\" \/>\n<meta property=\"og:description\" content=\"Tuoreiden tutkimustulosten mukaan oman kiertolaisemme Kuun l\u00e4pimitta pienenee. LRO-luotaimen (Lunar Reconnaissance Orbiter) ottamien kuvien perusteella Kylmyyden meren basaltin peitt\u00e4m\u00e4 pinta el\u00e4\u00e4: se liikkuu hitaasti ja siihen syntyy halkeamia. Tutkijat arvelevat sen johtuvan Kuun kuti&hellip;\" \/>\n<meta property=\"og:url\" content=\"https:\/\/suomenkuvalehti.fi\/taivaan-tahden\/2019\/05\/14\/kuu-kutistuu-toistuuko-pluton-tragedia\/\" \/>\n<meta property=\"og:site_name\" content=\"Taivaan t\u00e4hden\" \/>\n<meta property=\"article:published_time\" content=\"2019-05-14T11:28:04+00:00\" \/>\n<meta property=\"og:image\" content=\"https:\/\/suomenkuvalehti.fi\/taivaan-tahden\/wp-content\/uploads\/sites\/36\/2019\/05\/q_frigoris_sk.jpeg\" \/>\n\t<meta property=\"og:image:width\" content=\"3003\" \/>\n\t<meta property=\"og:image:height\" content=\"2001\" \/>\n\t<meta property=\"og:image:type\" content=\"image\/jpeg\" \/>\n<meta name=\"author\" content=\"Markus Hotakainen\" \/>\n<meta name=\"twitter:card\" content=\"summary_large_image\" \/>\n<meta name=\"twitter:label1\" content=\"Written by\" \/>\n\t<meta name=\"twitter:data1\" content=\"Markus Hotakainen\" \/>\n\t<meta name=\"twitter:label2\" content=\"Est. reading time\" \/>\n\t<meta name=\"twitter:data2\" content=\"2 minuuttia\" \/>\n<script type=\"application\/ld+json\" class=\"yoast-schema-graph\">{\"@context\":\"https:\/\/schema.org\",\"@graph\":[{\"@type\":\"WebPage\",\"@id\":\"https:\/\/suomenkuvalehti.fi\/taivaan-tahden\/2019\/05\/14\/kuu-kutistuu-toistuuko-pluton-tragedia\/\",\"url\":\"https:\/\/suomenkuvalehti.fi\/taivaan-tahden\/2019\/05\/14\/kuu-kutistuu-toistuuko-pluton-tragedia\/\",\"name\":\"Kuu kutistuu, toistuuko Pluton tragedia? - Taivaan t\u00e4hden\",\"isPartOf\":{\"@id\":\"https:\/\/suomenkuvalehti.fi\/taivaan-tahden\/#website\"},\"primaryImageOfPage\":{\"@id\":\"https:\/\/suomenkuvalehti.fi\/taivaan-tahden\/2019\/05\/14\/kuu-kutistuu-toistuuko-pluton-tragedia\/#primaryimage\"},\"image\":{\"@id\":\"https:\/\/suomenkuvalehti.fi\/taivaan-tahden\/2019\/05\/14\/kuu-kutistuu-toistuuko-pluton-tragedia\/#primaryimage\"},\"thumbnailUrl\":\"https:\/\/suomenkuvalehti.fi\/taivaan-tahden\/wp-content\/uploads\/sites\/36\/2019\/05\/q_frigoris_sk-1024x682.jpeg\",\"datePublished\":\"2019-05-14T11:28:04+00:00\",\"author\":{\"@id\":\"https:\/\/suomenkuvalehti.fi\/taivaan-tahden\/#\/schema\/person\/c9c1373acb19750e11084ef640abeae0\"},\"breadcrumb\":{\"@id\":\"https:\/\/suomenkuvalehti.fi\/taivaan-tahden\/2019\/05\/14\/kuu-kutistuu-toistuuko-pluton-tragedia\/#breadcrumb\"},\"inLanguage\":\"fi\",\"potentialAction\":[{\"@type\":\"ReadAction\",\"target\":[\"https:\/\/suomenkuvalehti.fi\/taivaan-tahden\/2019\/05\/14\/kuu-kutistuu-toistuuko-pluton-tragedia\/\"]}]},{\"@type\":\"ImageObject\",\"inLanguage\":\"fi\",\"@id\":\"https:\/\/suomenkuvalehti.fi\/taivaan-tahden\/2019\/05\/14\/kuu-kutistuu-toistuuko-pluton-tragedia\/#primaryimage\",\"url\":\"https:\/\/suomenkuvalehti.fi\/taivaan-tahden\/wp-content\/uploads\/sites\/36\/2019\/05\/q_frigoris_sk.jpeg\",\"contentUrl\":\"https:\/\/suomenkuvalehti.fi\/taivaan-tahden\/wp-content\/uploads\/sites\/36\/2019\/05\/q_frigoris_sk.jpeg\",\"width\":3003,\"height\":2001},{\"@type\":\"BreadcrumbList\",\"@id\":\"https:\/\/suomenkuvalehti.fi\/taivaan-tahden\/2019\/05\/14\/kuu-kutistuu-toistuuko-pluton-tragedia\/#breadcrumb\",\"itemListElement\":[{\"@type\":\"ListItem\",\"position\":1,\"name\":\"Home\",\"item\":\"https:\/\/suomenkuvalehti.fi\/taivaan-tahden\/\"},{\"@type\":\"ListItem\",\"position\":2,\"name\":\"Kuu kutistuu, toistuuko Pluton tragedia?\"}]},{\"@type\":\"WebSite\",\"@id\":\"https:\/\/suomenkuvalehti.fi\/taivaan-tahden\/#website\",\"url\":\"https:\/\/suomenkuvalehti.fi\/taivaan-tahden\/\",\"name\":\"Taivaan t\u00e4hden\",\"description\":\"Tiedetoimittaja Markus Hotakainen h\u00e4mm\u00e4stelee maailmankaikkeutta.\",\"potentialAction\":[{\"@type\":\"SearchAction\",\"target\":{\"@type\":\"EntryPoint\",\"urlTemplate\":\"https:\/\/suomenkuvalehti.fi\/haku\/?q={search_term_string}\"},\"query-input\":{\"@type\":\"PropertyValueSpecification\",\"valueRequired\":true,\"valueName\":\"search_term_string\"}}],\"inLanguage\":\"fi\"},{\"@type\":\"Person\",\"@id\":\"https:\/\/suomenkuvalehti.fi\/taivaan-tahden\/#\/schema\/person\/c9c1373acb19750e11084ef640abeae0\",\"name\":\"Markus Hotakainen\",\"image\":{\"@type\":\"ImageObject\",\"inLanguage\":\"fi\",\"@id\":\"https:\/\/suomenkuvalehti.fi\/taivaan-tahden\/#\/schema\/person\/image\/\",\"url\":\"https:\/\/suomenkuvalehti.fi\/taivaan-tahden\/wp-content\/uploads\/sites\/36\/2018\/05\/markus_hotakainen_blogi_pieni-150x150.jpg\",\"contentUrl\":\"https:\/\/suomenkuvalehti.fi\/taivaan-tahden\/wp-content\/uploads\/sites\/36\/2018\/05\/markus_hotakainen_blogi_pieni-150x150.jpg\",\"caption\":\"Markus Hotakainen\"},\"description\":\"Kirjoittaja on tiedetoimittaja ja tietokirjailija.\"}]}<\/script>\n<!-- \/ Yoast SEO plugin. -->","yoast_head_json":{"title":"Kuu kutistuu, toistuuko Pluton tragedia? - Taivaan t\u00e4hden","robots":{"index":"index","follow":"follow","max-snippet":"max-snippet:-1","max-image-preview":"max-image-preview:large","max-video-preview":"max-video-preview:-1"},"canonical":"https:\/\/suomenkuvalehti.fi\/taivaan-tahden\/2019\/05\/14\/kuu-kutistuu-toistuuko-pluton-tragedia\/","og_locale":"fi_FI","og_type":"article","og_title":"Kuu kutistuu, toistuuko Pluton tragedia? - Taivaan t\u00e4hden","og_description":"Tuoreiden tutkimustulosten mukaan oman kiertolaisemme Kuun l\u00e4pimitta pienenee. LRO-luotaimen (Lunar Reconnaissance Orbiter) ottamien kuvien perusteella Kylmyyden meren basaltin peitt\u00e4m\u00e4 pinta el\u00e4\u00e4: se liikkuu hitaasti ja siihen syntyy halkeamia. Tutkijat arvelevat sen johtuvan Kuun kuti&hellip;","og_url":"https:\/\/suomenkuvalehti.fi\/taivaan-tahden\/2019\/05\/14\/kuu-kutistuu-toistuuko-pluton-tragedia\/","og_site_name":"Taivaan t\u00e4hden","article_published_time":"2019-05-14T11:28:04+00:00","og_image":[{"width":3003,"height":2001,"url":"https:\/\/suomenkuvalehti.fi\/taivaan-tahden\/wp-content\/uploads\/sites\/36\/2019\/05\/q_frigoris_sk.jpeg","type":"image\/jpeg"}],"author":"Markus Hotakainen","twitter_card":"summary_large_image","twitter_misc":{"Written by":"Markus Hotakainen","Est. reading time":"2 minuuttia"},"schema":{"@context":"https:\/\/schema.org","@graph":[{"@type":"WebPage","@id":"https:\/\/suomenkuvalehti.fi\/taivaan-tahden\/2019\/05\/14\/kuu-kutistuu-toistuuko-pluton-tragedia\/","url":"https:\/\/suomenkuvalehti.fi\/taivaan-tahden\/2019\/05\/14\/kuu-kutistuu-toistuuko-pluton-tragedia\/","name":"Kuu kutistuu, toistuuko Pluton tragedia? - Taivaan t\u00e4hden","isPartOf":{"@id":"https:\/\/suomenkuvalehti.fi\/taivaan-tahden\/#website"},"primaryImageOfPage":{"@id":"https:\/\/suomenkuvalehti.fi\/taivaan-tahden\/2019\/05\/14\/kuu-kutistuu-toistuuko-pluton-tragedia\/#primaryimage"},"image":{"@id":"https:\/\/suomenkuvalehti.fi\/taivaan-tahden\/2019\/05\/14\/kuu-kutistuu-toistuuko-pluton-tragedia\/#primaryimage"},"thumbnailUrl":"https:\/\/suomenkuvalehti.fi\/taivaan-tahden\/wp-content\/uploads\/sites\/36\/2019\/05\/q_frigoris_sk-1024x682.jpeg","datePublished":"2019-05-14T11:28:04+00:00","author":{"@id":"https:\/\/suomenkuvalehti.fi\/taivaan-tahden\/#\/schema\/person\/c9c1373acb19750e11084ef640abeae0"},"breadcrumb":{"@id":"https:\/\/suomenkuvalehti.fi\/taivaan-tahden\/2019\/05\/14\/kuu-kutistuu-toistuuko-pluton-tragedia\/#breadcrumb"},"inLanguage":"fi","potentialAction":[{"@type":"ReadAction","target":["https:\/\/suomenkuvalehti.fi\/taivaan-tahden\/2019\/05\/14\/kuu-kutistuu-toistuuko-pluton-tragedia\/"]}]},{"@type":"ImageObject","inLanguage":"fi","@id":"https:\/\/suomenkuvalehti.fi\/taivaan-tahden\/2019\/05\/14\/kuu-kutistuu-toistuuko-pluton-tragedia\/#primaryimage","url":"https:\/\/suomenkuvalehti.fi\/taivaan-tahden\/wp-content\/uploads\/sites\/36\/2019\/05\/q_frigoris_sk.jpeg","contentUrl":"https:\/\/suomenkuvalehti.fi\/taivaan-tahden\/wp-content\/uploads\/sites\/36\/2019\/05\/q_frigoris_sk.jpeg","width":3003,"height":2001},{"@type":"BreadcrumbList","@id":"https:\/\/suomenkuvalehti.fi\/taivaan-tahden\/2019\/05\/14\/kuu-kutistuu-toistuuko-pluton-tragedia\/#breadcrumb","itemListElement":[{"@type":"ListItem","position":1,"name":"Home","item":"https:\/\/suomenkuvalehti.fi\/taivaan-tahden\/"},{"@type":"ListItem","position":2,"name":"Kuu kutistuu, toistuuko Pluton tragedia?"}]},{"@type":"WebSite","@id":"https:\/\/suomenkuvalehti.fi\/taivaan-tahden\/#website","url":"https:\/\/suomenkuvalehti.fi\/taivaan-tahden\/","name":"Taivaan t\u00e4hden","description":"Tiedetoimittaja Markus Hotakainen h\u00e4mm\u00e4stelee maailmankaikkeutta.","potentialAction":[{"@type":"SearchAction","target":{"@type":"EntryPoint","urlTemplate":"https:\/\/suomenkuvalehti.fi\/haku\/?q={search_term_string}"},"query-input":{"@type":"PropertyValueSpecification","valueRequired":true,"valueName":"search_term_string"}}],"inLanguage":"fi"},{"@type":"Person","@id":"https:\/\/suomenkuvalehti.fi\/taivaan-tahden\/#\/schema\/person\/c9c1373acb19750e11084ef640abeae0","name":"Markus Hotakainen","image":{"@type":"ImageObject","inLanguage":"fi","@id":"https:\/\/suomenkuvalehti.fi\/taivaan-tahden\/#\/schema\/person\/image\/","url":"https:\/\/suomenkuvalehti.fi\/taivaan-tahden\/wp-content\/uploads\/sites\/36\/2018\/05\/markus_hotakainen_blogi_pieni-150x150.jpg","contentUrl":"https:\/\/suomenkuvalehti.fi\/taivaan-tahden\/wp-content\/uploads\/sites\/36\/2018\/05\/markus_hotakainen_blogi_pieni-150x150.jpg","caption":"Markus Hotakainen"},"description":"Kirjoittaja on tiedetoimittaja ja tietokirjailija."}]}},"_links":{"self":[{"href":"https:\/\/suomenkuvalehti.fi\/taivaan-tahden\/wp-json\/wp\/v2\/posts\/2006","targetHints":{"allow":["GET"]}}],"collection":[{"href":"https:\/\/suomenkuvalehti.fi\/taivaan-tahden\/wp-json\/wp\/v2\/posts"}],"about":[{"href":"https:\/\/suomenkuvalehti.fi\/taivaan-tahden\/wp-json\/wp\/v2\/types\/post"}],"author":[{"embeddable":true,"href":"https:\/\/suomenkuvalehti.fi\/taivaan-tahden\/wp-json\/wp\/v2\/users\/557"}],"replies":[{"embeddable":true,"href":"https:\/\/suomenkuvalehti.fi\/taivaan-tahden\/wp-json\/wp\/v2\/comments?post=2006"}],"version-history":[{"count":3,"href":"https:\/\/suomenkuvalehti.fi\/taivaan-tahden\/wp-json\/wp\/v2\/posts\/2006\/revisions"}],"predecessor-version":[{"id":2010,"href":"https:\/\/suomenkuvalehti.fi\/taivaan-tahden\/wp-json\/wp\/v2\/posts\/2006\/revisions\/2010"}],"wp:attachment":[{"href":"https:\/\/suomenkuvalehti.fi\/taivaan-tahden\/wp-json\/wp\/v2\/media?parent=2006"}],"wp:term":[{"taxonomy":"category","embeddable":true,"href":"https:\/\/suomenkuvalehti.fi\/taivaan-tahden\/wp-json\/wp\/v2\/categories?post=2006"},{"taxonomy":"post_tag","embeddable":true,"href":"https:\/\/suomenkuvalehti.fi\/taivaan-tahden\/wp-json\/wp\/v2\/tags?post=2006"}],"curies":[{"name":"wp","href":"https:\/\/api.w.org\/{rel}","templated":true}]}}