{"id":2001,"date":"2019-05-11T18:32:35","date_gmt":"2019-05-11T15:32:35","guid":{"rendered":"https:\/\/suomenkuvalehti.fi\/taivaan-tahden\/?p=2001"},"modified":"2019-05-11T18:32:35","modified_gmt":"2019-05-11T15:32:35","slug":"ja-taas-mennaan-kuuhun","status":"publish","type":"post","link":"https:\/\/suomenkuvalehti.fi\/taivaan-tahden\/2019\/05\/11\/ja-taas-mennaan-kuuhun\/","title":{"rendered":"Ja taas menn\u00e4\u00e4n \u2013 Kuuhun"},"content":{"rendered":"<figure class=\"aligncenter size-large is-resized wp-block-image\">\n  <div class=\"wp-block-image__inner-container\">\n    <a href=\"https:\/\/suomenkuvalehti.fi\/taivaan-tahden\/wp-content\/uploads\/sites\/36\/2019\/05\/blue_moon_main-1280x720.jpg\"><img loading=\"lazy\" decoding=\"async\" src=\"https:\/\/suomenkuvalehti.fi\/taivaan-tahden\/wp-content\/uploads\/sites\/36\/2019\/05\/blue_moon_main-1280x720-1024x576.jpg\" alt=\"\" class=\"wp-image-2002\" width=\"1024\" height=\"576\" style=\"--aspect-ratio: 1.78\" srcset=\"https:\/\/suomenkuvalehti.fi\/taivaan-tahden\/wp-content\/uploads\/sites\/36\/2019\/05\/blue_moon_main-1280x720-1024x576.jpg 1024w, https:\/\/suomenkuvalehti.fi\/taivaan-tahden\/wp-content\/uploads\/sites\/36\/2019\/05\/blue_moon_main-1280x720-300x169.jpg 300w, https:\/\/suomenkuvalehti.fi\/taivaan-tahden\/wp-content\/uploads\/sites\/36\/2019\/05\/blue_moon_main-1280x720-768x432.jpg 768w, https:\/\/suomenkuvalehti.fi\/taivaan-tahden\/wp-content\/uploads\/sites\/36\/2019\/05\/blue_moon_main-1280x720-630x354.jpg 630w, https:\/\/suomenkuvalehti.fi\/taivaan-tahden\/wp-content\/uploads\/sites\/36\/2019\/05\/blue_moon_main-1280x720.jpg 1280w\" sizes=\"auto, (max-width: 1024px) 100vw, 1024px\" \/><\/a>    <figcaption class=\"wp-block-image__figcaption\">\n      Blue Moon valloittaa Kuun, mutta milloin? Kuva: Blue Origin          <\/figcaption>\n      <\/div>\n<\/figure>\n\n\n<p><span class=\"capitalized\">1970-luvun Spede-spektaakkelissa<\/span> <i>Viu-hah-hah-taja<\/i> sivutoiminen valtakunnansovittelija <b>Joona Maaper\u00e4<\/b> (roolissa legendaarinen n\u00e4yttelij\u00e4kolossi <b>Leo Lastum\u00e4ki<\/b>) joutuu ufomiesten mukanaan tuoman teknologian uhriksi. Oudot mielenhallintalaitteet saavat h\u00e4net tekem\u00e4\u00e4n kaikkea hullua ja aina kun sekoilu alkaa, Maaper\u00e4 toteaa: \u201dJa taas menn\u00e4\u00e4n!\u201d<\/p>\n\n\n\n<p>Avaruuskilpaa k\u00e4yvien miljard\u00f6\u00f6rien touhu vaikuttaa aika ajoin yht\u00e4 tempoilevalta kuin valtakunnansovittelijan vauhdikas viuhtominen.<\/p>\n\n\n\n<p>T\u00e4ll\u00e4 kertaa asialla on Amazon.com-kroisos <b>Jeff Bezos<\/b>, joka vastik\u00e4\u00e4n kertoi Blue Origin -yrityksens\u00e4 suunnitelmista aloittaa kuumatkat jo viiden vuoden kuluttua. Sanojensa vakuudeksi Bezos esitteli Blue Moon -laskeutujan, jolla voidaan kuskata Kuun pinnalle sek\u00e4 rahtia ett\u00e4 matkustajia.<\/p>\n\n\n\n<p><span class=\"capitalized\">Historia ei aina<\/span> v\u00e4ltt\u00e4m\u00e4tt\u00e4 toista itse\u00e4\u00e4n. Siin\u00e4 miss\u00e4 presidentti <b>John F. Kennedy<\/b> p\u00e4\u00e4tti aikoinaan valloittaa Kuun ja onnistui siin\u00e4 \u2013 joskin postuumisti \u2013 pelkk\u00e4 p\u00e4\u00e4t\u00f6s aloittaa kuumatkat ei viel\u00e4 tee niist\u00e4 todellisuutta. Ei ainakaan n\u00e4in tiukalla aikataululla, vaikka kuulentoja olisikin valmisteltu jo kolmen vuoden ajan.<\/p>\n\n\n\n<blockquote class=\"wp-block-quote\"><p>Apollo-lentoihin upposi nykyrahassa laskettuna yli 110 miljardia dollaria.<\/p><\/blockquote>\n\n\n\n<p>Bezosin suunnitelmissa ei ole pelk\u00e4st\u00e4\u00e4n pikavisiittej\u00e4 naapuriin, vaan aikomuksena on rakentaa Kuuhun tukikohta. Siihen tarvitaan paitsi kuulaskeutuja, my\u00f6s uusi, osittain uudelleen k\u00e4ytett\u00e4v\u00e4 ja entist\u00e4 voimakkaampi kantoraketti, New Glenn, jonka ensilento on t\u00e4hd\u00e4tty vuoteen 2021.<\/p>\n\n\n\n<p><span class=\"capitalized\">Kiirett\u00e4 pit\u00e4\u00e4<\/span> senkin kanssa.<\/p>\n\n\n\n<p>Aikoinaan Apollo-lentoihin upposi nykyrahassa laskettuna yli 110 miljardia dollaria. Silti tavoitteen saavuttamiseen \u2013 turvallisesti Kuuhun ja takaisin \u2013 meni aikaa kahdeksan vuotta.<\/p>\n\n\n\n<p>Vaikka avaruuslennoista ja -tekniikasta on paljon enemm\u00e4n kokemusta kuin 1960-luvulla, jolloin kaikki oli ihan uutta, Bezosin vuosittain satsaamat miljardi dollaria eiv\u00e4t v\u00e4ltt\u00e4m\u00e4tt\u00e4 riit\u00e4 Kuun \u201dvalloittamiseen\u201d muutaman vuoden kuluttua.<\/p>\n\n\n\n<p><span class=\"capitalized\">Hienoahan se olisi<\/span>, ja viisivuotiaasta avaruuslentoja seuranneena soisin, ett\u00e4 Kuuhun palattaisiin, mutta vaikka Bezosin korvamerkitsem\u00e4t rahat riitt\u00e4isiv\u00e4tkin, avaruudessa tulee vastaan hiukan toisenlaisia ongelmia kuin maailmanlaajuisen verkkokaupan py\u00f6ritt\u00e4misess\u00e4. Eik\u00e4 niit\u00e4 ratkota aina isolla rahallakaan, vaikka rajattomilta tuntuvilla resursseilla operoivasta kisaajasta voi silt\u00e4 tuntuakin.<\/p>\n\n\n\n<p><span class=\"capitalized\">Ennen kuulentoja<\/span> Blue Origin -yrityksen pit\u00e4isi saada k\u00e4yntiin turistilennot New Shepard -raketilla avaruuden rajalle. Ja niiden on m\u00e4\u00e4r\u00e4 alkaa jo t\u00e4n\u00e4 vuonna. Katsotaan nyt.<\/p>\n\n\n","protected":false},"excerpt":{"rendered":"<p>1970-luvun Spede-spektaakkelissa Viu-hah-hah-taja sivutoiminen valtakunnansovittelija Joona Maaper\u00e4 (roolissa legendaarinen n\u00e4yttelij\u00e4kolossi Leo Lastum\u00e4ki) joutuu ufomiesten mukanaan tuoman teknologian uhriksi. Oudot mielenhallintalaitteet saavat h\u00e4net tekem\u00e4\u00e4n kaikkea hullua ja aina kun sekoilu<br \/>\nalkaa,&hellip;<\/p>\n","protected":false},"author":557,"featured_media":0,"comment_status":"open","ping_status":"open","sticky":false,"template":"","format":"standard","meta":{"_acf_changed":false,"asauth_required_access_level":3,"asauth_cansharepaid":"true","om_header_attributes":[],"footnotes":"","om_featured_image_focal_point":[],"om_primary_tag":0,"om_contributors":[],"om_co_authors":[],"beyondwords_generate_audio":"","beyondwords_project_id":"","beyondwords_content_id":"","beyondwords_preview_token":"","beyondwords_player_content":"","beyondwords_player_style":"","beyondwords_language_code":"","beyondwords_language_id":"","beyondwords_title_voice_id":"","beyondwords_body_voice_id":"","beyondwords_summary_voice_id":"","beyondwords_error_message":"","beyondwords_disabled":"","beyondwords_delete_content":"","beyondwords_podcast_id":"","beyondwords_hash":"","publish_post_to_speechkit":"","speechkit_hash":"","speechkit_generate_audio":"","speechkit_project_id":"","speechkit_podcast_id":"","speechkit_error_message":"","speechkit_disabled":"","speechkit_access_key":"","speechkit_error":"","speechkit_info":"","speechkit_response":"","speechkit_retries":"","speechkit_status":"","speechkit_updated_at":"","_speechkit_link":"","_speechkit_text":""},"categories":[1],"tags":[772,771,770,5,773,774],"class_list":["post-2001","post","type-post","status-publish","format-standard","hentry","category-taivaan-tahden","tag-blue-moon","tag-blue-origin","tag-jeff-bezos","tag-kuu","tag-new-glenn","tag-new-shepard"],"om_views":null,"acf":{"tuuma_off":false,"tuuma_kysymys":"","tuuma_vastaus":""},"asauth":{"required_access_level":1,"share_token":"","is_paid":false},"yoast_head":"<!-- This site is optimized with the Yoast SEO plugin v26.4 - https:\/\/yoast.com\/wordpress\/plugins\/seo\/ -->\n<title>Ja taas menn\u00e4\u00e4n \u2013 Kuuhun - Taivaan t\u00e4hden<\/title>\n<meta name=\"robots\" content=\"index, follow, max-snippet:-1, max-image-preview:large, max-video-preview:-1\" \/>\n<link rel=\"canonical\" href=\"https:\/\/suomenkuvalehti.fi\/taivaan-tahden\/2019\/05\/11\/ja-taas-mennaan-kuuhun\/\" \/>\n<meta property=\"og:locale\" content=\"fi_FI\" \/>\n<meta property=\"og:type\" content=\"article\" \/>\n<meta property=\"og:title\" content=\"Ja taas menn\u00e4\u00e4n \u2013 Kuuhun - Taivaan t\u00e4hden\" \/>\n<meta property=\"og:description\" content=\"1970-luvun Spede-spektaakkelissa Viu-hah-hah-taja sivutoiminen valtakunnansovittelija Joona Maaper\u00e4 (roolissa legendaarinen n\u00e4yttelij\u00e4kolossi Leo Lastum\u00e4ki) joutuu ufomiesten mukanaan tuoman teknologian uhriksi. Oudot mielenhallintalaitteet saavat h\u00e4net tekem\u00e4\u00e4n kaikkea hullua ja aina kun sekoilu alkaa,&hellip;\" \/>\n<meta property=\"og:url\" content=\"https:\/\/suomenkuvalehti.fi\/taivaan-tahden\/2019\/05\/11\/ja-taas-mennaan-kuuhun\/\" \/>\n<meta property=\"og:site_name\" content=\"Taivaan t\u00e4hden\" \/>\n<meta property=\"article:published_time\" content=\"2019-05-11T15:32:35+00:00\" \/>\n<meta property=\"og:image\" content=\"https:\/\/suomenkuvalehti.fi\/taivaan-tahden\/wp-content\/uploads\/sites\/36\/2015\/04\/markus_hotakainen.jpg\" \/>\n\t<meta property=\"og:image:width\" content=\"500\" \/>\n\t<meta property=\"og:image:height\" content=\"500\" \/>\n\t<meta property=\"og:image:type\" content=\"image\/jpeg\" \/>\n<meta name=\"author\" content=\"Markus Hotakainen\" \/>\n<meta name=\"twitter:card\" content=\"summary_large_image\" \/>\n<meta name=\"twitter:label1\" content=\"Written by\" \/>\n\t<meta name=\"twitter:data1\" content=\"Markus Hotakainen\" \/>\n\t<meta name=\"twitter:label2\" content=\"Est. reading time\" \/>\n\t<meta name=\"twitter:data2\" content=\"2 minuuttia\" \/>\n<script type=\"application\/ld+json\" class=\"yoast-schema-graph\">{\"@context\":\"https:\/\/schema.org\",\"@graph\":[{\"@type\":\"WebPage\",\"@id\":\"https:\/\/suomenkuvalehti.fi\/taivaan-tahden\/2019\/05\/11\/ja-taas-mennaan-kuuhun\/\",\"url\":\"https:\/\/suomenkuvalehti.fi\/taivaan-tahden\/2019\/05\/11\/ja-taas-mennaan-kuuhun\/\",\"name\":\"Ja taas menn\u00e4\u00e4n \u2013 Kuuhun - Taivaan t\u00e4hden\",\"isPartOf\":{\"@id\":\"https:\/\/suomenkuvalehti.fi\/taivaan-tahden\/#website\"},\"primaryImageOfPage\":{\"@id\":\"https:\/\/suomenkuvalehti.fi\/taivaan-tahden\/2019\/05\/11\/ja-taas-mennaan-kuuhun\/#primaryimage\"},\"image\":{\"@id\":\"https:\/\/suomenkuvalehti.fi\/taivaan-tahden\/2019\/05\/11\/ja-taas-mennaan-kuuhun\/#primaryimage\"},\"thumbnailUrl\":\"https:\/\/suomenkuvalehti.fi\/taivaan-tahden\/wp-content\/uploads\/sites\/36\/2019\/05\/blue_moon_main-1280x720-1024x576.jpg\",\"datePublished\":\"2019-05-11T15:32:35+00:00\",\"author\":{\"@id\":\"https:\/\/suomenkuvalehti.fi\/taivaan-tahden\/#\/schema\/person\/c9c1373acb19750e11084ef640abeae0\"},\"breadcrumb\":{\"@id\":\"https:\/\/suomenkuvalehti.fi\/taivaan-tahden\/2019\/05\/11\/ja-taas-mennaan-kuuhun\/#breadcrumb\"},\"inLanguage\":\"fi\",\"potentialAction\":[{\"@type\":\"ReadAction\",\"target\":[\"https:\/\/suomenkuvalehti.fi\/taivaan-tahden\/2019\/05\/11\/ja-taas-mennaan-kuuhun\/\"]}]},{\"@type\":\"ImageObject\",\"inLanguage\":\"fi\",\"@id\":\"https:\/\/suomenkuvalehti.fi\/taivaan-tahden\/2019\/05\/11\/ja-taas-mennaan-kuuhun\/#primaryimage\",\"url\":\"https:\/\/suomenkuvalehti.fi\/taivaan-tahden\/wp-content\/uploads\/sites\/36\/2019\/05\/blue_moon_main-1280x720.jpg\",\"contentUrl\":\"https:\/\/suomenkuvalehti.fi\/taivaan-tahden\/wp-content\/uploads\/sites\/36\/2019\/05\/blue_moon_main-1280x720.jpg\",\"width\":1280,\"height\":720},{\"@type\":\"BreadcrumbList\",\"@id\":\"https:\/\/suomenkuvalehti.fi\/taivaan-tahden\/2019\/05\/11\/ja-taas-mennaan-kuuhun\/#breadcrumb\",\"itemListElement\":[{\"@type\":\"ListItem\",\"position\":1,\"name\":\"Home\",\"item\":\"https:\/\/suomenkuvalehti.fi\/taivaan-tahden\/\"},{\"@type\":\"ListItem\",\"position\":2,\"name\":\"Ja taas menn\u00e4\u00e4n \u2013 Kuuhun\"}]},{\"@type\":\"WebSite\",\"@id\":\"https:\/\/suomenkuvalehti.fi\/taivaan-tahden\/#website\",\"url\":\"https:\/\/suomenkuvalehti.fi\/taivaan-tahden\/\",\"name\":\"Taivaan t\u00e4hden\",\"description\":\"Tiedetoimittaja Markus Hotakainen h\u00e4mm\u00e4stelee maailmankaikkeutta.\",\"potentialAction\":[{\"@type\":\"SearchAction\",\"target\":{\"@type\":\"EntryPoint\",\"urlTemplate\":\"https:\/\/suomenkuvalehti.fi\/haku\/?q={search_term_string}\"},\"query-input\":{\"@type\":\"PropertyValueSpecification\",\"valueRequired\":true,\"valueName\":\"search_term_string\"}}],\"inLanguage\":\"fi\"},{\"@type\":\"Person\",\"@id\":\"https:\/\/suomenkuvalehti.fi\/taivaan-tahden\/#\/schema\/person\/c9c1373acb19750e11084ef640abeae0\",\"name\":\"Markus Hotakainen\",\"image\":{\"@type\":\"ImageObject\",\"inLanguage\":\"fi\",\"@id\":\"https:\/\/suomenkuvalehti.fi\/taivaan-tahden\/#\/schema\/person\/image\/\",\"url\":\"https:\/\/suomenkuvalehti.fi\/taivaan-tahden\/wp-content\/uploads\/sites\/36\/2018\/05\/markus_hotakainen_blogi_pieni-150x150.jpg\",\"contentUrl\":\"https:\/\/suomenkuvalehti.fi\/taivaan-tahden\/wp-content\/uploads\/sites\/36\/2018\/05\/markus_hotakainen_blogi_pieni-150x150.jpg\",\"caption\":\"Markus Hotakainen\"},\"description\":\"Kirjoittaja on tiedetoimittaja ja tietokirjailija.\"}]}<\/script>\n<!-- \/ Yoast SEO plugin. -->","yoast_head_json":{"title":"Ja taas menn\u00e4\u00e4n \u2013 Kuuhun - Taivaan t\u00e4hden","robots":{"index":"index","follow":"follow","max-snippet":"max-snippet:-1","max-image-preview":"max-image-preview:large","max-video-preview":"max-video-preview:-1"},"canonical":"https:\/\/suomenkuvalehti.fi\/taivaan-tahden\/2019\/05\/11\/ja-taas-mennaan-kuuhun\/","og_locale":"fi_FI","og_type":"article","og_title":"Ja taas menn\u00e4\u00e4n \u2013 Kuuhun - Taivaan t\u00e4hden","og_description":"1970-luvun Spede-spektaakkelissa Viu-hah-hah-taja sivutoiminen valtakunnansovittelija Joona Maaper\u00e4 (roolissa legendaarinen n\u00e4yttelij\u00e4kolossi Leo Lastum\u00e4ki) joutuu ufomiesten mukanaan tuoman teknologian uhriksi. Oudot mielenhallintalaitteet saavat h\u00e4net tekem\u00e4\u00e4n kaikkea hullua ja aina kun sekoilu alkaa,&hellip;","og_url":"https:\/\/suomenkuvalehti.fi\/taivaan-tahden\/2019\/05\/11\/ja-taas-mennaan-kuuhun\/","og_site_name":"Taivaan t\u00e4hden","article_published_time":"2019-05-11T15:32:35+00:00","og_image":[{"width":500,"height":500,"url":"https:\/\/suomenkuvalehti.fi\/taivaan-tahden\/wp-content\/uploads\/sites\/36\/2015\/04\/markus_hotakainen.jpg","type":"image\/jpeg"}],"author":"Markus Hotakainen","twitter_card":"summary_large_image","twitter_misc":{"Written by":"Markus Hotakainen","Est. reading time":"2 minuuttia"},"schema":{"@context":"https:\/\/schema.org","@graph":[{"@type":"WebPage","@id":"https:\/\/suomenkuvalehti.fi\/taivaan-tahden\/2019\/05\/11\/ja-taas-mennaan-kuuhun\/","url":"https:\/\/suomenkuvalehti.fi\/taivaan-tahden\/2019\/05\/11\/ja-taas-mennaan-kuuhun\/","name":"Ja taas menn\u00e4\u00e4n \u2013 Kuuhun - Taivaan t\u00e4hden","isPartOf":{"@id":"https:\/\/suomenkuvalehti.fi\/taivaan-tahden\/#website"},"primaryImageOfPage":{"@id":"https:\/\/suomenkuvalehti.fi\/taivaan-tahden\/2019\/05\/11\/ja-taas-mennaan-kuuhun\/#primaryimage"},"image":{"@id":"https:\/\/suomenkuvalehti.fi\/taivaan-tahden\/2019\/05\/11\/ja-taas-mennaan-kuuhun\/#primaryimage"},"thumbnailUrl":"https:\/\/suomenkuvalehti.fi\/taivaan-tahden\/wp-content\/uploads\/sites\/36\/2019\/05\/blue_moon_main-1280x720-1024x576.jpg","datePublished":"2019-05-11T15:32:35+00:00","author":{"@id":"https:\/\/suomenkuvalehti.fi\/taivaan-tahden\/#\/schema\/person\/c9c1373acb19750e11084ef640abeae0"},"breadcrumb":{"@id":"https:\/\/suomenkuvalehti.fi\/taivaan-tahden\/2019\/05\/11\/ja-taas-mennaan-kuuhun\/#breadcrumb"},"inLanguage":"fi","potentialAction":[{"@type":"ReadAction","target":["https:\/\/suomenkuvalehti.fi\/taivaan-tahden\/2019\/05\/11\/ja-taas-mennaan-kuuhun\/"]}]},{"@type":"ImageObject","inLanguage":"fi","@id":"https:\/\/suomenkuvalehti.fi\/taivaan-tahden\/2019\/05\/11\/ja-taas-mennaan-kuuhun\/#primaryimage","url":"https:\/\/suomenkuvalehti.fi\/taivaan-tahden\/wp-content\/uploads\/sites\/36\/2019\/05\/blue_moon_main-1280x720.jpg","contentUrl":"https:\/\/suomenkuvalehti.fi\/taivaan-tahden\/wp-content\/uploads\/sites\/36\/2019\/05\/blue_moon_main-1280x720.jpg","width":1280,"height":720},{"@type":"BreadcrumbList","@id":"https:\/\/suomenkuvalehti.fi\/taivaan-tahden\/2019\/05\/11\/ja-taas-mennaan-kuuhun\/#breadcrumb","itemListElement":[{"@type":"ListItem","position":1,"name":"Home","item":"https:\/\/suomenkuvalehti.fi\/taivaan-tahden\/"},{"@type":"ListItem","position":2,"name":"Ja taas menn\u00e4\u00e4n \u2013 Kuuhun"}]},{"@type":"WebSite","@id":"https:\/\/suomenkuvalehti.fi\/taivaan-tahden\/#website","url":"https:\/\/suomenkuvalehti.fi\/taivaan-tahden\/","name":"Taivaan t\u00e4hden","description":"Tiedetoimittaja Markus Hotakainen h\u00e4mm\u00e4stelee maailmankaikkeutta.","potentialAction":[{"@type":"SearchAction","target":{"@type":"EntryPoint","urlTemplate":"https:\/\/suomenkuvalehti.fi\/haku\/?q={search_term_string}"},"query-input":{"@type":"PropertyValueSpecification","valueRequired":true,"valueName":"search_term_string"}}],"inLanguage":"fi"},{"@type":"Person","@id":"https:\/\/suomenkuvalehti.fi\/taivaan-tahden\/#\/schema\/person\/c9c1373acb19750e11084ef640abeae0","name":"Markus Hotakainen","image":{"@type":"ImageObject","inLanguage":"fi","@id":"https:\/\/suomenkuvalehti.fi\/taivaan-tahden\/#\/schema\/person\/image\/","url":"https:\/\/suomenkuvalehti.fi\/taivaan-tahden\/wp-content\/uploads\/sites\/36\/2018\/05\/markus_hotakainen_blogi_pieni-150x150.jpg","contentUrl":"https:\/\/suomenkuvalehti.fi\/taivaan-tahden\/wp-content\/uploads\/sites\/36\/2018\/05\/markus_hotakainen_blogi_pieni-150x150.jpg","caption":"Markus Hotakainen"},"description":"Kirjoittaja on tiedetoimittaja ja tietokirjailija."}]}},"_links":{"self":[{"href":"https:\/\/suomenkuvalehti.fi\/taivaan-tahden\/wp-json\/wp\/v2\/posts\/2001","targetHints":{"allow":["GET"]}}],"collection":[{"href":"https:\/\/suomenkuvalehti.fi\/taivaan-tahden\/wp-json\/wp\/v2\/posts"}],"about":[{"href":"https:\/\/suomenkuvalehti.fi\/taivaan-tahden\/wp-json\/wp\/v2\/types\/post"}],"author":[{"embeddable":true,"href":"https:\/\/suomenkuvalehti.fi\/taivaan-tahden\/wp-json\/wp\/v2\/users\/557"}],"replies":[{"embeddable":true,"href":"https:\/\/suomenkuvalehti.fi\/taivaan-tahden\/wp-json\/wp\/v2\/comments?post=2001"}],"version-history":[{"count":3,"href":"https:\/\/suomenkuvalehti.fi\/taivaan-tahden\/wp-json\/wp\/v2\/posts\/2001\/revisions"}],"predecessor-version":[{"id":2005,"href":"https:\/\/suomenkuvalehti.fi\/taivaan-tahden\/wp-json\/wp\/v2\/posts\/2001\/revisions\/2005"}],"wp:attachment":[{"href":"https:\/\/suomenkuvalehti.fi\/taivaan-tahden\/wp-json\/wp\/v2\/media?parent=2001"}],"wp:term":[{"taxonomy":"category","embeddable":true,"href":"https:\/\/suomenkuvalehti.fi\/taivaan-tahden\/wp-json\/wp\/v2\/categories?post=2001"},{"taxonomy":"post_tag","embeddable":true,"href":"https:\/\/suomenkuvalehti.fi\/taivaan-tahden\/wp-json\/wp\/v2\/tags?post=2001"}],"curies":[{"name":"wp","href":"https:\/\/api.w.org\/{rel}","templated":true}]}}