{"id":1973,"date":"2019-04-16T13:34:12","date_gmt":"2019-04-16T10:34:12","guid":{"rendered":"https:\/\/suomenkuvalehti.fi\/taivaan-tahden\/?p=1973"},"modified":"2019-04-16T13:34:12","modified_gmt":"2019-04-16T10:34:12","slug":"poukkoileva-paasiainen-kaikuja-maakeskisesta-maailmankuvasta","status":"publish","type":"post","link":"https:\/\/suomenkuvalehti.fi\/taivaan-tahden\/2019\/04\/16\/poukkoileva-paasiainen-kaikuja-maakeskisesta-maailmankuvasta\/","title":{"rendered":"Poukkoileva p\u00e4\u00e4si\u00e4inen \u2013 kaikuja maakeskisest\u00e4 maailmankuvasta?"},"content":{"rendered":"<figure class=\"aligncenter size-large is-resized wp-block-image\">\n  <div class=\"wp-block-image__inner-container\">\n    <a href=\"https:\/\/suomenkuvalehti.fi\/taivaan-tahden\/wp-content\/uploads\/sites\/36\/2019\/04\/kuu_20032019.jpeg\"><img loading=\"lazy\" decoding=\"async\" src=\"https:\/\/suomenkuvalehti.fi\/taivaan-tahden\/wp-content\/uploads\/sites\/36\/2019\/04\/kuu_20032019-1024x682.jpeg\" alt=\"\" class=\"wp-image-1974\" width=\"1024\" height=\"682\" style=\"--aspect-ratio: 1.5\" srcset=\"https:\/\/suomenkuvalehti.fi\/taivaan-tahden\/wp-content\/uploads\/sites\/36\/2019\/04\/kuu_20032019-1024x682.jpeg 1024w, https:\/\/suomenkuvalehti.fi\/taivaan-tahden\/wp-content\/uploads\/sites\/36\/2019\/04\/kuu_20032019-300x200.jpeg 300w, https:\/\/suomenkuvalehti.fi\/taivaan-tahden\/wp-content\/uploads\/sites\/36\/2019\/04\/kuu_20032019-768x512.jpeg 768w, https:\/\/suomenkuvalehti.fi\/taivaan-tahden\/wp-content\/uploads\/sites\/36\/2019\/04\/kuu_20032019-630x420.jpeg 630w\" sizes=\"auto, (max-width: 1024px) 100vw, 1024px\" \/><\/a>    <figcaption class=\"wp-block-image__figcaption\">\n      Kuu m\u00e4\u00e4r\u00e4\u00e4 p\u00e4\u00e4si\u00e4isen ajankohdan \u2013 tai jos tarkkoja ollaan, keskikuu. Kuva: Markus Hotakainen          <\/figcaption>\n      <\/div>\n<\/figure>\n\n\n<p><span class=\"capitalized\">P\u00e4\u00e4si\u00e4inen<\/span> on siit\u00e4 hassu pyh\u00e4nseutu, ett\u00e4 se tuntuu olevan milloin sattuu: heittoa on suurimmillaan toista kuukautta. Varhaisimmillaan se voi olla jo 22. maaliskuuta, my\u00f6h\u00e4isimmill\u00e4\u00e4n 25. huhtikuuta.<\/p>\n\n\n\n<p>Mist\u00e4 moinen vaihtelu? Syyn\u00e4 on se, ett\u00e4 ihkaensimm\u00e4isen p\u00e4\u00e4si\u00e4isen tarkkaa ajankohtaa ei tiedet\u00e4. Niinp\u00e4 viisaat kirkkois\u00e4t p\u00e4\u00e4ttiv\u00e4t vuonna 325 Nikeassa, ett\u00e4 p\u00e4\u00e4si\u00e4inen on kev\u00e4tp\u00e4iv\u00e4ntasaukseen osuvan tai seuraavan sen j\u00e4lkeen sattuvan t\u00e4ysikuun j\u00e4lkeisen\u00e4 sunnuntaina.<\/p>\n\n\n\n<blockquote class=\"wp-block-quote\"><p>Kirkolliskokouksen aikoihin t\u00e4htitiede oli viel\u00e4 lapsenkengiss\u00e4.<\/p><\/blockquote>\n\n\n\n<p><span class=\"capitalized\">T\u00e4n\u00e4 vuonna<\/span> kev\u00e4tp\u00e4iv\u00e4ntasaus oli 20.3. ja t\u00e4ysikuu heti sit\u00e4 seuraavana p\u00e4iv\u00e4n\u00e4. P\u00e4\u00e4si\u00e4ist\u00e4 olisi siis ikivanhan s\u00e4\u00e4nn\u00f6n mukaan pit\u00e4nyt viett\u00e4\u00e4 jo 24.3. Eip\u00e4 vietetty. M\u00e4mmi\u00e4 ahmitaan virallisesti vasta 21.4.<\/p>\n\n\n\n<p>Sotkun syyn\u00e4 on Kuun ep\u00e4tasainen liike. Nikean kirkolliskokouksen aikoihin t\u00e4htitiede oli viel\u00e4 lapsenkengiss\u00e4, oikeastaan vasta vauvantossuissa, eik\u00e4 Kuun vaiheita pystytty laskemaan kovin kummoisella tarkkuudella.<\/p>\n\n\n\n<p>Nykyisin tiedet\u00e4\u00e4n, ett\u00e4 Kuun kiertorata on hieman soikea, joten sen nopeus vaihtelee. Siksi Kuun vaiheiden v\u00e4liajat vaihtelevat l\u00e4hes kahden vuorokauden verran.<\/p>\n\n\n\n<p><span class=\"capitalized\">Kuvitteellinen keskikuu<\/span> sen sijaan kiert\u00e4\u00e4 Maata tasaisella nopeudella. Kiertoaika on sama kuin todellisen Kuun, mutta vaiheet eiv\u00e4t v\u00e4ltt\u00e4m\u00e4tt\u00e4 osu aina yksiin. Keskikuun mukainen laskennallinen t\u00e4ysikuu voi olla eri p\u00e4iv\u00e4n\u00e4 kuin oikea ja aito t\u00e4ysikuu.<\/p>\n\n\n\n<p>Tasainen kiertonopeus kilisyttelee jotain kelloja\u2026 Kyll\u00e4, muinaisessa maakeskisess\u00e4 j\u00e4rjestelm\u00e4ss\u00e4 kaikki taivaankappaleet kiersiv\u00e4t tasaisella nopeudella pitkin ympyr\u00e4nmuotoisia ratoja, joiden keskipisteess\u00e4 oli\u2026 Maa.<\/p>\n\n\n\n<p>Kun 1600-luvun alkupuolella siirryttiin hissuksiin aurinkokeskiseen j\u00e4rjestelm\u00e4\u00e4n, Kuu pysyi tietysti entisell\u00e4 paikallaan eli kiert\u00e4m\u00e4ss\u00e4 Maata, mutta kaikki planeetat \u2013 my\u00f6s Maa \u2013 kiersiv\u00e4tkin Aurinkoa.<\/p>\n\n\n\n<p>Ne eiv\u00e4t en\u00e4\u00e4 vaeltaneet ympyr\u00e4n- vaan ellipsinmuotoisilla radoilla. Eik\u00e4 niiden nopeuskaan ollut en\u00e4\u00e4 tasainen. Ellipsiradalla planeetan kiertoliike on nopeinta l\u00e4himp\u00e4n\u00e4 Aurinkoa ja hitainta kauimpana Auringosta. Sama p\u00e4tee Kuuhun: l\u00e4himp\u00e4n\u00e4 Maata se viilett\u00e4\u00e4 rataansa pitkin suurimmalla nopeudella.<\/p>\n\n\n\n<p><span class=\"capitalized\">T\u00e4m\u00e4nkev\u00e4inen<\/span> viiv\u00e4stynyt p\u00e4\u00e4si\u00e4inen johtuu monesta tekij\u00e4st\u00e4. Ensinn\u00e4kin kev\u00e4tp\u00e4iv\u00e4ntasaus oli jo 20.3. vaikka se kirkollisen p\u00e4\u00e4si\u00e4iss\u00e4\u00e4nn\u00f6n mukaan on aina 21.3. Keskikuun mukainen t\u00e4ysikuu oli edellisen\u00e4 p\u00e4iv\u00e4n\u00e4 eli 20.3. vaikka Kuu kumotti todellisuudessa t\u00e4yten\u00e4 vasta 21.3.<\/p>\n\n\n\n<p>Laskennallisesti kev\u00e4tp\u00e4iv\u00e4ntasauksen j\u00e4lkeinen t\u00e4ysikuu on siis vasta 18.4. \u2013 siin\u00e4kin on heittoa, sill\u00e4 oikeasti t\u00e4ysikuu on 19.4. \u2013 joten p\u00e4\u00e4si\u00e4inen on sit\u00e4 seuraavana sunnuntaina eli 21.4.<\/p>\n\n\n\n<p>Yksinkertaista, eik\u00f6 totta?<\/p>\n\n\n","protected":false},"excerpt":{"rendered":"<p>P\u00e4\u00e4si\u00e4inen on siit\u00e4 hassu pyh\u00e4nseutu, ett\u00e4 se tuntuu olevan milloin sattuu: heittoa on suurimmillaan toista kuukautta. Varhaisimmillaan se voi olla jo 22. maaliskuuta, my\u00f6h\u00e4isimmill\u00e4\u00e4n 25. huhtikuuta. Mist\u00e4 moinen vaihtelu? Syyn\u00e4 on se, ett\u00e4<br \/>\nihkaensimm\u00e4i&hellip;<\/p>\n","protected":false},"author":557,"featured_media":0,"comment_status":"open","ping_status":"open","sticky":false,"template":"","format":"standard","meta":{"_acf_changed":false,"asauth_required_access_level":3,"asauth_cansharepaid":"true","om_header_attributes":[],"footnotes":"","om_featured_image_focal_point":[],"om_primary_tag":0,"om_contributors":[],"om_co_authors":[],"beyondwords_generate_audio":"","beyondwords_project_id":"","beyondwords_content_id":"","beyondwords_preview_token":"","beyondwords_player_content":"","beyondwords_player_style":"","beyondwords_language_code":"","beyondwords_language_id":"","beyondwords_title_voice_id":"","beyondwords_body_voice_id":"","beyondwords_summary_voice_id":"","beyondwords_error_message":"","beyondwords_disabled":"","beyondwords_delete_content":"","beyondwords_podcast_id":"","beyondwords_hash":"","publish_post_to_speechkit":"","speechkit_hash":"","speechkit_generate_audio":"","speechkit_project_id":"","speechkit_podcast_id":"","speechkit_error_message":"","speechkit_disabled":"","speechkit_access_key":"","speechkit_error":"","speechkit_info":"","speechkit_response":"","speechkit_retries":"","speechkit_status":"","speechkit_updated_at":"","_speechkit_link":"","_speechkit_text":""},"categories":[1],"tags":[756,757,5,758,134],"class_list":["post-1973","post","type-post","status-publish","format-standard","hentry","category-taivaan-tahden","tag-keskikuu","tag-kevatpaivantasaus","tag-kuu","tag-paasiainen","tag-taysikuu"],"om_views":null,"acf":{"tuuma_off":false,"tuuma_kysymys":"","tuuma_vastaus":""},"asauth":{"required_access_level":1,"share_token":"","is_paid":false},"yoast_head":"<!-- This site is optimized with the Yoast SEO plugin v26.4 - https:\/\/yoast.com\/wordpress\/plugins\/seo\/ -->\n<title>Poukkoileva p\u00e4\u00e4si\u00e4inen \u2013 kaikuja maakeskisest\u00e4 maailmankuvasta? - Taivaan t\u00e4hden<\/title>\n<meta name=\"robots\" content=\"index, follow, max-snippet:-1, max-image-preview:large, max-video-preview:-1\" \/>\n<link rel=\"canonical\" href=\"https:\/\/suomenkuvalehti.fi\/taivaan-tahden\/2019\/04\/16\/poukkoileva-paasiainen-kaikuja-maakeskisesta-maailmankuvasta\/\" \/>\n<meta property=\"og:locale\" content=\"fi_FI\" \/>\n<meta property=\"og:type\" content=\"article\" \/>\n<meta property=\"og:title\" content=\"Poukkoileva p\u00e4\u00e4si\u00e4inen \u2013 kaikuja maakeskisest\u00e4 maailmankuvasta? - Taivaan t\u00e4hden\" \/>\n<meta property=\"og:description\" content=\"P\u00e4\u00e4si\u00e4inen on siit\u00e4 hassu pyh\u00e4nseutu, ett\u00e4 se tuntuu olevan milloin sattuu: heittoa on suurimmillaan toista kuukautta. Varhaisimmillaan se voi olla jo 22. maaliskuuta, my\u00f6h\u00e4isimmill\u00e4\u00e4n 25. huhtikuuta. Mist\u00e4 moinen vaihtelu? Syyn\u00e4 on se, ett\u00e4 ihkaensimm\u00e4i&hellip;\" \/>\n<meta property=\"og:url\" content=\"https:\/\/suomenkuvalehti.fi\/taivaan-tahden\/2019\/04\/16\/poukkoileva-paasiainen-kaikuja-maakeskisesta-maailmankuvasta\/\" \/>\n<meta property=\"og:site_name\" content=\"Taivaan t\u00e4hden\" \/>\n<meta property=\"article:published_time\" content=\"2019-04-16T10:34:12+00:00\" \/>\n<meta property=\"og:image\" content=\"https:\/\/suomenkuvalehti.fi\/taivaan-tahden\/wp-content\/uploads\/sites\/36\/2019\/04\/kuu_20032019-1024x682.jpeg\" \/>\n\t<meta property=\"og:image:width\" content=\"1024\" \/>\n\t<meta property=\"og:image:height\" content=\"682\" \/>\n\t<meta property=\"og:image:type\" content=\"image\/jpeg\" \/>\n<meta name=\"author\" content=\"Markus Hotakainen\" \/>\n<meta name=\"twitter:card\" content=\"summary_large_image\" \/>\n<meta name=\"twitter:label1\" content=\"Written by\" \/>\n\t<meta name=\"twitter:data1\" content=\"Markus Hotakainen\" \/>\n\t<meta name=\"twitter:label2\" content=\"Est. reading time\" \/>\n\t<meta name=\"twitter:data2\" content=\"2 minuuttia\" \/>\n<script type=\"application\/ld+json\" class=\"yoast-schema-graph\">{\"@context\":\"https:\/\/schema.org\",\"@graph\":[{\"@type\":\"WebPage\",\"@id\":\"https:\/\/suomenkuvalehti.fi\/taivaan-tahden\/2019\/04\/16\/poukkoileva-paasiainen-kaikuja-maakeskisesta-maailmankuvasta\/\",\"url\":\"https:\/\/suomenkuvalehti.fi\/taivaan-tahden\/2019\/04\/16\/poukkoileva-paasiainen-kaikuja-maakeskisesta-maailmankuvasta\/\",\"name\":\"Poukkoileva p\u00e4\u00e4si\u00e4inen \u2013 kaikuja maakeskisest\u00e4 maailmankuvasta? - Taivaan t\u00e4hden\",\"isPartOf\":{\"@id\":\"https:\/\/suomenkuvalehti.fi\/taivaan-tahden\/#website\"},\"primaryImageOfPage\":{\"@id\":\"https:\/\/suomenkuvalehti.fi\/taivaan-tahden\/2019\/04\/16\/poukkoileva-paasiainen-kaikuja-maakeskisesta-maailmankuvasta\/#primaryimage\"},\"image\":{\"@id\":\"https:\/\/suomenkuvalehti.fi\/taivaan-tahden\/2019\/04\/16\/poukkoileva-paasiainen-kaikuja-maakeskisesta-maailmankuvasta\/#primaryimage\"},\"thumbnailUrl\":\"https:\/\/suomenkuvalehti.fi\/taivaan-tahden\/wp-content\/uploads\/sites\/36\/2019\/04\/kuu_20032019-1024x682.jpeg\",\"datePublished\":\"2019-04-16T10:34:12+00:00\",\"author\":{\"@id\":\"https:\/\/suomenkuvalehti.fi\/taivaan-tahden\/#\/schema\/person\/c9c1373acb19750e11084ef640abeae0\"},\"breadcrumb\":{\"@id\":\"https:\/\/suomenkuvalehti.fi\/taivaan-tahden\/2019\/04\/16\/poukkoileva-paasiainen-kaikuja-maakeskisesta-maailmankuvasta\/#breadcrumb\"},\"inLanguage\":\"fi\",\"potentialAction\":[{\"@type\":\"ReadAction\",\"target\":[\"https:\/\/suomenkuvalehti.fi\/taivaan-tahden\/2019\/04\/16\/poukkoileva-paasiainen-kaikuja-maakeskisesta-maailmankuvasta\/\"]}]},{\"@type\":\"ImageObject\",\"inLanguage\":\"fi\",\"@id\":\"https:\/\/suomenkuvalehti.fi\/taivaan-tahden\/2019\/04\/16\/poukkoileva-paasiainen-kaikuja-maakeskisesta-maailmankuvasta\/#primaryimage\",\"url\":\"https:\/\/suomenkuvalehti.fi\/taivaan-tahden\/wp-content\/uploads\/sites\/36\/2019\/04\/kuu_20032019.jpeg\",\"contentUrl\":\"https:\/\/suomenkuvalehti.fi\/taivaan-tahden\/wp-content\/uploads\/sites\/36\/2019\/04\/kuu_20032019.jpeg\",\"width\":3300,\"height\":2199},{\"@type\":\"BreadcrumbList\",\"@id\":\"https:\/\/suomenkuvalehti.fi\/taivaan-tahden\/2019\/04\/16\/poukkoileva-paasiainen-kaikuja-maakeskisesta-maailmankuvasta\/#breadcrumb\",\"itemListElement\":[{\"@type\":\"ListItem\",\"position\":1,\"name\":\"Home\",\"item\":\"https:\/\/suomenkuvalehti.fi\/taivaan-tahden\/\"},{\"@type\":\"ListItem\",\"position\":2,\"name\":\"Poukkoileva p\u00e4\u00e4si\u00e4inen \u2013 kaikuja maakeskisest\u00e4 maailmankuvasta?\"}]},{\"@type\":\"WebSite\",\"@id\":\"https:\/\/suomenkuvalehti.fi\/taivaan-tahden\/#website\",\"url\":\"https:\/\/suomenkuvalehti.fi\/taivaan-tahden\/\",\"name\":\"Taivaan t\u00e4hden\",\"description\":\"Tiedetoimittaja Markus Hotakainen h\u00e4mm\u00e4stelee maailmankaikkeutta.\",\"potentialAction\":[{\"@type\":\"SearchAction\",\"target\":{\"@type\":\"EntryPoint\",\"urlTemplate\":\"https:\/\/suomenkuvalehti.fi\/haku\/?q={search_term_string}\"},\"query-input\":{\"@type\":\"PropertyValueSpecification\",\"valueRequired\":true,\"valueName\":\"search_term_string\"}}],\"inLanguage\":\"fi\"},{\"@type\":\"Person\",\"@id\":\"https:\/\/suomenkuvalehti.fi\/taivaan-tahden\/#\/schema\/person\/c9c1373acb19750e11084ef640abeae0\",\"name\":\"Markus Hotakainen\",\"image\":{\"@type\":\"ImageObject\",\"inLanguage\":\"fi\",\"@id\":\"https:\/\/suomenkuvalehti.fi\/taivaan-tahden\/#\/schema\/person\/image\/\",\"url\":\"https:\/\/suomenkuvalehti.fi\/taivaan-tahden\/wp-content\/uploads\/sites\/36\/2018\/05\/markus_hotakainen_blogi_pieni-150x150.jpg\",\"contentUrl\":\"https:\/\/suomenkuvalehti.fi\/taivaan-tahden\/wp-content\/uploads\/sites\/36\/2018\/05\/markus_hotakainen_blogi_pieni-150x150.jpg\",\"caption\":\"Markus Hotakainen\"},\"description\":\"Kirjoittaja on tiedetoimittaja ja tietokirjailija.\"}]}<\/script>\n<!-- \/ Yoast SEO plugin. -->","yoast_head_json":{"title":"Poukkoileva p\u00e4\u00e4si\u00e4inen \u2013 kaikuja maakeskisest\u00e4 maailmankuvasta? - Taivaan t\u00e4hden","robots":{"index":"index","follow":"follow","max-snippet":"max-snippet:-1","max-image-preview":"max-image-preview:large","max-video-preview":"max-video-preview:-1"},"canonical":"https:\/\/suomenkuvalehti.fi\/taivaan-tahden\/2019\/04\/16\/poukkoileva-paasiainen-kaikuja-maakeskisesta-maailmankuvasta\/","og_locale":"fi_FI","og_type":"article","og_title":"Poukkoileva p\u00e4\u00e4si\u00e4inen \u2013 kaikuja maakeskisest\u00e4 maailmankuvasta? - Taivaan t\u00e4hden","og_description":"P\u00e4\u00e4si\u00e4inen on siit\u00e4 hassu pyh\u00e4nseutu, ett\u00e4 se tuntuu olevan milloin sattuu: heittoa on suurimmillaan toista kuukautta. Varhaisimmillaan se voi olla jo 22. maaliskuuta, my\u00f6h\u00e4isimmill\u00e4\u00e4n 25. huhtikuuta. Mist\u00e4 moinen vaihtelu? Syyn\u00e4 on se, ett\u00e4 ihkaensimm\u00e4i&hellip;","og_url":"https:\/\/suomenkuvalehti.fi\/taivaan-tahden\/2019\/04\/16\/poukkoileva-paasiainen-kaikuja-maakeskisesta-maailmankuvasta\/","og_site_name":"Taivaan t\u00e4hden","article_published_time":"2019-04-16T10:34:12+00:00","og_image":[{"width":1024,"height":682,"url":"https:\/\/suomenkuvalehti.fi\/taivaan-tahden\/wp-content\/uploads\/sites\/36\/2019\/04\/kuu_20032019-1024x682.jpeg","type":"image\/jpeg"}],"author":"Markus Hotakainen","twitter_card":"summary_large_image","twitter_misc":{"Written by":"Markus Hotakainen","Est. reading time":"2 minuuttia"},"schema":{"@context":"https:\/\/schema.org","@graph":[{"@type":"WebPage","@id":"https:\/\/suomenkuvalehti.fi\/taivaan-tahden\/2019\/04\/16\/poukkoileva-paasiainen-kaikuja-maakeskisesta-maailmankuvasta\/","url":"https:\/\/suomenkuvalehti.fi\/taivaan-tahden\/2019\/04\/16\/poukkoileva-paasiainen-kaikuja-maakeskisesta-maailmankuvasta\/","name":"Poukkoileva p\u00e4\u00e4si\u00e4inen \u2013 kaikuja maakeskisest\u00e4 maailmankuvasta? - Taivaan t\u00e4hden","isPartOf":{"@id":"https:\/\/suomenkuvalehti.fi\/taivaan-tahden\/#website"},"primaryImageOfPage":{"@id":"https:\/\/suomenkuvalehti.fi\/taivaan-tahden\/2019\/04\/16\/poukkoileva-paasiainen-kaikuja-maakeskisesta-maailmankuvasta\/#primaryimage"},"image":{"@id":"https:\/\/suomenkuvalehti.fi\/taivaan-tahden\/2019\/04\/16\/poukkoileva-paasiainen-kaikuja-maakeskisesta-maailmankuvasta\/#primaryimage"},"thumbnailUrl":"https:\/\/suomenkuvalehti.fi\/taivaan-tahden\/wp-content\/uploads\/sites\/36\/2019\/04\/kuu_20032019-1024x682.jpeg","datePublished":"2019-04-16T10:34:12+00:00","author":{"@id":"https:\/\/suomenkuvalehti.fi\/taivaan-tahden\/#\/schema\/person\/c9c1373acb19750e11084ef640abeae0"},"breadcrumb":{"@id":"https:\/\/suomenkuvalehti.fi\/taivaan-tahden\/2019\/04\/16\/poukkoileva-paasiainen-kaikuja-maakeskisesta-maailmankuvasta\/#breadcrumb"},"inLanguage":"fi","potentialAction":[{"@type":"ReadAction","target":["https:\/\/suomenkuvalehti.fi\/taivaan-tahden\/2019\/04\/16\/poukkoileva-paasiainen-kaikuja-maakeskisesta-maailmankuvasta\/"]}]},{"@type":"ImageObject","inLanguage":"fi","@id":"https:\/\/suomenkuvalehti.fi\/taivaan-tahden\/2019\/04\/16\/poukkoileva-paasiainen-kaikuja-maakeskisesta-maailmankuvasta\/#primaryimage","url":"https:\/\/suomenkuvalehti.fi\/taivaan-tahden\/wp-content\/uploads\/sites\/36\/2019\/04\/kuu_20032019.jpeg","contentUrl":"https:\/\/suomenkuvalehti.fi\/taivaan-tahden\/wp-content\/uploads\/sites\/36\/2019\/04\/kuu_20032019.jpeg","width":3300,"height":2199},{"@type":"BreadcrumbList","@id":"https:\/\/suomenkuvalehti.fi\/taivaan-tahden\/2019\/04\/16\/poukkoileva-paasiainen-kaikuja-maakeskisesta-maailmankuvasta\/#breadcrumb","itemListElement":[{"@type":"ListItem","position":1,"name":"Home","item":"https:\/\/suomenkuvalehti.fi\/taivaan-tahden\/"},{"@type":"ListItem","position":2,"name":"Poukkoileva p\u00e4\u00e4si\u00e4inen \u2013 kaikuja maakeskisest\u00e4 maailmankuvasta?"}]},{"@type":"WebSite","@id":"https:\/\/suomenkuvalehti.fi\/taivaan-tahden\/#website","url":"https:\/\/suomenkuvalehti.fi\/taivaan-tahden\/","name":"Taivaan t\u00e4hden","description":"Tiedetoimittaja Markus Hotakainen h\u00e4mm\u00e4stelee maailmankaikkeutta.","potentialAction":[{"@type":"SearchAction","target":{"@type":"EntryPoint","urlTemplate":"https:\/\/suomenkuvalehti.fi\/haku\/?q={search_term_string}"},"query-input":{"@type":"PropertyValueSpecification","valueRequired":true,"valueName":"search_term_string"}}],"inLanguage":"fi"},{"@type":"Person","@id":"https:\/\/suomenkuvalehti.fi\/taivaan-tahden\/#\/schema\/person\/c9c1373acb19750e11084ef640abeae0","name":"Markus Hotakainen","image":{"@type":"ImageObject","inLanguage":"fi","@id":"https:\/\/suomenkuvalehti.fi\/taivaan-tahden\/#\/schema\/person\/image\/","url":"https:\/\/suomenkuvalehti.fi\/taivaan-tahden\/wp-content\/uploads\/sites\/36\/2018\/05\/markus_hotakainen_blogi_pieni-150x150.jpg","contentUrl":"https:\/\/suomenkuvalehti.fi\/taivaan-tahden\/wp-content\/uploads\/sites\/36\/2018\/05\/markus_hotakainen_blogi_pieni-150x150.jpg","caption":"Markus Hotakainen"},"description":"Kirjoittaja on tiedetoimittaja ja tietokirjailija."}]}},"_links":{"self":[{"href":"https:\/\/suomenkuvalehti.fi\/taivaan-tahden\/wp-json\/wp\/v2\/posts\/1973","targetHints":{"allow":["GET"]}}],"collection":[{"href":"https:\/\/suomenkuvalehti.fi\/taivaan-tahden\/wp-json\/wp\/v2\/posts"}],"about":[{"href":"https:\/\/suomenkuvalehti.fi\/taivaan-tahden\/wp-json\/wp\/v2\/types\/post"}],"author":[{"embeddable":true,"href":"https:\/\/suomenkuvalehti.fi\/taivaan-tahden\/wp-json\/wp\/v2\/users\/557"}],"replies":[{"embeddable":true,"href":"https:\/\/suomenkuvalehti.fi\/taivaan-tahden\/wp-json\/wp\/v2\/comments?post=1973"}],"version-history":[{"count":3,"href":"https:\/\/suomenkuvalehti.fi\/taivaan-tahden\/wp-json\/wp\/v2\/posts\/1973\/revisions"}],"predecessor-version":[{"id":1977,"href":"https:\/\/suomenkuvalehti.fi\/taivaan-tahden\/wp-json\/wp\/v2\/posts\/1973\/revisions\/1977"}],"wp:attachment":[{"href":"https:\/\/suomenkuvalehti.fi\/taivaan-tahden\/wp-json\/wp\/v2\/media?parent=1973"}],"wp:term":[{"taxonomy":"category","embeddable":true,"href":"https:\/\/suomenkuvalehti.fi\/taivaan-tahden\/wp-json\/wp\/v2\/categories?post=1973"},{"taxonomy":"post_tag","embeddable":true,"href":"https:\/\/suomenkuvalehti.fi\/taivaan-tahden\/wp-json\/wp\/v2\/tags?post=1973"}],"curies":[{"name":"wp","href":"https:\/\/api.w.org\/{rel}","templated":true}]}}