{"id":1949,"date":"2019-03-21T13:40:45","date_gmt":"2019-03-21T11:40:45","guid":{"rendered":"https:\/\/suomenkuvalehti.fi\/taivaan-tahden\/?p=1949"},"modified":"2019-03-21T13:40:45","modified_gmt":"2019-03-21T11:40:45","slug":"mikas-planeetta-kiersikaan-maata","status":"publish","type":"post","link":"https:\/\/suomenkuvalehti.fi\/taivaan-tahden\/2019\/03\/21\/mikas-planeetta-kiersikaan-maata\/","title":{"rendered":"Mik\u00e4s planeetta kiersik\u00e4\u00e4n Maata?"},"content":{"rendered":"<figure class=\"aligncenter size-large is-resized wp-block-image\">\n  <div class=\"wp-block-image__inner-container\">\n    <a href=\"https:\/\/suomenkuvalehti.fi\/taivaan-tahden\/wp-content\/uploads\/sites\/36\/2019\/03\/merkurius_iii_2017-1.jpg\"><img loading=\"lazy\" decoding=\"async\" src=\"https:\/\/suomenkuvalehti.fi\/taivaan-tahden\/wp-content\/uploads\/sites\/36\/2019\/03\/merkurius_iii_2017-1-1024x683.jpg\" alt=\"\" class=\"wp-image-1951\" width=\"1024\" height=\"683\" style=\"--aspect-ratio: 1.5\" srcset=\"https:\/\/suomenkuvalehti.fi\/taivaan-tahden\/wp-content\/uploads\/sites\/36\/2019\/03\/merkurius_iii_2017-1-1024x683.jpg 1024w, https:\/\/suomenkuvalehti.fi\/taivaan-tahden\/wp-content\/uploads\/sites\/36\/2019\/03\/merkurius_iii_2017-1-300x200.jpg 300w, https:\/\/suomenkuvalehti.fi\/taivaan-tahden\/wp-content\/uploads\/sites\/36\/2019\/03\/merkurius_iii_2017-1-768x512.jpg 768w, https:\/\/suomenkuvalehti.fi\/taivaan-tahden\/wp-content\/uploads\/sites\/36\/2019\/03\/merkurius_iii_2017-1-630x420.jpg 630w, https:\/\/suomenkuvalehti.fi\/taivaan-tahden\/wp-content\/uploads\/sites\/36\/2019\/03\/merkurius_iii_2017-1.jpg 1575w\" sizes=\"auto, (max-width: 1024px) 100vw, 1024px\" \/><\/a>    <figcaption class=\"wp-block-image__figcaption\">\n      Merkurius Nuuksion taivaalla maaliskuussa 2017. Kuva: Markus Hotakainen          <\/figcaption>\n      <\/div>\n<\/figure>\n\n\n<p><span class=\"capitalized\">Tuskin p\u00e4\u00e4sin<\/span> <a href=\"https:\/\/suomenkuvalehti.fi\/taivaan-tahden\/2019\/03\/19\/mita-beringinmeren-ylapuolella-oikein-rajahti\/?shared=1941-28a05722-999\">s\u00e4ttim\u00e4st\u00e4<\/a> muita medioita meteori-sanan v\u00e4lj\u00e4st\u00e4 soveltamisesta, kun 400 vuoden ponnistelu aurinkokeskisen j\u00e4rjestelm\u00e4n vakiinnuttamiseksi meni kerralla Kankkulan kaivoon. Jos hieman liioitellaan.<\/p>\n\n\n\n<p>Ampparit-uutisportaalin Tiede ja tutkimus -osiossa on <em>Ilta-Sanomien<\/em> otsikko: \u201dTutkijoiden v\u00e4ite h\u00e4mm\u00e4stytt\u00e4\u00e4: Merkurius onkin l\u00e4hin Maata kiert\u00e4v\u00e4 planeetta.\u201d<\/p>\n\n\n\n<p>Klikkauksella p\u00e4\u00e4see lehden sivustolle, jolla otsikko on tolkullisempi eli \u201dTutkijoiden v\u00e4ite h\u00e4mm\u00e4stytt\u00e4\u00e4: Merkurius onkin Maata l\u00e4hinn\u00e4 oleva planeetta.\u201d Otsikkoa on ilmeisesti korjattu, kun joku on huomannut erheen.<\/p>\n\n\n\n<p><span class=\"capitalized\">My\u00f6s uutinen<\/span> on sin\u00e4ns\u00e4 asiallinen. Tutkijat ovat selvitt\u00e4neet, ett\u00e4 tilastollisesti Merkurius on suuremman osan ajasta l\u00e4hemp\u00e4n\u00e4 Maata kuin Venus ja Mars, jotka ovat Maan l\u00e4himm\u00e4t naapurit.<\/p>\n\n\n\n<p>Kiertoradoillaan ne et\u00e4\u00e4ntyv\u00e4t kuitenkin Maasta paljon kauemmas kuin Merkurius, joten hassulta tuntuva v\u00e4ite pit\u00e4\u00e4 kutinsa.<\/p>\n\n\n\n<blockquote class=\"wp-block-quote\"><p>Tiede on vaikeaa ja tieteelliset k\u00e4sitteet usein outoja.<\/p><\/blockquote>\n\n\n\n<p>Venuksen ja Maan v\u00e4linen et\u00e4isyys on pienimmill\u00e4\u00e4n noin 39 miljoonaa kilometri\u00e4, Maan ja Marsin noin 55 miljoonaa kilometri\u00e4. Merkurius on l\u00e4himmill\u00e4\u00e4n noin 77 miljoonan kilometrin et\u00e4isyydell\u00e4 Maasta.<\/p>\n\n\n\n<p>Mutta: Venuksen ja Maan v\u00e4linen et\u00e4isyys on suurimmillaan noin 260 miljoonaa kilometri\u00e4, Maan ja Marsin yli 400 miljoonaa kilometri\u00e4. Merkurius on et\u00e4isimmill\u00e4\u00e4nkin Maasta \u201dvain\u201d noin 222 miljoonan kilometrin et\u00e4isyydell\u00e4.<\/p>\n\n\n\n<p><span class=\"capitalized\">Kun sisin planeetta<\/span> kiert\u00e4\u00e4 Aurinkoa nopeammin kuin Venus, Maa ja Mars, se on p\u00e4\u00e4s\u00e4\u00e4nt\u00f6isesti l\u00e4hemp\u00e4n\u00e4 Maata kuin Venus tai Mars.<\/p>\n\n\n\n<p>Alkuper\u00e4isen IS-otsikon toteamus, ett\u00e4 \u201dMerkurius onkin l\u00e4hin Maata kiert\u00e4v\u00e4 planeetta\u201d on ilmiselv\u00e4 lapsus, sill\u00e4 eih\u00e4n kukaan voi en\u00e4\u00e4 2000-luvulla erehty\u00e4 luulemaan, ett\u00e4 Merkurius tai mik\u00e4\u00e4n muukaan planeetta kiert\u00e4isi Maata.<\/p>\n\n\n\n<p>Meteorin, meteoroidin ja meteoriitin voi ep\u00e4huomiossa sekoittaa toisiinsa \u2013 vaikka ei pit\u00e4isi \u2013 mutta aurinkokeskinen j\u00e4rjestelm\u00e4 on jo aika lailla vakiintunut asia.<\/p>\n\n\n\n<p><span class=\"capitalized\">Tiede on vaikeaa<\/span> ja tieteelliset k\u00e4sitteet usein outoja. Sen ei kuitenkaan pit\u00e4isi kelvata tekosyyksi tiedeasioiden huolimattomalle uutisoinnille. Moinen lev\u00e4per\u00e4isyys vie uskottavuutta muultakin uutisoinnilta. Ainakin omalla kohdallani.<\/p>\n\n\n\n<p>&nbsp;<\/p>\n\n\n","protected":false},"excerpt":{"rendered":"<p>Tuskin p\u00e4\u00e4sin s\u00e4ttim\u00e4st\u00e4 muita medioita meteori-sanan v\u00e4lj\u00e4st\u00e4 soveltamisesta, kun 400 vuoden ponnistelu aurinkokeskisen j\u00e4rjestelm\u00e4n vakiinnuttamiseksi meni kerralla Kankkulan kaivoon. Jos hieman liioitellaan. Ampparit-uutisportaalin Tiede ja tutkimus -osiossa on Ilta-Sanomien otsikko:<br \/>\n\u201dTutkijoi&hellip;<\/p>\n","protected":false},"author":557,"featured_media":0,"comment_status":"open","ping_status":"open","sticky":false,"template":"","format":"standard","meta":{"_acf_changed":false,"asauth_required_access_level":3,"asauth_cansharepaid":"true","om_header_attributes":[],"footnotes":"","om_featured_image_focal_point":[],"om_primary_tag":0,"om_contributors":[],"om_co_authors":[],"beyondwords_generate_audio":"","beyondwords_project_id":"","beyondwords_content_id":"","beyondwords_preview_token":"","beyondwords_player_content":"","beyondwords_player_style":"","beyondwords_language_code":"","beyondwords_language_id":"","beyondwords_title_voice_id":"","beyondwords_body_voice_id":"","beyondwords_summary_voice_id":"","beyondwords_error_message":"","beyondwords_disabled":"","beyondwords_delete_content":"","beyondwords_podcast_id":"","beyondwords_hash":"","publish_post_to_speechkit":"","speechkit_hash":"","speechkit_generate_audio":"","speechkit_project_id":"","speechkit_podcast_id":"","speechkit_error_message":"","speechkit_disabled":"","speechkit_access_key":"","speechkit_error":"","speechkit_info":"","speechkit_response":"","speechkit_retries":"","speechkit_status":"","speechkit_updated_at":"","_speechkit_link":"","_speechkit_text":""},"categories":[1],"tags":[31,32,411,14],"class_list":["post-1949","post","type-post","status-publish","format-standard","hentry","category-taivaan-tahden","tag-maa","tag-mars","tag-merkurius","tag-venus"],"om_views":null,"acf":{"tuuma_off":false,"tuuma_kysymys":"","tuuma_vastaus":""},"asauth":{"required_access_level":1,"share_token":"","is_paid":false},"yoast_head":"<!-- This site is optimized with the Yoast SEO plugin v26.4 - https:\/\/yoast.com\/wordpress\/plugins\/seo\/ -->\n<title>Mik\u00e4s planeetta kiersik\u00e4\u00e4n Maata? - Taivaan t\u00e4hden<\/title>\n<meta name=\"robots\" content=\"index, follow, max-snippet:-1, max-image-preview:large, max-video-preview:-1\" \/>\n<link rel=\"canonical\" href=\"https:\/\/suomenkuvalehti.fi\/taivaan-tahden\/2019\/03\/21\/mikas-planeetta-kiersikaan-maata\/\" \/>\n<meta property=\"og:locale\" content=\"fi_FI\" \/>\n<meta property=\"og:type\" content=\"article\" \/>\n<meta property=\"og:title\" content=\"Mik\u00e4s planeetta kiersik\u00e4\u00e4n Maata? - Taivaan t\u00e4hden\" \/>\n<meta property=\"og:description\" content=\"Tuskin p\u00e4\u00e4sin s\u00e4ttim\u00e4st\u00e4 muita medioita meteori-sanan v\u00e4lj\u00e4st\u00e4 soveltamisesta, kun 400 vuoden ponnistelu aurinkokeskisen j\u00e4rjestelm\u00e4n vakiinnuttamiseksi meni kerralla Kankkulan kaivoon. Jos hieman liioitellaan. Ampparit-uutisportaalin Tiede ja tutkimus -osiossa on Ilta-Sanomien otsikko: \u201dTutkijoi&hellip;\" \/>\n<meta property=\"og:url\" content=\"https:\/\/suomenkuvalehti.fi\/taivaan-tahden\/2019\/03\/21\/mikas-planeetta-kiersikaan-maata\/\" \/>\n<meta property=\"og:site_name\" content=\"Taivaan t\u00e4hden\" \/>\n<meta property=\"article:published_time\" content=\"2019-03-21T11:40:45+00:00\" \/>\n<meta property=\"og:image\" content=\"https:\/\/suomenkuvalehti.fi\/taivaan-tahden\/wp-content\/uploads\/sites\/36\/2019\/03\/merkurius_iii_2017-1.jpg\" \/>\n\t<meta property=\"og:image:width\" content=\"1575\" \/>\n\t<meta property=\"og:image:height\" content=\"1050\" \/>\n\t<meta property=\"og:image:type\" content=\"image\/jpeg\" \/>\n<meta name=\"author\" content=\"Markus Hotakainen\" \/>\n<meta name=\"twitter:card\" content=\"summary_large_image\" \/>\n<meta name=\"twitter:label1\" content=\"Written by\" \/>\n\t<meta name=\"twitter:data1\" content=\"Markus Hotakainen\" \/>\n\t<meta name=\"twitter:label2\" content=\"Est. reading time\" \/>\n\t<meta name=\"twitter:data2\" content=\"2 minuuttia\" \/>\n<script type=\"application\/ld+json\" class=\"yoast-schema-graph\">{\"@context\":\"https:\/\/schema.org\",\"@graph\":[{\"@type\":\"WebPage\",\"@id\":\"https:\/\/suomenkuvalehti.fi\/taivaan-tahden\/2019\/03\/21\/mikas-planeetta-kiersikaan-maata\/\",\"url\":\"https:\/\/suomenkuvalehti.fi\/taivaan-tahden\/2019\/03\/21\/mikas-planeetta-kiersikaan-maata\/\",\"name\":\"Mik\u00e4s planeetta kiersik\u00e4\u00e4n Maata? - Taivaan t\u00e4hden\",\"isPartOf\":{\"@id\":\"https:\/\/suomenkuvalehti.fi\/taivaan-tahden\/#website\"},\"primaryImageOfPage\":{\"@id\":\"https:\/\/suomenkuvalehti.fi\/taivaan-tahden\/2019\/03\/21\/mikas-planeetta-kiersikaan-maata\/#primaryimage\"},\"image\":{\"@id\":\"https:\/\/suomenkuvalehti.fi\/taivaan-tahden\/2019\/03\/21\/mikas-planeetta-kiersikaan-maata\/#primaryimage\"},\"thumbnailUrl\":\"https:\/\/suomenkuvalehti.fi\/taivaan-tahden\/wp-content\/uploads\/sites\/36\/2019\/03\/merkurius_iii_2017-1-1024x683.jpg\",\"datePublished\":\"2019-03-21T11:40:45+00:00\",\"author\":{\"@id\":\"https:\/\/suomenkuvalehti.fi\/taivaan-tahden\/#\/schema\/person\/c9c1373acb19750e11084ef640abeae0\"},\"breadcrumb\":{\"@id\":\"https:\/\/suomenkuvalehti.fi\/taivaan-tahden\/2019\/03\/21\/mikas-planeetta-kiersikaan-maata\/#breadcrumb\"},\"inLanguage\":\"fi\",\"potentialAction\":[{\"@type\":\"ReadAction\",\"target\":[\"https:\/\/suomenkuvalehti.fi\/taivaan-tahden\/2019\/03\/21\/mikas-planeetta-kiersikaan-maata\/\"]}]},{\"@type\":\"ImageObject\",\"inLanguage\":\"fi\",\"@id\":\"https:\/\/suomenkuvalehti.fi\/taivaan-tahden\/2019\/03\/21\/mikas-planeetta-kiersikaan-maata\/#primaryimage\",\"url\":\"https:\/\/suomenkuvalehti.fi\/taivaan-tahden\/wp-content\/uploads\/sites\/36\/2019\/03\/merkurius_iii_2017-1.jpg\",\"contentUrl\":\"https:\/\/suomenkuvalehti.fi\/taivaan-tahden\/wp-content\/uploads\/sites\/36\/2019\/03\/merkurius_iii_2017-1.jpg\",\"width\":1575,\"height\":1050},{\"@type\":\"BreadcrumbList\",\"@id\":\"https:\/\/suomenkuvalehti.fi\/taivaan-tahden\/2019\/03\/21\/mikas-planeetta-kiersikaan-maata\/#breadcrumb\",\"itemListElement\":[{\"@type\":\"ListItem\",\"position\":1,\"name\":\"Home\",\"item\":\"https:\/\/suomenkuvalehti.fi\/taivaan-tahden\/\"},{\"@type\":\"ListItem\",\"position\":2,\"name\":\"Mik\u00e4s planeetta kiersik\u00e4\u00e4n Maata?\"}]},{\"@type\":\"WebSite\",\"@id\":\"https:\/\/suomenkuvalehti.fi\/taivaan-tahden\/#website\",\"url\":\"https:\/\/suomenkuvalehti.fi\/taivaan-tahden\/\",\"name\":\"Taivaan t\u00e4hden\",\"description\":\"Tiedetoimittaja Markus Hotakainen h\u00e4mm\u00e4stelee maailmankaikkeutta.\",\"potentialAction\":[{\"@type\":\"SearchAction\",\"target\":{\"@type\":\"EntryPoint\",\"urlTemplate\":\"https:\/\/suomenkuvalehti.fi\/haku\/?q={search_term_string}\"},\"query-input\":{\"@type\":\"PropertyValueSpecification\",\"valueRequired\":true,\"valueName\":\"search_term_string\"}}],\"inLanguage\":\"fi\"},{\"@type\":\"Person\",\"@id\":\"https:\/\/suomenkuvalehti.fi\/taivaan-tahden\/#\/schema\/person\/c9c1373acb19750e11084ef640abeae0\",\"name\":\"Markus Hotakainen\",\"image\":{\"@type\":\"ImageObject\",\"inLanguage\":\"fi\",\"@id\":\"https:\/\/suomenkuvalehti.fi\/taivaan-tahden\/#\/schema\/person\/image\/\",\"url\":\"https:\/\/suomenkuvalehti.fi\/taivaan-tahden\/wp-content\/uploads\/sites\/36\/2018\/05\/markus_hotakainen_blogi_pieni-150x150.jpg\",\"contentUrl\":\"https:\/\/suomenkuvalehti.fi\/taivaan-tahden\/wp-content\/uploads\/sites\/36\/2018\/05\/markus_hotakainen_blogi_pieni-150x150.jpg\",\"caption\":\"Markus Hotakainen\"},\"description\":\"Kirjoittaja on tiedetoimittaja ja tietokirjailija.\"}]}<\/script>\n<!-- \/ Yoast SEO plugin. -->","yoast_head_json":{"title":"Mik\u00e4s planeetta kiersik\u00e4\u00e4n Maata? - Taivaan t\u00e4hden","robots":{"index":"index","follow":"follow","max-snippet":"max-snippet:-1","max-image-preview":"max-image-preview:large","max-video-preview":"max-video-preview:-1"},"canonical":"https:\/\/suomenkuvalehti.fi\/taivaan-tahden\/2019\/03\/21\/mikas-planeetta-kiersikaan-maata\/","og_locale":"fi_FI","og_type":"article","og_title":"Mik\u00e4s planeetta kiersik\u00e4\u00e4n Maata? - Taivaan t\u00e4hden","og_description":"Tuskin p\u00e4\u00e4sin s\u00e4ttim\u00e4st\u00e4 muita medioita meteori-sanan v\u00e4lj\u00e4st\u00e4 soveltamisesta, kun 400 vuoden ponnistelu aurinkokeskisen j\u00e4rjestelm\u00e4n vakiinnuttamiseksi meni kerralla Kankkulan kaivoon. Jos hieman liioitellaan. Ampparit-uutisportaalin Tiede ja tutkimus -osiossa on Ilta-Sanomien otsikko: \u201dTutkijoi&hellip;","og_url":"https:\/\/suomenkuvalehti.fi\/taivaan-tahden\/2019\/03\/21\/mikas-planeetta-kiersikaan-maata\/","og_site_name":"Taivaan t\u00e4hden","article_published_time":"2019-03-21T11:40:45+00:00","og_image":[{"width":1575,"height":1050,"url":"https:\/\/suomenkuvalehti.fi\/taivaan-tahden\/wp-content\/uploads\/sites\/36\/2019\/03\/merkurius_iii_2017-1.jpg","type":"image\/jpeg"}],"author":"Markus Hotakainen","twitter_card":"summary_large_image","twitter_misc":{"Written by":"Markus Hotakainen","Est. reading time":"2 minuuttia"},"schema":{"@context":"https:\/\/schema.org","@graph":[{"@type":"WebPage","@id":"https:\/\/suomenkuvalehti.fi\/taivaan-tahden\/2019\/03\/21\/mikas-planeetta-kiersikaan-maata\/","url":"https:\/\/suomenkuvalehti.fi\/taivaan-tahden\/2019\/03\/21\/mikas-planeetta-kiersikaan-maata\/","name":"Mik\u00e4s planeetta kiersik\u00e4\u00e4n Maata? - Taivaan t\u00e4hden","isPartOf":{"@id":"https:\/\/suomenkuvalehti.fi\/taivaan-tahden\/#website"},"primaryImageOfPage":{"@id":"https:\/\/suomenkuvalehti.fi\/taivaan-tahden\/2019\/03\/21\/mikas-planeetta-kiersikaan-maata\/#primaryimage"},"image":{"@id":"https:\/\/suomenkuvalehti.fi\/taivaan-tahden\/2019\/03\/21\/mikas-planeetta-kiersikaan-maata\/#primaryimage"},"thumbnailUrl":"https:\/\/suomenkuvalehti.fi\/taivaan-tahden\/wp-content\/uploads\/sites\/36\/2019\/03\/merkurius_iii_2017-1-1024x683.jpg","datePublished":"2019-03-21T11:40:45+00:00","author":{"@id":"https:\/\/suomenkuvalehti.fi\/taivaan-tahden\/#\/schema\/person\/c9c1373acb19750e11084ef640abeae0"},"breadcrumb":{"@id":"https:\/\/suomenkuvalehti.fi\/taivaan-tahden\/2019\/03\/21\/mikas-planeetta-kiersikaan-maata\/#breadcrumb"},"inLanguage":"fi","potentialAction":[{"@type":"ReadAction","target":["https:\/\/suomenkuvalehti.fi\/taivaan-tahden\/2019\/03\/21\/mikas-planeetta-kiersikaan-maata\/"]}]},{"@type":"ImageObject","inLanguage":"fi","@id":"https:\/\/suomenkuvalehti.fi\/taivaan-tahden\/2019\/03\/21\/mikas-planeetta-kiersikaan-maata\/#primaryimage","url":"https:\/\/suomenkuvalehti.fi\/taivaan-tahden\/wp-content\/uploads\/sites\/36\/2019\/03\/merkurius_iii_2017-1.jpg","contentUrl":"https:\/\/suomenkuvalehti.fi\/taivaan-tahden\/wp-content\/uploads\/sites\/36\/2019\/03\/merkurius_iii_2017-1.jpg","width":1575,"height":1050},{"@type":"BreadcrumbList","@id":"https:\/\/suomenkuvalehti.fi\/taivaan-tahden\/2019\/03\/21\/mikas-planeetta-kiersikaan-maata\/#breadcrumb","itemListElement":[{"@type":"ListItem","position":1,"name":"Home","item":"https:\/\/suomenkuvalehti.fi\/taivaan-tahden\/"},{"@type":"ListItem","position":2,"name":"Mik\u00e4s planeetta kiersik\u00e4\u00e4n Maata?"}]},{"@type":"WebSite","@id":"https:\/\/suomenkuvalehti.fi\/taivaan-tahden\/#website","url":"https:\/\/suomenkuvalehti.fi\/taivaan-tahden\/","name":"Taivaan t\u00e4hden","description":"Tiedetoimittaja Markus Hotakainen h\u00e4mm\u00e4stelee maailmankaikkeutta.","potentialAction":[{"@type":"SearchAction","target":{"@type":"EntryPoint","urlTemplate":"https:\/\/suomenkuvalehti.fi\/haku\/?q={search_term_string}"},"query-input":{"@type":"PropertyValueSpecification","valueRequired":true,"valueName":"search_term_string"}}],"inLanguage":"fi"},{"@type":"Person","@id":"https:\/\/suomenkuvalehti.fi\/taivaan-tahden\/#\/schema\/person\/c9c1373acb19750e11084ef640abeae0","name":"Markus Hotakainen","image":{"@type":"ImageObject","inLanguage":"fi","@id":"https:\/\/suomenkuvalehti.fi\/taivaan-tahden\/#\/schema\/person\/image\/","url":"https:\/\/suomenkuvalehti.fi\/taivaan-tahden\/wp-content\/uploads\/sites\/36\/2018\/05\/markus_hotakainen_blogi_pieni-150x150.jpg","contentUrl":"https:\/\/suomenkuvalehti.fi\/taivaan-tahden\/wp-content\/uploads\/sites\/36\/2018\/05\/markus_hotakainen_blogi_pieni-150x150.jpg","caption":"Markus Hotakainen"},"description":"Kirjoittaja on tiedetoimittaja ja tietokirjailija."}]}},"_links":{"self":[{"href":"https:\/\/suomenkuvalehti.fi\/taivaan-tahden\/wp-json\/wp\/v2\/posts\/1949","targetHints":{"allow":["GET"]}}],"collection":[{"href":"https:\/\/suomenkuvalehti.fi\/taivaan-tahden\/wp-json\/wp\/v2\/posts"}],"about":[{"href":"https:\/\/suomenkuvalehti.fi\/taivaan-tahden\/wp-json\/wp\/v2\/types\/post"}],"author":[{"embeddable":true,"href":"https:\/\/suomenkuvalehti.fi\/taivaan-tahden\/wp-json\/wp\/v2\/users\/557"}],"replies":[{"embeddable":true,"href":"https:\/\/suomenkuvalehti.fi\/taivaan-tahden\/wp-json\/wp\/v2\/comments?post=1949"}],"version-history":[{"count":2,"href":"https:\/\/suomenkuvalehti.fi\/taivaan-tahden\/wp-json\/wp\/v2\/posts\/1949\/revisions"}],"predecessor-version":[{"id":1953,"href":"https:\/\/suomenkuvalehti.fi\/taivaan-tahden\/wp-json\/wp\/v2\/posts\/1949\/revisions\/1953"}],"wp:attachment":[{"href":"https:\/\/suomenkuvalehti.fi\/taivaan-tahden\/wp-json\/wp\/v2\/media?parent=1949"}],"wp:term":[{"taxonomy":"category","embeddable":true,"href":"https:\/\/suomenkuvalehti.fi\/taivaan-tahden\/wp-json\/wp\/v2\/categories?post=1949"},{"taxonomy":"post_tag","embeddable":true,"href":"https:\/\/suomenkuvalehti.fi\/taivaan-tahden\/wp-json\/wp\/v2\/tags?post=1949"}],"curies":[{"name":"wp","href":"https:\/\/api.w.org\/{rel}","templated":true}]}}