{"id":1941,"date":"2019-03-19T11:18:44","date_gmt":"2019-03-19T09:18:44","guid":{"rendered":"https:\/\/suomenkuvalehti.fi\/taivaan-tahden\/?p=1941"},"modified":"2019-03-19T11:23:24","modified_gmt":"2019-03-19T09:23:24","slug":"mita-beringinmeren-ylapuolella-oikein-rajahti","status":"publish","type":"post","link":"https:\/\/suomenkuvalehti.fi\/taivaan-tahden\/2019\/03\/19\/mita-beringinmeren-ylapuolella-oikein-rajahti\/","title":{"rendered":"Mit\u00e4 Beringinmeren yl\u00e4puolella oikein r\u00e4j\u00e4hti?"},"content":{"rendered":"<figure class=\"aligncenter size-large is-resized wp-block-image\">\n  <div class=\"wp-block-image__inner-container\">\n    <a href=\"https:\/\/suomenkuvalehti.fi\/taivaan-tahden\/wp-content\/uploads\/sites\/36\/2019\/03\/himawari_meteor.jpg\"><img loading=\"lazy\" decoding=\"async\" src=\"https:\/\/suomenkuvalehti.fi\/taivaan-tahden\/wp-content\/uploads\/sites\/36\/2019\/03\/himawari_meteor-1024x683.jpg\" alt=\"\" class=\"wp-image-1942\" width=\"1024\" height=\"683\" style=\"--aspect-ratio: 1.5\" srcset=\"https:\/\/suomenkuvalehti.fi\/taivaan-tahden\/wp-content\/uploads\/sites\/36\/2019\/03\/himawari_meteor-1024x683.jpg 1024w, https:\/\/suomenkuvalehti.fi\/taivaan-tahden\/wp-content\/uploads\/sites\/36\/2019\/03\/himawari_meteor-300x200.jpg 300w, https:\/\/suomenkuvalehti.fi\/taivaan-tahden\/wp-content\/uploads\/sites\/36\/2019\/03\/himawari_meteor-768x512.jpg 768w, https:\/\/suomenkuvalehti.fi\/taivaan-tahden\/wp-content\/uploads\/sites\/36\/2019\/03\/himawari_meteor-630x420.jpg 630w, https:\/\/suomenkuvalehti.fi\/taivaan-tahden\/wp-content\/uploads\/sites\/36\/2019\/03\/himawari_meteor.jpg 1200w\" sizes=\"auto, (max-width: 1024px) 100vw, 1024px\" \/><\/a>    <figcaption class=\"wp-block-image__figcaption\">\n      Avaruudesta tulleen kivenkappaleen j\u00e4tt\u00e4m\u00e4 j\u00e4lki n\u00e4kyy Himawari-satelliitin kuvassa oranssina viiruna, joka heitt\u00e4\u00e4 pitk\u00e4n varjon pilvipeitteeseen. Kuva: Simon Proud, University of Oxford\/Japan Meteorological Agency          <\/figcaption>\n      <\/div>\n<\/figure>\n\n\n<p><span class=\"capitalized\">Viime p\u00e4ivin\u00e4<\/span> on uutisoitu, kuinka viime joulun alla Beringinmeren yl\u00e4puolella r\u00e4j\u00e4hti avaruudesta tullut kappale. Tai jos tarkkoja ollaan, uutisissa kerrotaan meteorista. Jos ollaan viel\u00e4 tarkempia, kyse ei ollut meteorista.<\/p>\n\n\n\n<p>18. joulukuuta Maan ilmakeh\u00e4\u00e4n sy\u00f6ksyi 115 000 kilometrin tuntinopeudella useiden metrien l\u00e4pimittainen kivenlohkare, joka r\u00e4j\u00e4hti 25 kilometrin korkeudessa. Pamauksella oli voimaa kymmenen Hiroshiman verran.<\/p>\n\n\n\n<p>R\u00e4j\u00e4hdyst\u00e4 ei n\u00e4hnyt kukaan \u2013 paitsi japanilainen Himawari-s\u00e4\u00e4satelliitti. Sen ottamassa kuvassa n\u00e4kyy j\u00e4lki, jonka ilmakeh\u00e4ss\u00e4 hetken hehkunut ja r\u00e4j\u00e4hdyksess\u00e4 hajonnut kivenkappale sai aikaan.<\/p>\n\n\n\n<p><span class=\"capitalized\">Kohuotsikoissa puhutaan<\/span> \u201dMaata kohti sy\u00f6ksyneest\u00e4 meteorista\u201d ja \u201dj\u00e4ttim\u00e4isest\u00e4 meteorin r\u00e4j\u00e4hdyksest\u00e4\u201d. Ihan v\u00e4h\u00e4n meni taas pieleen.<\/p>\n\n\n\n<blockquote class=\"wp-block-quote\"><p>Suomalaismedia ei ole ep\u00e4tarkkuuksineen yksin.<\/p><\/blockquote>\n\n\n\n<p>Kuten viimeksi helmikuun alussa <a href=\"https:\/\/suomenkuvalehti.fi\/taivaan-tahden\/2019\/02\/06\/kuuhun-ei-ole-osunut-yhtaan-meteoria\/?shared=1890-11ea0206-999\">kirjoitin<\/a>, \u201dmeteori on valoilmi\u00f6, joka syntyy meteoroidin iskeytyess\u00e4 suurella nopeudella Maan ilmakeh\u00e4\u00e4n. Kivi tai kivensiru kuumenee ja h\u00f6yrystyy silm\u00e4nr\u00e4p\u00e4yksess\u00e4, mik\u00e4 n\u00e4kyy klassisena t\u00e4hdenlentona. Joka siis tarkoittaa samaa asiaa kuin meteori.\u201d<\/p>\n\n\n\n<p>Maata kohti sy\u00f6ksyi siis meteoroidi, joka r\u00e4j\u00e4hti Beringinmeren yl\u00e4puolella. Jos siit\u00e4 olisi selvinnyt palasia maanpinnalle \u2013 tai t\u00e4ss\u00e4 tapauksessa merenpohjaan \u2013 saakka, ne olisivat olleet meteoriitteja.<\/p>\n\n\n\n<p><span class=\"capitalized\">Jos hakemalla hakee<\/span> jotain lohtua, suomalaismedia ei ole ep\u00e4tarkkuuksineen yksin. Niin BBC, CNN kuin New Scientist puhuvat meteorista.<\/p>\n\n\n\n<p>Kun asia menee hiukankaan hankalammaksi, tuntuu olevan samantekev\u00e4\u00e4, millaisilla k\u00e4sitteill\u00e4 siit\u00e4 kerrotaan.<\/p>\n\n\n\n<p>Yht\u00e4 hyvin voisi v\u00e4itt\u00e4\u00e4 lentokoneen t\u00f6rm\u00e4nneen sateenkaareen, Valtteri Bottaksen ajaneen voittoon traktorilla ja Suomenlahden ali suunniteltavan siltaa. Kuulostaisi aika h\u00f6lm\u00f6lt\u00e4.<\/p>\n\n\n\n<p><span class=\"capitalized\">T\u00e4htitieteess\u00e4 ja avaruustutkimuksessa<\/span> on eksakteja termej\u00e4 siin\u00e4 miss\u00e4 muillakin tieteen ja yhteiskunnan aloilla. Ei niiden k\u00e4ytt\u00f6 ole mitenk\u00e4\u00e4n poikkeuksellisen vaikeaa. Etenk\u00e4\u00e4n nykyp\u00e4iv\u00e4n\u00e4, kun netist\u00e4 voi tarkistaa mink\u00e4 tahansa asian muutamassa sekunnissa.<\/p>\n\n\n","protected":false},"excerpt":{"rendered":"<p>Viime p\u00e4ivin\u00e4 on uutisoitu, kuinka viime joulun alla Beringinmeren yl\u00e4puolella r\u00e4j\u00e4hti avaruudesta tullut kappale. Tai jos tarkkoja ollaan, uutisissa kerrotaan meteorista. Jos ollaan viel\u00e4 tarkempia, kyse ei ollut meteorista. 18. joulukuuta Maan ilmakeh\u00e4\u00e4n sy\u00f6ksyi 115 000<br \/>\nkilometr&hellip;<\/p>\n","protected":false},"author":557,"featured_media":0,"comment_status":"open","ping_status":"open","sticky":false,"template":"","format":"standard","meta":{"_acf_changed":false,"asauth_required_access_level":3,"asauth_cansharepaid":"true","om_header_attributes":[],"footnotes":"","om_featured_image_focal_point":[],"om_primary_tag":0,"om_contributors":[],"om_co_authors":[],"beyondwords_generate_audio":"","beyondwords_project_id":"","beyondwords_content_id":"","beyondwords_preview_token":"","beyondwords_player_content":"","beyondwords_player_style":"","beyondwords_language_code":"","beyondwords_language_id":"","beyondwords_title_voice_id":"","beyondwords_body_voice_id":"","beyondwords_summary_voice_id":"","beyondwords_error_message":"","beyondwords_disabled":"","beyondwords_delete_content":"","beyondwords_podcast_id":"","beyondwords_hash":"","publish_post_to_speechkit":"","speechkit_hash":"","speechkit_generate_audio":"","speechkit_project_id":"","speechkit_podcast_id":"","speechkit_error_message":"","speechkit_disabled":"","speechkit_access_key":"","speechkit_error":"","speechkit_info":"","speechkit_response":"","speechkit_retries":"","speechkit_status":"","speechkit_updated_at":"","_speechkit_link":"","_speechkit_text":""},"categories":[1],"tags":[28,549,443],"class_list":["post-1941","post","type-post","status-publish","format-standard","hentry","category-taivaan-tahden","tag-meteori","tag-meteoriitti","tag-meteoroidi"],"om_views":null,"acf":{"tuuma_off":false,"tuuma_kysymys":"","tuuma_vastaus":""},"asauth":{"required_access_level":1,"share_token":"","is_paid":false},"yoast_head":"<!-- This site is optimized with the Yoast SEO plugin v26.4 - https:\/\/yoast.com\/wordpress\/plugins\/seo\/ -->\n<title>Mit\u00e4 Beringinmeren yl\u00e4puolella oikein r\u00e4j\u00e4hti? - Taivaan t\u00e4hden<\/title>\n<meta name=\"robots\" content=\"index, follow, max-snippet:-1, max-image-preview:large, max-video-preview:-1\" \/>\n<link rel=\"canonical\" href=\"https:\/\/suomenkuvalehti.fi\/taivaan-tahden\/2019\/03\/19\/mita-beringinmeren-ylapuolella-oikein-rajahti\/\" \/>\n<meta property=\"og:locale\" content=\"fi_FI\" \/>\n<meta property=\"og:type\" content=\"article\" \/>\n<meta property=\"og:title\" content=\"Mit\u00e4 Beringinmeren yl\u00e4puolella oikein r\u00e4j\u00e4hti? - Taivaan t\u00e4hden\" \/>\n<meta property=\"og:description\" content=\"Viime p\u00e4ivin\u00e4 on uutisoitu, kuinka viime joulun alla Beringinmeren yl\u00e4puolella r\u00e4j\u00e4hti avaruudesta tullut kappale. Tai jos tarkkoja ollaan, uutisissa kerrotaan meteorista. Jos ollaan viel\u00e4 tarkempia, kyse ei ollut meteorista. 18. joulukuuta Maan ilmakeh\u00e4\u00e4n sy\u00f6ksyi 115 000 kilometr&hellip;\" \/>\n<meta property=\"og:url\" content=\"https:\/\/suomenkuvalehti.fi\/taivaan-tahden\/2019\/03\/19\/mita-beringinmeren-ylapuolella-oikein-rajahti\/\" \/>\n<meta property=\"og:site_name\" content=\"Taivaan t\u00e4hden\" \/>\n<meta property=\"article:published_time\" content=\"2019-03-19T09:18:44+00:00\" \/>\n<meta property=\"article:modified_time\" content=\"2019-03-19T09:23:24+00:00\" \/>\n<meta property=\"og:image\" content=\"https:\/\/suomenkuvalehti.fi\/taivaan-tahden\/wp-content\/uploads\/sites\/36\/2019\/03\/himawari_meteor.jpg\" \/>\n\t<meta property=\"og:image:width\" content=\"1200\" \/>\n\t<meta property=\"og:image:height\" content=\"800\" \/>\n\t<meta property=\"og:image:type\" content=\"image\/jpeg\" \/>\n<meta name=\"author\" content=\"Markus Hotakainen\" \/>\n<meta name=\"twitter:card\" content=\"summary_large_image\" \/>\n<meta name=\"twitter:label1\" content=\"Written by\" \/>\n\t<meta name=\"twitter:data1\" content=\"Markus Hotakainen\" \/>\n\t<meta name=\"twitter:label2\" content=\"Est. reading time\" \/>\n\t<meta name=\"twitter:data2\" content=\"2 minuuttia\" \/>\n<script type=\"application\/ld+json\" class=\"yoast-schema-graph\">{\"@context\":\"https:\/\/schema.org\",\"@graph\":[{\"@type\":\"WebPage\",\"@id\":\"https:\/\/suomenkuvalehti.fi\/taivaan-tahden\/2019\/03\/19\/mita-beringinmeren-ylapuolella-oikein-rajahti\/\",\"url\":\"https:\/\/suomenkuvalehti.fi\/taivaan-tahden\/2019\/03\/19\/mita-beringinmeren-ylapuolella-oikein-rajahti\/\",\"name\":\"Mit\u00e4 Beringinmeren yl\u00e4puolella oikein r\u00e4j\u00e4hti? - Taivaan t\u00e4hden\",\"isPartOf\":{\"@id\":\"https:\/\/suomenkuvalehti.fi\/taivaan-tahden\/#website\"},\"primaryImageOfPage\":{\"@id\":\"https:\/\/suomenkuvalehti.fi\/taivaan-tahden\/2019\/03\/19\/mita-beringinmeren-ylapuolella-oikein-rajahti\/#primaryimage\"},\"image\":{\"@id\":\"https:\/\/suomenkuvalehti.fi\/taivaan-tahden\/2019\/03\/19\/mita-beringinmeren-ylapuolella-oikein-rajahti\/#primaryimage\"},\"thumbnailUrl\":\"https:\/\/suomenkuvalehti.fi\/taivaan-tahden\/wp-content\/uploads\/sites\/36\/2019\/03\/himawari_meteor-1024x683.jpg\",\"datePublished\":\"2019-03-19T09:18:44+00:00\",\"dateModified\":\"2019-03-19T09:23:24+00:00\",\"author\":{\"@id\":\"https:\/\/suomenkuvalehti.fi\/taivaan-tahden\/#\/schema\/person\/c9c1373acb19750e11084ef640abeae0\"},\"breadcrumb\":{\"@id\":\"https:\/\/suomenkuvalehti.fi\/taivaan-tahden\/2019\/03\/19\/mita-beringinmeren-ylapuolella-oikein-rajahti\/#breadcrumb\"},\"inLanguage\":\"fi\",\"potentialAction\":[{\"@type\":\"ReadAction\",\"target\":[\"https:\/\/suomenkuvalehti.fi\/taivaan-tahden\/2019\/03\/19\/mita-beringinmeren-ylapuolella-oikein-rajahti\/\"]}]},{\"@type\":\"ImageObject\",\"inLanguage\":\"fi\",\"@id\":\"https:\/\/suomenkuvalehti.fi\/taivaan-tahden\/2019\/03\/19\/mita-beringinmeren-ylapuolella-oikein-rajahti\/#primaryimage\",\"url\":\"https:\/\/suomenkuvalehti.fi\/taivaan-tahden\/wp-content\/uploads\/sites\/36\/2019\/03\/himawari_meteor.jpg\",\"contentUrl\":\"https:\/\/suomenkuvalehti.fi\/taivaan-tahden\/wp-content\/uploads\/sites\/36\/2019\/03\/himawari_meteor.jpg\",\"width\":1200,\"height\":800},{\"@type\":\"BreadcrumbList\",\"@id\":\"https:\/\/suomenkuvalehti.fi\/taivaan-tahden\/2019\/03\/19\/mita-beringinmeren-ylapuolella-oikein-rajahti\/#breadcrumb\",\"itemListElement\":[{\"@type\":\"ListItem\",\"position\":1,\"name\":\"Home\",\"item\":\"https:\/\/suomenkuvalehti.fi\/taivaan-tahden\/\"},{\"@type\":\"ListItem\",\"position\":2,\"name\":\"Mit\u00e4 Beringinmeren yl\u00e4puolella oikein r\u00e4j\u00e4hti?\"}]},{\"@type\":\"WebSite\",\"@id\":\"https:\/\/suomenkuvalehti.fi\/taivaan-tahden\/#website\",\"url\":\"https:\/\/suomenkuvalehti.fi\/taivaan-tahden\/\",\"name\":\"Taivaan t\u00e4hden\",\"description\":\"Tiedetoimittaja Markus Hotakainen h\u00e4mm\u00e4stelee maailmankaikkeutta.\",\"potentialAction\":[{\"@type\":\"SearchAction\",\"target\":{\"@type\":\"EntryPoint\",\"urlTemplate\":\"https:\/\/suomenkuvalehti.fi\/haku\/?q={search_term_string}\"},\"query-input\":{\"@type\":\"PropertyValueSpecification\",\"valueRequired\":true,\"valueName\":\"search_term_string\"}}],\"inLanguage\":\"fi\"},{\"@type\":\"Person\",\"@id\":\"https:\/\/suomenkuvalehti.fi\/taivaan-tahden\/#\/schema\/person\/c9c1373acb19750e11084ef640abeae0\",\"name\":\"Markus Hotakainen\",\"image\":{\"@type\":\"ImageObject\",\"inLanguage\":\"fi\",\"@id\":\"https:\/\/suomenkuvalehti.fi\/taivaan-tahden\/#\/schema\/person\/image\/\",\"url\":\"https:\/\/suomenkuvalehti.fi\/taivaan-tahden\/wp-content\/uploads\/sites\/36\/2018\/05\/markus_hotakainen_blogi_pieni-150x150.jpg\",\"contentUrl\":\"https:\/\/suomenkuvalehti.fi\/taivaan-tahden\/wp-content\/uploads\/sites\/36\/2018\/05\/markus_hotakainen_blogi_pieni-150x150.jpg\",\"caption\":\"Markus Hotakainen\"},\"description\":\"Kirjoittaja on tiedetoimittaja ja tietokirjailija.\"}]}<\/script>\n<!-- \/ Yoast SEO plugin. -->","yoast_head_json":{"title":"Mit\u00e4 Beringinmeren yl\u00e4puolella oikein r\u00e4j\u00e4hti? - Taivaan t\u00e4hden","robots":{"index":"index","follow":"follow","max-snippet":"max-snippet:-1","max-image-preview":"max-image-preview:large","max-video-preview":"max-video-preview:-1"},"canonical":"https:\/\/suomenkuvalehti.fi\/taivaan-tahden\/2019\/03\/19\/mita-beringinmeren-ylapuolella-oikein-rajahti\/","og_locale":"fi_FI","og_type":"article","og_title":"Mit\u00e4 Beringinmeren yl\u00e4puolella oikein r\u00e4j\u00e4hti? - Taivaan t\u00e4hden","og_description":"Viime p\u00e4ivin\u00e4 on uutisoitu, kuinka viime joulun alla Beringinmeren yl\u00e4puolella r\u00e4j\u00e4hti avaruudesta tullut kappale. Tai jos tarkkoja ollaan, uutisissa kerrotaan meteorista. Jos ollaan viel\u00e4 tarkempia, kyse ei ollut meteorista. 18. joulukuuta Maan ilmakeh\u00e4\u00e4n sy\u00f6ksyi 115 000 kilometr&hellip;","og_url":"https:\/\/suomenkuvalehti.fi\/taivaan-tahden\/2019\/03\/19\/mita-beringinmeren-ylapuolella-oikein-rajahti\/","og_site_name":"Taivaan t\u00e4hden","article_published_time":"2019-03-19T09:18:44+00:00","article_modified_time":"2019-03-19T09:23:24+00:00","og_image":[{"width":1200,"height":800,"url":"https:\/\/suomenkuvalehti.fi\/taivaan-tahden\/wp-content\/uploads\/sites\/36\/2019\/03\/himawari_meteor.jpg","type":"image\/jpeg"}],"author":"Markus Hotakainen","twitter_card":"summary_large_image","twitter_misc":{"Written by":"Markus Hotakainen","Est. reading time":"2 minuuttia"},"schema":{"@context":"https:\/\/schema.org","@graph":[{"@type":"WebPage","@id":"https:\/\/suomenkuvalehti.fi\/taivaan-tahden\/2019\/03\/19\/mita-beringinmeren-ylapuolella-oikein-rajahti\/","url":"https:\/\/suomenkuvalehti.fi\/taivaan-tahden\/2019\/03\/19\/mita-beringinmeren-ylapuolella-oikein-rajahti\/","name":"Mit\u00e4 Beringinmeren yl\u00e4puolella oikein r\u00e4j\u00e4hti? - Taivaan t\u00e4hden","isPartOf":{"@id":"https:\/\/suomenkuvalehti.fi\/taivaan-tahden\/#website"},"primaryImageOfPage":{"@id":"https:\/\/suomenkuvalehti.fi\/taivaan-tahden\/2019\/03\/19\/mita-beringinmeren-ylapuolella-oikein-rajahti\/#primaryimage"},"image":{"@id":"https:\/\/suomenkuvalehti.fi\/taivaan-tahden\/2019\/03\/19\/mita-beringinmeren-ylapuolella-oikein-rajahti\/#primaryimage"},"thumbnailUrl":"https:\/\/suomenkuvalehti.fi\/taivaan-tahden\/wp-content\/uploads\/sites\/36\/2019\/03\/himawari_meteor-1024x683.jpg","datePublished":"2019-03-19T09:18:44+00:00","dateModified":"2019-03-19T09:23:24+00:00","author":{"@id":"https:\/\/suomenkuvalehti.fi\/taivaan-tahden\/#\/schema\/person\/c9c1373acb19750e11084ef640abeae0"},"breadcrumb":{"@id":"https:\/\/suomenkuvalehti.fi\/taivaan-tahden\/2019\/03\/19\/mita-beringinmeren-ylapuolella-oikein-rajahti\/#breadcrumb"},"inLanguage":"fi","potentialAction":[{"@type":"ReadAction","target":["https:\/\/suomenkuvalehti.fi\/taivaan-tahden\/2019\/03\/19\/mita-beringinmeren-ylapuolella-oikein-rajahti\/"]}]},{"@type":"ImageObject","inLanguage":"fi","@id":"https:\/\/suomenkuvalehti.fi\/taivaan-tahden\/2019\/03\/19\/mita-beringinmeren-ylapuolella-oikein-rajahti\/#primaryimage","url":"https:\/\/suomenkuvalehti.fi\/taivaan-tahden\/wp-content\/uploads\/sites\/36\/2019\/03\/himawari_meteor.jpg","contentUrl":"https:\/\/suomenkuvalehti.fi\/taivaan-tahden\/wp-content\/uploads\/sites\/36\/2019\/03\/himawari_meteor.jpg","width":1200,"height":800},{"@type":"BreadcrumbList","@id":"https:\/\/suomenkuvalehti.fi\/taivaan-tahden\/2019\/03\/19\/mita-beringinmeren-ylapuolella-oikein-rajahti\/#breadcrumb","itemListElement":[{"@type":"ListItem","position":1,"name":"Home","item":"https:\/\/suomenkuvalehti.fi\/taivaan-tahden\/"},{"@type":"ListItem","position":2,"name":"Mit\u00e4 Beringinmeren yl\u00e4puolella oikein r\u00e4j\u00e4hti?"}]},{"@type":"WebSite","@id":"https:\/\/suomenkuvalehti.fi\/taivaan-tahden\/#website","url":"https:\/\/suomenkuvalehti.fi\/taivaan-tahden\/","name":"Taivaan t\u00e4hden","description":"Tiedetoimittaja Markus Hotakainen h\u00e4mm\u00e4stelee maailmankaikkeutta.","potentialAction":[{"@type":"SearchAction","target":{"@type":"EntryPoint","urlTemplate":"https:\/\/suomenkuvalehti.fi\/haku\/?q={search_term_string}"},"query-input":{"@type":"PropertyValueSpecification","valueRequired":true,"valueName":"search_term_string"}}],"inLanguage":"fi"},{"@type":"Person","@id":"https:\/\/suomenkuvalehti.fi\/taivaan-tahden\/#\/schema\/person\/c9c1373acb19750e11084ef640abeae0","name":"Markus Hotakainen","image":{"@type":"ImageObject","inLanguage":"fi","@id":"https:\/\/suomenkuvalehti.fi\/taivaan-tahden\/#\/schema\/person\/image\/","url":"https:\/\/suomenkuvalehti.fi\/taivaan-tahden\/wp-content\/uploads\/sites\/36\/2018\/05\/markus_hotakainen_blogi_pieni-150x150.jpg","contentUrl":"https:\/\/suomenkuvalehti.fi\/taivaan-tahden\/wp-content\/uploads\/sites\/36\/2018\/05\/markus_hotakainen_blogi_pieni-150x150.jpg","caption":"Markus Hotakainen"},"description":"Kirjoittaja on tiedetoimittaja ja tietokirjailija."}]}},"_links":{"self":[{"href":"https:\/\/suomenkuvalehti.fi\/taivaan-tahden\/wp-json\/wp\/v2\/posts\/1941","targetHints":{"allow":["GET"]}}],"collection":[{"href":"https:\/\/suomenkuvalehti.fi\/taivaan-tahden\/wp-json\/wp\/v2\/posts"}],"about":[{"href":"https:\/\/suomenkuvalehti.fi\/taivaan-tahden\/wp-json\/wp\/v2\/types\/post"}],"author":[{"embeddable":true,"href":"https:\/\/suomenkuvalehti.fi\/taivaan-tahden\/wp-json\/wp\/v2\/users\/557"}],"replies":[{"embeddable":true,"href":"https:\/\/suomenkuvalehti.fi\/taivaan-tahden\/wp-json\/wp\/v2\/comments?post=1941"}],"version-history":[{"count":4,"href":"https:\/\/suomenkuvalehti.fi\/taivaan-tahden\/wp-json\/wp\/v2\/posts\/1941\/revisions"}],"predecessor-version":[{"id":1947,"href":"https:\/\/suomenkuvalehti.fi\/taivaan-tahden\/wp-json\/wp\/v2\/posts\/1941\/revisions\/1947"}],"wp:attachment":[{"href":"https:\/\/suomenkuvalehti.fi\/taivaan-tahden\/wp-json\/wp\/v2\/media?parent=1941"}],"wp:term":[{"taxonomy":"category","embeddable":true,"href":"https:\/\/suomenkuvalehti.fi\/taivaan-tahden\/wp-json\/wp\/v2\/categories?post=1941"},{"taxonomy":"post_tag","embeddable":true,"href":"https:\/\/suomenkuvalehti.fi\/taivaan-tahden\/wp-json\/wp\/v2\/tags?post=1941"}],"curies":[{"name":"wp","href":"https:\/\/api.w.org\/{rel}","templated":true}]}}