{"id":1924,"date":"2019-03-07T08:17:25","date_gmt":"2019-03-07T06:17:25","guid":{"rendered":"https:\/\/suomenkuvalehti.fi\/taivaan-tahden\/?p=1924"},"modified":"2019-03-07T08:17:25","modified_gmt":"2019-03-07T06:17:25","slug":"kubitti-paljastaa-mustan-aukon-salat","status":"publish","type":"post","link":"https:\/\/suomenkuvalehti.fi\/taivaan-tahden\/2019\/03\/07\/kubitti-paljastaa-mustan-aukon-salat\/","title":{"rendered":"Kubitti paljastaa mustan aukon salat"},"content":{"rendered":"<figure class=\"aligncenter size-full wp-block-image\">\n  <div class=\"wp-block-image__inner-container\">\n    <a href=\"https:\/\/suomenkuvalehti.fi\/taivaan-tahden\/wp-content\/uploads\/sites\/36\/2019\/03\/scrambling-blackhole750_sk.jpg\"><img loading=\"lazy\" decoding=\"async\" src=\"https:\/\/suomenkuvalehti.fi\/taivaan-tahden\/wp-content\/uploads\/sites\/36\/2019\/03\/scrambling-blackhole750_sk.jpg\" alt=\"\" class=\"wp-image-1925\" width=\"750\" height=\"500\" style=\"--aspect-ratio: 1.5\" srcset=\"https:\/\/suomenkuvalehti.fi\/taivaan-tahden\/wp-content\/uploads\/sites\/36\/2019\/03\/scrambling-blackhole750_sk.jpg 750w, https:\/\/suomenkuvalehti.fi\/taivaan-tahden\/wp-content\/uploads\/sites\/36\/2019\/03\/scrambling-blackhole750_sk-300x200.jpg 300w, https:\/\/suomenkuvalehti.fi\/taivaan-tahden\/wp-content\/uploads\/sites\/36\/2019\/03\/scrambling-blackhole750_sk-630x420.jpg 630w\" sizes=\"auto, (max-width: 750px) 100vw, 750px\" \/><\/a>    <figcaption class=\"wp-block-image__figcaption\">\n      Kvanttiteknologia voi auttaa luotaamaan mustan aukon salaper\u00e4isi\u00e4 sisuksia. Kuva: E. Edwards\/Joint Quantum Institute          <\/figcaption>\n      <\/div>\n<\/figure>\n\n\n<p><span class=\"capitalized\">Mustien aukkojen<\/span> ei nimens\u00e4 mukaisesti pit\u00e4nyt s\u00e4teill\u00e4 lainkaan \u2013 kunnes <strong>Stephen Hawking<\/strong> osoitti, ett\u00e4 niist\u00e4 tulee heikkoa hiukkass\u00e4teily\u00e4. Toistaiseksi sellaista ei ole havaittu, mutta teoriaa pidet\u00e4\u00e4n perustaltaan vankkana.<\/p>\n\n\n\n<p>Mustaan aukkoon katoavan aineen piti vied\u00e4 kaikki sit\u00e4 koskeva informaatio menness\u00e4\u00e4n \u2013 kunnes Hawking ja <strong>Malcolm Perry<\/strong> esittiv\u00e4t t\u00e4m\u00e4n informaatioparadoksina tunnetun ongelman ratkaisuksi hypoteesin, ett\u00e4 informaatio tallentuu fotoneihin, jotka j\u00e4\u00e4v\u00e4t kiehn\u00e4\u00e4m\u00e4\u00e4n tapahtumahorisontin liepeille. Likik\u00e4\u00e4n kaikki eiv\u00e4t ole asiasta vakuuttuneita eik\u00e4 Hawking ehtinyt vied\u00e4 ajatusta pidemm\u00e4lle.<\/p>\n\n\n\n<blockquote class=\"wp-block-quote\"><p>Kvanttibitin arvo on samanaikaisesti sek\u00e4 0 ett\u00e4 1.<\/p><\/blockquote>\n\n\n\n<p>Mustien aukkojen sisuksista ei ainakaan voi saada mit\u00e4\u00e4n tietoa \u2013 kunnes tutkijat mallinsivat kolmekubittista \u201dmustaa aukkoa\u201d seitsem\u00e4n kubitin kvanttitietokoneessa. Kvanttimekaniikasta tutun lomittumisen avulla on heid\u00e4n mukaansa mahdollista uuttaa informaatiota jopa mustan aukon sis\u00e4lt\u00e4, mist\u00e4 ei mink\u00e4\u00e4n, ei edes informaation, pit\u00e4nyt p\u00e4\u00e4st\u00e4 karkuun.<\/p>\n\n\n\n<p><span class=\"capitalized\">Kubitti eli kvanttibitti<\/span> vastaa kvanttiteknologiassa perinteisen tietokoneen bitti\u00e4, mutta sen arvo on samanaikaisesti sek\u00e4 0 ett\u00e4 1, ei ainoastaan joko tai kuten klassisessa digimaailmassa.<\/p>\n\n\n\n<p>T\u00e4m\u00e4n jakomielisen ominaisuuden lis\u00e4ksi kubitit voivat \u201dlomittua\u201d. Silloin niiden ominaisuudet ovat kytkeytyneet toisiinsa siten, ett\u00e4 selvitt\u00e4m\u00e4ll\u00e4 yhden kubitin tilan on mahdollista saada v\u00e4litt\u00f6m\u00e4sti tieto my\u00f6s toisen kubitin tilasta, olipa niiden v\u00e4linen et\u00e4isyys kuinka suuri tahansa.<\/p>\n\n\n\n<p>Tai vaikka toinen kubitti olisi mustan aukon sis\u00e4ll\u00e4.<\/p>\n\n\n\n<p>Ehk\u00e4 kirjaimellisesti kaukaa haettua, mutta Kalifornian yliopiston (Berkeley) tutkijoiden mukaan ainakin teoriassa mahdollista. Se edellytt\u00e4\u00e4 kuitenkin toimivaa kvanttitietokonetta, jollaista ei viel\u00e4 ole lukuun ottamatta kokeellisia muutaman kubitin systeemej\u00e4.<\/p>\n\n\n\n<p><span class=\"capitalized\">Ideana on tipauttaa<\/span> lomittunut kubitti mustaan aukkoon, tarkastella mustasta aukosta tulevaa Hawkingin s\u00e4teily\u00e4 ja \u201dmassiivisella kvanttilaskennalla\u201d, kuten tutkimusryhm\u00e4n j\u00e4sen&nbsp;<strong>Norman Yao<\/strong> asian ilmaisee, selvitt\u00e4\u00e4 s\u00e4teilyn ominaisuuksien avulla mustan aukkoon kadonneen kubitin tila.<\/p>\n\n\n\n<p>Yksitt\u00e4inen kubitti ei viel\u00e4 muodostaisi kummoista datalinkki\u00e4, mutta jo yksitt\u00e4isen kubitin kvanttitilan selvitt\u00e4minen olisi mullistavaa: mustan aukon sisuksista ei pit\u00e4isi saada mink\u00e4\u00e4nlaista tietoa.<\/p>\n\n\n\n<p>Eli riitt\u00e4v\u00e4n l\u00e4hell\u00e4 sijaitsevaa mustaa aukkoa, Hawkingin s\u00e4teilyn havaitsemista ja toimivaa kvanttitietokonetta odotellessa.<\/p>\n\n\n\n<p>&nbsp;<\/p>\n\n\n\n<p>&nbsp;<\/p>\n\n\n","protected":false},"excerpt":{"rendered":"<p>Mustien aukkojen ei nimens\u00e4 mukaisesti pit\u00e4nyt s\u00e4teill\u00e4 lainkaan \u2013 kunnes Stephen Hawking osoitti, ett\u00e4 niist\u00e4 tulee heikkoa hiukkass\u00e4teily\u00e4. Toistaiseksi sellaista ei ole havaittu, mutta teoriaa pidet\u00e4\u00e4n perustaltaan vankkana. Mustaan aukkoon katoavan aineen piti vied\u00e4 kaikki<br \/>\nsit\u00e4 koskeva&hellip;<\/p>\n","protected":false},"author":557,"featured_media":0,"comment_status":"open","ping_status":"open","sticky":false,"template":"","format":"standard","meta":{"_acf_changed":false,"asauth_required_access_level":3,"asauth_cansharepaid":"true","om_header_attributes":[],"footnotes":"","om_featured_image_focal_point":[],"om_primary_tag":0,"om_contributors":[],"om_co_authors":[],"beyondwords_generate_audio":"","beyondwords_project_id":"","beyondwords_content_id":"","beyondwords_preview_token":"","beyondwords_player_content":"","beyondwords_player_style":"","beyondwords_language_code":"","beyondwords_language_id":"","beyondwords_title_voice_id":"","beyondwords_body_voice_id":"","beyondwords_summary_voice_id":"","beyondwords_error_message":"","beyondwords_disabled":"","beyondwords_delete_content":"","beyondwords_podcast_id":"","beyondwords_hash":"","publish_post_to_speechkit":"","speechkit_hash":"","speechkit_generate_audio":"","speechkit_project_id":"","speechkit_podcast_id":"","speechkit_error_message":"","speechkit_disabled":"","speechkit_access_key":"","speechkit_error":"","speechkit_info":"","speechkit_response":"","speechkit_retries":"","speechkit_status":"","speechkit_updated_at":"","_speechkit_link":"","_speechkit_text":""},"categories":[1],"tags":[615,735,734,736,737,27,7],"class_list":["post-1924","post","type-post","status-publish","format-standard","hentry","category-taivaan-tahden","tag-hawkingin-sateily","tag-kubitti","tag-kvanttibitti","tag-kvanttitietokone","tag-lomittuminen","tag-musta-aukko","tag-stephen-hawking"],"om_views":null,"acf":{"tuuma_off":false,"tuuma_kysymys":"","tuuma_vastaus":""},"asauth":{"required_access_level":1,"share_token":"","is_paid":false},"yoast_head":"<!-- This site is optimized with the Yoast SEO plugin v26.4 - https:\/\/yoast.com\/wordpress\/plugins\/seo\/ -->\n<title>Kubitti paljastaa mustan aukon salat - Taivaan t\u00e4hden<\/title>\n<meta name=\"robots\" content=\"index, follow, max-snippet:-1, max-image-preview:large, max-video-preview:-1\" \/>\n<link rel=\"canonical\" href=\"https:\/\/suomenkuvalehti.fi\/taivaan-tahden\/2019\/03\/07\/kubitti-paljastaa-mustan-aukon-salat\/\" \/>\n<meta property=\"og:locale\" content=\"fi_FI\" \/>\n<meta property=\"og:type\" content=\"article\" \/>\n<meta property=\"og:title\" content=\"Kubitti paljastaa mustan aukon salat - Taivaan t\u00e4hden\" \/>\n<meta property=\"og:description\" content=\"Mustien aukkojen ei nimens\u00e4 mukaisesti pit\u00e4nyt s\u00e4teill\u00e4 lainkaan \u2013 kunnes Stephen Hawking osoitti, ett\u00e4 niist\u00e4 tulee heikkoa hiukkass\u00e4teily\u00e4. Toistaiseksi sellaista ei ole havaittu, mutta teoriaa pidet\u00e4\u00e4n perustaltaan vankkana. Mustaan aukkoon katoavan aineen piti vied\u00e4 kaikki sit\u00e4 koskeva&hellip;\" \/>\n<meta property=\"og:url\" content=\"https:\/\/suomenkuvalehti.fi\/taivaan-tahden\/2019\/03\/07\/kubitti-paljastaa-mustan-aukon-salat\/\" \/>\n<meta property=\"og:site_name\" content=\"Taivaan t\u00e4hden\" \/>\n<meta property=\"article:published_time\" content=\"2019-03-07T06:17:25+00:00\" \/>\n<meta property=\"og:image\" content=\"https:\/\/suomenkuvalehti.fi\/taivaan-tahden\/wp-content\/uploads\/sites\/36\/2019\/03\/scrambling-blackhole750_sk.jpg\" \/>\n\t<meta property=\"og:image:width\" content=\"750\" \/>\n\t<meta property=\"og:image:height\" content=\"500\" \/>\n\t<meta property=\"og:image:type\" content=\"image\/jpeg\" \/>\n<meta name=\"author\" content=\"Markus Hotakainen\" \/>\n<meta name=\"twitter:card\" content=\"summary_large_image\" \/>\n<meta name=\"twitter:label1\" content=\"Written by\" \/>\n\t<meta name=\"twitter:data1\" content=\"Markus Hotakainen\" \/>\n\t<meta name=\"twitter:label2\" content=\"Est. reading time\" \/>\n\t<meta name=\"twitter:data2\" content=\"2 minuuttia\" \/>\n<script type=\"application\/ld+json\" class=\"yoast-schema-graph\">{\"@context\":\"https:\/\/schema.org\",\"@graph\":[{\"@type\":\"WebPage\",\"@id\":\"https:\/\/suomenkuvalehti.fi\/taivaan-tahden\/2019\/03\/07\/kubitti-paljastaa-mustan-aukon-salat\/\",\"url\":\"https:\/\/suomenkuvalehti.fi\/taivaan-tahden\/2019\/03\/07\/kubitti-paljastaa-mustan-aukon-salat\/\",\"name\":\"Kubitti paljastaa mustan aukon salat - Taivaan t\u00e4hden\",\"isPartOf\":{\"@id\":\"https:\/\/suomenkuvalehti.fi\/taivaan-tahden\/#website\"},\"primaryImageOfPage\":{\"@id\":\"https:\/\/suomenkuvalehti.fi\/taivaan-tahden\/2019\/03\/07\/kubitti-paljastaa-mustan-aukon-salat\/#primaryimage\"},\"image\":{\"@id\":\"https:\/\/suomenkuvalehti.fi\/taivaan-tahden\/2019\/03\/07\/kubitti-paljastaa-mustan-aukon-salat\/#primaryimage\"},\"thumbnailUrl\":\"https:\/\/suomenkuvalehti.fi\/taivaan-tahden\/wp-content\/uploads\/sites\/36\/2019\/03\/scrambling-blackhole750_sk.jpg\",\"datePublished\":\"2019-03-07T06:17:25+00:00\",\"author\":{\"@id\":\"https:\/\/suomenkuvalehti.fi\/taivaan-tahden\/#\/schema\/person\/c9c1373acb19750e11084ef640abeae0\"},\"breadcrumb\":{\"@id\":\"https:\/\/suomenkuvalehti.fi\/taivaan-tahden\/2019\/03\/07\/kubitti-paljastaa-mustan-aukon-salat\/#breadcrumb\"},\"inLanguage\":\"fi\",\"potentialAction\":[{\"@type\":\"ReadAction\",\"target\":[\"https:\/\/suomenkuvalehti.fi\/taivaan-tahden\/2019\/03\/07\/kubitti-paljastaa-mustan-aukon-salat\/\"]}]},{\"@type\":\"ImageObject\",\"inLanguage\":\"fi\",\"@id\":\"https:\/\/suomenkuvalehti.fi\/taivaan-tahden\/2019\/03\/07\/kubitti-paljastaa-mustan-aukon-salat\/#primaryimage\",\"url\":\"https:\/\/suomenkuvalehti.fi\/taivaan-tahden\/wp-content\/uploads\/sites\/36\/2019\/03\/scrambling-blackhole750_sk.jpg\",\"contentUrl\":\"https:\/\/suomenkuvalehti.fi\/taivaan-tahden\/wp-content\/uploads\/sites\/36\/2019\/03\/scrambling-blackhole750_sk.jpg\"},{\"@type\":\"BreadcrumbList\",\"@id\":\"https:\/\/suomenkuvalehti.fi\/taivaan-tahden\/2019\/03\/07\/kubitti-paljastaa-mustan-aukon-salat\/#breadcrumb\",\"itemListElement\":[{\"@type\":\"ListItem\",\"position\":1,\"name\":\"Home\",\"item\":\"https:\/\/suomenkuvalehti.fi\/taivaan-tahden\/\"},{\"@type\":\"ListItem\",\"position\":2,\"name\":\"Kubitti paljastaa mustan aukon salat\"}]},{\"@type\":\"WebSite\",\"@id\":\"https:\/\/suomenkuvalehti.fi\/taivaan-tahden\/#website\",\"url\":\"https:\/\/suomenkuvalehti.fi\/taivaan-tahden\/\",\"name\":\"Taivaan t\u00e4hden\",\"description\":\"Tiedetoimittaja Markus Hotakainen h\u00e4mm\u00e4stelee maailmankaikkeutta.\",\"potentialAction\":[{\"@type\":\"SearchAction\",\"target\":{\"@type\":\"EntryPoint\",\"urlTemplate\":\"https:\/\/suomenkuvalehti.fi\/haku\/?q={search_term_string}\"},\"query-input\":{\"@type\":\"PropertyValueSpecification\",\"valueRequired\":true,\"valueName\":\"search_term_string\"}}],\"inLanguage\":\"fi\"},{\"@type\":\"Person\",\"@id\":\"https:\/\/suomenkuvalehti.fi\/taivaan-tahden\/#\/schema\/person\/c9c1373acb19750e11084ef640abeae0\",\"name\":\"Markus Hotakainen\",\"image\":{\"@type\":\"ImageObject\",\"inLanguage\":\"fi\",\"@id\":\"https:\/\/suomenkuvalehti.fi\/taivaan-tahden\/#\/schema\/person\/image\/\",\"url\":\"https:\/\/suomenkuvalehti.fi\/taivaan-tahden\/wp-content\/uploads\/sites\/36\/2018\/05\/markus_hotakainen_blogi_pieni-150x150.jpg\",\"contentUrl\":\"https:\/\/suomenkuvalehti.fi\/taivaan-tahden\/wp-content\/uploads\/sites\/36\/2018\/05\/markus_hotakainen_blogi_pieni-150x150.jpg\",\"caption\":\"Markus Hotakainen\"},\"description\":\"Kirjoittaja on tiedetoimittaja ja tietokirjailija.\"}]}<\/script>\n<!-- \/ Yoast SEO plugin. -->","yoast_head_json":{"title":"Kubitti paljastaa mustan aukon salat - Taivaan t\u00e4hden","robots":{"index":"index","follow":"follow","max-snippet":"max-snippet:-1","max-image-preview":"max-image-preview:large","max-video-preview":"max-video-preview:-1"},"canonical":"https:\/\/suomenkuvalehti.fi\/taivaan-tahden\/2019\/03\/07\/kubitti-paljastaa-mustan-aukon-salat\/","og_locale":"fi_FI","og_type":"article","og_title":"Kubitti paljastaa mustan aukon salat - Taivaan t\u00e4hden","og_description":"Mustien aukkojen ei nimens\u00e4 mukaisesti pit\u00e4nyt s\u00e4teill\u00e4 lainkaan \u2013 kunnes Stephen Hawking osoitti, ett\u00e4 niist\u00e4 tulee heikkoa hiukkass\u00e4teily\u00e4. Toistaiseksi sellaista ei ole havaittu, mutta teoriaa pidet\u00e4\u00e4n perustaltaan vankkana. Mustaan aukkoon katoavan aineen piti vied\u00e4 kaikki sit\u00e4 koskeva&hellip;","og_url":"https:\/\/suomenkuvalehti.fi\/taivaan-tahden\/2019\/03\/07\/kubitti-paljastaa-mustan-aukon-salat\/","og_site_name":"Taivaan t\u00e4hden","article_published_time":"2019-03-07T06:17:25+00:00","og_image":[{"width":750,"height":500,"url":"https:\/\/suomenkuvalehti.fi\/taivaan-tahden\/wp-content\/uploads\/sites\/36\/2019\/03\/scrambling-blackhole750_sk.jpg","type":"image\/jpeg"}],"author":"Markus Hotakainen","twitter_card":"summary_large_image","twitter_misc":{"Written by":"Markus Hotakainen","Est. reading time":"2 minuuttia"},"schema":{"@context":"https:\/\/schema.org","@graph":[{"@type":"WebPage","@id":"https:\/\/suomenkuvalehti.fi\/taivaan-tahden\/2019\/03\/07\/kubitti-paljastaa-mustan-aukon-salat\/","url":"https:\/\/suomenkuvalehti.fi\/taivaan-tahden\/2019\/03\/07\/kubitti-paljastaa-mustan-aukon-salat\/","name":"Kubitti paljastaa mustan aukon salat - Taivaan t\u00e4hden","isPartOf":{"@id":"https:\/\/suomenkuvalehti.fi\/taivaan-tahden\/#website"},"primaryImageOfPage":{"@id":"https:\/\/suomenkuvalehti.fi\/taivaan-tahden\/2019\/03\/07\/kubitti-paljastaa-mustan-aukon-salat\/#primaryimage"},"image":{"@id":"https:\/\/suomenkuvalehti.fi\/taivaan-tahden\/2019\/03\/07\/kubitti-paljastaa-mustan-aukon-salat\/#primaryimage"},"thumbnailUrl":"https:\/\/suomenkuvalehti.fi\/taivaan-tahden\/wp-content\/uploads\/sites\/36\/2019\/03\/scrambling-blackhole750_sk.jpg","datePublished":"2019-03-07T06:17:25+00:00","author":{"@id":"https:\/\/suomenkuvalehti.fi\/taivaan-tahden\/#\/schema\/person\/c9c1373acb19750e11084ef640abeae0"},"breadcrumb":{"@id":"https:\/\/suomenkuvalehti.fi\/taivaan-tahden\/2019\/03\/07\/kubitti-paljastaa-mustan-aukon-salat\/#breadcrumb"},"inLanguage":"fi","potentialAction":[{"@type":"ReadAction","target":["https:\/\/suomenkuvalehti.fi\/taivaan-tahden\/2019\/03\/07\/kubitti-paljastaa-mustan-aukon-salat\/"]}]},{"@type":"ImageObject","inLanguage":"fi","@id":"https:\/\/suomenkuvalehti.fi\/taivaan-tahden\/2019\/03\/07\/kubitti-paljastaa-mustan-aukon-salat\/#primaryimage","url":"https:\/\/suomenkuvalehti.fi\/taivaan-tahden\/wp-content\/uploads\/sites\/36\/2019\/03\/scrambling-blackhole750_sk.jpg","contentUrl":"https:\/\/suomenkuvalehti.fi\/taivaan-tahden\/wp-content\/uploads\/sites\/36\/2019\/03\/scrambling-blackhole750_sk.jpg"},{"@type":"BreadcrumbList","@id":"https:\/\/suomenkuvalehti.fi\/taivaan-tahden\/2019\/03\/07\/kubitti-paljastaa-mustan-aukon-salat\/#breadcrumb","itemListElement":[{"@type":"ListItem","position":1,"name":"Home","item":"https:\/\/suomenkuvalehti.fi\/taivaan-tahden\/"},{"@type":"ListItem","position":2,"name":"Kubitti paljastaa mustan aukon salat"}]},{"@type":"WebSite","@id":"https:\/\/suomenkuvalehti.fi\/taivaan-tahden\/#website","url":"https:\/\/suomenkuvalehti.fi\/taivaan-tahden\/","name":"Taivaan t\u00e4hden","description":"Tiedetoimittaja Markus Hotakainen h\u00e4mm\u00e4stelee maailmankaikkeutta.","potentialAction":[{"@type":"SearchAction","target":{"@type":"EntryPoint","urlTemplate":"https:\/\/suomenkuvalehti.fi\/haku\/?q={search_term_string}"},"query-input":{"@type":"PropertyValueSpecification","valueRequired":true,"valueName":"search_term_string"}}],"inLanguage":"fi"},{"@type":"Person","@id":"https:\/\/suomenkuvalehti.fi\/taivaan-tahden\/#\/schema\/person\/c9c1373acb19750e11084ef640abeae0","name":"Markus Hotakainen","image":{"@type":"ImageObject","inLanguage":"fi","@id":"https:\/\/suomenkuvalehti.fi\/taivaan-tahden\/#\/schema\/person\/image\/","url":"https:\/\/suomenkuvalehti.fi\/taivaan-tahden\/wp-content\/uploads\/sites\/36\/2018\/05\/markus_hotakainen_blogi_pieni-150x150.jpg","contentUrl":"https:\/\/suomenkuvalehti.fi\/taivaan-tahden\/wp-content\/uploads\/sites\/36\/2018\/05\/markus_hotakainen_blogi_pieni-150x150.jpg","caption":"Markus Hotakainen"},"description":"Kirjoittaja on tiedetoimittaja ja tietokirjailija."}]}},"_links":{"self":[{"href":"https:\/\/suomenkuvalehti.fi\/taivaan-tahden\/wp-json\/wp\/v2\/posts\/1924","targetHints":{"allow":["GET"]}}],"collection":[{"href":"https:\/\/suomenkuvalehti.fi\/taivaan-tahden\/wp-json\/wp\/v2\/posts"}],"about":[{"href":"https:\/\/suomenkuvalehti.fi\/taivaan-tahden\/wp-json\/wp\/v2\/types\/post"}],"author":[{"embeddable":true,"href":"https:\/\/suomenkuvalehti.fi\/taivaan-tahden\/wp-json\/wp\/v2\/users\/557"}],"replies":[{"embeddable":true,"href":"https:\/\/suomenkuvalehti.fi\/taivaan-tahden\/wp-json\/wp\/v2\/comments?post=1924"}],"version-history":[{"count":4,"href":"https:\/\/suomenkuvalehti.fi\/taivaan-tahden\/wp-json\/wp\/v2\/posts\/1924\/revisions"}],"predecessor-version":[{"id":1929,"href":"https:\/\/suomenkuvalehti.fi\/taivaan-tahden\/wp-json\/wp\/v2\/posts\/1924\/revisions\/1929"}],"wp:attachment":[{"href":"https:\/\/suomenkuvalehti.fi\/taivaan-tahden\/wp-json\/wp\/v2\/media?parent=1924"}],"wp:term":[{"taxonomy":"category","embeddable":true,"href":"https:\/\/suomenkuvalehti.fi\/taivaan-tahden\/wp-json\/wp\/v2\/categories?post=1924"},{"taxonomy":"post_tag","embeddable":true,"href":"https:\/\/suomenkuvalehti.fi\/taivaan-tahden\/wp-json\/wp\/v2\/tags?post=1924"}],"curies":[{"name":"wp","href":"https:\/\/api.w.org\/{rel}","templated":true}]}}