{"id":1912,"date":"2019-02-25T16:30:20","date_gmt":"2019-02-25T14:30:20","guid":{"rendered":"https:\/\/suomenkuvalehti.fi\/taivaan-tahden\/?p=1912"},"modified":"2019-02-25T16:30:20","modified_gmt":"2019-02-25T14:30:20","slug":"kaytiinko-kuussa-sittenkaan","status":"publish","type":"post","link":"https:\/\/suomenkuvalehti.fi\/taivaan-tahden\/2019\/02\/25\/kaytiinko-kuussa-sittenkaan\/","title":{"rendered":"K\u00e4ytiink\u00f6 Kuussa sittenk\u00e4\u00e4n?"},"content":{"rendered":"<figure class=\"aligncenter size-large is-resized wp-block-image\">\n  <div class=\"wp-block-image__inner-container\">\n    <a href=\"https:\/\/suomenkuvalehti.fi\/taivaan-tahden\/wp-content\/uploads\/sites\/36\/2019\/02\/change_4.jpg\"><img loading=\"lazy\" decoding=\"async\" src=\"https:\/\/suomenkuvalehti.fi\/taivaan-tahden\/wp-content\/uploads\/sites\/36\/2019\/02\/change_4-1024x679.jpg\" alt=\"\" class=\"wp-image-1913\" width=\"1024\" height=\"679\" style=\"--aspect-ratio: 1.51\" srcset=\"https:\/\/suomenkuvalehti.fi\/taivaan-tahden\/wp-content\/uploads\/sites\/36\/2019\/02\/change_4.jpg 1024w, https:\/\/suomenkuvalehti.fi\/taivaan-tahden\/wp-content\/uploads\/sites\/36\/2019\/02\/change_4-300x199.jpg 300w, https:\/\/suomenkuvalehti.fi\/taivaan-tahden\/wp-content\/uploads\/sites\/36\/2019\/02\/change_4-768x509.jpg 768w, https:\/\/suomenkuvalehti.fi\/taivaan-tahden\/wp-content\/uploads\/sites\/36\/2019\/02\/change_4-630x418.jpg 630w\" sizes=\"auto, (max-width: 1024px) 100vw, 1024px\" \/><\/a>    <figcaption class=\"wp-block-image__figcaption\">\n      Jadepupu ei ole l\u00f6yt\u00e4nyt todisteita Apollo-lennoista. Kuva: CNSA\/CLEP          <\/figcaption>\n      <\/div>\n<\/figure>\n\n\n<p><span class=\"capitalized\">Tammikuun alussa<\/span> Kuuhun laskeutui kiinalainen Chang\u2019e-4-luotain mukanaan pieni Yutu 2 -kulkija eli \u201dJadepupu 2\u201d. Yhdistelm\u00e4n teht\u00e4v\u00e4n\u00e4 on tutkia Kuun koostumusta ja pintal\u00e4mp\u00f6tilan vaihteluita, kosmista s\u00e4teily\u00e4 ja Auringon kaasukeh\u00e4n ulointa osaa eli koronaa.<\/p>\n\n\n\n<p>Toistaiseksi mullistavin julkisuuteen tullut tulos on se, ett\u00e4 Chang\u2019e-4 ei ole l\u00f6yt\u00e4nyt mink\u00e4\u00e4nlaisia todisteita siit\u00e4, ett\u00e4 Apollo-aluksilla olisi todella laskeuduttu Kuun pinnalle vuosina 1969\u201372.<\/p>\n\n\n\n<p>Ovatko lukemattomia nettisivustoja yll\u00e4pit\u00e4v\u00e4t vannoutuneet salaliittoteoreetikot olleet sittenkin oikeassa kaikki n\u00e4m\u00e4 vuodet?<\/p>\n\n\n\n<p><span class=\"capitalized\">Avaruuden taannoinen valloitus<\/span> ei vakuuttanut kaikkia. Aikojen saatossa on esitetty monenlaisia todisteita siit\u00e4, ett\u00e4 NASA ei saanut ainuttakaan astronauttia Kuuhun saakka.<\/p>\n\n\n\n<p>Kuun pinnalla otetuiksi v\u00e4itetyiss\u00e4 kuvissa ei n\u00e4y t\u00e4hti\u00e4, vaikka taivas on sysimusta. Kuumoduulien laskeutumismoottori ei ole j\u00e4tt\u00e4nyt j\u00e4lki\u00e4 p\u00f6lyiselle pinnalle. Astronauttien pystytt\u00e4m\u00e4t liput liehuvat, vaikka Kuussa ei ole ilmaa. Kuupukujen visiireiss\u00e4 n\u00e4kyy outoja heijastumia. Varjot lankeavat eri suuntiin aivan kuin valonl\u00e4hteit\u00e4 olisi useita.<\/p>\n\n\n\n<blockquote class=\"wp-block-quote\"><p>Todella ep\u00e4ilytt\u00e4v\u00e4\u00e4.<\/p><\/blockquote>\n\n\n\n<p><span class=\"capitalized\">Ep\u00e4ilyjen pohjalta<\/span> on tehty aika vet\u00e4v\u00e4 elokuvakin, Capricorn One, joka kertoo Mars-lennosta, jota ei tehtyk\u00e4\u00e4n. Lennon eri vaiheet kuvattiin studiossa, kuten Apollo-ohjelmassakin v\u00e4itet\u00e4\u00e4n tehdyn. Hurjimpien huhujen mukaan lavastettujen kuulentofilmien ohjaajaksi olisi aikoinaan v\u00e4rv\u00e4tty <b>Stanley Kubrick<\/b> <i>2001: Avaruusseikkailu<\/i> -ansioidensa perusteella.<\/p>\n\n\n\n<p>Apollo-alusten (oletetut) laskeutumispaikat hukkuvat toki helposti aution Kuun pinnalle, mutta onhan ne sent\u00e4\u00e4n saatu (oletetusti) kuvattua my\u00f6hemmill\u00e4 luotaimilla Kuun kiertoradalta k\u00e4sinkin. Miten ihmeess\u00e4 Chang\u2019e-4 ei ole onnistunut n\u00e4kem\u00e4\u00e4n niist\u00e4 j\u00e4lke\u00e4k\u00e4\u00e4n?<\/p>\n\n\n\n<p><span class=\"capitalized\">Kiinalainen luotain<\/span> laskeutui Aitkenin altaaseen, joka on per\u00e4ti 2 500 kilometrin l\u00e4pimittainen ja 13 kilometrin syvyinen muodostelma. Se on syntynyt aikakausia sitten suuren asteroidin iskeytyess\u00e4 Kuun pintaan.<\/p>\n\n\n\n<p>Kraatteri on niin syv\u00e4, ett\u00e4 sen pohjalla saattaa olla ainetta Kuun vaipasta, johon on mahdoton muutoin p\u00e4\u00e4st\u00e4 k\u00e4siksi. Siksi Kuun koostumus on kiinalaisen laskeutujan t\u00e4rkeimpi\u00e4 tutkimuskohteita.<\/p>\n\n\n\n<p><span class=\"capitalized\">Yksi keskeinen syy<\/span> siihen, ettei Chang\u2019e-4 ole l\u00f6yt\u00e4nyt Kuun pinnalta todisteita ammoisista Apollo-lennoista, on sen laskeutumispaikan sijainti: Aitkenin allas on Kuun k\u00e4\u00e4nt\u00f6puolella. Kaikki Apollo-alukset laskeutuivat Kuun etupuolelle.<\/p>\n\n\n\n<p>&nbsp;<\/p>\n\n\n\n<p>&nbsp;<\/p>\n\n\n\n<p>&nbsp;<\/p>\n\n\n","protected":false},"excerpt":{"rendered":"<p>Tammikuun alussa Kuuhun laskeutui kiinalainen Chang\u2019e-4-luotain mukanaan pieni Yutu 2 -kulkija eli \u201dJadepupu 2\u201d. Yhdistelm\u00e4n teht\u00e4v\u00e4n\u00e4 on tutkia Kuun koostumusta ja pintal\u00e4mp\u00f6tilan vaihteluita, kosmista s\u00e4teily\u00e4 ja Auringon kaasukeh\u00e4n ulointa osaa eli koronaa. Toistaiseksi mullistavin<br \/>\njulkisuuteen t&hellip;<\/p>\n","protected":false},"author":557,"featured_media":0,"comment_status":"open","ping_status":"open","sticky":false,"template":"","format":"standard","meta":{"_acf_changed":false,"asauth_required_access_level":3,"asauth_cansharepaid":"true","om_header_attributes":[],"footnotes":"","om_featured_image_focal_point":[],"om_primary_tag":0,"om_contributors":[],"om_co_authors":[],"beyondwords_generate_audio":"","beyondwords_project_id":"","beyondwords_content_id":"","beyondwords_preview_token":"","beyondwords_player_content":"","beyondwords_player_style":"","beyondwords_language_code":"","beyondwords_language_id":"","beyondwords_title_voice_id":"","beyondwords_body_voice_id":"","beyondwords_summary_voice_id":"","beyondwords_error_message":"","beyondwords_disabled":"","beyondwords_delete_content":"","beyondwords_podcast_id":"","beyondwords_hash":"","publish_post_to_speechkit":"","speechkit_hash":"","speechkit_generate_audio":"","speechkit_project_id":"","speechkit_podcast_id":"","speechkit_error_message":"","speechkit_disabled":"","speechkit_access_key":"","speechkit_error":"","speechkit_info":"","speechkit_response":"","speechkit_retries":"","speechkit_status":"","speechkit_updated_at":"","_speechkit_link":"","_speechkit_text":""},"categories":[1],"tags":[731,642,718,5,730],"class_list":["post-1912","post","type-post","status-publish","format-standard","hentry","category-taivaan-tahden","tag-aitkenin-allas","tag-apollo-lennot","tag-change-4","tag-kuu","tag-yutu-2"],"om_views":null,"acf":{"tuuma_off":false,"tuuma_kysymys":"","tuuma_vastaus":""},"asauth":{"required_access_level":1,"share_token":"","is_paid":false},"yoast_head":"<!-- This site is optimized with the Yoast SEO plugin v26.4 - https:\/\/yoast.com\/wordpress\/plugins\/seo\/ -->\n<title>K\u00e4ytiink\u00f6 Kuussa sittenk\u00e4\u00e4n? - Taivaan t\u00e4hden<\/title>\n<meta name=\"robots\" content=\"index, follow, max-snippet:-1, max-image-preview:large, max-video-preview:-1\" \/>\n<link rel=\"canonical\" href=\"https:\/\/suomenkuvalehti.fi\/taivaan-tahden\/2019\/02\/25\/kaytiinko-kuussa-sittenkaan\/\" \/>\n<meta property=\"og:locale\" content=\"fi_FI\" \/>\n<meta property=\"og:type\" content=\"article\" \/>\n<meta property=\"og:title\" content=\"K\u00e4ytiink\u00f6 Kuussa sittenk\u00e4\u00e4n? - Taivaan t\u00e4hden\" \/>\n<meta property=\"og:description\" content=\"Tammikuun alussa Kuuhun laskeutui kiinalainen Chang\u2019e-4-luotain mukanaan pieni Yutu 2 -kulkija eli \u201dJadepupu 2\u201d. Yhdistelm\u00e4n teht\u00e4v\u00e4n\u00e4 on tutkia Kuun koostumusta ja pintal\u00e4mp\u00f6tilan vaihteluita, kosmista s\u00e4teily\u00e4 ja Auringon kaasukeh\u00e4n ulointa osaa eli koronaa. Toistaiseksi mullistavin julkisuuteen t&hellip;\" \/>\n<meta property=\"og:url\" content=\"https:\/\/suomenkuvalehti.fi\/taivaan-tahden\/2019\/02\/25\/kaytiinko-kuussa-sittenkaan\/\" \/>\n<meta property=\"og:site_name\" content=\"Taivaan t\u00e4hden\" \/>\n<meta property=\"article:published_time\" content=\"2019-02-25T14:30:20+00:00\" \/>\n<meta property=\"og:image\" content=\"https:\/\/suomenkuvalehti.fi\/taivaan-tahden\/wp-content\/uploads\/sites\/36\/2019\/02\/change_4.jpg\" \/>\n\t<meta property=\"og:image:width\" content=\"1024\" \/>\n\t<meta property=\"og:image:height\" content=\"679\" \/>\n\t<meta property=\"og:image:type\" content=\"image\/jpeg\" \/>\n<meta name=\"author\" content=\"Markus Hotakainen\" \/>\n<meta name=\"twitter:card\" content=\"summary_large_image\" \/>\n<meta name=\"twitter:label1\" content=\"Written by\" \/>\n\t<meta name=\"twitter:data1\" content=\"Markus Hotakainen\" \/>\n\t<meta name=\"twitter:label2\" content=\"Est. reading time\" \/>\n\t<meta name=\"twitter:data2\" content=\"2 minuuttia\" \/>\n<script type=\"application\/ld+json\" class=\"yoast-schema-graph\">{\"@context\":\"https:\/\/schema.org\",\"@graph\":[{\"@type\":\"WebPage\",\"@id\":\"https:\/\/suomenkuvalehti.fi\/taivaan-tahden\/2019\/02\/25\/kaytiinko-kuussa-sittenkaan\/\",\"url\":\"https:\/\/suomenkuvalehti.fi\/taivaan-tahden\/2019\/02\/25\/kaytiinko-kuussa-sittenkaan\/\",\"name\":\"K\u00e4ytiink\u00f6 Kuussa sittenk\u00e4\u00e4n? - Taivaan t\u00e4hden\",\"isPartOf\":{\"@id\":\"https:\/\/suomenkuvalehti.fi\/taivaan-tahden\/#website\"},\"primaryImageOfPage\":{\"@id\":\"https:\/\/suomenkuvalehti.fi\/taivaan-tahden\/2019\/02\/25\/kaytiinko-kuussa-sittenkaan\/#primaryimage\"},\"image\":{\"@id\":\"https:\/\/suomenkuvalehti.fi\/taivaan-tahden\/2019\/02\/25\/kaytiinko-kuussa-sittenkaan\/#primaryimage\"},\"thumbnailUrl\":\"https:\/\/suomenkuvalehti.fi\/taivaan-tahden\/wp-content\/uploads\/sites\/36\/2019\/02\/change_4-1024x679.jpg\",\"datePublished\":\"2019-02-25T14:30:20+00:00\",\"author\":{\"@id\":\"https:\/\/suomenkuvalehti.fi\/taivaan-tahden\/#\/schema\/person\/c9c1373acb19750e11084ef640abeae0\"},\"breadcrumb\":{\"@id\":\"https:\/\/suomenkuvalehti.fi\/taivaan-tahden\/2019\/02\/25\/kaytiinko-kuussa-sittenkaan\/#breadcrumb\"},\"inLanguage\":\"fi\",\"potentialAction\":[{\"@type\":\"ReadAction\",\"target\":[\"https:\/\/suomenkuvalehti.fi\/taivaan-tahden\/2019\/02\/25\/kaytiinko-kuussa-sittenkaan\/\"]}]},{\"@type\":\"ImageObject\",\"inLanguage\":\"fi\",\"@id\":\"https:\/\/suomenkuvalehti.fi\/taivaan-tahden\/2019\/02\/25\/kaytiinko-kuussa-sittenkaan\/#primaryimage\",\"url\":\"https:\/\/suomenkuvalehti.fi\/taivaan-tahden\/wp-content\/uploads\/sites\/36\/2019\/02\/change_4.jpg\",\"contentUrl\":\"https:\/\/suomenkuvalehti.fi\/taivaan-tahden\/wp-content\/uploads\/sites\/36\/2019\/02\/change_4.jpg\",\"width\":1024,\"height\":679},{\"@type\":\"BreadcrumbList\",\"@id\":\"https:\/\/suomenkuvalehti.fi\/taivaan-tahden\/2019\/02\/25\/kaytiinko-kuussa-sittenkaan\/#breadcrumb\",\"itemListElement\":[{\"@type\":\"ListItem\",\"position\":1,\"name\":\"Home\",\"item\":\"https:\/\/suomenkuvalehti.fi\/taivaan-tahden\/\"},{\"@type\":\"ListItem\",\"position\":2,\"name\":\"K\u00e4ytiink\u00f6 Kuussa sittenk\u00e4\u00e4n?\"}]},{\"@type\":\"WebSite\",\"@id\":\"https:\/\/suomenkuvalehti.fi\/taivaan-tahden\/#website\",\"url\":\"https:\/\/suomenkuvalehti.fi\/taivaan-tahden\/\",\"name\":\"Taivaan t\u00e4hden\",\"description\":\"Tiedetoimittaja Markus Hotakainen h\u00e4mm\u00e4stelee maailmankaikkeutta.\",\"potentialAction\":[{\"@type\":\"SearchAction\",\"target\":{\"@type\":\"EntryPoint\",\"urlTemplate\":\"https:\/\/suomenkuvalehti.fi\/haku\/?q={search_term_string}\"},\"query-input\":{\"@type\":\"PropertyValueSpecification\",\"valueRequired\":true,\"valueName\":\"search_term_string\"}}],\"inLanguage\":\"fi\"},{\"@type\":\"Person\",\"@id\":\"https:\/\/suomenkuvalehti.fi\/taivaan-tahden\/#\/schema\/person\/c9c1373acb19750e11084ef640abeae0\",\"name\":\"Markus Hotakainen\",\"image\":{\"@type\":\"ImageObject\",\"inLanguage\":\"fi\",\"@id\":\"https:\/\/suomenkuvalehti.fi\/taivaan-tahden\/#\/schema\/person\/image\/\",\"url\":\"https:\/\/suomenkuvalehti.fi\/taivaan-tahden\/wp-content\/uploads\/sites\/36\/2018\/05\/markus_hotakainen_blogi_pieni-150x150.jpg\",\"contentUrl\":\"https:\/\/suomenkuvalehti.fi\/taivaan-tahden\/wp-content\/uploads\/sites\/36\/2018\/05\/markus_hotakainen_blogi_pieni-150x150.jpg\",\"caption\":\"Markus Hotakainen\"},\"description\":\"Kirjoittaja on tiedetoimittaja ja tietokirjailija.\"}]}<\/script>\n<!-- \/ Yoast SEO plugin. -->","yoast_head_json":{"title":"K\u00e4ytiink\u00f6 Kuussa sittenk\u00e4\u00e4n? - Taivaan t\u00e4hden","robots":{"index":"index","follow":"follow","max-snippet":"max-snippet:-1","max-image-preview":"max-image-preview:large","max-video-preview":"max-video-preview:-1"},"canonical":"https:\/\/suomenkuvalehti.fi\/taivaan-tahden\/2019\/02\/25\/kaytiinko-kuussa-sittenkaan\/","og_locale":"fi_FI","og_type":"article","og_title":"K\u00e4ytiink\u00f6 Kuussa sittenk\u00e4\u00e4n? - Taivaan t\u00e4hden","og_description":"Tammikuun alussa Kuuhun laskeutui kiinalainen Chang\u2019e-4-luotain mukanaan pieni Yutu 2 -kulkija eli \u201dJadepupu 2\u201d. Yhdistelm\u00e4n teht\u00e4v\u00e4n\u00e4 on tutkia Kuun koostumusta ja pintal\u00e4mp\u00f6tilan vaihteluita, kosmista s\u00e4teily\u00e4 ja Auringon kaasukeh\u00e4n ulointa osaa eli koronaa. Toistaiseksi mullistavin julkisuuteen t&hellip;","og_url":"https:\/\/suomenkuvalehti.fi\/taivaan-tahden\/2019\/02\/25\/kaytiinko-kuussa-sittenkaan\/","og_site_name":"Taivaan t\u00e4hden","article_published_time":"2019-02-25T14:30:20+00:00","og_image":[{"width":1024,"height":679,"url":"https:\/\/suomenkuvalehti.fi\/taivaan-tahden\/wp-content\/uploads\/sites\/36\/2019\/02\/change_4.jpg","type":"image\/jpeg"}],"author":"Markus Hotakainen","twitter_card":"summary_large_image","twitter_misc":{"Written by":"Markus Hotakainen","Est. reading time":"2 minuuttia"},"schema":{"@context":"https:\/\/schema.org","@graph":[{"@type":"WebPage","@id":"https:\/\/suomenkuvalehti.fi\/taivaan-tahden\/2019\/02\/25\/kaytiinko-kuussa-sittenkaan\/","url":"https:\/\/suomenkuvalehti.fi\/taivaan-tahden\/2019\/02\/25\/kaytiinko-kuussa-sittenkaan\/","name":"K\u00e4ytiink\u00f6 Kuussa sittenk\u00e4\u00e4n? - Taivaan t\u00e4hden","isPartOf":{"@id":"https:\/\/suomenkuvalehti.fi\/taivaan-tahden\/#website"},"primaryImageOfPage":{"@id":"https:\/\/suomenkuvalehti.fi\/taivaan-tahden\/2019\/02\/25\/kaytiinko-kuussa-sittenkaan\/#primaryimage"},"image":{"@id":"https:\/\/suomenkuvalehti.fi\/taivaan-tahden\/2019\/02\/25\/kaytiinko-kuussa-sittenkaan\/#primaryimage"},"thumbnailUrl":"https:\/\/suomenkuvalehti.fi\/taivaan-tahden\/wp-content\/uploads\/sites\/36\/2019\/02\/change_4-1024x679.jpg","datePublished":"2019-02-25T14:30:20+00:00","author":{"@id":"https:\/\/suomenkuvalehti.fi\/taivaan-tahden\/#\/schema\/person\/c9c1373acb19750e11084ef640abeae0"},"breadcrumb":{"@id":"https:\/\/suomenkuvalehti.fi\/taivaan-tahden\/2019\/02\/25\/kaytiinko-kuussa-sittenkaan\/#breadcrumb"},"inLanguage":"fi","potentialAction":[{"@type":"ReadAction","target":["https:\/\/suomenkuvalehti.fi\/taivaan-tahden\/2019\/02\/25\/kaytiinko-kuussa-sittenkaan\/"]}]},{"@type":"ImageObject","inLanguage":"fi","@id":"https:\/\/suomenkuvalehti.fi\/taivaan-tahden\/2019\/02\/25\/kaytiinko-kuussa-sittenkaan\/#primaryimage","url":"https:\/\/suomenkuvalehti.fi\/taivaan-tahden\/wp-content\/uploads\/sites\/36\/2019\/02\/change_4.jpg","contentUrl":"https:\/\/suomenkuvalehti.fi\/taivaan-tahden\/wp-content\/uploads\/sites\/36\/2019\/02\/change_4.jpg","width":1024,"height":679},{"@type":"BreadcrumbList","@id":"https:\/\/suomenkuvalehti.fi\/taivaan-tahden\/2019\/02\/25\/kaytiinko-kuussa-sittenkaan\/#breadcrumb","itemListElement":[{"@type":"ListItem","position":1,"name":"Home","item":"https:\/\/suomenkuvalehti.fi\/taivaan-tahden\/"},{"@type":"ListItem","position":2,"name":"K\u00e4ytiink\u00f6 Kuussa sittenk\u00e4\u00e4n?"}]},{"@type":"WebSite","@id":"https:\/\/suomenkuvalehti.fi\/taivaan-tahden\/#website","url":"https:\/\/suomenkuvalehti.fi\/taivaan-tahden\/","name":"Taivaan t\u00e4hden","description":"Tiedetoimittaja Markus Hotakainen h\u00e4mm\u00e4stelee maailmankaikkeutta.","potentialAction":[{"@type":"SearchAction","target":{"@type":"EntryPoint","urlTemplate":"https:\/\/suomenkuvalehti.fi\/haku\/?q={search_term_string}"},"query-input":{"@type":"PropertyValueSpecification","valueRequired":true,"valueName":"search_term_string"}}],"inLanguage":"fi"},{"@type":"Person","@id":"https:\/\/suomenkuvalehti.fi\/taivaan-tahden\/#\/schema\/person\/c9c1373acb19750e11084ef640abeae0","name":"Markus Hotakainen","image":{"@type":"ImageObject","inLanguage":"fi","@id":"https:\/\/suomenkuvalehti.fi\/taivaan-tahden\/#\/schema\/person\/image\/","url":"https:\/\/suomenkuvalehti.fi\/taivaan-tahden\/wp-content\/uploads\/sites\/36\/2018\/05\/markus_hotakainen_blogi_pieni-150x150.jpg","contentUrl":"https:\/\/suomenkuvalehti.fi\/taivaan-tahden\/wp-content\/uploads\/sites\/36\/2018\/05\/markus_hotakainen_blogi_pieni-150x150.jpg","caption":"Markus Hotakainen"},"description":"Kirjoittaja on tiedetoimittaja ja tietokirjailija."}]}},"_links":{"self":[{"href":"https:\/\/suomenkuvalehti.fi\/taivaan-tahden\/wp-json\/wp\/v2\/posts\/1912","targetHints":{"allow":["GET"]}}],"collection":[{"href":"https:\/\/suomenkuvalehti.fi\/taivaan-tahden\/wp-json\/wp\/v2\/posts"}],"about":[{"href":"https:\/\/suomenkuvalehti.fi\/taivaan-tahden\/wp-json\/wp\/v2\/types\/post"}],"author":[{"embeddable":true,"href":"https:\/\/suomenkuvalehti.fi\/taivaan-tahden\/wp-json\/wp\/v2\/users\/557"}],"replies":[{"embeddable":true,"href":"https:\/\/suomenkuvalehti.fi\/taivaan-tahden\/wp-json\/wp\/v2\/comments?post=1912"}],"version-history":[{"count":3,"href":"https:\/\/suomenkuvalehti.fi\/taivaan-tahden\/wp-json\/wp\/v2\/posts\/1912\/revisions"}],"predecessor-version":[{"id":1916,"href":"https:\/\/suomenkuvalehti.fi\/taivaan-tahden\/wp-json\/wp\/v2\/posts\/1912\/revisions\/1916"}],"wp:attachment":[{"href":"https:\/\/suomenkuvalehti.fi\/taivaan-tahden\/wp-json\/wp\/v2\/media?parent=1912"}],"wp:term":[{"taxonomy":"category","embeddable":true,"href":"https:\/\/suomenkuvalehti.fi\/taivaan-tahden\/wp-json\/wp\/v2\/categories?post=1912"},{"taxonomy":"post_tag","embeddable":true,"href":"https:\/\/suomenkuvalehti.fi\/taivaan-tahden\/wp-json\/wp\/v2\/tags?post=1912"}],"curies":[{"name":"wp","href":"https:\/\/api.w.org\/{rel}","templated":true}]}}