{"id":1887,"date":"2019-01-31T11:24:22","date_gmt":"2019-01-31T09:24:22","guid":{"rendered":"https:\/\/suomenkuvalehti.fi\/taivaan-tahden\/?p=1887"},"modified":"2019-01-31T11:24:22","modified_gmt":"2019-01-31T09:24:22","slug":"avaruus-ei-ole-meita-varten","status":"publish","type":"post","link":"https:\/\/suomenkuvalehti.fi\/taivaan-tahden\/2019\/01\/31\/avaruus-ei-ole-meita-varten\/","title":{"rendered":"Avaruus ei ole meit\u00e4 varten"},"content":{"rendered":"<figure class=\"aligncenter size-large is-resized wp-block-image\">\n  <div class=\"wp-block-image__inner-container\">\n    <a href=\"https:\/\/suomenkuvalehti.fi\/taivaan-tahden\/wp-content\/uploads\/sites\/36\/2019\/01\/astronauts-and-fruit-within.jpg\"><img loading=\"lazy\" decoding=\"async\" src=\"https:\/\/suomenkuvalehti.fi\/taivaan-tahden\/wp-content\/uploads\/sites\/36\/2019\/01\/astronauts-and-fruit-within-1024x678.jpg\" alt=\"\" class=\"wp-image-1888\" width=\"1024\" height=\"678\" style=\"--aspect-ratio: 1.51\" srcset=\"https:\/\/suomenkuvalehti.fi\/taivaan-tahden\/wp-content\/uploads\/sites\/36\/2019\/01\/astronauts-and-fruit-within-1024x678.jpg 1024w, https:\/\/suomenkuvalehti.fi\/taivaan-tahden\/wp-content\/uploads\/sites\/36\/2019\/01\/astronauts-and-fruit-within-300x199.jpg 300w, https:\/\/suomenkuvalehti.fi\/taivaan-tahden\/wp-content\/uploads\/sites\/36\/2019\/01\/astronauts-and-fruit-within-768x509.jpg 768w, https:\/\/suomenkuvalehti.fi\/taivaan-tahden\/wp-content\/uploads\/sites\/36\/2019\/01\/astronauts-and-fruit-within-630x417.jpg 630w, https:\/\/suomenkuvalehti.fi\/taivaan-tahden\/wp-content\/uploads\/sites\/36\/2019\/01\/astronauts-and-fruit-within.jpg 1280w\" sizes=\"auto, (max-width: 1024px) 100vw, 1024px\" \/><\/a>    <figcaption class=\"wp-block-image__figcaption\">\n      Painottomuus, avaruuden viheli\u00e4inen ominaisuus. Kuva: NASA          <\/figcaption>\n      <\/div>\n<\/figure>\n\n\n<p><span class=\"capitalized\">Ensimm\u00e4isest\u00e4 laskeutumisesta<\/span> Kuun pinnalle tulee ensi kes\u00e4n\u00e4 kuluneeksi 50 vuotta. Sen j\u00e4lkeen ei avaruusrintamalla ole ihmeempi\u00e4 tapahtunutkaan.<\/p>\n\n\n\n<p>Kielt\u00e4m\u00e4tt\u00e4 liioittelua, mutta 1950- ja -60-lukujen huimista avaruuden valloitussuunnitelmista on jouduttu ottamaan melkoisesti takapakkia. Vuoteen 1970 menness\u00e4 piti tehd\u00e4 miehitetty lento Saturnukseen \u2013 ei tietenk\u00e4\u00e4n rengasplaneetan pinnalle, koska sill\u00e4 ei ole kiinte\u00e4\u00e4 pintaa \u2013 ja viel\u00e4 kuulentojen aikaan pidettiin selv\u00e4n\u00e4, ett\u00e4 seuraavaksi jatketaan Marsiin.<\/p>\n\n\n\n<p>Avaruudessa on kyll\u00e4 k\u00e4ynyt yli 550 ihmist\u00e4, jotkut heist\u00e4 ovat olleet siell\u00e4 jopa vuoden p\u00e4iv\u00e4t, mutta Maan kiertorataa pidemm\u00e4lle ei ole p\u00e4\u00e4sty sitten vuoden 1972, jolloin tehtiin viimeinen kuulento.<\/p>\n\n\n\n<p><span class=\"capitalized\">Keskeinen syy<\/span> on, ett\u00e4 avaruuteen on vaikea p\u00e4\u00e4st\u00e4 ja siell\u00e4 on hankala olla. Avaruuden painottomuus, ilmattomuus ja suuret l\u00e4mp\u00f6tilanvaihtelut eiv\u00e4t ole ihmisen kannalta suotuisia asioita. Ihminen on maan matonen \u2013 kirjaimellisesti.<\/p>\n\n\n\n<p>Ei ole sattumaa, ett\u00e4 maapallon pinnalla on ihmiselle sopivat olosuhteet. El\u00e4m\u00e4 on kehittynyt tietyss\u00e4 painovoimassa, tietyntyyppisess\u00e4 ilmakeh\u00e4ss\u00e4 ja tietyiss\u00e4 l\u00e4mp\u00f6tilarajoissa.<\/p>\n\n\n\n<p>Avaruudessa ihminen tarvitsee suojakseen vankan rakennelman, joko aluksen tai kokonaisen aseman, tai v\u00e4hint\u00e4\u00e4n t\u00f6nk\u00f6ksi topatun avaruuspuvun, joka pit\u00e4\u00e4 loitolla sek\u00e4 kuumuuden, kylmyyden ett\u00e4 tyhji\u00f6n.<\/p>\n\n\n\n<p><span class=\"capitalized\">Painottomuutta<\/span> sen sijaan on paha p\u00e4ihitt\u00e4\u00e4. Se iskee jokaiseen astro-, kosmo- ja taikonauttiin, joihinkin lievemmin, joihinkin paljon pahemmin. Apollo 8 -lennolla joulun tienoilla 1968 <strong>Frank Borman<\/strong> oksenteli ja ripuloi melkein puolet menomatkasta. Eik\u00e4 <strong>Jim Lovellilla<\/strong> ja <strong>Bill Andersilla<\/strong> ollut v\u00e4h\u00e4n yli kuuden kuutiometrin kapselissa kovin paljon kivempaa.<\/p>\n\n\n\n<p>Avaruussairauden tarkkaa syyt\u00e4 ei tiedet\u00e4 eik\u00e4 sen vakavuutta tai kestoa pystyt\u00e4 ennustamaan. Painottomuuden vaikutukset eiv\u00e4t my\u00f6sk\u00e4\u00e4n rajoitu lennon aikaiseen pahoinvointiin.<\/p>\n\n\n\n<p>Mit\u00e4 pidemp\u00e4\u00e4n painottomuus jatkuu, sit\u00e4 pahemmin se saa elimist\u00f6n sekaisin. Kansainv\u00e4lisell\u00e4 avaruusasemalla vuoden viett\u00e4nyt <strong>Scott Kelly<\/strong> k\u00e4rsi paluunsa j\u00e4lkeen pitk\u00e4\u00e4n erilaisista krempoista. Osa vaurioista saattaa olla pysyvi\u00e4.<\/p>\n\n\n\n<blockquote class=\"wp-block-quote\"><p>Ennemmin tai my\u00f6hemmin maapalloa kohtaa katastrofi.<\/p><\/blockquote>\n\n\n\n<p><span class=\"capitalized\">Silti avaruuteen menn\u00e4\u00e4n<\/span>, joidenkin mielest\u00e4 jopa pakon edess\u00e4. Esimerkiksi edesmennyt <strong>Stephen Hawking<\/strong> totesi moneen otteeseen, ett\u00e4 ihmiskunnan on laajennuttava avaruuteen tai olemme tuhon omia. Ennemmin tai my\u00f6hemmin maapalloa kohtaa katastrofi \u2013 joko luonnollinen tai itseaiheutettu \u2013 ja sit\u00e4 ennen olisi syyt\u00e4 l\u00f6yt\u00e4\u00e4 vaihtoehtoinen asuinsija.<\/p>\n\n\n\n<p>Ihan l\u00e4hitulevaisuudessa sellaista ei ole n\u00e4k\u00f6piiriss\u00e4, mutta ilman avaruuden \u201dvalloitusta\u201d sinne muuttaminen on mahdotonta. Vaikka avaruuteen onkin vaikea p\u00e4\u00e4st\u00e4 ja siell\u00e4 on hankala olla.<\/p>\n\n\n\n<p>&nbsp;<\/p>\n\n\n","protected":false},"excerpt":{"rendered":"<p>Ensimm\u00e4isest\u00e4 laskeutumisesta Kuun pinnalle tulee ensi kes\u00e4n\u00e4 kuluneeksi 50 vuotta. Sen j\u00e4lkeen ei avaruusrintamalla ole ihmeempi\u00e4 tapahtunutkaan. Kielt\u00e4m\u00e4tt\u00e4 liioittelua, mutta 1950- ja -60-lukujen huimista avaruuden valloitussuunnitelmista on jouduttu ottamaan melkoisesti takapakkia. Vuoteen<br \/>\n1970 men&hellip;<\/p>\n","protected":false},"author":557,"featured_media":0,"comment_status":"open","ping_status":"open","sticky":false,"template":"","format":"standard","meta":{"_acf_changed":false,"asauth_required_access_level":3,"asauth_cansharepaid":"true","om_header_attributes":[],"footnotes":"","om_featured_image_focal_point":[],"om_primary_tag":0,"om_contributors":[],"om_co_authors":[],"beyondwords_generate_audio":"","beyondwords_project_id":"","beyondwords_content_id":"","beyondwords_preview_token":"","beyondwords_player_content":"","beyondwords_player_style":"","beyondwords_language_code":"","beyondwords_language_id":"","beyondwords_title_voice_id":"","beyondwords_body_voice_id":"","beyondwords_summary_voice_id":"","beyondwords_error_message":"","beyondwords_disabled":"","beyondwords_delete_content":"","beyondwords_podcast_id":"","beyondwords_hash":"","publish_post_to_speechkit":"","speechkit_hash":"","speechkit_generate_audio":"","speechkit_project_id":"","speechkit_podcast_id":"","speechkit_error_message":"","speechkit_disabled":"","speechkit_access_key":"","speechkit_error":"","speechkit_info":"","speechkit_response":"","speechkit_retries":"","speechkit_status":"","speechkit_updated_at":"","_speechkit_link":"","_speechkit_text":""},"categories":[1],"tags":[3,725,149,320],"class_list":["post-1887","post","type-post","status-publish","format-standard","hentry","category-taivaan-tahden","tag-avaruus","tag-avaruussairaus","tag-kuulennot","tag-painottomuus"],"om_views":null,"acf":{"tuuma_off":false,"tuuma_kysymys":"","tuuma_vastaus":""},"asauth":{"required_access_level":1,"share_token":"","is_paid":false},"yoast_head":"<!-- This site is optimized with the Yoast SEO plugin v26.4 - https:\/\/yoast.com\/wordpress\/plugins\/seo\/ -->\n<title>Avaruus ei ole meit\u00e4 varten - Taivaan t\u00e4hden<\/title>\n<meta name=\"robots\" content=\"index, follow, max-snippet:-1, max-image-preview:large, max-video-preview:-1\" \/>\n<link rel=\"canonical\" href=\"https:\/\/suomenkuvalehti.fi\/taivaan-tahden\/2019\/01\/31\/avaruus-ei-ole-meita-varten\/\" \/>\n<meta property=\"og:locale\" content=\"fi_FI\" \/>\n<meta property=\"og:type\" content=\"article\" \/>\n<meta property=\"og:title\" content=\"Avaruus ei ole meit\u00e4 varten - Taivaan t\u00e4hden\" \/>\n<meta property=\"og:description\" content=\"Ensimm\u00e4isest\u00e4 laskeutumisesta Kuun pinnalle tulee ensi kes\u00e4n\u00e4 kuluneeksi 50 vuotta. Sen j\u00e4lkeen ei avaruusrintamalla ole ihmeempi\u00e4 tapahtunutkaan. Kielt\u00e4m\u00e4tt\u00e4 liioittelua, mutta 1950- ja -60-lukujen huimista avaruuden valloitussuunnitelmista on jouduttu ottamaan melkoisesti takapakkia. Vuoteen 1970 men&hellip;\" \/>\n<meta property=\"og:url\" content=\"https:\/\/suomenkuvalehti.fi\/taivaan-tahden\/2019\/01\/31\/avaruus-ei-ole-meita-varten\/\" \/>\n<meta property=\"og:site_name\" content=\"Taivaan t\u00e4hden\" \/>\n<meta property=\"article:published_time\" content=\"2019-01-31T09:24:22+00:00\" \/>\n<meta property=\"og:image\" content=\"https:\/\/suomenkuvalehti.fi\/taivaan-tahden\/wp-content\/uploads\/sites\/36\/2019\/01\/astronauts-and-fruit-within.jpg\" \/>\n\t<meta property=\"og:image:width\" content=\"1280\" \/>\n\t<meta property=\"og:image:height\" content=\"848\" \/>\n\t<meta property=\"og:image:type\" content=\"image\/jpeg\" \/>\n<meta name=\"author\" content=\"Markus Hotakainen\" \/>\n<meta name=\"twitter:card\" content=\"summary_large_image\" \/>\n<meta name=\"twitter:label1\" content=\"Written by\" \/>\n\t<meta name=\"twitter:data1\" content=\"Markus Hotakainen\" \/>\n\t<meta name=\"twitter:label2\" content=\"Est. reading time\" \/>\n\t<meta name=\"twitter:data2\" content=\"2 minuuttia\" \/>\n<script type=\"application\/ld+json\" class=\"yoast-schema-graph\">{\"@context\":\"https:\/\/schema.org\",\"@graph\":[{\"@type\":\"WebPage\",\"@id\":\"https:\/\/suomenkuvalehti.fi\/taivaan-tahden\/2019\/01\/31\/avaruus-ei-ole-meita-varten\/\",\"url\":\"https:\/\/suomenkuvalehti.fi\/taivaan-tahden\/2019\/01\/31\/avaruus-ei-ole-meita-varten\/\",\"name\":\"Avaruus ei ole meit\u00e4 varten - Taivaan t\u00e4hden\",\"isPartOf\":{\"@id\":\"https:\/\/suomenkuvalehti.fi\/taivaan-tahden\/#website\"},\"primaryImageOfPage\":{\"@id\":\"https:\/\/suomenkuvalehti.fi\/taivaan-tahden\/2019\/01\/31\/avaruus-ei-ole-meita-varten\/#primaryimage\"},\"image\":{\"@id\":\"https:\/\/suomenkuvalehti.fi\/taivaan-tahden\/2019\/01\/31\/avaruus-ei-ole-meita-varten\/#primaryimage\"},\"thumbnailUrl\":\"https:\/\/suomenkuvalehti.fi\/taivaan-tahden\/wp-content\/uploads\/sites\/36\/2019\/01\/astronauts-and-fruit-within-1024x678.jpg\",\"datePublished\":\"2019-01-31T09:24:22+00:00\",\"author\":{\"@id\":\"https:\/\/suomenkuvalehti.fi\/taivaan-tahden\/#\/schema\/person\/c9c1373acb19750e11084ef640abeae0\"},\"breadcrumb\":{\"@id\":\"https:\/\/suomenkuvalehti.fi\/taivaan-tahden\/2019\/01\/31\/avaruus-ei-ole-meita-varten\/#breadcrumb\"},\"inLanguage\":\"fi\",\"potentialAction\":[{\"@type\":\"ReadAction\",\"target\":[\"https:\/\/suomenkuvalehti.fi\/taivaan-tahden\/2019\/01\/31\/avaruus-ei-ole-meita-varten\/\"]}]},{\"@type\":\"ImageObject\",\"inLanguage\":\"fi\",\"@id\":\"https:\/\/suomenkuvalehti.fi\/taivaan-tahden\/2019\/01\/31\/avaruus-ei-ole-meita-varten\/#primaryimage\",\"url\":\"https:\/\/suomenkuvalehti.fi\/taivaan-tahden\/wp-content\/uploads\/sites\/36\/2019\/01\/astronauts-and-fruit-within.jpg\",\"contentUrl\":\"https:\/\/suomenkuvalehti.fi\/taivaan-tahden\/wp-content\/uploads\/sites\/36\/2019\/01\/astronauts-and-fruit-within.jpg\",\"width\":1280,\"height\":848},{\"@type\":\"BreadcrumbList\",\"@id\":\"https:\/\/suomenkuvalehti.fi\/taivaan-tahden\/2019\/01\/31\/avaruus-ei-ole-meita-varten\/#breadcrumb\",\"itemListElement\":[{\"@type\":\"ListItem\",\"position\":1,\"name\":\"Home\",\"item\":\"https:\/\/suomenkuvalehti.fi\/taivaan-tahden\/\"},{\"@type\":\"ListItem\",\"position\":2,\"name\":\"Avaruus ei ole meit\u00e4 varten\"}]},{\"@type\":\"WebSite\",\"@id\":\"https:\/\/suomenkuvalehti.fi\/taivaan-tahden\/#website\",\"url\":\"https:\/\/suomenkuvalehti.fi\/taivaan-tahden\/\",\"name\":\"Taivaan t\u00e4hden\",\"description\":\"Tiedetoimittaja Markus Hotakainen h\u00e4mm\u00e4stelee maailmankaikkeutta.\",\"potentialAction\":[{\"@type\":\"SearchAction\",\"target\":{\"@type\":\"EntryPoint\",\"urlTemplate\":\"https:\/\/suomenkuvalehti.fi\/haku\/?q={search_term_string}\"},\"query-input\":{\"@type\":\"PropertyValueSpecification\",\"valueRequired\":true,\"valueName\":\"search_term_string\"}}],\"inLanguage\":\"fi\"},{\"@type\":\"Person\",\"@id\":\"https:\/\/suomenkuvalehti.fi\/taivaan-tahden\/#\/schema\/person\/c9c1373acb19750e11084ef640abeae0\",\"name\":\"Markus Hotakainen\",\"image\":{\"@type\":\"ImageObject\",\"inLanguage\":\"fi\",\"@id\":\"https:\/\/suomenkuvalehti.fi\/taivaan-tahden\/#\/schema\/person\/image\/\",\"url\":\"https:\/\/suomenkuvalehti.fi\/taivaan-tahden\/wp-content\/uploads\/sites\/36\/2018\/05\/markus_hotakainen_blogi_pieni-150x150.jpg\",\"contentUrl\":\"https:\/\/suomenkuvalehti.fi\/taivaan-tahden\/wp-content\/uploads\/sites\/36\/2018\/05\/markus_hotakainen_blogi_pieni-150x150.jpg\",\"caption\":\"Markus Hotakainen\"},\"description\":\"Kirjoittaja on tiedetoimittaja ja tietokirjailija.\"}]}<\/script>\n<!-- \/ Yoast SEO plugin. -->","yoast_head_json":{"title":"Avaruus ei ole meit\u00e4 varten - Taivaan t\u00e4hden","robots":{"index":"index","follow":"follow","max-snippet":"max-snippet:-1","max-image-preview":"max-image-preview:large","max-video-preview":"max-video-preview:-1"},"canonical":"https:\/\/suomenkuvalehti.fi\/taivaan-tahden\/2019\/01\/31\/avaruus-ei-ole-meita-varten\/","og_locale":"fi_FI","og_type":"article","og_title":"Avaruus ei ole meit\u00e4 varten - Taivaan t\u00e4hden","og_description":"Ensimm\u00e4isest\u00e4 laskeutumisesta Kuun pinnalle tulee ensi kes\u00e4n\u00e4 kuluneeksi 50 vuotta. Sen j\u00e4lkeen ei avaruusrintamalla ole ihmeempi\u00e4 tapahtunutkaan. Kielt\u00e4m\u00e4tt\u00e4 liioittelua, mutta 1950- ja -60-lukujen huimista avaruuden valloitussuunnitelmista on jouduttu ottamaan melkoisesti takapakkia. Vuoteen 1970 men&hellip;","og_url":"https:\/\/suomenkuvalehti.fi\/taivaan-tahden\/2019\/01\/31\/avaruus-ei-ole-meita-varten\/","og_site_name":"Taivaan t\u00e4hden","article_published_time":"2019-01-31T09:24:22+00:00","og_image":[{"width":1280,"height":848,"url":"https:\/\/suomenkuvalehti.fi\/taivaan-tahden\/wp-content\/uploads\/sites\/36\/2019\/01\/astronauts-and-fruit-within.jpg","type":"image\/jpeg"}],"author":"Markus Hotakainen","twitter_card":"summary_large_image","twitter_misc":{"Written by":"Markus Hotakainen","Est. reading time":"2 minuuttia"},"schema":{"@context":"https:\/\/schema.org","@graph":[{"@type":"WebPage","@id":"https:\/\/suomenkuvalehti.fi\/taivaan-tahden\/2019\/01\/31\/avaruus-ei-ole-meita-varten\/","url":"https:\/\/suomenkuvalehti.fi\/taivaan-tahden\/2019\/01\/31\/avaruus-ei-ole-meita-varten\/","name":"Avaruus ei ole meit\u00e4 varten - Taivaan t\u00e4hden","isPartOf":{"@id":"https:\/\/suomenkuvalehti.fi\/taivaan-tahden\/#website"},"primaryImageOfPage":{"@id":"https:\/\/suomenkuvalehti.fi\/taivaan-tahden\/2019\/01\/31\/avaruus-ei-ole-meita-varten\/#primaryimage"},"image":{"@id":"https:\/\/suomenkuvalehti.fi\/taivaan-tahden\/2019\/01\/31\/avaruus-ei-ole-meita-varten\/#primaryimage"},"thumbnailUrl":"https:\/\/suomenkuvalehti.fi\/taivaan-tahden\/wp-content\/uploads\/sites\/36\/2019\/01\/astronauts-and-fruit-within-1024x678.jpg","datePublished":"2019-01-31T09:24:22+00:00","author":{"@id":"https:\/\/suomenkuvalehti.fi\/taivaan-tahden\/#\/schema\/person\/c9c1373acb19750e11084ef640abeae0"},"breadcrumb":{"@id":"https:\/\/suomenkuvalehti.fi\/taivaan-tahden\/2019\/01\/31\/avaruus-ei-ole-meita-varten\/#breadcrumb"},"inLanguage":"fi","potentialAction":[{"@type":"ReadAction","target":["https:\/\/suomenkuvalehti.fi\/taivaan-tahden\/2019\/01\/31\/avaruus-ei-ole-meita-varten\/"]}]},{"@type":"ImageObject","inLanguage":"fi","@id":"https:\/\/suomenkuvalehti.fi\/taivaan-tahden\/2019\/01\/31\/avaruus-ei-ole-meita-varten\/#primaryimage","url":"https:\/\/suomenkuvalehti.fi\/taivaan-tahden\/wp-content\/uploads\/sites\/36\/2019\/01\/astronauts-and-fruit-within.jpg","contentUrl":"https:\/\/suomenkuvalehti.fi\/taivaan-tahden\/wp-content\/uploads\/sites\/36\/2019\/01\/astronauts-and-fruit-within.jpg","width":1280,"height":848},{"@type":"BreadcrumbList","@id":"https:\/\/suomenkuvalehti.fi\/taivaan-tahden\/2019\/01\/31\/avaruus-ei-ole-meita-varten\/#breadcrumb","itemListElement":[{"@type":"ListItem","position":1,"name":"Home","item":"https:\/\/suomenkuvalehti.fi\/taivaan-tahden\/"},{"@type":"ListItem","position":2,"name":"Avaruus ei ole meit\u00e4 varten"}]},{"@type":"WebSite","@id":"https:\/\/suomenkuvalehti.fi\/taivaan-tahden\/#website","url":"https:\/\/suomenkuvalehti.fi\/taivaan-tahden\/","name":"Taivaan t\u00e4hden","description":"Tiedetoimittaja Markus Hotakainen h\u00e4mm\u00e4stelee maailmankaikkeutta.","potentialAction":[{"@type":"SearchAction","target":{"@type":"EntryPoint","urlTemplate":"https:\/\/suomenkuvalehti.fi\/haku\/?q={search_term_string}"},"query-input":{"@type":"PropertyValueSpecification","valueRequired":true,"valueName":"search_term_string"}}],"inLanguage":"fi"},{"@type":"Person","@id":"https:\/\/suomenkuvalehti.fi\/taivaan-tahden\/#\/schema\/person\/c9c1373acb19750e11084ef640abeae0","name":"Markus Hotakainen","image":{"@type":"ImageObject","inLanguage":"fi","@id":"https:\/\/suomenkuvalehti.fi\/taivaan-tahden\/#\/schema\/person\/image\/","url":"https:\/\/suomenkuvalehti.fi\/taivaan-tahden\/wp-content\/uploads\/sites\/36\/2018\/05\/markus_hotakainen_blogi_pieni-150x150.jpg","contentUrl":"https:\/\/suomenkuvalehti.fi\/taivaan-tahden\/wp-content\/uploads\/sites\/36\/2018\/05\/markus_hotakainen_blogi_pieni-150x150.jpg","caption":"Markus Hotakainen"},"description":"Kirjoittaja on tiedetoimittaja ja tietokirjailija."}]}},"_links":{"self":[{"href":"https:\/\/suomenkuvalehti.fi\/taivaan-tahden\/wp-json\/wp\/v2\/posts\/1887","targetHints":{"allow":["GET"]}}],"collection":[{"href":"https:\/\/suomenkuvalehti.fi\/taivaan-tahden\/wp-json\/wp\/v2\/posts"}],"about":[{"href":"https:\/\/suomenkuvalehti.fi\/taivaan-tahden\/wp-json\/wp\/v2\/types\/post"}],"author":[{"embeddable":true,"href":"https:\/\/suomenkuvalehti.fi\/taivaan-tahden\/wp-json\/wp\/v2\/users\/557"}],"replies":[{"embeddable":true,"href":"https:\/\/suomenkuvalehti.fi\/taivaan-tahden\/wp-json\/wp\/v2\/comments?post=1887"}],"version-history":[{"count":1,"href":"https:\/\/suomenkuvalehti.fi\/taivaan-tahden\/wp-json\/wp\/v2\/posts\/1887\/revisions"}],"predecessor-version":[{"id":1889,"href":"https:\/\/suomenkuvalehti.fi\/taivaan-tahden\/wp-json\/wp\/v2\/posts\/1887\/revisions\/1889"}],"wp:attachment":[{"href":"https:\/\/suomenkuvalehti.fi\/taivaan-tahden\/wp-json\/wp\/v2\/media?parent=1887"}],"wp:term":[{"taxonomy":"category","embeddable":true,"href":"https:\/\/suomenkuvalehti.fi\/taivaan-tahden\/wp-json\/wp\/v2\/categories?post=1887"},{"taxonomy":"post_tag","embeddable":true,"href":"https:\/\/suomenkuvalehti.fi\/taivaan-tahden\/wp-json\/wp\/v2\/tags?post=1887"}],"curies":[{"name":"wp","href":"https:\/\/api.w.org\/{rel}","templated":true}]}}