{"id":1882,"date":"2019-01-27T12:20:23","date_gmt":"2019-01-27T10:20:23","guid":{"rendered":"https:\/\/suomenkuvalehti.fi\/taivaan-tahden\/?p=1882"},"modified":"2019-01-27T12:20:23","modified_gmt":"2019-01-27T10:20:23","slug":"maa-sieppasi-saturnuksen-kuun","status":"publish","type":"post","link":"https:\/\/suomenkuvalehti.fi\/taivaan-tahden\/2019\/01\/27\/maa-sieppasi-saturnuksen-kuun\/","title":{"rendered":"Maa sieppasi Saturnuksen kuun!"},"content":{"rendered":"<figure class=\"aligncenter size-full wp-block-image\">\n  <div class=\"wp-block-image__inner-container\">\n    <a href=\"https:\/\/suomenkuvalehti.fi\/taivaan-tahden\/wp-content\/uploads\/sites\/36\/2019\/01\/maxresdefault_mimas.jpg\"><img loading=\"lazy\" decoding=\"async\" src=\"https:\/\/suomenkuvalehti.fi\/taivaan-tahden\/wp-content\/uploads\/sites\/36\/2019\/01\/maxresdefault_mimas.jpg\" alt=\"\" class=\"wp-image-1883\" width=\"640\" height=\"360\" style=\"--aspect-ratio: 1.78\" srcset=\"https:\/\/suomenkuvalehti.fi\/taivaan-tahden\/wp-content\/uploads\/sites\/36\/2019\/01\/maxresdefault_mimas.jpg 640w, https:\/\/suomenkuvalehti.fi\/taivaan-tahden\/wp-content\/uploads\/sites\/36\/2019\/01\/maxresdefault_mimas-300x169.jpg 300w, https:\/\/suomenkuvalehti.fi\/taivaan-tahden\/wp-content\/uploads\/sites\/36\/2019\/01\/maxresdefault_mimas-630x354.jpg 630w\" sizes=\"auto, (max-width: 640px) 100vw, 640px\" \/><\/a>    <figcaption class=\"wp-block-image__figcaption\">\n      Kuvan toinen kuu ei liity uutiseen mill\u00e4\u00e4n tavalla. Kuva: Sci-Tech Universe          <\/figcaption>\n      <\/div>\n<\/figure>\n\n\n<p><span class=\"capitalized\">Ainakin jos<\/span> h\u00f6mpp\u00e4tiedesivustoihin tai tarkemmin sanottuna niiden uutiskuvitukseen on uskominen.<\/p>\n\n\n\n<p>Maalta on l\u00f6ydetty uusi kiertolainen \u2013 tosin jo kolmisen vuotta sitten \u2013 joten pit\u00e4\u00e4h\u00e4n \u201duutinen\u201d jotenkin kuvittaa. Ja mik\u00e4p\u00e4 olisikaan parempi vaihtoehto kuin lis\u00e4t\u00e4 Photoshopissa copy-pastella Maan ja Kuun rinnalle yksi Saturnuksen kuista. Niist\u00e4h\u00e4n riitt\u00e4\u00e4 hyvi\u00e4 kuvia, kiitos Voyager- ja Cassini-luotainten.<\/p>\n\n\n\n<p>Samaa k\u00e4yt\u00e4nt\u00f6\u00e4 sovelletaan mediassa ihan yleisesti, mutta jos kuvan auto, puu tai kissa ei liity uutisoituun tapaukseen, se kerrotaan kuvatekstiss\u00e4. Tiedesivuston lukijaa on kuitenkin turha rasittaa paljastamalla, ett\u00e4 kuvassa on Saturnuksen kuu. T\u00e4htitiede on muutenkin niin vaikeaa.<\/p>\n\n\n\n<p><span class=\"capitalized\">Mimas on<\/span> rengasplaneetan 62 kuun katraasta seitsem\u00e4nneksi suurin. L\u00e4pimittaa sill\u00e4 on hiukan alle 400 kilometri\u00e4. Kuun ulkomuotoa hallitsee 130 kilometrin l\u00e4pimittainen kraatteri, joka on nimetty Mimaksen l\u00f6yt\u00e4j\u00e4n <strong>William Herschelin<\/strong> mukaan Herscheliksi. Kraatterin synnytt\u00e4nyt asteroidit\u00f6rm\u00e4ys on ollut niin voimakas, ett\u00e4 kuu on todenn\u00e4k\u00f6isesti ollut v\u00e4h\u00e4ll\u00e4 hajota kappaleiksi.<\/p>\n\n\n\n<blockquote class=\"wp-block-quote\"><p>T\u00e4htitiede on muutenkin niin vaikeaa.<\/p><\/blockquote>\n\n\n\n<p><span class=\"capitalized\">Suurikokoinen kraatteri<\/span> saa Mimas-kuun muistuttamaan j\u00e4ttim\u00e4ist\u00e4 mustikkaa, mutta my\u00f6s T\u00e4htien sota -elokuvan pahamaineista Kuolont\u00e4hte\u00e4 (kyll\u00e4, netist\u00e4 l\u00f6ytyy kuvapareja).<\/p>\n\n\n\n<p>Ent\u00e4 sitten t\u00e4m\u00e4 Maan \u201duusi kuu\u201d? Asteroiditunnuksen 2016 HO3 saanut kappale on l\u00f6ytynyt jo kev\u00e4\u00e4ll\u00e4 2016, joten se ei ole mik\u00e4\u00e4n tuore l\u00f6yt\u00f6. Maa on napannut sen itselleen noin sata vuotta sitten ja laskelmien mukaan se kieppuu Maan l\u00e4hiavaruudessa v\u00e4hint\u00e4\u00e4n satojen vuosien ajan.<\/p>\n\n\n\n<p>T\u00e4llaisia \u201dhetkellisi\u00e4\u201d kiertolaisia kutsutaan kvasikuiksi. Nimitys johtuu siit\u00e4, ett\u00e4 kuu \u2013 t\u00e4ss\u00e4 tapauksessa siis 2016 HO3 \u2013 ei varsinaisesti ole kotiplaneettaamme kiert\u00e4v\u00e4ll\u00e4 radalla. Sen kiertorata Auringon ymp\u00e4ri on niin l\u00e4hell\u00e4 Maan rataa, ett\u00e4 se vain n\u00e4ytt\u00e4\u00e4 olevan kiertolaisemme.<\/p>\n\n\n\n<p><span class=\"capitalized\">Maalta tunnetaan<\/span> useita t\u00e4llaisia kvasikuita. Useimmat ovat Maan n\u00e4enn\u00e4isi\u00e4 kiertolaisia ainoastaan joitakin vuosia, sitten ne ajautuvat radallaan niin kauas, ettei niit\u00e4 voi pit\u00e4\u00e4 en\u00e4\u00e4 edes kvasikuina. 2016 HO3 onkin usean sadan vuoden visiitill\u00e4\u00e4n poikkeuksellisen pysyv\u00e4 pseudokiertolainen.<\/p>\n\n\n\n<p>Milloin Maan \u201duuden\u201d kuun sitten voisi n\u00e4hd\u00e4 omin silmin loistavan taivaalla?<\/p>\n\n\n\n<p><span class=\"capitalized\">Ei milloinkaan<\/span>. 2016 HO3 on ep\u00e4s\u00e4\u00e4nn\u00f6llinen kallionlohkare, jonka pituus on noin 100 metri\u00e4 ja paksuus alle 40 metri\u00e4. Sen pienin et\u00e4isyys Maasta on noin 14,5 miljoonaa kilometri\u00e4 ja suurin yli 38 miljoonaa kilometri\u00e4.<\/p>\n\n\n\n<p>Itse asiassa pikkuruista kiertolaistamme ei ole n\u00e4hnyt omin silmin kukaan. V\u00e4h\u00e4isen\u00e4 valopisteen\u00e4 kimmelt\u00e4v\u00e4n kvasikuun l\u00f6ysi Havaijilla sijaitseva Pan-STARRS-robottikaukoputki.<\/p>\n\n\n\n<p>&nbsp;<\/p>\n\n\n","protected":false},"excerpt":{"rendered":"<p>Ainakin jos h\u00f6mpp\u00e4tiedesivustoihin tai tarkemmin sanottuna niiden uutiskuvitukseen on uskominen. Maalta on l\u00f6ydetty uusi kiertolainen \u2013 tosin jo kolmisen vuotta sitten \u2013 joten pit\u00e4\u00e4h\u00e4n \u201duutinen\u201d jotenkin kuvittaa. Ja mik\u00e4p\u00e4 olisikaan parempi vaihtoehto kuin lis\u00e4t\u00e4 Photoshopissa<br \/>\ncopy-pastella Maa&hellip;<\/p>\n","protected":false},"author":557,"featured_media":0,"comment_status":"open","ping_status":"open","sticky":false,"template":"","format":"standard","meta":{"_acf_changed":false,"asauth_required_access_level":3,"asauth_cansharepaid":"true","om_header_attributes":[],"footnotes":"","om_featured_image_focal_point":[],"om_primary_tag":0,"om_contributors":[],"om_co_authors":[],"beyondwords_generate_audio":"","beyondwords_project_id":"","beyondwords_content_id":"","beyondwords_preview_token":"","beyondwords_player_content":"","beyondwords_player_style":"","beyondwords_language_code":"","beyondwords_language_id":"","beyondwords_title_voice_id":"","beyondwords_body_voice_id":"","beyondwords_summary_voice_id":"","beyondwords_error_message":"","beyondwords_disabled":"","beyondwords_delete_content":"","beyondwords_podcast_id":"","beyondwords_hash":"","publish_post_to_speechkit":"","speechkit_hash":"","speechkit_generate_audio":"","speechkit_project_id":"","speechkit_podcast_id":"","speechkit_error_message":"","speechkit_disabled":"","speechkit_access_key":"","speechkit_error":"","speechkit_info":"","speechkit_response":"","speechkit_retries":"","speechkit_status":"","speechkit_updated_at":"","_speechkit_link":"","_speechkit_text":""},"categories":[1],"tags":[5,237,31,724,119],"class_list":["post-1882","post","type-post","status-publish","format-standard","hentry","category-taivaan-tahden","tag-kuu","tag-kvasikuu","tag-maa","tag-mimas","tag-saturnus"],"om_views":null,"acf":{"tuuma_off":false,"tuuma_kysymys":"","tuuma_vastaus":""},"asauth":{"required_access_level":1,"share_token":"","is_paid":false},"yoast_head":"<!-- This site is optimized with the Yoast SEO plugin v26.4 - https:\/\/yoast.com\/wordpress\/plugins\/seo\/ -->\n<title>Maa sieppasi Saturnuksen kuun! - Taivaan t\u00e4hden<\/title>\n<meta name=\"robots\" content=\"index, follow, max-snippet:-1, max-image-preview:large, max-video-preview:-1\" \/>\n<link rel=\"canonical\" href=\"https:\/\/suomenkuvalehti.fi\/taivaan-tahden\/2019\/01\/27\/maa-sieppasi-saturnuksen-kuun\/\" \/>\n<meta property=\"og:locale\" content=\"fi_FI\" \/>\n<meta property=\"og:type\" content=\"article\" \/>\n<meta property=\"og:title\" content=\"Maa sieppasi Saturnuksen kuun! - Taivaan t\u00e4hden\" \/>\n<meta property=\"og:description\" content=\"Ainakin jos h\u00f6mpp\u00e4tiedesivustoihin tai tarkemmin sanottuna niiden uutiskuvitukseen on uskominen. Maalta on l\u00f6ydetty uusi kiertolainen \u2013 tosin jo kolmisen vuotta sitten \u2013 joten pit\u00e4\u00e4h\u00e4n \u201duutinen\u201d jotenkin kuvittaa. Ja mik\u00e4p\u00e4 olisikaan parempi vaihtoehto kuin lis\u00e4t\u00e4 Photoshopissa copy-pastella Maa&hellip;\" \/>\n<meta property=\"og:url\" content=\"https:\/\/suomenkuvalehti.fi\/taivaan-tahden\/2019\/01\/27\/maa-sieppasi-saturnuksen-kuun\/\" \/>\n<meta property=\"og:site_name\" content=\"Taivaan t\u00e4hden\" \/>\n<meta property=\"article:published_time\" content=\"2019-01-27T10:20:23+00:00\" \/>\n<meta property=\"og:image\" content=\"https:\/\/suomenkuvalehti.fi\/taivaan-tahden\/wp-content\/uploads\/sites\/36\/2019\/01\/maxresdefault_mimas.jpg\" \/>\n\t<meta property=\"og:image:width\" content=\"640\" \/>\n\t<meta property=\"og:image:height\" content=\"360\" \/>\n\t<meta property=\"og:image:type\" content=\"image\/jpeg\" \/>\n<meta name=\"author\" content=\"Markus Hotakainen\" \/>\n<meta name=\"twitter:card\" content=\"summary_large_image\" \/>\n<meta name=\"twitter:label1\" content=\"Written by\" \/>\n\t<meta name=\"twitter:data1\" content=\"Markus Hotakainen\" \/>\n\t<meta name=\"twitter:label2\" content=\"Est. reading time\" \/>\n\t<meta name=\"twitter:data2\" content=\"2 minuuttia\" \/>\n<script type=\"application\/ld+json\" class=\"yoast-schema-graph\">{\"@context\":\"https:\/\/schema.org\",\"@graph\":[{\"@type\":\"WebPage\",\"@id\":\"https:\/\/suomenkuvalehti.fi\/taivaan-tahden\/2019\/01\/27\/maa-sieppasi-saturnuksen-kuun\/\",\"url\":\"https:\/\/suomenkuvalehti.fi\/taivaan-tahden\/2019\/01\/27\/maa-sieppasi-saturnuksen-kuun\/\",\"name\":\"Maa sieppasi Saturnuksen kuun! - Taivaan t\u00e4hden\",\"isPartOf\":{\"@id\":\"https:\/\/suomenkuvalehti.fi\/taivaan-tahden\/#website\"},\"primaryImageOfPage\":{\"@id\":\"https:\/\/suomenkuvalehti.fi\/taivaan-tahden\/2019\/01\/27\/maa-sieppasi-saturnuksen-kuun\/#primaryimage\"},\"image\":{\"@id\":\"https:\/\/suomenkuvalehti.fi\/taivaan-tahden\/2019\/01\/27\/maa-sieppasi-saturnuksen-kuun\/#primaryimage\"},\"thumbnailUrl\":\"https:\/\/suomenkuvalehti.fi\/taivaan-tahden\/wp-content\/uploads\/sites\/36\/2019\/01\/maxresdefault_mimas.jpg\",\"datePublished\":\"2019-01-27T10:20:23+00:00\",\"author\":{\"@id\":\"https:\/\/suomenkuvalehti.fi\/taivaan-tahden\/#\/schema\/person\/c9c1373acb19750e11084ef640abeae0\"},\"breadcrumb\":{\"@id\":\"https:\/\/suomenkuvalehti.fi\/taivaan-tahden\/2019\/01\/27\/maa-sieppasi-saturnuksen-kuun\/#breadcrumb\"},\"inLanguage\":\"fi\",\"potentialAction\":[{\"@type\":\"ReadAction\",\"target\":[\"https:\/\/suomenkuvalehti.fi\/taivaan-tahden\/2019\/01\/27\/maa-sieppasi-saturnuksen-kuun\/\"]}]},{\"@type\":\"ImageObject\",\"inLanguage\":\"fi\",\"@id\":\"https:\/\/suomenkuvalehti.fi\/taivaan-tahden\/2019\/01\/27\/maa-sieppasi-saturnuksen-kuun\/#primaryimage\",\"url\":\"https:\/\/suomenkuvalehti.fi\/taivaan-tahden\/wp-content\/uploads\/sites\/36\/2019\/01\/maxresdefault_mimas.jpg\",\"contentUrl\":\"https:\/\/suomenkuvalehti.fi\/taivaan-tahden\/wp-content\/uploads\/sites\/36\/2019\/01\/maxresdefault_mimas.jpg\"},{\"@type\":\"BreadcrumbList\",\"@id\":\"https:\/\/suomenkuvalehti.fi\/taivaan-tahden\/2019\/01\/27\/maa-sieppasi-saturnuksen-kuun\/#breadcrumb\",\"itemListElement\":[{\"@type\":\"ListItem\",\"position\":1,\"name\":\"Home\",\"item\":\"https:\/\/suomenkuvalehti.fi\/taivaan-tahden\/\"},{\"@type\":\"ListItem\",\"position\":2,\"name\":\"Maa sieppasi Saturnuksen kuun!\"}]},{\"@type\":\"WebSite\",\"@id\":\"https:\/\/suomenkuvalehti.fi\/taivaan-tahden\/#website\",\"url\":\"https:\/\/suomenkuvalehti.fi\/taivaan-tahden\/\",\"name\":\"Taivaan t\u00e4hden\",\"description\":\"Tiedetoimittaja Markus Hotakainen h\u00e4mm\u00e4stelee maailmankaikkeutta.\",\"potentialAction\":[{\"@type\":\"SearchAction\",\"target\":{\"@type\":\"EntryPoint\",\"urlTemplate\":\"https:\/\/suomenkuvalehti.fi\/haku\/?q={search_term_string}\"},\"query-input\":{\"@type\":\"PropertyValueSpecification\",\"valueRequired\":true,\"valueName\":\"search_term_string\"}}],\"inLanguage\":\"fi\"},{\"@type\":\"Person\",\"@id\":\"https:\/\/suomenkuvalehti.fi\/taivaan-tahden\/#\/schema\/person\/c9c1373acb19750e11084ef640abeae0\",\"name\":\"Markus Hotakainen\",\"image\":{\"@type\":\"ImageObject\",\"inLanguage\":\"fi\",\"@id\":\"https:\/\/suomenkuvalehti.fi\/taivaan-tahden\/#\/schema\/person\/image\/\",\"url\":\"https:\/\/suomenkuvalehti.fi\/taivaan-tahden\/wp-content\/uploads\/sites\/36\/2018\/05\/markus_hotakainen_blogi_pieni-150x150.jpg\",\"contentUrl\":\"https:\/\/suomenkuvalehti.fi\/taivaan-tahden\/wp-content\/uploads\/sites\/36\/2018\/05\/markus_hotakainen_blogi_pieni-150x150.jpg\",\"caption\":\"Markus Hotakainen\"},\"description\":\"Kirjoittaja on tiedetoimittaja ja tietokirjailija.\"}]}<\/script>\n<!-- \/ Yoast SEO plugin. -->","yoast_head_json":{"title":"Maa sieppasi Saturnuksen kuun! - Taivaan t\u00e4hden","robots":{"index":"index","follow":"follow","max-snippet":"max-snippet:-1","max-image-preview":"max-image-preview:large","max-video-preview":"max-video-preview:-1"},"canonical":"https:\/\/suomenkuvalehti.fi\/taivaan-tahden\/2019\/01\/27\/maa-sieppasi-saturnuksen-kuun\/","og_locale":"fi_FI","og_type":"article","og_title":"Maa sieppasi Saturnuksen kuun! - Taivaan t\u00e4hden","og_description":"Ainakin jos h\u00f6mpp\u00e4tiedesivustoihin tai tarkemmin sanottuna niiden uutiskuvitukseen on uskominen. Maalta on l\u00f6ydetty uusi kiertolainen \u2013 tosin jo kolmisen vuotta sitten \u2013 joten pit\u00e4\u00e4h\u00e4n \u201duutinen\u201d jotenkin kuvittaa. Ja mik\u00e4p\u00e4 olisikaan parempi vaihtoehto kuin lis\u00e4t\u00e4 Photoshopissa copy-pastella Maa&hellip;","og_url":"https:\/\/suomenkuvalehti.fi\/taivaan-tahden\/2019\/01\/27\/maa-sieppasi-saturnuksen-kuun\/","og_site_name":"Taivaan t\u00e4hden","article_published_time":"2019-01-27T10:20:23+00:00","og_image":[{"width":640,"height":360,"url":"https:\/\/suomenkuvalehti.fi\/taivaan-tahden\/wp-content\/uploads\/sites\/36\/2019\/01\/maxresdefault_mimas.jpg","type":"image\/jpeg"}],"author":"Markus Hotakainen","twitter_card":"summary_large_image","twitter_misc":{"Written by":"Markus Hotakainen","Est. reading time":"2 minuuttia"},"schema":{"@context":"https:\/\/schema.org","@graph":[{"@type":"WebPage","@id":"https:\/\/suomenkuvalehti.fi\/taivaan-tahden\/2019\/01\/27\/maa-sieppasi-saturnuksen-kuun\/","url":"https:\/\/suomenkuvalehti.fi\/taivaan-tahden\/2019\/01\/27\/maa-sieppasi-saturnuksen-kuun\/","name":"Maa sieppasi Saturnuksen kuun! - Taivaan t\u00e4hden","isPartOf":{"@id":"https:\/\/suomenkuvalehti.fi\/taivaan-tahden\/#website"},"primaryImageOfPage":{"@id":"https:\/\/suomenkuvalehti.fi\/taivaan-tahden\/2019\/01\/27\/maa-sieppasi-saturnuksen-kuun\/#primaryimage"},"image":{"@id":"https:\/\/suomenkuvalehti.fi\/taivaan-tahden\/2019\/01\/27\/maa-sieppasi-saturnuksen-kuun\/#primaryimage"},"thumbnailUrl":"https:\/\/suomenkuvalehti.fi\/taivaan-tahden\/wp-content\/uploads\/sites\/36\/2019\/01\/maxresdefault_mimas.jpg","datePublished":"2019-01-27T10:20:23+00:00","author":{"@id":"https:\/\/suomenkuvalehti.fi\/taivaan-tahden\/#\/schema\/person\/c9c1373acb19750e11084ef640abeae0"},"breadcrumb":{"@id":"https:\/\/suomenkuvalehti.fi\/taivaan-tahden\/2019\/01\/27\/maa-sieppasi-saturnuksen-kuun\/#breadcrumb"},"inLanguage":"fi","potentialAction":[{"@type":"ReadAction","target":["https:\/\/suomenkuvalehti.fi\/taivaan-tahden\/2019\/01\/27\/maa-sieppasi-saturnuksen-kuun\/"]}]},{"@type":"ImageObject","inLanguage":"fi","@id":"https:\/\/suomenkuvalehti.fi\/taivaan-tahden\/2019\/01\/27\/maa-sieppasi-saturnuksen-kuun\/#primaryimage","url":"https:\/\/suomenkuvalehti.fi\/taivaan-tahden\/wp-content\/uploads\/sites\/36\/2019\/01\/maxresdefault_mimas.jpg","contentUrl":"https:\/\/suomenkuvalehti.fi\/taivaan-tahden\/wp-content\/uploads\/sites\/36\/2019\/01\/maxresdefault_mimas.jpg"},{"@type":"BreadcrumbList","@id":"https:\/\/suomenkuvalehti.fi\/taivaan-tahden\/2019\/01\/27\/maa-sieppasi-saturnuksen-kuun\/#breadcrumb","itemListElement":[{"@type":"ListItem","position":1,"name":"Home","item":"https:\/\/suomenkuvalehti.fi\/taivaan-tahden\/"},{"@type":"ListItem","position":2,"name":"Maa sieppasi Saturnuksen kuun!"}]},{"@type":"WebSite","@id":"https:\/\/suomenkuvalehti.fi\/taivaan-tahden\/#website","url":"https:\/\/suomenkuvalehti.fi\/taivaan-tahden\/","name":"Taivaan t\u00e4hden","description":"Tiedetoimittaja Markus Hotakainen h\u00e4mm\u00e4stelee maailmankaikkeutta.","potentialAction":[{"@type":"SearchAction","target":{"@type":"EntryPoint","urlTemplate":"https:\/\/suomenkuvalehti.fi\/haku\/?q={search_term_string}"},"query-input":{"@type":"PropertyValueSpecification","valueRequired":true,"valueName":"search_term_string"}}],"inLanguage":"fi"},{"@type":"Person","@id":"https:\/\/suomenkuvalehti.fi\/taivaan-tahden\/#\/schema\/person\/c9c1373acb19750e11084ef640abeae0","name":"Markus Hotakainen","image":{"@type":"ImageObject","inLanguage":"fi","@id":"https:\/\/suomenkuvalehti.fi\/taivaan-tahden\/#\/schema\/person\/image\/","url":"https:\/\/suomenkuvalehti.fi\/taivaan-tahden\/wp-content\/uploads\/sites\/36\/2018\/05\/markus_hotakainen_blogi_pieni-150x150.jpg","contentUrl":"https:\/\/suomenkuvalehti.fi\/taivaan-tahden\/wp-content\/uploads\/sites\/36\/2018\/05\/markus_hotakainen_blogi_pieni-150x150.jpg","caption":"Markus Hotakainen"},"description":"Kirjoittaja on tiedetoimittaja ja tietokirjailija."}]}},"_links":{"self":[{"href":"https:\/\/suomenkuvalehti.fi\/taivaan-tahden\/wp-json\/wp\/v2\/posts\/1882","targetHints":{"allow":["GET"]}}],"collection":[{"href":"https:\/\/suomenkuvalehti.fi\/taivaan-tahden\/wp-json\/wp\/v2\/posts"}],"about":[{"href":"https:\/\/suomenkuvalehti.fi\/taivaan-tahden\/wp-json\/wp\/v2\/types\/post"}],"author":[{"embeddable":true,"href":"https:\/\/suomenkuvalehti.fi\/taivaan-tahden\/wp-json\/wp\/v2\/users\/557"}],"replies":[{"embeddable":true,"href":"https:\/\/suomenkuvalehti.fi\/taivaan-tahden\/wp-json\/wp\/v2\/comments?post=1882"}],"version-history":[{"count":3,"href":"https:\/\/suomenkuvalehti.fi\/taivaan-tahden\/wp-json\/wp\/v2\/posts\/1882\/revisions"}],"predecessor-version":[{"id":1886,"href":"https:\/\/suomenkuvalehti.fi\/taivaan-tahden\/wp-json\/wp\/v2\/posts\/1882\/revisions\/1886"}],"wp:attachment":[{"href":"https:\/\/suomenkuvalehti.fi\/taivaan-tahden\/wp-json\/wp\/v2\/media?parent=1882"}],"wp:term":[{"taxonomy":"category","embeddable":true,"href":"https:\/\/suomenkuvalehti.fi\/taivaan-tahden\/wp-json\/wp\/v2\/categories?post=1882"},{"taxonomy":"post_tag","embeddable":true,"href":"https:\/\/suomenkuvalehti.fi\/taivaan-tahden\/wp-json\/wp\/v2\/tags?post=1882"}],"curies":[{"name":"wp","href":"https:\/\/api.w.org\/{rel}","templated":true}]}}