{"id":1877,"date":"2019-01-18T12:21:16","date_gmt":"2019-01-18T10:21:16","guid":{"rendered":"https:\/\/suomenkuvalehti.fi\/taivaan-tahden\/?p=1877"},"modified":"2019-01-18T12:21:16","modified_gmt":"2019-01-18T10:21:16","slug":"kappas-taydellinen-superverisusikuu","status":"publish","type":"post","link":"https:\/\/suomenkuvalehti.fi\/taivaan-tahden\/2019\/01\/18\/kappas-taydellinen-superverisusikuu\/","title":{"rendered":"Kappas, t\u00e4ydellinen superverisusikuu!"},"content":{"rendered":"<figure class=\"aligncenter size-large is-resized wp-block-image\">\n  <div class=\"wp-block-image__inner-container\">\n    <a href=\"https:\/\/suomenkuvalehti.fi\/taivaan-tahden\/wp-content\/uploads\/sites\/36\/2019\/01\/img_3872_eclips.jpeg\"><img loading=\"lazy\" decoding=\"async\" src=\"https:\/\/suomenkuvalehti.fi\/taivaan-tahden\/wp-content\/uploads\/sites\/36\/2019\/01\/img_3872_eclips-1024x758.jpeg\" alt=\"\" class=\"wp-image-1878\" width=\"1024\" height=\"758\" style=\"--aspect-ratio: 1.35\" srcset=\"https:\/\/suomenkuvalehti.fi\/taivaan-tahden\/wp-content\/uploads\/sites\/36\/2019\/01\/img_3872_eclips-1024x758.jpeg 1024w, https:\/\/suomenkuvalehti.fi\/taivaan-tahden\/wp-content\/uploads\/sites\/36\/2019\/01\/img_3872_eclips-300x222.jpeg 300w, https:\/\/suomenkuvalehti.fi\/taivaan-tahden\/wp-content\/uploads\/sites\/36\/2019\/01\/img_3872_eclips-768x569.jpeg 768w, https:\/\/suomenkuvalehti.fi\/taivaan-tahden\/wp-content\/uploads\/sites\/36\/2019\/01\/img_3872_eclips-630x466.jpeg 630w, https:\/\/suomenkuvalehti.fi\/taivaan-tahden\/wp-content\/uploads\/sites\/36\/2019\/01\/img_3872_eclips.jpeg 1575w\" sizes=\"auto, (max-width: 1024px) 100vw, 1024px\" \/><\/a>    <figcaption class=\"wp-block-image__figcaption\">\n      3. maaliskuuta 2007 taivaalla ei n\u00e4kynyt superverisusikuuta. Kuva: Josh Valcarcel \/ U.S. Navy          <\/figcaption>\n      <\/div>\n<\/figure>\n\n\n<p><span class=\"capitalized\">Maanantaiaamuna Kuu pimenee.<\/span> T\u00e4ydellinen vaihe, jolloin Kuu on kokonaan Maan t\u00e4ysvarjossa, alkaa kello 6.41 ja syvimmill\u00e4\u00e4n pimennys on kello 7.13. Alusta loppuun pimennyksell\u00e4 on osittaisine ja puolivarjovaiheineen kestoa yli viisi tuntia.<\/p>\n\n\n\n<p>Aivan kuin t\u00e4htitieteelliset ilmi\u00f6t, erityisesti pimennykset, eiv\u00e4t olisi muuten kiinnostavia, t\u00e4st\u00e4kin pimennyksest\u00e4 kehitell\u00e4\u00e4n kohua. Esimerkiksi <i>Iltalehti<\/i> kertoo \u201dt\u00e4ydellisest\u00e4 superverisusikuusta\u201d.<\/p>\n\n\n\n<p>Etteiv\u00e4t nyt vain lukijat ja taivaalle t\u00e4hyilev\u00e4t aamunvirkut pettyisi? Vaikka nimest\u00e4 voisi p\u00e4\u00e4tell\u00e4, ett\u00e4 luvassa on jokin aivan mielet\u00f6n spektaakkeli, ei kyse ole tavallista kuunpimennyst\u00e4 kummemmasta tapahtumasta. Mik\u00e4 itsess\u00e4\u00e4n on jo n\u00e4ytt\u00e4v\u00e4 ilmi\u00f6, jos s\u00e4\u00e4 sallii sen n\u00e4kymisen.<\/p>\n\n\n\n<p><span class=\"capitalized\">Mutta mik\u00e4 oikein on<\/span> \u201dsuperverisusikuu\u201d, jossa tuntuu yhdistyv\u00e4n jos jonkinlaista erikoislaatuista ominaisuutta?<\/p>\n\n\n\n<blockquote class=\"wp-block-quote\"><p>Kuu muuttuu v\u00e4rilt\u00e4\u00e4n verenkarvaisen punertavaksi.<\/p><\/blockquote>\n\n\n\n<p>Superkuusta on meuhkattu mediassa viime vuosina urakalla. Jokseenkin keinotekoinen ja turhanp\u00e4iv\u00e4inen super-nimitys kertoo t\u00e4ysikuun osuvan suunnilleen Kuun kiertoradan Maata l\u00e4himp\u00e4n\u00e4 olevaan kohtaan.<\/p>\n\n\n\n<p>Silloin Kuu n\u00e4kyy v\u00e4h\u00e4n isompana kuin muulloin, mutta kyse ei ole mist\u00e4\u00e4n huippuharvinaisesta ilmi\u00f6st\u00e4, kuten usein annetaan ymm\u00e4rt\u00e4\u00e4. Eik\u00e4 kokoeroa edes erota, kun superkuuta ei pysty vertaamaan samanaikaisesti \u201dtavanomaiseen\u201d Kuuhun.<\/p>\n\n\n\n<p><span class=\"capitalized\">Ent\u00e4 verikuu?<\/span> T\u00e4ydellisen pimennyksen aikana Kuu muuttuu v\u00e4rilt\u00e4\u00e4n verenkarvaisen punertavaksi, koska ilmakeh\u00e4 taittaa Maan varjon keskellekin jonkin verran valoa.<\/p>\n\n\n\n<p>Valo on v\u00e4rilt\u00e4\u00e4n punaista samasta syyst\u00e4 kuin nouseva tai laskeva Aurinko on punainen: ilmakeh\u00e4n l\u00e4pi kulkevasta valosta siroaa sinist\u00e4 \u2013 mik\u00e4 antaa p\u00e4iv\u00e4taivaalle v\u00e4rin \u2013 ja j\u00e4ljelle j\u00e4\u00e4 voittopuolisesti punaista valoa.<\/p>\n\n\n\n<p>Sitten on viel\u00e4 tuo susikuu. <i>Iltalehden<\/i> jutun mukaan \u201dtammikuun kuunpimennyst\u00e4 kutsutaan Yhdysvalloissa susikuuksi\u201d. Ei kutsuta.<\/p>\n\n\n\n<p><span class=\"capitalized\">Tammikuista <i>t\u00e4ysikuuta<\/i><\/span> kutsutaan Yhdysvalloissa susikuuksi, nyt se vain sattuu my\u00f6s pimenem\u00e4\u00e4n. Tammikuisella t\u00e4ysikuulla on jenkkil\u00e4ss\u00e4 my\u00f6s muita nimityksi\u00e4, kuten \u201dvanhakuu\u201d ja \u201dj\u00e4\u00e4kuu\u201d.<\/p>\n\n\n\n<p>Maanantaiaamuista pimennyst\u00e4 kannattaa joka tapauksessa t\u00e4hyill\u00e4. Seuraavan kerran Kuu pimenee t\u00e4ydellisesti Suomen taivaalla vasta vuonna 2025.<\/p>\n\n\n\n<p>&nbsp;<\/p>\n\n\n","protected":false},"excerpt":{"rendered":"<p>Maanantaiaamuna Kuu pimenee. T\u00e4ydellinen vaihe, jolloin Kuu on kokonaan Maan t\u00e4ysvarjossa, alkaa kello 6.41 ja syvimmill\u00e4\u00e4n pimennys on kello 7.13. Alusta loppuun pimennyksell\u00e4 on osittaisine ja puolivarjovaiheineen kestoa yli viisi tuntia. Aivan kuin t\u00e4htitieteelliset ilmi\u00f6t,<br \/>\nerityi&hellip;<\/p>\n","protected":false},"author":557,"featured_media":0,"comment_status":"open","ping_status":"open","sticky":false,"template":"","format":"standard","meta":{"_acf_changed":false,"asauth_required_access_level":3,"asauth_cansharepaid":"true","om_header_attributes":[],"footnotes":"","om_featured_image_focal_point":[],"om_primary_tag":0,"om_contributors":[],"om_co_authors":[],"beyondwords_generate_audio":"","beyondwords_project_id":"","beyondwords_content_id":"","beyondwords_preview_token":"","beyondwords_player_content":"","beyondwords_player_style":"","beyondwords_language_code":"","beyondwords_language_id":"","beyondwords_title_voice_id":"","beyondwords_body_voice_id":"","beyondwords_summary_voice_id":"","beyondwords_error_message":"","beyondwords_disabled":"","beyondwords_delete_content":"","beyondwords_podcast_id":"","beyondwords_hash":"","publish_post_to_speechkit":"","speechkit_hash":"","speechkit_generate_audio":"","speechkit_project_id":"","speechkit_podcast_id":"","speechkit_error_message":"","speechkit_disabled":"","speechkit_access_key":"","speechkit_error":"","speechkit_info":"","speechkit_response":"","speechkit_retries":"","speechkit_status":"","speechkit_updated_at":"","_speechkit_link":"","_speechkit_text":""},"categories":[1],"tags":[5,486,723],"class_list":["post-1877","post","type-post","status-publish","format-standard","hentry","category-taivaan-tahden","tag-kuu","tag-kuunpimennys","tag-superverisusikuu"],"om_views":null,"acf":{"tuuma_off":false,"tuuma_kysymys":"","tuuma_vastaus":""},"asauth":{"required_access_level":1,"share_token":"","is_paid":false},"yoast_head":"<!-- This site is optimized with the Yoast SEO plugin v26.4 - https:\/\/yoast.com\/wordpress\/plugins\/seo\/ -->\n<title>Kappas, t\u00e4ydellinen superverisusikuu! - Taivaan t\u00e4hden<\/title>\n<meta name=\"robots\" content=\"index, follow, max-snippet:-1, max-image-preview:large, max-video-preview:-1\" \/>\n<link rel=\"canonical\" href=\"https:\/\/suomenkuvalehti.fi\/taivaan-tahden\/2019\/01\/18\/kappas-taydellinen-superverisusikuu\/\" \/>\n<meta property=\"og:locale\" content=\"fi_FI\" \/>\n<meta property=\"og:type\" content=\"article\" \/>\n<meta property=\"og:title\" content=\"Kappas, t\u00e4ydellinen superverisusikuu! - Taivaan t\u00e4hden\" \/>\n<meta property=\"og:description\" content=\"Maanantaiaamuna Kuu pimenee. T\u00e4ydellinen vaihe, jolloin Kuu on kokonaan Maan t\u00e4ysvarjossa, alkaa kello 6.41 ja syvimmill\u00e4\u00e4n pimennys on kello 7.13. Alusta loppuun pimennyksell\u00e4 on osittaisine ja puolivarjovaiheineen kestoa yli viisi tuntia. Aivan kuin t\u00e4htitieteelliset ilmi\u00f6t, erityi&hellip;\" \/>\n<meta property=\"og:url\" content=\"https:\/\/suomenkuvalehti.fi\/taivaan-tahden\/2019\/01\/18\/kappas-taydellinen-superverisusikuu\/\" \/>\n<meta property=\"og:site_name\" content=\"Taivaan t\u00e4hden\" \/>\n<meta property=\"article:published_time\" content=\"2019-01-18T10:21:16+00:00\" \/>\n<meta property=\"og:image\" content=\"https:\/\/suomenkuvalehti.fi\/taivaan-tahden\/wp-content\/uploads\/sites\/36\/2019\/01\/img_3872_eclips.jpeg\" \/>\n\t<meta property=\"og:image:width\" content=\"1575\" \/>\n\t<meta property=\"og:image:height\" content=\"1166\" \/>\n\t<meta property=\"og:image:type\" content=\"image\/jpeg\" \/>\n<meta name=\"author\" content=\"Markus Hotakainen\" \/>\n<meta name=\"twitter:card\" content=\"summary_large_image\" \/>\n<meta name=\"twitter:label1\" content=\"Written by\" \/>\n\t<meta name=\"twitter:data1\" content=\"Markus Hotakainen\" \/>\n\t<meta name=\"twitter:label2\" content=\"Est. reading time\" \/>\n\t<meta name=\"twitter:data2\" content=\"2 minuuttia\" \/>\n<script type=\"application\/ld+json\" class=\"yoast-schema-graph\">{\"@context\":\"https:\/\/schema.org\",\"@graph\":[{\"@type\":\"WebPage\",\"@id\":\"https:\/\/suomenkuvalehti.fi\/taivaan-tahden\/2019\/01\/18\/kappas-taydellinen-superverisusikuu\/\",\"url\":\"https:\/\/suomenkuvalehti.fi\/taivaan-tahden\/2019\/01\/18\/kappas-taydellinen-superverisusikuu\/\",\"name\":\"Kappas, t\u00e4ydellinen superverisusikuu! - Taivaan t\u00e4hden\",\"isPartOf\":{\"@id\":\"https:\/\/suomenkuvalehti.fi\/taivaan-tahden\/#website\"},\"primaryImageOfPage\":{\"@id\":\"https:\/\/suomenkuvalehti.fi\/taivaan-tahden\/2019\/01\/18\/kappas-taydellinen-superverisusikuu\/#primaryimage\"},\"image\":{\"@id\":\"https:\/\/suomenkuvalehti.fi\/taivaan-tahden\/2019\/01\/18\/kappas-taydellinen-superverisusikuu\/#primaryimage\"},\"thumbnailUrl\":\"https:\/\/suomenkuvalehti.fi\/taivaan-tahden\/wp-content\/uploads\/sites\/36\/2019\/01\/img_3872_eclips-1024x758.jpeg\",\"datePublished\":\"2019-01-18T10:21:16+00:00\",\"author\":{\"@id\":\"https:\/\/suomenkuvalehti.fi\/taivaan-tahden\/#\/schema\/person\/c9c1373acb19750e11084ef640abeae0\"},\"breadcrumb\":{\"@id\":\"https:\/\/suomenkuvalehti.fi\/taivaan-tahden\/2019\/01\/18\/kappas-taydellinen-superverisusikuu\/#breadcrumb\"},\"inLanguage\":\"fi\",\"potentialAction\":[{\"@type\":\"ReadAction\",\"target\":[\"https:\/\/suomenkuvalehti.fi\/taivaan-tahden\/2019\/01\/18\/kappas-taydellinen-superverisusikuu\/\"]}]},{\"@type\":\"ImageObject\",\"inLanguage\":\"fi\",\"@id\":\"https:\/\/suomenkuvalehti.fi\/taivaan-tahden\/2019\/01\/18\/kappas-taydellinen-superverisusikuu\/#primaryimage\",\"url\":\"https:\/\/suomenkuvalehti.fi\/taivaan-tahden\/wp-content\/uploads\/sites\/36\/2019\/01\/img_3872_eclips.jpeg\",\"contentUrl\":\"https:\/\/suomenkuvalehti.fi\/taivaan-tahden\/wp-content\/uploads\/sites\/36\/2019\/01\/img_3872_eclips.jpeg\",\"width\":1575,\"height\":1166},{\"@type\":\"BreadcrumbList\",\"@id\":\"https:\/\/suomenkuvalehti.fi\/taivaan-tahden\/2019\/01\/18\/kappas-taydellinen-superverisusikuu\/#breadcrumb\",\"itemListElement\":[{\"@type\":\"ListItem\",\"position\":1,\"name\":\"Home\",\"item\":\"https:\/\/suomenkuvalehti.fi\/taivaan-tahden\/\"},{\"@type\":\"ListItem\",\"position\":2,\"name\":\"Kappas, t\u00e4ydellinen superverisusikuu!\"}]},{\"@type\":\"WebSite\",\"@id\":\"https:\/\/suomenkuvalehti.fi\/taivaan-tahden\/#website\",\"url\":\"https:\/\/suomenkuvalehti.fi\/taivaan-tahden\/\",\"name\":\"Taivaan t\u00e4hden\",\"description\":\"Tiedetoimittaja Markus Hotakainen h\u00e4mm\u00e4stelee maailmankaikkeutta.\",\"potentialAction\":[{\"@type\":\"SearchAction\",\"target\":{\"@type\":\"EntryPoint\",\"urlTemplate\":\"https:\/\/suomenkuvalehti.fi\/haku\/?q={search_term_string}\"},\"query-input\":{\"@type\":\"PropertyValueSpecification\",\"valueRequired\":true,\"valueName\":\"search_term_string\"}}],\"inLanguage\":\"fi\"},{\"@type\":\"Person\",\"@id\":\"https:\/\/suomenkuvalehti.fi\/taivaan-tahden\/#\/schema\/person\/c9c1373acb19750e11084ef640abeae0\",\"name\":\"Markus Hotakainen\",\"image\":{\"@type\":\"ImageObject\",\"inLanguage\":\"fi\",\"@id\":\"https:\/\/suomenkuvalehti.fi\/taivaan-tahden\/#\/schema\/person\/image\/\",\"url\":\"https:\/\/suomenkuvalehti.fi\/taivaan-tahden\/wp-content\/uploads\/sites\/36\/2018\/05\/markus_hotakainen_blogi_pieni-150x150.jpg\",\"contentUrl\":\"https:\/\/suomenkuvalehti.fi\/taivaan-tahden\/wp-content\/uploads\/sites\/36\/2018\/05\/markus_hotakainen_blogi_pieni-150x150.jpg\",\"caption\":\"Markus Hotakainen\"},\"description\":\"Kirjoittaja on tiedetoimittaja ja tietokirjailija.\"}]}<\/script>\n<!-- \/ Yoast SEO plugin. -->","yoast_head_json":{"title":"Kappas, t\u00e4ydellinen superverisusikuu! - Taivaan t\u00e4hden","robots":{"index":"index","follow":"follow","max-snippet":"max-snippet:-1","max-image-preview":"max-image-preview:large","max-video-preview":"max-video-preview:-1"},"canonical":"https:\/\/suomenkuvalehti.fi\/taivaan-tahden\/2019\/01\/18\/kappas-taydellinen-superverisusikuu\/","og_locale":"fi_FI","og_type":"article","og_title":"Kappas, t\u00e4ydellinen superverisusikuu! - Taivaan t\u00e4hden","og_description":"Maanantaiaamuna Kuu pimenee. T\u00e4ydellinen vaihe, jolloin Kuu on kokonaan Maan t\u00e4ysvarjossa, alkaa kello 6.41 ja syvimmill\u00e4\u00e4n pimennys on kello 7.13. Alusta loppuun pimennyksell\u00e4 on osittaisine ja puolivarjovaiheineen kestoa yli viisi tuntia. Aivan kuin t\u00e4htitieteelliset ilmi\u00f6t, erityi&hellip;","og_url":"https:\/\/suomenkuvalehti.fi\/taivaan-tahden\/2019\/01\/18\/kappas-taydellinen-superverisusikuu\/","og_site_name":"Taivaan t\u00e4hden","article_published_time":"2019-01-18T10:21:16+00:00","og_image":[{"width":1575,"height":1166,"url":"https:\/\/suomenkuvalehti.fi\/taivaan-tahden\/wp-content\/uploads\/sites\/36\/2019\/01\/img_3872_eclips.jpeg","type":"image\/jpeg"}],"author":"Markus Hotakainen","twitter_card":"summary_large_image","twitter_misc":{"Written by":"Markus Hotakainen","Est. reading time":"2 minuuttia"},"schema":{"@context":"https:\/\/schema.org","@graph":[{"@type":"WebPage","@id":"https:\/\/suomenkuvalehti.fi\/taivaan-tahden\/2019\/01\/18\/kappas-taydellinen-superverisusikuu\/","url":"https:\/\/suomenkuvalehti.fi\/taivaan-tahden\/2019\/01\/18\/kappas-taydellinen-superverisusikuu\/","name":"Kappas, t\u00e4ydellinen superverisusikuu! - Taivaan t\u00e4hden","isPartOf":{"@id":"https:\/\/suomenkuvalehti.fi\/taivaan-tahden\/#website"},"primaryImageOfPage":{"@id":"https:\/\/suomenkuvalehti.fi\/taivaan-tahden\/2019\/01\/18\/kappas-taydellinen-superverisusikuu\/#primaryimage"},"image":{"@id":"https:\/\/suomenkuvalehti.fi\/taivaan-tahden\/2019\/01\/18\/kappas-taydellinen-superverisusikuu\/#primaryimage"},"thumbnailUrl":"https:\/\/suomenkuvalehti.fi\/taivaan-tahden\/wp-content\/uploads\/sites\/36\/2019\/01\/img_3872_eclips-1024x758.jpeg","datePublished":"2019-01-18T10:21:16+00:00","author":{"@id":"https:\/\/suomenkuvalehti.fi\/taivaan-tahden\/#\/schema\/person\/c9c1373acb19750e11084ef640abeae0"},"breadcrumb":{"@id":"https:\/\/suomenkuvalehti.fi\/taivaan-tahden\/2019\/01\/18\/kappas-taydellinen-superverisusikuu\/#breadcrumb"},"inLanguage":"fi","potentialAction":[{"@type":"ReadAction","target":["https:\/\/suomenkuvalehti.fi\/taivaan-tahden\/2019\/01\/18\/kappas-taydellinen-superverisusikuu\/"]}]},{"@type":"ImageObject","inLanguage":"fi","@id":"https:\/\/suomenkuvalehti.fi\/taivaan-tahden\/2019\/01\/18\/kappas-taydellinen-superverisusikuu\/#primaryimage","url":"https:\/\/suomenkuvalehti.fi\/taivaan-tahden\/wp-content\/uploads\/sites\/36\/2019\/01\/img_3872_eclips.jpeg","contentUrl":"https:\/\/suomenkuvalehti.fi\/taivaan-tahden\/wp-content\/uploads\/sites\/36\/2019\/01\/img_3872_eclips.jpeg","width":1575,"height":1166},{"@type":"BreadcrumbList","@id":"https:\/\/suomenkuvalehti.fi\/taivaan-tahden\/2019\/01\/18\/kappas-taydellinen-superverisusikuu\/#breadcrumb","itemListElement":[{"@type":"ListItem","position":1,"name":"Home","item":"https:\/\/suomenkuvalehti.fi\/taivaan-tahden\/"},{"@type":"ListItem","position":2,"name":"Kappas, t\u00e4ydellinen superverisusikuu!"}]},{"@type":"WebSite","@id":"https:\/\/suomenkuvalehti.fi\/taivaan-tahden\/#website","url":"https:\/\/suomenkuvalehti.fi\/taivaan-tahden\/","name":"Taivaan t\u00e4hden","description":"Tiedetoimittaja Markus Hotakainen h\u00e4mm\u00e4stelee maailmankaikkeutta.","potentialAction":[{"@type":"SearchAction","target":{"@type":"EntryPoint","urlTemplate":"https:\/\/suomenkuvalehti.fi\/haku\/?q={search_term_string}"},"query-input":{"@type":"PropertyValueSpecification","valueRequired":true,"valueName":"search_term_string"}}],"inLanguage":"fi"},{"@type":"Person","@id":"https:\/\/suomenkuvalehti.fi\/taivaan-tahden\/#\/schema\/person\/c9c1373acb19750e11084ef640abeae0","name":"Markus Hotakainen","image":{"@type":"ImageObject","inLanguage":"fi","@id":"https:\/\/suomenkuvalehti.fi\/taivaan-tahden\/#\/schema\/person\/image\/","url":"https:\/\/suomenkuvalehti.fi\/taivaan-tahden\/wp-content\/uploads\/sites\/36\/2018\/05\/markus_hotakainen_blogi_pieni-150x150.jpg","contentUrl":"https:\/\/suomenkuvalehti.fi\/taivaan-tahden\/wp-content\/uploads\/sites\/36\/2018\/05\/markus_hotakainen_blogi_pieni-150x150.jpg","caption":"Markus Hotakainen"},"description":"Kirjoittaja on tiedetoimittaja ja tietokirjailija."}]}},"_links":{"self":[{"href":"https:\/\/suomenkuvalehti.fi\/taivaan-tahden\/wp-json\/wp\/v2\/posts\/1877","targetHints":{"allow":["GET"]}}],"collection":[{"href":"https:\/\/suomenkuvalehti.fi\/taivaan-tahden\/wp-json\/wp\/v2\/posts"}],"about":[{"href":"https:\/\/suomenkuvalehti.fi\/taivaan-tahden\/wp-json\/wp\/v2\/types\/post"}],"author":[{"embeddable":true,"href":"https:\/\/suomenkuvalehti.fi\/taivaan-tahden\/wp-json\/wp\/v2\/users\/557"}],"replies":[{"embeddable":true,"href":"https:\/\/suomenkuvalehti.fi\/taivaan-tahden\/wp-json\/wp\/v2\/comments?post=1877"}],"version-history":[{"count":3,"href":"https:\/\/suomenkuvalehti.fi\/taivaan-tahden\/wp-json\/wp\/v2\/posts\/1877\/revisions"}],"predecessor-version":[{"id":1881,"href":"https:\/\/suomenkuvalehti.fi\/taivaan-tahden\/wp-json\/wp\/v2\/posts\/1877\/revisions\/1881"}],"wp:attachment":[{"href":"https:\/\/suomenkuvalehti.fi\/taivaan-tahden\/wp-json\/wp\/v2\/media?parent=1877"}],"wp:term":[{"taxonomy":"category","embeddable":true,"href":"https:\/\/suomenkuvalehti.fi\/taivaan-tahden\/wp-json\/wp\/v2\/categories?post=1877"},{"taxonomy":"post_tag","embeddable":true,"href":"https:\/\/suomenkuvalehti.fi\/taivaan-tahden\/wp-json\/wp\/v2\/tags?post=1877"}],"curies":[{"name":"wp","href":"https:\/\/api.w.org\/{rel}","templated":true}]}}