{"id":1819,"date":"2018-11-26T16:37:58","date_gmt":"2018-11-26T14:37:58","guid":{"rendered":"https:\/\/suomenkuvalehti.fi\/taivaan-tahden\/?p=1819"},"modified":"2018-11-26T16:37:58","modified_gmt":"2018-11-26T14:37:58","slug":"kuu-taysi-taydempi-taysin","status":"publish","type":"post","link":"https:\/\/suomenkuvalehti.fi\/taivaan-tahden\/2018\/11\/26\/kuu-taysi-taydempi-taysin\/","title":{"rendered":"Kuu: t\u00e4ysi, t\u00e4ydempi, t\u00e4ysin"},"content":{"rendered":"<figure class=\"aligncenter size-large is-resized wp-block-image\">\n  <div class=\"wp-block-image__inner-container\">\n    <a href=\"https:\/\/suomenkuvalehti.fi\/taivaan-tahden\/wp-content\/uploads\/sites\/36\/2018\/11\/q_24112018.jpeg\"><img loading=\"lazy\" decoding=\"async\" src=\"https:\/\/suomenkuvalehti.fi\/taivaan-tahden\/wp-content\/uploads\/sites\/36\/2018\/11\/q_24112018-1024x683.jpeg\" alt=\"\" class=\"wp-image-1820\" width=\"1024\" height=\"683\" style=\"--aspect-ratio: 1.5\" srcset=\"https:\/\/suomenkuvalehti.fi\/taivaan-tahden\/wp-content\/uploads\/sites\/36\/2018\/11\/q_24112018-1024x683.jpeg 1024w, https:\/\/suomenkuvalehti.fi\/taivaan-tahden\/wp-content\/uploads\/sites\/36\/2018\/11\/q_24112018-300x200.jpeg 300w, https:\/\/suomenkuvalehti.fi\/taivaan-tahden\/wp-content\/uploads\/sites\/36\/2018\/11\/q_24112018-768x512.jpeg 768w, https:\/\/suomenkuvalehti.fi\/taivaan-tahden\/wp-content\/uploads\/sites\/36\/2018\/11\/q_24112018-630x420.jpeg 630w, https:\/\/suomenkuvalehti.fi\/taivaan-tahden\/wp-content\/uploads\/sites\/36\/2018\/11\/q_24112018.jpeg 1575w\" sizes=\"auto, (max-width: 1024px) 100vw, 1024px\" \/><\/a>    <figcaption class=\"wp-block-image__figcaption\">\n      T\u00e4ysikuu oli perjantaina, mutta Kuu n\u00e4ytti viel\u00e4 lauantainakin melkein t\u00e4ydelt\u00e4. Kuva: Markus Hotakainen          <\/figcaption>\n      <\/div>\n<\/figure>\n\n\n<p><span class=\"capitalized\">Viime viikolla<\/span> taivaalla loisti t\u00e4ysikuu. N\u00e4kemys tarkasta p\u00e4iv\u00e4st\u00e4 vaihteli kovasti. Somessa julkaistiin kuvia ja kommentteja t\u00e4ysikuusta v\u00e4hint\u00e4\u00e4nkin keskiviikosta sunnuntaihin, koska Kuu n\u00e4ytti t\u00e4ydelt\u00e4.<\/p>\n\n\n\n<p>T\u00e4ysikuu ei kuitenkaan m\u00e4\u00e4rity sen mukaan, milt\u00e4 kosminen naapurimme n\u00e4ytt\u00e4\u00e4, vaan sen mukaan, milloin Kuu on taivaalla vastap\u00e4\u00e4t\u00e4 Aurinkoa. T\u00e4sm\u00e4lleen samalla linjalla ne eiv\u00e4t yleens\u00e4 ole, koska silloin Kuu joutuisi Maan varjoon ja tapahtuisi kuunpimennys.<\/p>\n\n\n\n<blockquote class=\"wp-block-quote\"><p>T\u00e4ysikuu on kirkkaampi kuin sen pit\u00e4isi olla.<\/p><\/blockquote>\n\n\n\n<p><span class=\"capitalized\">Kalenterin mukaan<\/span> t\u00e4ysikuun t\u00e4sm\u00e4llinen hetki oli viime viikolla perjantaiaamuna kello 7.39. Kummoinen luonnonn\u00e4ytelm\u00e4 se ei ollut, sill\u00e4 etel\u00e4isess\u00e4 Suomessa Kuu laski jo puolen tunnin kuluttua, pohjoisempana v\u00e4h\u00e4n my\u00f6hemmin.<\/p>\n\n\n\n<p>Edellisen\u00e4 ja seuraavana iltana Kuu n\u00e4ytti paljain silmin katsottuna t\u00e4ydelt\u00e4, koska vain aivan reunalla erottui kraattereiden varjoja. Kuun pinnan ep\u00e4tasaisuuksien ansiosta t\u00e4ysikuu onkin kirkkaampi kuin sen pit\u00e4isi olla.<\/p>\n\n\n\n<p><span class=\"capitalized\">Uudenkuun j\u00e4lkeen<\/span> Kuu ilmestyy iltataivaalle kapeana sirppin\u00e4 ja Kuun vaiheen kasvaessa tietenkin my\u00f6s sen kirkkaus kasvaa: Aurinko valaisee yh\u00e4 suurempaa osaa Maata kohti olevasta Kuun puoliskosta.<\/p>\n\n\n\n<p>Puolisen vuorokautta ennen t\u00e4ysikuun tarkkaa ajankohtaa kirkkaus alkaa kuitenkin kasvaa nopeammin kuin pelkk\u00e4 valaistuksen lis\u00e4\u00e4ntyminen edellytt\u00e4isi. Kuulla havaitaan niin sanottu oppositioilmi\u00f6.<\/p>\n\n\n\n<p>Kun Aurinko valaisee Kuuta Maasta katsottuna viistosti, n\u00e4emme pimennossa olevia kraattereiden pohjia. Mutta kun auringonvalo lankeaa Kuun pinnalle samasta suunnasta kuin sit\u00e4 katsomme, varjot katoavat ja Kuu on h\u00e4ik\u00e4isev\u00e4n kirkas.<\/p>\n\n\n\n<p><span class=\"capitalized\">Talvella t\u00e4ysikuu<\/span> n\u00e4ytt\u00e4\u00e4 muutenkin paljon kirkkaammalta kuin kes\u00e4ll\u00e4. Suurin syy on kes\u00e4isen y\u00f6taivaan valoisuus, toinen tekij\u00e4 on Kuun korkeus. Siin\u00e4 miss\u00e4 t\u00e4ysikuu kumottaa talvella korkealla, kes\u00e4ll\u00e4 se vaeltaa melkein horisontissa. Pohjoisemmassa Suomessa Kuu jumittuu joskus taivaanrannan taakse pariksi p\u00e4iv\u00e4ksi.<\/p>\n\n\n\n<p>&nbsp;<\/p>\n\n\n","protected":false},"excerpt":{"rendered":"<p>Viime viikolla taivaalla loisti t\u00e4ysikuu. N\u00e4kemys tarkasta p\u00e4iv\u00e4st\u00e4 vaihteli kovasti. Somessa julkaistiin kuvia ja kommentteja t\u00e4ysikuusta v\u00e4hint\u00e4\u00e4nkin keskiviikosta sunnuntaihin, koska Kuu n\u00e4ytti t\u00e4ydelt\u00e4. T\u00e4ysikuu ei kuitenkaan m\u00e4\u00e4rity sen mukaan, milt\u00e4 kosminen naapurimme<br \/>\nn\u00e4ytt\u00e4\u00e4, vaan s&hellip;<\/p>\n","protected":false},"author":557,"featured_media":0,"comment_status":"open","ping_status":"open","sticky":false,"template":"","format":"standard","meta":{"_acf_changed":false,"asauth_required_access_level":3,"asauth_cansharepaid":"true","om_header_attributes":[],"footnotes":"","om_featured_image_focal_point":[],"om_primary_tag":0,"om_contributors":[],"om_co_authors":[],"beyondwords_generate_audio":"","beyondwords_project_id":"","beyondwords_content_id":"","beyondwords_preview_token":"","beyondwords_player_content":"","beyondwords_player_style":"","beyondwords_language_code":"","beyondwords_language_id":"","beyondwords_title_voice_id":"","beyondwords_body_voice_id":"","beyondwords_summary_voice_id":"","beyondwords_error_message":"","beyondwords_disabled":"","beyondwords_delete_content":"","beyondwords_podcast_id":"","beyondwords_hash":"","publish_post_to_speechkit":"","speechkit_hash":"","speechkit_generate_audio":"","speechkit_project_id":"","speechkit_podcast_id":"","speechkit_error_message":"","speechkit_disabled":"","speechkit_access_key":"","speechkit_error":"","speechkit_info":"","speechkit_response":"","speechkit_retries":"","speechkit_status":"","speechkit_updated_at":"","_speechkit_link":"","_speechkit_text":""},"categories":[1],"tags":[4,5,706,134],"class_list":["post-1819","post","type-post","status-publish","format-standard","hentry","category-taivaan-tahden","tag-aurinko","tag-kuu","tag-oppositioilmio","tag-taysikuu"],"om_views":null,"acf":{"tuuma_off":false,"tuuma_kysymys":"","tuuma_vastaus":""},"asauth":{"required_access_level":1,"share_token":"","is_paid":false},"yoast_head":"<!-- This site is optimized with the Yoast SEO plugin v26.4 - https:\/\/yoast.com\/wordpress\/plugins\/seo\/ -->\n<title>Kuu: t\u00e4ysi, t\u00e4ydempi, t\u00e4ysin - Taivaan t\u00e4hden<\/title>\n<meta name=\"robots\" content=\"index, follow, max-snippet:-1, max-image-preview:large, max-video-preview:-1\" \/>\n<link rel=\"canonical\" href=\"https:\/\/suomenkuvalehti.fi\/taivaan-tahden\/2018\/11\/26\/kuu-taysi-taydempi-taysin\/\" \/>\n<meta property=\"og:locale\" content=\"fi_FI\" \/>\n<meta property=\"og:type\" content=\"article\" \/>\n<meta property=\"og:title\" content=\"Kuu: t\u00e4ysi, t\u00e4ydempi, t\u00e4ysin - Taivaan t\u00e4hden\" \/>\n<meta property=\"og:description\" content=\"Viime viikolla taivaalla loisti t\u00e4ysikuu. N\u00e4kemys tarkasta p\u00e4iv\u00e4st\u00e4 vaihteli kovasti. Somessa julkaistiin kuvia ja kommentteja t\u00e4ysikuusta v\u00e4hint\u00e4\u00e4nkin keskiviikosta sunnuntaihin, koska Kuu n\u00e4ytti t\u00e4ydelt\u00e4. T\u00e4ysikuu ei kuitenkaan m\u00e4\u00e4rity sen mukaan, milt\u00e4 kosminen naapurimme n\u00e4ytt\u00e4\u00e4, vaan s&hellip;\" \/>\n<meta property=\"og:url\" content=\"https:\/\/suomenkuvalehti.fi\/taivaan-tahden\/2018\/11\/26\/kuu-taysi-taydempi-taysin\/\" \/>\n<meta property=\"og:site_name\" content=\"Taivaan t\u00e4hden\" \/>\n<meta property=\"article:published_time\" content=\"2018-11-26T14:37:58+00:00\" \/>\n<meta property=\"og:image\" content=\"https:\/\/suomenkuvalehti.fi\/taivaan-tahden\/wp-content\/uploads\/sites\/36\/2018\/11\/q_24112018.jpeg\" \/>\n\t<meta property=\"og:image:width\" content=\"1575\" \/>\n\t<meta property=\"og:image:height\" content=\"1051\" \/>\n\t<meta property=\"og:image:type\" content=\"image\/jpeg\" \/>\n<meta name=\"author\" content=\"Markus Hotakainen\" \/>\n<meta name=\"twitter:card\" content=\"summary_large_image\" \/>\n<meta name=\"twitter:label1\" content=\"Written by\" \/>\n\t<meta name=\"twitter:data1\" content=\"Markus Hotakainen\" \/>\n\t<meta name=\"twitter:label2\" content=\"Est. reading time\" \/>\n\t<meta name=\"twitter:data2\" content=\"2 minuuttia\" \/>\n<script type=\"application\/ld+json\" class=\"yoast-schema-graph\">{\"@context\":\"https:\/\/schema.org\",\"@graph\":[{\"@type\":\"WebPage\",\"@id\":\"https:\/\/suomenkuvalehti.fi\/taivaan-tahden\/2018\/11\/26\/kuu-taysi-taydempi-taysin\/\",\"url\":\"https:\/\/suomenkuvalehti.fi\/taivaan-tahden\/2018\/11\/26\/kuu-taysi-taydempi-taysin\/\",\"name\":\"Kuu: t\u00e4ysi, t\u00e4ydempi, t\u00e4ysin - Taivaan t\u00e4hden\",\"isPartOf\":{\"@id\":\"https:\/\/suomenkuvalehti.fi\/taivaan-tahden\/#website\"},\"primaryImageOfPage\":{\"@id\":\"https:\/\/suomenkuvalehti.fi\/taivaan-tahden\/2018\/11\/26\/kuu-taysi-taydempi-taysin\/#primaryimage\"},\"image\":{\"@id\":\"https:\/\/suomenkuvalehti.fi\/taivaan-tahden\/2018\/11\/26\/kuu-taysi-taydempi-taysin\/#primaryimage\"},\"thumbnailUrl\":\"https:\/\/suomenkuvalehti.fi\/taivaan-tahden\/wp-content\/uploads\/sites\/36\/2018\/11\/q_24112018-1024x683.jpeg\",\"datePublished\":\"2018-11-26T14:37:58+00:00\",\"author\":{\"@id\":\"https:\/\/suomenkuvalehti.fi\/taivaan-tahden\/#\/schema\/person\/c9c1373acb19750e11084ef640abeae0\"},\"breadcrumb\":{\"@id\":\"https:\/\/suomenkuvalehti.fi\/taivaan-tahden\/2018\/11\/26\/kuu-taysi-taydempi-taysin\/#breadcrumb\"},\"inLanguage\":\"fi\",\"potentialAction\":[{\"@type\":\"ReadAction\",\"target\":[\"https:\/\/suomenkuvalehti.fi\/taivaan-tahden\/2018\/11\/26\/kuu-taysi-taydempi-taysin\/\"]}]},{\"@type\":\"ImageObject\",\"inLanguage\":\"fi\",\"@id\":\"https:\/\/suomenkuvalehti.fi\/taivaan-tahden\/2018\/11\/26\/kuu-taysi-taydempi-taysin\/#primaryimage\",\"url\":\"https:\/\/suomenkuvalehti.fi\/taivaan-tahden\/wp-content\/uploads\/sites\/36\/2018\/11\/q_24112018.jpeg\",\"contentUrl\":\"https:\/\/suomenkuvalehti.fi\/taivaan-tahden\/wp-content\/uploads\/sites\/36\/2018\/11\/q_24112018.jpeg\",\"width\":1575,\"height\":1051},{\"@type\":\"BreadcrumbList\",\"@id\":\"https:\/\/suomenkuvalehti.fi\/taivaan-tahden\/2018\/11\/26\/kuu-taysi-taydempi-taysin\/#breadcrumb\",\"itemListElement\":[{\"@type\":\"ListItem\",\"position\":1,\"name\":\"Home\",\"item\":\"https:\/\/suomenkuvalehti.fi\/taivaan-tahden\/\"},{\"@type\":\"ListItem\",\"position\":2,\"name\":\"Kuu: t\u00e4ysi, t\u00e4ydempi, t\u00e4ysin\"}]},{\"@type\":\"WebSite\",\"@id\":\"https:\/\/suomenkuvalehti.fi\/taivaan-tahden\/#website\",\"url\":\"https:\/\/suomenkuvalehti.fi\/taivaan-tahden\/\",\"name\":\"Taivaan t\u00e4hden\",\"description\":\"Tiedetoimittaja Markus Hotakainen h\u00e4mm\u00e4stelee maailmankaikkeutta.\",\"potentialAction\":[{\"@type\":\"SearchAction\",\"target\":{\"@type\":\"EntryPoint\",\"urlTemplate\":\"https:\/\/suomenkuvalehti.fi\/haku\/?q={search_term_string}\"},\"query-input\":{\"@type\":\"PropertyValueSpecification\",\"valueRequired\":true,\"valueName\":\"search_term_string\"}}],\"inLanguage\":\"fi\"},{\"@type\":\"Person\",\"@id\":\"https:\/\/suomenkuvalehti.fi\/taivaan-tahden\/#\/schema\/person\/c9c1373acb19750e11084ef640abeae0\",\"name\":\"Markus Hotakainen\",\"image\":{\"@type\":\"ImageObject\",\"inLanguage\":\"fi\",\"@id\":\"https:\/\/suomenkuvalehti.fi\/taivaan-tahden\/#\/schema\/person\/image\/\",\"url\":\"https:\/\/suomenkuvalehti.fi\/taivaan-tahden\/wp-content\/uploads\/sites\/36\/2018\/05\/markus_hotakainen_blogi_pieni-150x150.jpg\",\"contentUrl\":\"https:\/\/suomenkuvalehti.fi\/taivaan-tahden\/wp-content\/uploads\/sites\/36\/2018\/05\/markus_hotakainen_blogi_pieni-150x150.jpg\",\"caption\":\"Markus Hotakainen\"},\"description\":\"Kirjoittaja on tiedetoimittaja ja tietokirjailija.\"}]}<\/script>\n<!-- \/ Yoast SEO plugin. -->","yoast_head_json":{"title":"Kuu: t\u00e4ysi, t\u00e4ydempi, t\u00e4ysin - Taivaan t\u00e4hden","robots":{"index":"index","follow":"follow","max-snippet":"max-snippet:-1","max-image-preview":"max-image-preview:large","max-video-preview":"max-video-preview:-1"},"canonical":"https:\/\/suomenkuvalehti.fi\/taivaan-tahden\/2018\/11\/26\/kuu-taysi-taydempi-taysin\/","og_locale":"fi_FI","og_type":"article","og_title":"Kuu: t\u00e4ysi, t\u00e4ydempi, t\u00e4ysin - Taivaan t\u00e4hden","og_description":"Viime viikolla taivaalla loisti t\u00e4ysikuu. N\u00e4kemys tarkasta p\u00e4iv\u00e4st\u00e4 vaihteli kovasti. Somessa julkaistiin kuvia ja kommentteja t\u00e4ysikuusta v\u00e4hint\u00e4\u00e4nkin keskiviikosta sunnuntaihin, koska Kuu n\u00e4ytti t\u00e4ydelt\u00e4. T\u00e4ysikuu ei kuitenkaan m\u00e4\u00e4rity sen mukaan, milt\u00e4 kosminen naapurimme n\u00e4ytt\u00e4\u00e4, vaan s&hellip;","og_url":"https:\/\/suomenkuvalehti.fi\/taivaan-tahden\/2018\/11\/26\/kuu-taysi-taydempi-taysin\/","og_site_name":"Taivaan t\u00e4hden","article_published_time":"2018-11-26T14:37:58+00:00","og_image":[{"width":1575,"height":1051,"url":"https:\/\/suomenkuvalehti.fi\/taivaan-tahden\/wp-content\/uploads\/sites\/36\/2018\/11\/q_24112018.jpeg","type":"image\/jpeg"}],"author":"Markus Hotakainen","twitter_card":"summary_large_image","twitter_misc":{"Written by":"Markus Hotakainen","Est. reading time":"2 minuuttia"},"schema":{"@context":"https:\/\/schema.org","@graph":[{"@type":"WebPage","@id":"https:\/\/suomenkuvalehti.fi\/taivaan-tahden\/2018\/11\/26\/kuu-taysi-taydempi-taysin\/","url":"https:\/\/suomenkuvalehti.fi\/taivaan-tahden\/2018\/11\/26\/kuu-taysi-taydempi-taysin\/","name":"Kuu: t\u00e4ysi, t\u00e4ydempi, t\u00e4ysin - Taivaan t\u00e4hden","isPartOf":{"@id":"https:\/\/suomenkuvalehti.fi\/taivaan-tahden\/#website"},"primaryImageOfPage":{"@id":"https:\/\/suomenkuvalehti.fi\/taivaan-tahden\/2018\/11\/26\/kuu-taysi-taydempi-taysin\/#primaryimage"},"image":{"@id":"https:\/\/suomenkuvalehti.fi\/taivaan-tahden\/2018\/11\/26\/kuu-taysi-taydempi-taysin\/#primaryimage"},"thumbnailUrl":"https:\/\/suomenkuvalehti.fi\/taivaan-tahden\/wp-content\/uploads\/sites\/36\/2018\/11\/q_24112018-1024x683.jpeg","datePublished":"2018-11-26T14:37:58+00:00","author":{"@id":"https:\/\/suomenkuvalehti.fi\/taivaan-tahden\/#\/schema\/person\/c9c1373acb19750e11084ef640abeae0"},"breadcrumb":{"@id":"https:\/\/suomenkuvalehti.fi\/taivaan-tahden\/2018\/11\/26\/kuu-taysi-taydempi-taysin\/#breadcrumb"},"inLanguage":"fi","potentialAction":[{"@type":"ReadAction","target":["https:\/\/suomenkuvalehti.fi\/taivaan-tahden\/2018\/11\/26\/kuu-taysi-taydempi-taysin\/"]}]},{"@type":"ImageObject","inLanguage":"fi","@id":"https:\/\/suomenkuvalehti.fi\/taivaan-tahden\/2018\/11\/26\/kuu-taysi-taydempi-taysin\/#primaryimage","url":"https:\/\/suomenkuvalehti.fi\/taivaan-tahden\/wp-content\/uploads\/sites\/36\/2018\/11\/q_24112018.jpeg","contentUrl":"https:\/\/suomenkuvalehti.fi\/taivaan-tahden\/wp-content\/uploads\/sites\/36\/2018\/11\/q_24112018.jpeg","width":1575,"height":1051},{"@type":"BreadcrumbList","@id":"https:\/\/suomenkuvalehti.fi\/taivaan-tahden\/2018\/11\/26\/kuu-taysi-taydempi-taysin\/#breadcrumb","itemListElement":[{"@type":"ListItem","position":1,"name":"Home","item":"https:\/\/suomenkuvalehti.fi\/taivaan-tahden\/"},{"@type":"ListItem","position":2,"name":"Kuu: t\u00e4ysi, t\u00e4ydempi, t\u00e4ysin"}]},{"@type":"WebSite","@id":"https:\/\/suomenkuvalehti.fi\/taivaan-tahden\/#website","url":"https:\/\/suomenkuvalehti.fi\/taivaan-tahden\/","name":"Taivaan t\u00e4hden","description":"Tiedetoimittaja Markus Hotakainen h\u00e4mm\u00e4stelee maailmankaikkeutta.","potentialAction":[{"@type":"SearchAction","target":{"@type":"EntryPoint","urlTemplate":"https:\/\/suomenkuvalehti.fi\/haku\/?q={search_term_string}"},"query-input":{"@type":"PropertyValueSpecification","valueRequired":true,"valueName":"search_term_string"}}],"inLanguage":"fi"},{"@type":"Person","@id":"https:\/\/suomenkuvalehti.fi\/taivaan-tahden\/#\/schema\/person\/c9c1373acb19750e11084ef640abeae0","name":"Markus Hotakainen","image":{"@type":"ImageObject","inLanguage":"fi","@id":"https:\/\/suomenkuvalehti.fi\/taivaan-tahden\/#\/schema\/person\/image\/","url":"https:\/\/suomenkuvalehti.fi\/taivaan-tahden\/wp-content\/uploads\/sites\/36\/2018\/05\/markus_hotakainen_blogi_pieni-150x150.jpg","contentUrl":"https:\/\/suomenkuvalehti.fi\/taivaan-tahden\/wp-content\/uploads\/sites\/36\/2018\/05\/markus_hotakainen_blogi_pieni-150x150.jpg","caption":"Markus Hotakainen"},"description":"Kirjoittaja on tiedetoimittaja ja tietokirjailija."}]}},"_links":{"self":[{"href":"https:\/\/suomenkuvalehti.fi\/taivaan-tahden\/wp-json\/wp\/v2\/posts\/1819","targetHints":{"allow":["GET"]}}],"collection":[{"href":"https:\/\/suomenkuvalehti.fi\/taivaan-tahden\/wp-json\/wp\/v2\/posts"}],"about":[{"href":"https:\/\/suomenkuvalehti.fi\/taivaan-tahden\/wp-json\/wp\/v2\/types\/post"}],"author":[{"embeddable":true,"href":"https:\/\/suomenkuvalehti.fi\/taivaan-tahden\/wp-json\/wp\/v2\/users\/557"}],"replies":[{"embeddable":true,"href":"https:\/\/suomenkuvalehti.fi\/taivaan-tahden\/wp-json\/wp\/v2\/comments?post=1819"}],"version-history":[{"count":3,"href":"https:\/\/suomenkuvalehti.fi\/taivaan-tahden\/wp-json\/wp\/v2\/posts\/1819\/revisions"}],"predecessor-version":[{"id":1823,"href":"https:\/\/suomenkuvalehti.fi\/taivaan-tahden\/wp-json\/wp\/v2\/posts\/1819\/revisions\/1823"}],"wp:attachment":[{"href":"https:\/\/suomenkuvalehti.fi\/taivaan-tahden\/wp-json\/wp\/v2\/media?parent=1819"}],"wp:term":[{"taxonomy":"category","embeddable":true,"href":"https:\/\/suomenkuvalehti.fi\/taivaan-tahden\/wp-json\/wp\/v2\/categories?post=1819"},{"taxonomy":"post_tag","embeddable":true,"href":"https:\/\/suomenkuvalehti.fi\/taivaan-tahden\/wp-json\/wp\/v2\/tags?post=1819"}],"curies":[{"name":"wp","href":"https:\/\/api.w.org\/{rel}","templated":true}]}}