{"id":1814,"date":"2018-11-21T11:34:23","date_gmt":"2018-11-21T09:34:23","guid":{"rendered":"https:\/\/suomenkuvalehti.fi\/taivaan-tahden\/?p=1814"},"modified":"2018-11-21T11:34:23","modified_gmt":"2018-11-21T09:34:23","slug":"kylla-se-kirkas-tahti-on-venus","status":"publish","type":"post","link":"https:\/\/suomenkuvalehti.fi\/taivaan-tahden\/2018\/11\/21\/kylla-se-kirkas-tahti-on-venus\/","title":{"rendered":"Kyll\u00e4, se kirkas \u201dt\u00e4hti\u201d on Venus"},"content":{"rendered":"<figure class=\"aligncenter size-large is-resized wp-block-image\">\n  <div class=\"wp-block-image__inner-container\">\n    <a href=\"https:\/\/suomenkuvalehti.fi\/taivaan-tahden\/wp-content\/uploads\/sites\/36\/2018\/11\/venus_21112018_sk.jpeg\"><img loading=\"lazy\" decoding=\"async\" src=\"https:\/\/suomenkuvalehti.fi\/taivaan-tahden\/wp-content\/uploads\/sites\/36\/2018\/11\/venus_21112018_sk-1024x683.jpeg\" alt=\"\" class=\"wp-image-1815\" width=\"1024\" height=\"683\" style=\"--aspect-ratio: 1.5\" srcset=\"https:\/\/suomenkuvalehti.fi\/taivaan-tahden\/wp-content\/uploads\/sites\/36\/2018\/11\/venus_21112018_sk-1024x683.jpeg 1024w, https:\/\/suomenkuvalehti.fi\/taivaan-tahden\/wp-content\/uploads\/sites\/36\/2018\/11\/venus_21112018_sk-300x200.jpeg 300w, https:\/\/suomenkuvalehti.fi\/taivaan-tahden\/wp-content\/uploads\/sites\/36\/2018\/11\/venus_21112018_sk-768x512.jpeg 768w, https:\/\/suomenkuvalehti.fi\/taivaan-tahden\/wp-content\/uploads\/sites\/36\/2018\/11\/venus_21112018_sk-630x420.jpeg 630w, https:\/\/suomenkuvalehti.fi\/taivaan-tahden\/wp-content\/uploads\/sites\/36\/2018\/11\/venus_21112018_sk.jpeg 1575w\" sizes=\"auto, (max-width: 1024px) 100vw, 1024px\" \/><\/a>    <figcaption class=\"wp-block-image__figcaption\">\n      Venus on t\u00e4ll\u00e4 hetkell\u00e4 sirppi. Kuvat: Markus Hotakainen          <\/figcaption>\n      <\/div>\n<\/figure>\n\n\n<p><span class=\"capitalized\">Tuskin on selvitty<\/span> punaisena kiiluvan Marsin aiheuttamasta h\u00e4mmennyksest\u00e4 \u2013 vaikka planeetta n\u00e4kyy edelleenkin iltataivaalla matalalla etel\u00e4n suunnalla \u2013 kun aamutoimia on ilmestynyt h\u00e4iritsem\u00e4\u00e4n kaakkoisella taivaalla loistava viel\u00e4 kirkkaampi \u201dt\u00e4hti\u201d.<\/p>\n\n\n\n<p>Useimpien arvaus on osunut oikeaan: se on Venus, planeetoista kirkkain. Ja kaikkein kirkkaimmillaan se on juuri nyt.<\/p>\n\n\n\n<p>Yht\u00e4kkiselt\u00e4 vaikuttava ilmaantuminen aamuiselle taivaalle johtuu siit\u00e4, ett\u00e4 Venus kiert\u00e4\u00e4 Aurinkoa Maan radan sis\u00e4puolella. Lokakuun lopulla planeetta oli Maan ja Auringon v\u00e4liss\u00e4 ja nyt se on et\u00e4\u00e4ntym\u00e4ss\u00e4 vauhdilla per\u00e4ss\u00e4\u00e4n nousevan p\u00e4iv\u00e4t\u00e4htemme loisteesta.<\/p>\n\n\n\n<blockquote class=\"wp-block-quote\"><p>Kaikkein kirkkaimmillaan Venus on juuri nyt.<\/p><\/blockquote>\n\n\n\n<p><span class=\"capitalized\">Venus kimmelt\u00e4\u00e4<\/span> aamutaivaalla koko loppuvuoden, mutta alkaa ensi vuoden puolella painua taivaalla yh\u00e4 alemmas siten, ett\u00e4 planeetta nousee vain v\u00e4h\u00e4n ennen Aurinkoa. Valoisalta aamutaivaalta Venusta ei ole helppo l\u00f6yt\u00e4\u00e4, vaikka se katoaakin Auringon taakse vasta elokuussa.<\/p>\n\n\n\n<p>Venus oli 1600-luvun alussa yksi maakeskisen j\u00e4rjestelm\u00e4n arkkuun isketyist\u00e4 nauloista. Teknisesti ja optisesti kehnolla, mutta maailmankuvan mullistaneella kaukoputkellaan <b>Galileo Galilei<\/b> huomasi, ett\u00e4 Venus ei olekaan muodoltaan ympyri\u00e4inen, vaan toisinaan sirppi, toisinaan puolikas ja toisinaan \u201dt\u00e4ysi\u201d \u2013 samaan tapaan kuin Kuu.<\/p>\n\n\n\n<p><span class=\"capitalized\">Galilei totesi Venuksen<\/span> kiert\u00e4v\u00e4n Maan sijasta Aurinkoa, vaikka katolisen kirkon totena pit\u00e4m\u00e4n perinteisen k\u00e4sityksen mukaan Maa on maailmankaikkeuden keskipiste, jota kaikki muut taivaankappaleet kiert\u00e4v\u00e4t.<\/p>\n\n\n\n<p>Kuten t\u00e4htitieteilij\u00e4 ja tiedett\u00e4 ansiokkaasti popularisoinut <b>Carl Sagan<\/b> on todennut, erikoislaatuiset v\u00e4itteet vaativat erikoislaatuisia todisteita. Venus ei yksin riitt\u00e4nyt murentamaan uskoa maakeskiseen systeemiin.<\/p>\n\n\n\n<p>Galilei l\u00f6ysi Venuksen vaiheiden lis\u00e4ksi my\u00f6s Jupiterin nelj\u00e4 suurinta kuuta, jotka h\u00e4n nimesi hyv\u00e4ntekij\u00e4\u00e4ns\u00e4 mielistell\u00e4kseen Medicin t\u00e4hdiksi. Nekin kiersiv\u00e4t jotain muuta kappaletta kuin Maata.<\/p>\n\n\n\n<p>Eik\u00e4 oma kiertolaisemme Kuukaan ollut niin t\u00e4ydellinen kuin sen klassisen k\u00e4sityksen mukaan piti olla. Sen pinta on ep\u00e4tasainen, t\u00e4ynn\u00e4 kuoppia, harjanteita ja vuoria \u2013 kaukana t\u00e4ydellisen sile\u00e4st\u00e4.<\/p>\n\n\n\n<p><span class=\"capitalized\">Auringon pinnallakin<\/span> osoittautui olevan jotain ylim\u00e4\u00e4r\u00e4ist\u00e4: tummia pilkkuja, joiden luonteesta ei viel\u00e4 pitk\u00e4\u00e4n p\u00e4\u00e4sty perille. Auringonpilkut olivat kuitenkin merkki siit\u00e4, ett\u00e4 aikaisemmat k\u00e4sitykset maailmankaikkeudesta ja sen kappaleiden luonteesta olivat v\u00e4hint\u00e4\u00e4nkin kyseenalaisia.<\/p>\n\n\n\n<p>Maailma tai pikemminkin kirkollinen maailma ei kuitenkaan viel\u00e4 Galilein aikana ollut valmis muuttamaan n\u00e4kemyksi\u00e4\u00e4n. \u201dErikoislaatuisten todisteiden\u201d kasautuessa aurinkokeskinen malli oli kuitenkin pakko hyv\u00e4ksy\u00e4, osittain kiitos kirkkaana loistavan Venuksen.<\/p>\n\n\n","protected":false},"excerpt":{"rendered":"<p>Tuskin on selvitty punaisena kiiluvan Marsin aiheuttamasta h\u00e4mmennyksest\u00e4 \u2013 vaikka planeetta n\u00e4kyy edelleenkin iltataivaalla matalalla etel\u00e4n suunnalla \u2013 kun aamutoimia on ilmestynyt h\u00e4iritsem\u00e4\u00e4n kaakkoisella taivaalla loistava viel\u00e4 kirkkaampi \u201dt\u00e4hti\u201d. Useimpien arvaus on osunut<br \/>\noikeaan: se on V&hellip;<\/p>\n","protected":false},"author":557,"featured_media":0,"comment_status":"open","ping_status":"open","sticky":false,"template":"","format":"standard","meta":{"_acf_changed":false,"asauth_required_access_level":3,"asauth_cansharepaid":"true","om_header_attributes":[],"footnotes":"","om_featured_image_focal_point":[],"om_primary_tag":0,"om_contributors":[],"om_co_authors":[],"beyondwords_generate_audio":"","beyondwords_project_id":"","beyondwords_content_id":"","beyondwords_preview_token":"","beyondwords_player_content":"","beyondwords_player_style":"","beyondwords_language_code":"","beyondwords_language_id":"","beyondwords_title_voice_id":"","beyondwords_body_voice_id":"","beyondwords_summary_voice_id":"","beyondwords_error_message":"","beyondwords_disabled":"","beyondwords_delete_content":"","beyondwords_podcast_id":"","beyondwords_hash":"","publish_post_to_speechkit":"","speechkit_hash":"","speechkit_generate_audio":"","speechkit_project_id":"","speechkit_podcast_id":"","speechkit_error_message":"","speechkit_disabled":"","speechkit_access_key":"","speechkit_error":"","speechkit_info":"","speechkit_response":"","speechkit_retries":"","speechkit_status":"","speechkit_updated_at":"","_speechkit_link":"","_speechkit_text":""},"categories":[1],"tags":[4,705,167,13,5,32,14],"class_list":["post-1814","post","type-post","status-publish","format-standard","hentry","category-taivaan-tahden","tag-aurinko","tag-carl-sagan","tag-galileo-galilei","tag-jupiter","tag-kuu","tag-mars","tag-venus"],"om_views":null,"acf":{"tuuma_off":false,"tuuma_kysymys":"","tuuma_vastaus":""},"asauth":{"required_access_level":1,"share_token":"","is_paid":false},"yoast_head":"<!-- This site is optimized with the Yoast SEO plugin v26.4 - https:\/\/yoast.com\/wordpress\/plugins\/seo\/ -->\n<title>Kyll\u00e4, se kirkas \u201dt\u00e4hti\u201d on Venus - Taivaan t\u00e4hden<\/title>\n<meta name=\"robots\" content=\"index, follow, max-snippet:-1, max-image-preview:large, max-video-preview:-1\" \/>\n<link rel=\"canonical\" href=\"https:\/\/suomenkuvalehti.fi\/taivaan-tahden\/2018\/11\/21\/kylla-se-kirkas-tahti-on-venus\/\" \/>\n<meta property=\"og:locale\" content=\"fi_FI\" \/>\n<meta property=\"og:type\" content=\"article\" \/>\n<meta property=\"og:title\" content=\"Kyll\u00e4, se kirkas \u201dt\u00e4hti\u201d on Venus - Taivaan t\u00e4hden\" \/>\n<meta property=\"og:description\" content=\"Tuskin on selvitty punaisena kiiluvan Marsin aiheuttamasta h\u00e4mmennyksest\u00e4 \u2013 vaikka planeetta n\u00e4kyy edelleenkin iltataivaalla matalalla etel\u00e4n suunnalla \u2013 kun aamutoimia on ilmestynyt h\u00e4iritsem\u00e4\u00e4n kaakkoisella taivaalla loistava viel\u00e4 kirkkaampi \u201dt\u00e4hti\u201d. Useimpien arvaus on osunut oikeaan: se on V&hellip;\" \/>\n<meta property=\"og:url\" content=\"https:\/\/suomenkuvalehti.fi\/taivaan-tahden\/2018\/11\/21\/kylla-se-kirkas-tahti-on-venus\/\" \/>\n<meta property=\"og:site_name\" content=\"Taivaan t\u00e4hden\" \/>\n<meta property=\"article:published_time\" content=\"2018-11-21T09:34:23+00:00\" \/>\n<meta property=\"og:image\" content=\"https:\/\/suomenkuvalehti.fi\/taivaan-tahden\/wp-content\/uploads\/sites\/36\/2018\/11\/venus_21112018_sk.jpeg\" \/>\n\t<meta property=\"og:image:width\" content=\"1575\" \/>\n\t<meta property=\"og:image:height\" content=\"1050\" \/>\n\t<meta property=\"og:image:type\" content=\"image\/jpeg\" \/>\n<meta name=\"author\" content=\"Markus Hotakainen\" \/>\n<meta name=\"twitter:card\" content=\"summary_large_image\" \/>\n<meta name=\"twitter:label1\" content=\"Written by\" \/>\n\t<meta name=\"twitter:data1\" content=\"Markus Hotakainen\" \/>\n\t<meta name=\"twitter:label2\" content=\"Est. reading time\" \/>\n\t<meta name=\"twitter:data2\" content=\"2 minuuttia\" \/>\n<script type=\"application\/ld+json\" class=\"yoast-schema-graph\">{\"@context\":\"https:\/\/schema.org\",\"@graph\":[{\"@type\":\"WebPage\",\"@id\":\"https:\/\/suomenkuvalehti.fi\/taivaan-tahden\/2018\/11\/21\/kylla-se-kirkas-tahti-on-venus\/\",\"url\":\"https:\/\/suomenkuvalehti.fi\/taivaan-tahden\/2018\/11\/21\/kylla-se-kirkas-tahti-on-venus\/\",\"name\":\"Kyll\u00e4, se kirkas \u201dt\u00e4hti\u201d on Venus - Taivaan t\u00e4hden\",\"isPartOf\":{\"@id\":\"https:\/\/suomenkuvalehti.fi\/taivaan-tahden\/#website\"},\"primaryImageOfPage\":{\"@id\":\"https:\/\/suomenkuvalehti.fi\/taivaan-tahden\/2018\/11\/21\/kylla-se-kirkas-tahti-on-venus\/#primaryimage\"},\"image\":{\"@id\":\"https:\/\/suomenkuvalehti.fi\/taivaan-tahden\/2018\/11\/21\/kylla-se-kirkas-tahti-on-venus\/#primaryimage\"},\"thumbnailUrl\":\"https:\/\/suomenkuvalehti.fi\/taivaan-tahden\/wp-content\/uploads\/sites\/36\/2018\/11\/venus_21112018_sk-1024x683.jpeg\",\"datePublished\":\"2018-11-21T09:34:23+00:00\",\"author\":{\"@id\":\"https:\/\/suomenkuvalehti.fi\/taivaan-tahden\/#\/schema\/person\/c9c1373acb19750e11084ef640abeae0\"},\"breadcrumb\":{\"@id\":\"https:\/\/suomenkuvalehti.fi\/taivaan-tahden\/2018\/11\/21\/kylla-se-kirkas-tahti-on-venus\/#breadcrumb\"},\"inLanguage\":\"fi\",\"potentialAction\":[{\"@type\":\"ReadAction\",\"target\":[\"https:\/\/suomenkuvalehti.fi\/taivaan-tahden\/2018\/11\/21\/kylla-se-kirkas-tahti-on-venus\/\"]}]},{\"@type\":\"ImageObject\",\"inLanguage\":\"fi\",\"@id\":\"https:\/\/suomenkuvalehti.fi\/taivaan-tahden\/2018\/11\/21\/kylla-se-kirkas-tahti-on-venus\/#primaryimage\",\"url\":\"https:\/\/suomenkuvalehti.fi\/taivaan-tahden\/wp-content\/uploads\/sites\/36\/2018\/11\/venus_21112018_sk.jpeg\",\"contentUrl\":\"https:\/\/suomenkuvalehti.fi\/taivaan-tahden\/wp-content\/uploads\/sites\/36\/2018\/11\/venus_21112018_sk.jpeg\",\"width\":1575,\"height\":1050},{\"@type\":\"BreadcrumbList\",\"@id\":\"https:\/\/suomenkuvalehti.fi\/taivaan-tahden\/2018\/11\/21\/kylla-se-kirkas-tahti-on-venus\/#breadcrumb\",\"itemListElement\":[{\"@type\":\"ListItem\",\"position\":1,\"name\":\"Home\",\"item\":\"https:\/\/suomenkuvalehti.fi\/taivaan-tahden\/\"},{\"@type\":\"ListItem\",\"position\":2,\"name\":\"Kyll\u00e4, se kirkas \u201dt\u00e4hti\u201d on Venus\"}]},{\"@type\":\"WebSite\",\"@id\":\"https:\/\/suomenkuvalehti.fi\/taivaan-tahden\/#website\",\"url\":\"https:\/\/suomenkuvalehti.fi\/taivaan-tahden\/\",\"name\":\"Taivaan t\u00e4hden\",\"description\":\"Tiedetoimittaja Markus Hotakainen h\u00e4mm\u00e4stelee maailmankaikkeutta.\",\"potentialAction\":[{\"@type\":\"SearchAction\",\"target\":{\"@type\":\"EntryPoint\",\"urlTemplate\":\"https:\/\/suomenkuvalehti.fi\/haku\/?q={search_term_string}\"},\"query-input\":{\"@type\":\"PropertyValueSpecification\",\"valueRequired\":true,\"valueName\":\"search_term_string\"}}],\"inLanguage\":\"fi\"},{\"@type\":\"Person\",\"@id\":\"https:\/\/suomenkuvalehti.fi\/taivaan-tahden\/#\/schema\/person\/c9c1373acb19750e11084ef640abeae0\",\"name\":\"Markus Hotakainen\",\"image\":{\"@type\":\"ImageObject\",\"inLanguage\":\"fi\",\"@id\":\"https:\/\/suomenkuvalehti.fi\/taivaan-tahden\/#\/schema\/person\/image\/\",\"url\":\"https:\/\/suomenkuvalehti.fi\/taivaan-tahden\/wp-content\/uploads\/sites\/36\/2018\/05\/markus_hotakainen_blogi_pieni-150x150.jpg\",\"contentUrl\":\"https:\/\/suomenkuvalehti.fi\/taivaan-tahden\/wp-content\/uploads\/sites\/36\/2018\/05\/markus_hotakainen_blogi_pieni-150x150.jpg\",\"caption\":\"Markus Hotakainen\"},\"description\":\"Kirjoittaja on tiedetoimittaja ja tietokirjailija.\"}]}<\/script>\n<!-- \/ Yoast SEO plugin. -->","yoast_head_json":{"title":"Kyll\u00e4, se kirkas \u201dt\u00e4hti\u201d on Venus - Taivaan t\u00e4hden","robots":{"index":"index","follow":"follow","max-snippet":"max-snippet:-1","max-image-preview":"max-image-preview:large","max-video-preview":"max-video-preview:-1"},"canonical":"https:\/\/suomenkuvalehti.fi\/taivaan-tahden\/2018\/11\/21\/kylla-se-kirkas-tahti-on-venus\/","og_locale":"fi_FI","og_type":"article","og_title":"Kyll\u00e4, se kirkas \u201dt\u00e4hti\u201d on Venus - Taivaan t\u00e4hden","og_description":"Tuskin on selvitty punaisena kiiluvan Marsin aiheuttamasta h\u00e4mmennyksest\u00e4 \u2013 vaikka planeetta n\u00e4kyy edelleenkin iltataivaalla matalalla etel\u00e4n suunnalla \u2013 kun aamutoimia on ilmestynyt h\u00e4iritsem\u00e4\u00e4n kaakkoisella taivaalla loistava viel\u00e4 kirkkaampi \u201dt\u00e4hti\u201d. Useimpien arvaus on osunut oikeaan: se on V&hellip;","og_url":"https:\/\/suomenkuvalehti.fi\/taivaan-tahden\/2018\/11\/21\/kylla-se-kirkas-tahti-on-venus\/","og_site_name":"Taivaan t\u00e4hden","article_published_time":"2018-11-21T09:34:23+00:00","og_image":[{"width":1575,"height":1050,"url":"https:\/\/suomenkuvalehti.fi\/taivaan-tahden\/wp-content\/uploads\/sites\/36\/2018\/11\/venus_21112018_sk.jpeg","type":"image\/jpeg"}],"author":"Markus Hotakainen","twitter_card":"summary_large_image","twitter_misc":{"Written by":"Markus Hotakainen","Est. reading time":"2 minuuttia"},"schema":{"@context":"https:\/\/schema.org","@graph":[{"@type":"WebPage","@id":"https:\/\/suomenkuvalehti.fi\/taivaan-tahden\/2018\/11\/21\/kylla-se-kirkas-tahti-on-venus\/","url":"https:\/\/suomenkuvalehti.fi\/taivaan-tahden\/2018\/11\/21\/kylla-se-kirkas-tahti-on-venus\/","name":"Kyll\u00e4, se kirkas \u201dt\u00e4hti\u201d on Venus - Taivaan t\u00e4hden","isPartOf":{"@id":"https:\/\/suomenkuvalehti.fi\/taivaan-tahden\/#website"},"primaryImageOfPage":{"@id":"https:\/\/suomenkuvalehti.fi\/taivaan-tahden\/2018\/11\/21\/kylla-se-kirkas-tahti-on-venus\/#primaryimage"},"image":{"@id":"https:\/\/suomenkuvalehti.fi\/taivaan-tahden\/2018\/11\/21\/kylla-se-kirkas-tahti-on-venus\/#primaryimage"},"thumbnailUrl":"https:\/\/suomenkuvalehti.fi\/taivaan-tahden\/wp-content\/uploads\/sites\/36\/2018\/11\/venus_21112018_sk-1024x683.jpeg","datePublished":"2018-11-21T09:34:23+00:00","author":{"@id":"https:\/\/suomenkuvalehti.fi\/taivaan-tahden\/#\/schema\/person\/c9c1373acb19750e11084ef640abeae0"},"breadcrumb":{"@id":"https:\/\/suomenkuvalehti.fi\/taivaan-tahden\/2018\/11\/21\/kylla-se-kirkas-tahti-on-venus\/#breadcrumb"},"inLanguage":"fi","potentialAction":[{"@type":"ReadAction","target":["https:\/\/suomenkuvalehti.fi\/taivaan-tahden\/2018\/11\/21\/kylla-se-kirkas-tahti-on-venus\/"]}]},{"@type":"ImageObject","inLanguage":"fi","@id":"https:\/\/suomenkuvalehti.fi\/taivaan-tahden\/2018\/11\/21\/kylla-se-kirkas-tahti-on-venus\/#primaryimage","url":"https:\/\/suomenkuvalehti.fi\/taivaan-tahden\/wp-content\/uploads\/sites\/36\/2018\/11\/venus_21112018_sk.jpeg","contentUrl":"https:\/\/suomenkuvalehti.fi\/taivaan-tahden\/wp-content\/uploads\/sites\/36\/2018\/11\/venus_21112018_sk.jpeg","width":1575,"height":1050},{"@type":"BreadcrumbList","@id":"https:\/\/suomenkuvalehti.fi\/taivaan-tahden\/2018\/11\/21\/kylla-se-kirkas-tahti-on-venus\/#breadcrumb","itemListElement":[{"@type":"ListItem","position":1,"name":"Home","item":"https:\/\/suomenkuvalehti.fi\/taivaan-tahden\/"},{"@type":"ListItem","position":2,"name":"Kyll\u00e4, se kirkas \u201dt\u00e4hti\u201d on Venus"}]},{"@type":"WebSite","@id":"https:\/\/suomenkuvalehti.fi\/taivaan-tahden\/#website","url":"https:\/\/suomenkuvalehti.fi\/taivaan-tahden\/","name":"Taivaan t\u00e4hden","description":"Tiedetoimittaja Markus Hotakainen h\u00e4mm\u00e4stelee maailmankaikkeutta.","potentialAction":[{"@type":"SearchAction","target":{"@type":"EntryPoint","urlTemplate":"https:\/\/suomenkuvalehti.fi\/haku\/?q={search_term_string}"},"query-input":{"@type":"PropertyValueSpecification","valueRequired":true,"valueName":"search_term_string"}}],"inLanguage":"fi"},{"@type":"Person","@id":"https:\/\/suomenkuvalehti.fi\/taivaan-tahden\/#\/schema\/person\/c9c1373acb19750e11084ef640abeae0","name":"Markus Hotakainen","image":{"@type":"ImageObject","inLanguage":"fi","@id":"https:\/\/suomenkuvalehti.fi\/taivaan-tahden\/#\/schema\/person\/image\/","url":"https:\/\/suomenkuvalehti.fi\/taivaan-tahden\/wp-content\/uploads\/sites\/36\/2018\/05\/markus_hotakainen_blogi_pieni-150x150.jpg","contentUrl":"https:\/\/suomenkuvalehti.fi\/taivaan-tahden\/wp-content\/uploads\/sites\/36\/2018\/05\/markus_hotakainen_blogi_pieni-150x150.jpg","caption":"Markus Hotakainen"},"description":"Kirjoittaja on tiedetoimittaja ja tietokirjailija."}]}},"_links":{"self":[{"href":"https:\/\/suomenkuvalehti.fi\/taivaan-tahden\/wp-json\/wp\/v2\/posts\/1814","targetHints":{"allow":["GET"]}}],"collection":[{"href":"https:\/\/suomenkuvalehti.fi\/taivaan-tahden\/wp-json\/wp\/v2\/posts"}],"about":[{"href":"https:\/\/suomenkuvalehti.fi\/taivaan-tahden\/wp-json\/wp\/v2\/types\/post"}],"author":[{"embeddable":true,"href":"https:\/\/suomenkuvalehti.fi\/taivaan-tahden\/wp-json\/wp\/v2\/users\/557"}],"replies":[{"embeddable":true,"href":"https:\/\/suomenkuvalehti.fi\/taivaan-tahden\/wp-json\/wp\/v2\/comments?post=1814"}],"version-history":[{"count":3,"href":"https:\/\/suomenkuvalehti.fi\/taivaan-tahden\/wp-json\/wp\/v2\/posts\/1814\/revisions"}],"predecessor-version":[{"id":1818,"href":"https:\/\/suomenkuvalehti.fi\/taivaan-tahden\/wp-json\/wp\/v2\/posts\/1814\/revisions\/1818"}],"wp:attachment":[{"href":"https:\/\/suomenkuvalehti.fi\/taivaan-tahden\/wp-json\/wp\/v2\/media?parent=1814"}],"wp:term":[{"taxonomy":"category","embeddable":true,"href":"https:\/\/suomenkuvalehti.fi\/taivaan-tahden\/wp-json\/wp\/v2\/categories?post=1814"},{"taxonomy":"post_tag","embeddable":true,"href":"https:\/\/suomenkuvalehti.fi\/taivaan-tahden\/wp-json\/wp\/v2\/tags?post=1814"}],"curies":[{"name":"wp","href":"https:\/\/api.w.org\/{rel}","templated":true}]}}