{"id":1787,"date":"2018-10-23T10:43:12","date_gmt":"2018-10-23T07:43:12","guid":{"rendered":"https:\/\/suomenkuvalehti.fi\/taivaan-tahden\/?p=1787"},"modified":"2018-10-23T10:43:12","modified_gmt":"2018-10-23T07:43:12","slug":"kylla-se-punainen-tahti-on-mars","status":"publish","type":"post","link":"https:\/\/suomenkuvalehti.fi\/taivaan-tahden\/2018\/10\/23\/kylla-se-punainen-tahti-on-mars\/","title":{"rendered":"Kyll\u00e4, se punainen &#8221;t\u00e4hti&#8221; on Mars"},"content":{"rendered":"<figure class=\"aligncenter size-large is-resized wp-block-image\">\n  <div class=\"wp-block-image__inner-container\">\n    <a href=\"https:\/\/suomenkuvalehti.fi\/taivaan-tahden\/wp-content\/uploads\/sites\/36\/2018\/10\/mars_18072018.jpeg\"><img loading=\"lazy\" decoding=\"async\" src=\"https:\/\/suomenkuvalehti.fi\/taivaan-tahden\/wp-content\/uploads\/sites\/36\/2018\/10\/mars_18072018-1024x683.jpeg\" alt=\"\" class=\"wp-image-1788\" width=\"1024\" height=\"683\" style=\"--aspect-ratio: 1.5\" srcset=\"https:\/\/suomenkuvalehti.fi\/taivaan-tahden\/wp-content\/uploads\/sites\/36\/2018\/10\/mars_18072018-1024x683.jpeg 1024w, https:\/\/suomenkuvalehti.fi\/taivaan-tahden\/wp-content\/uploads\/sites\/36\/2018\/10\/mars_18072018-300x200.jpeg 300w, https:\/\/suomenkuvalehti.fi\/taivaan-tahden\/wp-content\/uploads\/sites\/36\/2018\/10\/mars_18072018-768x512.jpeg 768w, https:\/\/suomenkuvalehti.fi\/taivaan-tahden\/wp-content\/uploads\/sites\/36\/2018\/10\/mars_18072018-630x420.jpeg 630w, https:\/\/suomenkuvalehti.fi\/taivaan-tahden\/wp-content\/uploads\/sites\/36\/2018\/10\/mars_18072018.jpeg 1575w\" sizes=\"auto, (max-width: 1024px) 100vw, 1024px\" \/><\/a>    <figcaption class=\"wp-block-image__figcaption\">\n      Mars V\u00e4stanfj\u00e4rdin horisontissa hein\u00e4kuussa 2018. Kuva: Markus Hotakainen          <\/figcaption>\n      <\/div>\n<\/figure>\n\n\n<p><span class=\"capitalized\">Kun h\u00e4m\u00e4r\u00e4 laskeutuu<\/span> p\u00e4iv\u00e4 p\u00e4iv\u00e4lt\u00e4 aiemmin, matalalla loistava punertava \u201dt\u00e4hti\u201d on saattanut hyvinkin kiinnitt\u00e4\u00e4 monen iltakulkijan huomion.<\/p>\n\n\n\n<p>Mars, punainen planeettahan se siell\u00e4 kiiluu. T\u00e4ll\u00e4 hetkell\u00e4 sen kirkkaus on samaa luokkaa kuin taivaan kirkkaimpien t\u00e4htien, mutta loppukes\u00e4st\u00e4 se p\u00e4ihitti kaikki planeetatkin Venusta lukuun ottamatta.<\/p>\n\n\n\n<p>Naapuriplaneettamme oli oppositiossa eli taivaalla vastap\u00e4\u00e4t\u00e4 Aurinkoa 27. hein\u00e4kuuta. Silloin se n\u00e4kyi koko y\u00f6n, parhaiten puolilta\u00f6in, jolloin se oli korkeimmillaan etel\u00e4n suunnalla.<\/p>\n\n\n\n<p><span class=\"capitalized\">Hein\u00e4kuun lopulta<\/span> vier\u00e4ht\u00e4neiden liki kolmen kuukauden aikana Maan ja Marsin v\u00e4linen et\u00e4isyys on kasvanut hieman alle 58 miljoonasta kilometrist\u00e4 v\u00e4h\u00e4n yli 109 miljoonaan kilometriin. K\u00e4yt\u00e4nn\u00f6ss\u00e4 Maa j\u00e4tt\u00e4\u00e4 Marsin j\u00e4lkeens\u00e4, sill\u00e4 l\u00e4hemp\u00e4n\u00e4 Aurinkoa kiert\u00e4v\u00e4 maapallo ohittaa naapurinsa sis\u00e4kautta.<\/p>\n\n\n\n<p>L\u00e4hes tuplaantuneen v\u00e4limatkan my\u00f6t\u00e4 Mars on himmentynyt, mutta samalla se on hitaasti hivuttautunut iltapuolelle taivasta ja kiiluu etel\u00e4isen horisontin yl\u00e4puolella yh\u00e4 aikaisemmin.<\/p>\n\n\n\n<p>Viimeksi Mars on n\u00e4kynyt yht\u00e4 hyvin alkusyksyst\u00e4 2003. Silloin se oli oppositiossa enn\u00e4tyksellisen l\u00e4hell\u00e4 Maata, \u201dvain\u201d 55 758 118 kilometrin et\u00e4isyydell\u00e4. Edellisen kerran n\u00e4iden kahden planeetan v\u00e4limatka oli ollut yht\u00e4 pieni yli 60 000 vuotta sitten.<\/p>\n\n\n\n<p>Mars oli loppukes\u00e4st\u00e4 ja alkusyksyst\u00e4 2003 niin kirkas, ett\u00e4 monet erehtyiv\u00e4t pit\u00e4m\u00e4\u00e4n sit\u00e4 linkkimaston punaisena valona \u2013 kunnes huomasivat sen hetken tuijottelun aikana siirtyneen puiden tai muiden horisontissa olevien maamerkkien suhteen.<\/p>\n\n\n\n<p><span class=\"capitalized\">Oppositiossa Mars<\/span> n\u00e4kyy paitsi kirkkaimmillaan my\u00f6s suurimmillaan. Silmin se erottuu silloinkin vain valopisteen\u00e4, mutta jo pienell\u00e4 kaukoputkella pikkuruisen kiekon pinnalta voi hahmottaa tummia ja vaaleita alueita.<\/p>\n\n\n\n<blockquote class=\"wp-block-quote\"><p>Viime kes\u00e4n\u00e4 Marsissa riehui raju p\u00f6lymyrsky.<\/p><\/blockquote>\n\n\n\n<p>1800-luvun lopulla t\u00e4htitieteilij\u00e4t olivat n\u00e4kevin\u00e4\u00e4n Marsissa kanavien muodostaman verkoston, jota pidettiin merkkin\u00e4 teknisesti kehittyneest\u00e4 sivilisaatiosta.<\/p>\n\n\n\n<p>Kanavat osoittautuivat sittemmin n\u00e4k\u00f6harhaksi, mutta tummat ja vaaleat alueet ovat todellisia, planeetan pinnalla olevia tummempia ja vaaleampia alueita. Niiss\u00e4 tapahtuu hitaasti muutoksia, joiden syyn\u00e4 on tuulten mukana kulkeutuva p\u00f6ly.<\/p>\n\n\n\n<p>Aika ajoin p\u00f6ly\u00e4 leijailee planeetan harvassa kaasukeh\u00e4ss\u00e4 myrskyksi saakka. Viime kes\u00e4n\u00e4 Marsissa riehui niin raju p\u00f6lymyrsky, ett\u00e4 se kietoi koko planeetan punertavaan p\u00f6lypilveen.<\/p>\n\n\n\n<p>Silloin Marsista ei erottunut suurellakaan kaukoputkella k\u00e4yt\u00e4nn\u00f6ss\u00e4 mit\u00e4\u00e4n.<\/p>\n\n\n\n<p>&nbsp;<\/p>\n\n\n","protected":false},"excerpt":{"rendered":"<p>Kun h\u00e4m\u00e4r\u00e4 laskeutuu p\u00e4iv\u00e4 p\u00e4iv\u00e4lt\u00e4 aiemmin, matalalla loistava punertava \u201dt\u00e4hti\u201d on saattanut hyvinkin kiinnitt\u00e4\u00e4 monen iltakulkijan huomion. Mars, punainen planeettahan se siell\u00e4 kiiluu. T\u00e4ll\u00e4 hetkell\u00e4 sen kirkkaus on samaa luokkaa kuin taivaan kirkkaimpien<br \/>\nt\u00e4htien, mutta lop&hellip;<\/p>\n","protected":false},"author":557,"featured_media":0,"comment_status":"open","ping_status":"open","sticky":false,"template":"","format":"standard","meta":{"_acf_changed":false,"asauth_required_access_level":3,"asauth_cansharepaid":"true","om_header_attributes":[],"footnotes":"","om_featured_image_focal_point":[],"om_primary_tag":0,"om_contributors":[],"om_co_authors":[],"beyondwords_generate_audio":"","beyondwords_project_id":"","beyondwords_content_id":"","beyondwords_preview_token":"","beyondwords_player_content":"","beyondwords_player_style":"","beyondwords_language_code":"","beyondwords_language_id":"","beyondwords_title_voice_id":"","beyondwords_body_voice_id":"","beyondwords_summary_voice_id":"","beyondwords_error_message":"","beyondwords_disabled":"","beyondwords_delete_content":"","beyondwords_podcast_id":"","beyondwords_hash":"","publish_post_to_speechkit":"","speechkit_hash":"","speechkit_generate_audio":"","speechkit_project_id":"","speechkit_podcast_id":"","speechkit_error_message":"","speechkit_disabled":"","speechkit_access_key":"","speechkit_error":"","speechkit_info":"","speechkit_response":"","speechkit_retries":"","speechkit_status":"","speechkit_updated_at":"","_speechkit_link":"","_speechkit_text":""},"categories":[1],"tags":[32,227,640],"class_list":["post-1787","post","type-post","status-publish","format-standard","hentry","category-taivaan-tahden","tag-mars","tag-oppositio","tag-polymyrsky"],"om_views":null,"acf":{"tuuma_off":false,"tuuma_kysymys":"","tuuma_vastaus":""},"asauth":{"required_access_level":1,"share_token":"","is_paid":false},"yoast_head":"<!-- This site is optimized with the Yoast SEO plugin v26.4 - https:\/\/yoast.com\/wordpress\/plugins\/seo\/ -->\n<title>Kyll\u00e4, se punainen &quot;t\u00e4hti&quot; on Mars - Taivaan t\u00e4hden<\/title>\n<meta name=\"robots\" content=\"index, follow, max-snippet:-1, max-image-preview:large, max-video-preview:-1\" \/>\n<link rel=\"canonical\" href=\"https:\/\/suomenkuvalehti.fi\/taivaan-tahden\/2018\/10\/23\/kylla-se-punainen-tahti-on-mars\/\" \/>\n<meta property=\"og:locale\" content=\"fi_FI\" \/>\n<meta property=\"og:type\" content=\"article\" \/>\n<meta property=\"og:title\" content=\"Kyll\u00e4, se punainen &quot;t\u00e4hti&quot; on Mars - Taivaan t\u00e4hden\" \/>\n<meta property=\"og:description\" content=\"Kun h\u00e4m\u00e4r\u00e4 laskeutuu p\u00e4iv\u00e4 p\u00e4iv\u00e4lt\u00e4 aiemmin, matalalla loistava punertava \u201dt\u00e4hti\u201d on saattanut hyvinkin kiinnitt\u00e4\u00e4 monen iltakulkijan huomion. Mars, punainen planeettahan se siell\u00e4 kiiluu. T\u00e4ll\u00e4 hetkell\u00e4 sen kirkkaus on samaa luokkaa kuin taivaan kirkkaimpien t\u00e4htien, mutta lop&hellip;\" \/>\n<meta property=\"og:url\" content=\"https:\/\/suomenkuvalehti.fi\/taivaan-tahden\/2018\/10\/23\/kylla-se-punainen-tahti-on-mars\/\" \/>\n<meta property=\"og:site_name\" content=\"Taivaan t\u00e4hden\" \/>\n<meta property=\"article:published_time\" content=\"2018-10-23T07:43:12+00:00\" \/>\n<meta property=\"og:image\" content=\"https:\/\/suomenkuvalehti.fi\/taivaan-tahden\/wp-content\/uploads\/sites\/36\/2018\/10\/mars_18072018.jpeg\" \/>\n\t<meta property=\"og:image:width\" content=\"1575\" \/>\n\t<meta property=\"og:image:height\" content=\"1050\" \/>\n\t<meta property=\"og:image:type\" content=\"image\/jpeg\" \/>\n<meta name=\"author\" content=\"Markus Hotakainen\" \/>\n<meta name=\"twitter:card\" content=\"summary_large_image\" \/>\n<meta name=\"twitter:label1\" content=\"Written by\" \/>\n\t<meta name=\"twitter:data1\" content=\"Markus Hotakainen\" \/>\n\t<meta name=\"twitter:label2\" content=\"Est. reading time\" \/>\n\t<meta name=\"twitter:data2\" content=\"2 minuuttia\" \/>\n<script type=\"application\/ld+json\" class=\"yoast-schema-graph\">{\"@context\":\"https:\/\/schema.org\",\"@graph\":[{\"@type\":\"WebPage\",\"@id\":\"https:\/\/suomenkuvalehti.fi\/taivaan-tahden\/2018\/10\/23\/kylla-se-punainen-tahti-on-mars\/\",\"url\":\"https:\/\/suomenkuvalehti.fi\/taivaan-tahden\/2018\/10\/23\/kylla-se-punainen-tahti-on-mars\/\",\"name\":\"Kyll\u00e4, se punainen \\\"t\u00e4hti\\\" on Mars - Taivaan t\u00e4hden\",\"isPartOf\":{\"@id\":\"https:\/\/suomenkuvalehti.fi\/taivaan-tahden\/#website\"},\"primaryImageOfPage\":{\"@id\":\"https:\/\/suomenkuvalehti.fi\/taivaan-tahden\/2018\/10\/23\/kylla-se-punainen-tahti-on-mars\/#primaryimage\"},\"image\":{\"@id\":\"https:\/\/suomenkuvalehti.fi\/taivaan-tahden\/2018\/10\/23\/kylla-se-punainen-tahti-on-mars\/#primaryimage\"},\"thumbnailUrl\":\"https:\/\/suomenkuvalehti.fi\/taivaan-tahden\/wp-content\/uploads\/sites\/36\/2018\/10\/mars_18072018-1024x683.jpeg\",\"datePublished\":\"2018-10-23T07:43:12+00:00\",\"author\":{\"@id\":\"https:\/\/suomenkuvalehti.fi\/taivaan-tahden\/#\/schema\/person\/c9c1373acb19750e11084ef640abeae0\"},\"breadcrumb\":{\"@id\":\"https:\/\/suomenkuvalehti.fi\/taivaan-tahden\/2018\/10\/23\/kylla-se-punainen-tahti-on-mars\/#breadcrumb\"},\"inLanguage\":\"fi\",\"potentialAction\":[{\"@type\":\"ReadAction\",\"target\":[\"https:\/\/suomenkuvalehti.fi\/taivaan-tahden\/2018\/10\/23\/kylla-se-punainen-tahti-on-mars\/\"]}]},{\"@type\":\"ImageObject\",\"inLanguage\":\"fi\",\"@id\":\"https:\/\/suomenkuvalehti.fi\/taivaan-tahden\/2018\/10\/23\/kylla-se-punainen-tahti-on-mars\/#primaryimage\",\"url\":\"https:\/\/suomenkuvalehti.fi\/taivaan-tahden\/wp-content\/uploads\/sites\/36\/2018\/10\/mars_18072018.jpeg\",\"contentUrl\":\"https:\/\/suomenkuvalehti.fi\/taivaan-tahden\/wp-content\/uploads\/sites\/36\/2018\/10\/mars_18072018.jpeg\",\"width\":1575,\"height\":1050},{\"@type\":\"BreadcrumbList\",\"@id\":\"https:\/\/suomenkuvalehti.fi\/taivaan-tahden\/2018\/10\/23\/kylla-se-punainen-tahti-on-mars\/#breadcrumb\",\"itemListElement\":[{\"@type\":\"ListItem\",\"position\":1,\"name\":\"Home\",\"item\":\"https:\/\/suomenkuvalehti.fi\/taivaan-tahden\/\"},{\"@type\":\"ListItem\",\"position\":2,\"name\":\"Kyll\u00e4, se punainen &#8221;t\u00e4hti&#8221; on Mars\"}]},{\"@type\":\"WebSite\",\"@id\":\"https:\/\/suomenkuvalehti.fi\/taivaan-tahden\/#website\",\"url\":\"https:\/\/suomenkuvalehti.fi\/taivaan-tahden\/\",\"name\":\"Taivaan t\u00e4hden\",\"description\":\"Tiedetoimittaja Markus Hotakainen h\u00e4mm\u00e4stelee maailmankaikkeutta.\",\"potentialAction\":[{\"@type\":\"SearchAction\",\"target\":{\"@type\":\"EntryPoint\",\"urlTemplate\":\"https:\/\/suomenkuvalehti.fi\/haku\/?q={search_term_string}\"},\"query-input\":{\"@type\":\"PropertyValueSpecification\",\"valueRequired\":true,\"valueName\":\"search_term_string\"}}],\"inLanguage\":\"fi\"},{\"@type\":\"Person\",\"@id\":\"https:\/\/suomenkuvalehti.fi\/taivaan-tahden\/#\/schema\/person\/c9c1373acb19750e11084ef640abeae0\",\"name\":\"Markus Hotakainen\",\"image\":{\"@type\":\"ImageObject\",\"inLanguage\":\"fi\",\"@id\":\"https:\/\/suomenkuvalehti.fi\/taivaan-tahden\/#\/schema\/person\/image\/\",\"url\":\"https:\/\/suomenkuvalehti.fi\/taivaan-tahden\/wp-content\/uploads\/sites\/36\/2018\/05\/markus_hotakainen_blogi_pieni-150x150.jpg\",\"contentUrl\":\"https:\/\/suomenkuvalehti.fi\/taivaan-tahden\/wp-content\/uploads\/sites\/36\/2018\/05\/markus_hotakainen_blogi_pieni-150x150.jpg\",\"caption\":\"Markus Hotakainen\"},\"description\":\"Kirjoittaja on tiedetoimittaja ja tietokirjailija.\"}]}<\/script>\n<!-- \/ Yoast SEO plugin. -->","yoast_head_json":{"title":"Kyll\u00e4, se punainen \"t\u00e4hti\" on Mars - Taivaan t\u00e4hden","robots":{"index":"index","follow":"follow","max-snippet":"max-snippet:-1","max-image-preview":"max-image-preview:large","max-video-preview":"max-video-preview:-1"},"canonical":"https:\/\/suomenkuvalehti.fi\/taivaan-tahden\/2018\/10\/23\/kylla-se-punainen-tahti-on-mars\/","og_locale":"fi_FI","og_type":"article","og_title":"Kyll\u00e4, se punainen \"t\u00e4hti\" on Mars - Taivaan t\u00e4hden","og_description":"Kun h\u00e4m\u00e4r\u00e4 laskeutuu p\u00e4iv\u00e4 p\u00e4iv\u00e4lt\u00e4 aiemmin, matalalla loistava punertava \u201dt\u00e4hti\u201d on saattanut hyvinkin kiinnitt\u00e4\u00e4 monen iltakulkijan huomion. Mars, punainen planeettahan se siell\u00e4 kiiluu. T\u00e4ll\u00e4 hetkell\u00e4 sen kirkkaus on samaa luokkaa kuin taivaan kirkkaimpien t\u00e4htien, mutta lop&hellip;","og_url":"https:\/\/suomenkuvalehti.fi\/taivaan-tahden\/2018\/10\/23\/kylla-se-punainen-tahti-on-mars\/","og_site_name":"Taivaan t\u00e4hden","article_published_time":"2018-10-23T07:43:12+00:00","og_image":[{"width":1575,"height":1050,"url":"https:\/\/suomenkuvalehti.fi\/taivaan-tahden\/wp-content\/uploads\/sites\/36\/2018\/10\/mars_18072018.jpeg","type":"image\/jpeg"}],"author":"Markus Hotakainen","twitter_card":"summary_large_image","twitter_misc":{"Written by":"Markus Hotakainen","Est. reading time":"2 minuuttia"},"schema":{"@context":"https:\/\/schema.org","@graph":[{"@type":"WebPage","@id":"https:\/\/suomenkuvalehti.fi\/taivaan-tahden\/2018\/10\/23\/kylla-se-punainen-tahti-on-mars\/","url":"https:\/\/suomenkuvalehti.fi\/taivaan-tahden\/2018\/10\/23\/kylla-se-punainen-tahti-on-mars\/","name":"Kyll\u00e4, se punainen \"t\u00e4hti\" on Mars - Taivaan t\u00e4hden","isPartOf":{"@id":"https:\/\/suomenkuvalehti.fi\/taivaan-tahden\/#website"},"primaryImageOfPage":{"@id":"https:\/\/suomenkuvalehti.fi\/taivaan-tahden\/2018\/10\/23\/kylla-se-punainen-tahti-on-mars\/#primaryimage"},"image":{"@id":"https:\/\/suomenkuvalehti.fi\/taivaan-tahden\/2018\/10\/23\/kylla-se-punainen-tahti-on-mars\/#primaryimage"},"thumbnailUrl":"https:\/\/suomenkuvalehti.fi\/taivaan-tahden\/wp-content\/uploads\/sites\/36\/2018\/10\/mars_18072018-1024x683.jpeg","datePublished":"2018-10-23T07:43:12+00:00","author":{"@id":"https:\/\/suomenkuvalehti.fi\/taivaan-tahden\/#\/schema\/person\/c9c1373acb19750e11084ef640abeae0"},"breadcrumb":{"@id":"https:\/\/suomenkuvalehti.fi\/taivaan-tahden\/2018\/10\/23\/kylla-se-punainen-tahti-on-mars\/#breadcrumb"},"inLanguage":"fi","potentialAction":[{"@type":"ReadAction","target":["https:\/\/suomenkuvalehti.fi\/taivaan-tahden\/2018\/10\/23\/kylla-se-punainen-tahti-on-mars\/"]}]},{"@type":"ImageObject","inLanguage":"fi","@id":"https:\/\/suomenkuvalehti.fi\/taivaan-tahden\/2018\/10\/23\/kylla-se-punainen-tahti-on-mars\/#primaryimage","url":"https:\/\/suomenkuvalehti.fi\/taivaan-tahden\/wp-content\/uploads\/sites\/36\/2018\/10\/mars_18072018.jpeg","contentUrl":"https:\/\/suomenkuvalehti.fi\/taivaan-tahden\/wp-content\/uploads\/sites\/36\/2018\/10\/mars_18072018.jpeg","width":1575,"height":1050},{"@type":"BreadcrumbList","@id":"https:\/\/suomenkuvalehti.fi\/taivaan-tahden\/2018\/10\/23\/kylla-se-punainen-tahti-on-mars\/#breadcrumb","itemListElement":[{"@type":"ListItem","position":1,"name":"Home","item":"https:\/\/suomenkuvalehti.fi\/taivaan-tahden\/"},{"@type":"ListItem","position":2,"name":"Kyll\u00e4, se punainen &#8221;t\u00e4hti&#8221; on Mars"}]},{"@type":"WebSite","@id":"https:\/\/suomenkuvalehti.fi\/taivaan-tahden\/#website","url":"https:\/\/suomenkuvalehti.fi\/taivaan-tahden\/","name":"Taivaan t\u00e4hden","description":"Tiedetoimittaja Markus Hotakainen h\u00e4mm\u00e4stelee maailmankaikkeutta.","potentialAction":[{"@type":"SearchAction","target":{"@type":"EntryPoint","urlTemplate":"https:\/\/suomenkuvalehti.fi\/haku\/?q={search_term_string}"},"query-input":{"@type":"PropertyValueSpecification","valueRequired":true,"valueName":"search_term_string"}}],"inLanguage":"fi"},{"@type":"Person","@id":"https:\/\/suomenkuvalehti.fi\/taivaan-tahden\/#\/schema\/person\/c9c1373acb19750e11084ef640abeae0","name":"Markus Hotakainen","image":{"@type":"ImageObject","inLanguage":"fi","@id":"https:\/\/suomenkuvalehti.fi\/taivaan-tahden\/#\/schema\/person\/image\/","url":"https:\/\/suomenkuvalehti.fi\/taivaan-tahden\/wp-content\/uploads\/sites\/36\/2018\/05\/markus_hotakainen_blogi_pieni-150x150.jpg","contentUrl":"https:\/\/suomenkuvalehti.fi\/taivaan-tahden\/wp-content\/uploads\/sites\/36\/2018\/05\/markus_hotakainen_blogi_pieni-150x150.jpg","caption":"Markus Hotakainen"},"description":"Kirjoittaja on tiedetoimittaja ja tietokirjailija."}]}},"_links":{"self":[{"href":"https:\/\/suomenkuvalehti.fi\/taivaan-tahden\/wp-json\/wp\/v2\/posts\/1787","targetHints":{"allow":["GET"]}}],"collection":[{"href":"https:\/\/suomenkuvalehti.fi\/taivaan-tahden\/wp-json\/wp\/v2\/posts"}],"about":[{"href":"https:\/\/suomenkuvalehti.fi\/taivaan-tahden\/wp-json\/wp\/v2\/types\/post"}],"author":[{"embeddable":true,"href":"https:\/\/suomenkuvalehti.fi\/taivaan-tahden\/wp-json\/wp\/v2\/users\/557"}],"replies":[{"embeddable":true,"href":"https:\/\/suomenkuvalehti.fi\/taivaan-tahden\/wp-json\/wp\/v2\/comments?post=1787"}],"version-history":[{"count":4,"href":"https:\/\/suomenkuvalehti.fi\/taivaan-tahden\/wp-json\/wp\/v2\/posts\/1787\/revisions"}],"predecessor-version":[{"id":1792,"href":"https:\/\/suomenkuvalehti.fi\/taivaan-tahden\/wp-json\/wp\/v2\/posts\/1787\/revisions\/1792"}],"wp:attachment":[{"href":"https:\/\/suomenkuvalehti.fi\/taivaan-tahden\/wp-json\/wp\/v2\/media?parent=1787"}],"wp:term":[{"taxonomy":"category","embeddable":true,"href":"https:\/\/suomenkuvalehti.fi\/taivaan-tahden\/wp-json\/wp\/v2\/categories?post=1787"},{"taxonomy":"post_tag","embeddable":true,"href":"https:\/\/suomenkuvalehti.fi\/taivaan-tahden\/wp-json\/wp\/v2\/tags?post=1787"}],"curies":[{"name":"wp","href":"https:\/\/api.w.org\/{rel}","templated":true}]}}