{"id":1765,"date":"2018-10-06T10:21:46","date_gmt":"2018-10-06T07:21:46","guid":{"rendered":"https:\/\/suomenkuvalehti.fi\/taivaan-tahden\/?p=1765"},"modified":"2018-10-06T10:21:46","modified_gmt":"2018-10-06T07:21:46","slug":"mitahan-andromedalaisille-kuuluu","status":"publish","type":"post","link":"https:\/\/suomenkuvalehti.fi\/taivaan-tahden\/2018\/10\/06\/mitahan-andromedalaisille-kuuluu\/","title":{"rendered":"Mit\u00e4h\u00e4n andromedalaisille kuuluu?"},"content":{"rendered":"<figure class=\"aligncenter size-large is-resized wp-block-image\">\n  <div class=\"wp-block-image__inner-container\">\n    <a href=\"https:\/\/suomenkuvalehti.fi\/taivaan-tahden\/wp-content\/uploads\/sites\/36\/2018\/10\/m31_puuntakaa.jpg\"><img loading=\"lazy\" decoding=\"async\" src=\"https:\/\/suomenkuvalehti.fi\/taivaan-tahden\/wp-content\/uploads\/sites\/36\/2018\/10\/m31_puuntakaa-1024x807.jpg\" alt=\"\" class=\"wp-image-1766\" width=\"1024\" height=\"807\" style=\"--aspect-ratio: 1.27\" srcset=\"https:\/\/suomenkuvalehti.fi\/taivaan-tahden\/wp-content\/uploads\/sites\/36\/2018\/10\/m31_puuntakaa-1024x807.jpg 1024w, https:\/\/suomenkuvalehti.fi\/taivaan-tahden\/wp-content\/uploads\/sites\/36\/2018\/10\/m31_puuntakaa-300x236.jpg 300w, https:\/\/suomenkuvalehti.fi\/taivaan-tahden\/wp-content\/uploads\/sites\/36\/2018\/10\/m31_puuntakaa-768x605.jpg 768w, https:\/\/suomenkuvalehti.fi\/taivaan-tahden\/wp-content\/uploads\/sites\/36\/2018\/10\/m31_puuntakaa-630x496.jpg 630w, https:\/\/suomenkuvalehti.fi\/taivaan-tahden\/wp-content\/uploads\/sites\/36\/2018\/10\/m31_puuntakaa.jpg 2048w\" sizes=\"auto, (max-width: 1024px) 100vw, 1024px\" \/><\/a>    <figcaption class=\"wp-block-image__figcaption\">\n      Andromedan galaksi n\u00e4kyy paljain silmin \u00f6isell\u00e4 taivaalla. Kuva: Markus Hotakainen          <\/figcaption>\n      <\/div>\n<\/figure>\n\n\n<p><span class=\"capitalized\">Avaruuden \u00e4ly\u00e4<\/span> on etsitty aktiivisesti vuodesta 1960 l\u00e4htien, joskin <strong>Nikola Tesla<\/strong> v\u00e4itti jo vuonna 1899 vastaanottaneensa signaaleja Marsista.<\/p>\n\n\n\n<p>Radioteleskoopit ovat \u201dkuunnelleet\u201d kosmoksen kuisketta ahkerasti, mutta maailmankaikkeus on kovin hiljainen. Tottahan erilaiset taivaankappaleet l\u00e4hett\u00e4v\u00e4t radios\u00e4teily\u00e4, mutta viestej\u00e4 muilta olennoilta ei ole tullut.<\/p>\n\n\n\n<p>Ehk\u00e4 olemme kuunnelleet koko ajan v\u00e4\u00e4r\u00e4ll\u00e4 tavalla: teleskoopit on viritetty v\u00e4\u00e4r\u00e4lle kanavalle.<\/p>\n\n\n\n<p>Kenties alienit viestiv\u00e4tkin valolla. Kuulostaa kaukaa haetulta, kun ottaa huomioon t\u00e4htienv\u00e4lisen aineen vaikutuksen n\u00e4kyv\u00e4n valon aallonpituuksiin. Emme esimerkiksi n\u00e4e Linnunradan keskusalueita ollenkaan, koska siin\u00e4 suunnassa on tiheit\u00e4 kaasu- ja p\u00f6lypilvi\u00e4.<\/p>\n\n\n\n<p><span class=\"capitalized\">Se ei est\u00e4 tutkijoita<\/span> yritt\u00e4m\u00e4st\u00e4 kuuntelun sijasta katsella mahdollisia vieraita viestej\u00e4. Kalifornian yliopistossa on k\u00e4ynniss\u00e4 Trillion Planet Survey eli \u201dtriljoonan planeetan kartoitus\u201d.<\/p>\n\n\n\n<p>Tutkimuskohteena on kosminen naapurimme Andromedan galaksi, jossa on noin triljoona t\u00e4hte\u00e4 ja mahdollisesti yht\u00e4 monta planeettaa.<\/p>\n\n\n\n<p>Projektissa otetaan Andromedan galaksista tarkkoja valokuvia ja eri aikoina napattuja otoksia vertaillaan kesken\u00e4\u00e4n. Jos kuvien v\u00e4lill\u00e4 on eroja \u2013 toisessa n\u00e4kyy pieni valopiste, jota toisessa ei n\u00e4y \u2013 kyse saattaa olla galaksienv\u00e4lisest\u00e4 viestist\u00e4.<\/p>\n\n\n\n<p><span class=\"capitalized\">Tai sitten ei.<\/span> T\u00e4htien kirkkaudet muuttuvat luonnostaankin, omassa kotigalaksissamme Linnunradassa saattaa pilkahtaa jokin v\u00e4h\u00e4inen valo juuri Andromedan galaksin suunnassa tai oman Aurinkokuntamme asteroidi on sattumoisin kulkenut Maasta katsottuna naapurimme editse.<\/p>\n\n\n\n<p>N\u00e4m\u00e4 kaikki virheilmoitukset pyrit\u00e4\u00e4n eliminoimaan, jotta todelliset viestit erottuisivat kohinasta.<\/p>\n\n\n\n<blockquote class=\"wp-block-quote\"><p>Sivilisaatio on saattanut tulla tiens\u00e4 p\u00e4\u00e4h\u00e4n jo aikoja sitten.<\/p><\/blockquote>\n\n\n\n<p>Ent\u00e4 jos toisesta galaksista tuleva tarkoituksellinen valosignaali l\u00f6ytyy?<\/p>\n\n\n\n<p>Se olisi mullistava uutinen, sill\u00e4 vihdoin selvi\u00e4isi, ettemme ole maailmankaikkeudessa yksin.<\/p>\n\n\n\n<p><span class=\"capitalized\">Yksin\u00e4isi\u00e4<\/span> me olisimme hartaasti odotetun l\u00f6yd\u00f6n j\u00e4lkeenkin, sill\u00e4 viesti olisi ollut matkalla 2 500 000 vuotta. Sen l\u00e4hett\u00e4nyt sivilisaatio on saattanut tulla tiens\u00e4 p\u00e4\u00e4h\u00e4n jo aikoja sitten.<\/p>\n\n\n\n<p>Voi tietysti olla, ett\u00e4 kaukaiset olennot ovat onnistuneet pysyttelem\u00e4\u00e4n hengiss\u00e4 ja kehittyneet teknisesti niin pitk\u00e4lle, ett\u00e4 kohta ne ovat t\u00e4\u00e4ll\u00e4\u2026<\/p>\n\n\n","protected":false},"excerpt":{"rendered":"<p>Avaruuden \u00e4ly\u00e4 on etsitty aktiivisesti vuodesta 1960 l\u00e4htien, joskin Nikola Tesla v\u00e4itti jo vuonna 1899 vastaanottaneensa signaaleja Marsista. Radioteleskoopit ovat \u201dkuunnelleet\u201d kosmoksen kuisketta ahkerasti, mutta maailmankaikkeus on kovin hiljainen. Tottahan erilaiset taivaankappaleet<br \/>\nl\u00e4hett\u00e4&hellip;<\/p>\n","protected":false},"author":557,"featured_media":0,"comment_status":"open","ping_status":"open","sticky":false,"template":"","format":"standard","meta":{"_acf_changed":false,"asauth_required_access_level":3,"asauth_cansharepaid":"true","om_header_attributes":[],"footnotes":"","om_featured_image_focal_point":[],"om_primary_tag":0,"om_contributors":[],"om_co_authors":[],"beyondwords_generate_audio":"","beyondwords_project_id":"","beyondwords_content_id":"","beyondwords_preview_token":"","beyondwords_player_content":"","beyondwords_player_style":"","beyondwords_language_code":"","beyondwords_language_id":"","beyondwords_title_voice_id":"","beyondwords_body_voice_id":"","beyondwords_summary_voice_id":"","beyondwords_error_message":"","beyondwords_disabled":"","beyondwords_delete_content":"","beyondwords_podcast_id":"","beyondwords_hash":"","publish_post_to_speechkit":"","speechkit_hash":"","speechkit_generate_audio":"","speechkit_project_id":"","speechkit_podcast_id":"","speechkit_error_message":"","speechkit_disabled":"","speechkit_access_key":"","speechkit_error":"","speechkit_info":"","speechkit_response":"","speechkit_retries":"","speechkit_status":"","speechkit_updated_at":"","_speechkit_link":"","_speechkit_text":""},"categories":[1],"tags":[693,89,435,692],"class_list":["post-1765","post","type-post","status-publish","format-standard","hentry","category-taivaan-tahden","tag-andromedan-galaksi","tag-avaruuden-aly","tag-linnunrata","tag-nikola-tesla"],"om_views":null,"acf":{"tuuma_off":false,"tuuma_kysymys":"","tuuma_vastaus":""},"asauth":{"required_access_level":1,"share_token":"","is_paid":false},"yoast_head":"<!-- This site is optimized with the Yoast SEO plugin v26.4 - https:\/\/yoast.com\/wordpress\/plugins\/seo\/ -->\n<title>Mit\u00e4h\u00e4n andromedalaisille kuuluu? - Taivaan t\u00e4hden<\/title>\n<meta name=\"robots\" content=\"index, follow, max-snippet:-1, max-image-preview:large, max-video-preview:-1\" \/>\n<link rel=\"canonical\" href=\"https:\/\/suomenkuvalehti.fi\/taivaan-tahden\/2018\/10\/06\/mitahan-andromedalaisille-kuuluu\/\" \/>\n<meta property=\"og:locale\" content=\"fi_FI\" \/>\n<meta property=\"og:type\" content=\"article\" \/>\n<meta property=\"og:title\" content=\"Mit\u00e4h\u00e4n andromedalaisille kuuluu? - Taivaan t\u00e4hden\" \/>\n<meta property=\"og:description\" content=\"Avaruuden \u00e4ly\u00e4 on etsitty aktiivisesti vuodesta 1960 l\u00e4htien, joskin Nikola Tesla v\u00e4itti jo vuonna 1899 vastaanottaneensa signaaleja Marsista. Radioteleskoopit ovat \u201dkuunnelleet\u201d kosmoksen kuisketta ahkerasti, mutta maailmankaikkeus on kovin hiljainen. Tottahan erilaiset taivaankappaleet l\u00e4hett\u00e4&hellip;\" \/>\n<meta property=\"og:url\" content=\"https:\/\/suomenkuvalehti.fi\/taivaan-tahden\/2018\/10\/06\/mitahan-andromedalaisille-kuuluu\/\" \/>\n<meta property=\"og:site_name\" content=\"Taivaan t\u00e4hden\" \/>\n<meta property=\"article:published_time\" content=\"2018-10-06T07:21:46+00:00\" \/>\n<meta property=\"og:image\" content=\"https:\/\/suomenkuvalehti.fi\/taivaan-tahden\/wp-content\/uploads\/sites\/36\/2018\/10\/m31_puuntakaa.jpg\" \/>\n\t<meta property=\"og:image:width\" content=\"2048\" \/>\n\t<meta property=\"og:image:height\" content=\"1613\" \/>\n\t<meta property=\"og:image:type\" content=\"image\/jpeg\" \/>\n<meta name=\"author\" content=\"Markus Hotakainen\" \/>\n<meta name=\"twitter:card\" content=\"summary_large_image\" \/>\n<meta name=\"twitter:label1\" content=\"Written by\" \/>\n\t<meta name=\"twitter:data1\" content=\"Markus Hotakainen\" \/>\n\t<meta name=\"twitter:label2\" content=\"Est. reading time\" \/>\n\t<meta name=\"twitter:data2\" content=\"2 minuuttia\" \/>\n<script type=\"application\/ld+json\" class=\"yoast-schema-graph\">{\"@context\":\"https:\/\/schema.org\",\"@graph\":[{\"@type\":\"WebPage\",\"@id\":\"https:\/\/suomenkuvalehti.fi\/taivaan-tahden\/2018\/10\/06\/mitahan-andromedalaisille-kuuluu\/\",\"url\":\"https:\/\/suomenkuvalehti.fi\/taivaan-tahden\/2018\/10\/06\/mitahan-andromedalaisille-kuuluu\/\",\"name\":\"Mit\u00e4h\u00e4n andromedalaisille kuuluu? - Taivaan t\u00e4hden\",\"isPartOf\":{\"@id\":\"https:\/\/suomenkuvalehti.fi\/taivaan-tahden\/#website\"},\"primaryImageOfPage\":{\"@id\":\"https:\/\/suomenkuvalehti.fi\/taivaan-tahden\/2018\/10\/06\/mitahan-andromedalaisille-kuuluu\/#primaryimage\"},\"image\":{\"@id\":\"https:\/\/suomenkuvalehti.fi\/taivaan-tahden\/2018\/10\/06\/mitahan-andromedalaisille-kuuluu\/#primaryimage\"},\"thumbnailUrl\":\"https:\/\/suomenkuvalehti.fi\/taivaan-tahden\/wp-content\/uploads\/sites\/36\/2018\/10\/m31_puuntakaa-1024x807.jpg\",\"datePublished\":\"2018-10-06T07:21:46+00:00\",\"author\":{\"@id\":\"https:\/\/suomenkuvalehti.fi\/taivaan-tahden\/#\/schema\/person\/c9c1373acb19750e11084ef640abeae0\"},\"breadcrumb\":{\"@id\":\"https:\/\/suomenkuvalehti.fi\/taivaan-tahden\/2018\/10\/06\/mitahan-andromedalaisille-kuuluu\/#breadcrumb\"},\"inLanguage\":\"fi\",\"potentialAction\":[{\"@type\":\"ReadAction\",\"target\":[\"https:\/\/suomenkuvalehti.fi\/taivaan-tahden\/2018\/10\/06\/mitahan-andromedalaisille-kuuluu\/\"]}]},{\"@type\":\"ImageObject\",\"inLanguage\":\"fi\",\"@id\":\"https:\/\/suomenkuvalehti.fi\/taivaan-tahden\/2018\/10\/06\/mitahan-andromedalaisille-kuuluu\/#primaryimage\",\"url\":\"https:\/\/suomenkuvalehti.fi\/taivaan-tahden\/wp-content\/uploads\/sites\/36\/2018\/10\/m31_puuntakaa.jpg\",\"contentUrl\":\"https:\/\/suomenkuvalehti.fi\/taivaan-tahden\/wp-content\/uploads\/sites\/36\/2018\/10\/m31_puuntakaa.jpg\",\"width\":2048,\"height\":1613},{\"@type\":\"BreadcrumbList\",\"@id\":\"https:\/\/suomenkuvalehti.fi\/taivaan-tahden\/2018\/10\/06\/mitahan-andromedalaisille-kuuluu\/#breadcrumb\",\"itemListElement\":[{\"@type\":\"ListItem\",\"position\":1,\"name\":\"Home\",\"item\":\"https:\/\/suomenkuvalehti.fi\/taivaan-tahden\/\"},{\"@type\":\"ListItem\",\"position\":2,\"name\":\"Mit\u00e4h\u00e4n andromedalaisille kuuluu?\"}]},{\"@type\":\"WebSite\",\"@id\":\"https:\/\/suomenkuvalehti.fi\/taivaan-tahden\/#website\",\"url\":\"https:\/\/suomenkuvalehti.fi\/taivaan-tahden\/\",\"name\":\"Taivaan t\u00e4hden\",\"description\":\"Tiedetoimittaja Markus Hotakainen h\u00e4mm\u00e4stelee maailmankaikkeutta.\",\"potentialAction\":[{\"@type\":\"SearchAction\",\"target\":{\"@type\":\"EntryPoint\",\"urlTemplate\":\"https:\/\/suomenkuvalehti.fi\/haku\/?q={search_term_string}\"},\"query-input\":{\"@type\":\"PropertyValueSpecification\",\"valueRequired\":true,\"valueName\":\"search_term_string\"}}],\"inLanguage\":\"fi\"},{\"@type\":\"Person\",\"@id\":\"https:\/\/suomenkuvalehti.fi\/taivaan-tahden\/#\/schema\/person\/c9c1373acb19750e11084ef640abeae0\",\"name\":\"Markus Hotakainen\",\"image\":{\"@type\":\"ImageObject\",\"inLanguage\":\"fi\",\"@id\":\"https:\/\/suomenkuvalehti.fi\/taivaan-tahden\/#\/schema\/person\/image\/\",\"url\":\"https:\/\/suomenkuvalehti.fi\/taivaan-tahden\/wp-content\/uploads\/sites\/36\/2018\/05\/markus_hotakainen_blogi_pieni-150x150.jpg\",\"contentUrl\":\"https:\/\/suomenkuvalehti.fi\/taivaan-tahden\/wp-content\/uploads\/sites\/36\/2018\/05\/markus_hotakainen_blogi_pieni-150x150.jpg\",\"caption\":\"Markus Hotakainen\"},\"description\":\"Kirjoittaja on tiedetoimittaja ja tietokirjailija.\"}]}<\/script>\n<!-- \/ Yoast SEO plugin. -->","yoast_head_json":{"title":"Mit\u00e4h\u00e4n andromedalaisille kuuluu? - Taivaan t\u00e4hden","robots":{"index":"index","follow":"follow","max-snippet":"max-snippet:-1","max-image-preview":"max-image-preview:large","max-video-preview":"max-video-preview:-1"},"canonical":"https:\/\/suomenkuvalehti.fi\/taivaan-tahden\/2018\/10\/06\/mitahan-andromedalaisille-kuuluu\/","og_locale":"fi_FI","og_type":"article","og_title":"Mit\u00e4h\u00e4n andromedalaisille kuuluu? - Taivaan t\u00e4hden","og_description":"Avaruuden \u00e4ly\u00e4 on etsitty aktiivisesti vuodesta 1960 l\u00e4htien, joskin Nikola Tesla v\u00e4itti jo vuonna 1899 vastaanottaneensa signaaleja Marsista. Radioteleskoopit ovat \u201dkuunnelleet\u201d kosmoksen kuisketta ahkerasti, mutta maailmankaikkeus on kovin hiljainen. Tottahan erilaiset taivaankappaleet l\u00e4hett\u00e4&hellip;","og_url":"https:\/\/suomenkuvalehti.fi\/taivaan-tahden\/2018\/10\/06\/mitahan-andromedalaisille-kuuluu\/","og_site_name":"Taivaan t\u00e4hden","article_published_time":"2018-10-06T07:21:46+00:00","og_image":[{"width":2048,"height":1613,"url":"https:\/\/suomenkuvalehti.fi\/taivaan-tahden\/wp-content\/uploads\/sites\/36\/2018\/10\/m31_puuntakaa.jpg","type":"image\/jpeg"}],"author":"Markus Hotakainen","twitter_card":"summary_large_image","twitter_misc":{"Written by":"Markus Hotakainen","Est. reading time":"2 minuuttia"},"schema":{"@context":"https:\/\/schema.org","@graph":[{"@type":"WebPage","@id":"https:\/\/suomenkuvalehti.fi\/taivaan-tahden\/2018\/10\/06\/mitahan-andromedalaisille-kuuluu\/","url":"https:\/\/suomenkuvalehti.fi\/taivaan-tahden\/2018\/10\/06\/mitahan-andromedalaisille-kuuluu\/","name":"Mit\u00e4h\u00e4n andromedalaisille kuuluu? - Taivaan t\u00e4hden","isPartOf":{"@id":"https:\/\/suomenkuvalehti.fi\/taivaan-tahden\/#website"},"primaryImageOfPage":{"@id":"https:\/\/suomenkuvalehti.fi\/taivaan-tahden\/2018\/10\/06\/mitahan-andromedalaisille-kuuluu\/#primaryimage"},"image":{"@id":"https:\/\/suomenkuvalehti.fi\/taivaan-tahden\/2018\/10\/06\/mitahan-andromedalaisille-kuuluu\/#primaryimage"},"thumbnailUrl":"https:\/\/suomenkuvalehti.fi\/taivaan-tahden\/wp-content\/uploads\/sites\/36\/2018\/10\/m31_puuntakaa-1024x807.jpg","datePublished":"2018-10-06T07:21:46+00:00","author":{"@id":"https:\/\/suomenkuvalehti.fi\/taivaan-tahden\/#\/schema\/person\/c9c1373acb19750e11084ef640abeae0"},"breadcrumb":{"@id":"https:\/\/suomenkuvalehti.fi\/taivaan-tahden\/2018\/10\/06\/mitahan-andromedalaisille-kuuluu\/#breadcrumb"},"inLanguage":"fi","potentialAction":[{"@type":"ReadAction","target":["https:\/\/suomenkuvalehti.fi\/taivaan-tahden\/2018\/10\/06\/mitahan-andromedalaisille-kuuluu\/"]}]},{"@type":"ImageObject","inLanguage":"fi","@id":"https:\/\/suomenkuvalehti.fi\/taivaan-tahden\/2018\/10\/06\/mitahan-andromedalaisille-kuuluu\/#primaryimage","url":"https:\/\/suomenkuvalehti.fi\/taivaan-tahden\/wp-content\/uploads\/sites\/36\/2018\/10\/m31_puuntakaa.jpg","contentUrl":"https:\/\/suomenkuvalehti.fi\/taivaan-tahden\/wp-content\/uploads\/sites\/36\/2018\/10\/m31_puuntakaa.jpg","width":2048,"height":1613},{"@type":"BreadcrumbList","@id":"https:\/\/suomenkuvalehti.fi\/taivaan-tahden\/2018\/10\/06\/mitahan-andromedalaisille-kuuluu\/#breadcrumb","itemListElement":[{"@type":"ListItem","position":1,"name":"Home","item":"https:\/\/suomenkuvalehti.fi\/taivaan-tahden\/"},{"@type":"ListItem","position":2,"name":"Mit\u00e4h\u00e4n andromedalaisille kuuluu?"}]},{"@type":"WebSite","@id":"https:\/\/suomenkuvalehti.fi\/taivaan-tahden\/#website","url":"https:\/\/suomenkuvalehti.fi\/taivaan-tahden\/","name":"Taivaan t\u00e4hden","description":"Tiedetoimittaja Markus Hotakainen h\u00e4mm\u00e4stelee maailmankaikkeutta.","potentialAction":[{"@type":"SearchAction","target":{"@type":"EntryPoint","urlTemplate":"https:\/\/suomenkuvalehti.fi\/haku\/?q={search_term_string}"},"query-input":{"@type":"PropertyValueSpecification","valueRequired":true,"valueName":"search_term_string"}}],"inLanguage":"fi"},{"@type":"Person","@id":"https:\/\/suomenkuvalehti.fi\/taivaan-tahden\/#\/schema\/person\/c9c1373acb19750e11084ef640abeae0","name":"Markus Hotakainen","image":{"@type":"ImageObject","inLanguage":"fi","@id":"https:\/\/suomenkuvalehti.fi\/taivaan-tahden\/#\/schema\/person\/image\/","url":"https:\/\/suomenkuvalehti.fi\/taivaan-tahden\/wp-content\/uploads\/sites\/36\/2018\/05\/markus_hotakainen_blogi_pieni-150x150.jpg","contentUrl":"https:\/\/suomenkuvalehti.fi\/taivaan-tahden\/wp-content\/uploads\/sites\/36\/2018\/05\/markus_hotakainen_blogi_pieni-150x150.jpg","caption":"Markus Hotakainen"},"description":"Kirjoittaja on tiedetoimittaja ja tietokirjailija."}]}},"_links":{"self":[{"href":"https:\/\/suomenkuvalehti.fi\/taivaan-tahden\/wp-json\/wp\/v2\/posts\/1765","targetHints":{"allow":["GET"]}}],"collection":[{"href":"https:\/\/suomenkuvalehti.fi\/taivaan-tahden\/wp-json\/wp\/v2\/posts"}],"about":[{"href":"https:\/\/suomenkuvalehti.fi\/taivaan-tahden\/wp-json\/wp\/v2\/types\/post"}],"author":[{"embeddable":true,"href":"https:\/\/suomenkuvalehti.fi\/taivaan-tahden\/wp-json\/wp\/v2\/users\/557"}],"replies":[{"embeddable":true,"href":"https:\/\/suomenkuvalehti.fi\/taivaan-tahden\/wp-json\/wp\/v2\/comments?post=1765"}],"version-history":[{"count":2,"href":"https:\/\/suomenkuvalehti.fi\/taivaan-tahden\/wp-json\/wp\/v2\/posts\/1765\/revisions"}],"predecessor-version":[{"id":1768,"href":"https:\/\/suomenkuvalehti.fi\/taivaan-tahden\/wp-json\/wp\/v2\/posts\/1765\/revisions\/1768"}],"wp:attachment":[{"href":"https:\/\/suomenkuvalehti.fi\/taivaan-tahden\/wp-json\/wp\/v2\/media?parent=1765"}],"wp:term":[{"taxonomy":"category","embeddable":true,"href":"https:\/\/suomenkuvalehti.fi\/taivaan-tahden\/wp-json\/wp\/v2\/categories?post=1765"},{"taxonomy":"post_tag","embeddable":true,"href":"https:\/\/suomenkuvalehti.fi\/taivaan-tahden\/wp-json\/wp\/v2\/tags?post=1765"}],"curies":[{"name":"wp","href":"https:\/\/api.w.org\/{rel}","templated":true}]}}