{"id":176,"date":"2015-07-06T16:00:20","date_gmt":"2015-07-06T13:00:20","guid":{"rendered":"https:\/\/suomenkuvalehti.fi\/taivaan-tahden\/?p=176"},"modified":"2015-07-06T10:18:40","modified_gmt":"2015-07-06T07:18:40","slug":"kun-planeetat-kohtaavat","status":"publish","type":"post","link":"https:\/\/suomenkuvalehti.fi\/taivaan-tahden\/2015\/07\/06\/kun-planeetat-kohtaavat\/","title":{"rendered":"Kun planeetat kohtaavat"},"content":{"rendered":"<figure class=\"wp-block-image size-full alignnone\">\n  <div class=\"wp-block-image__inner-container\">\n    <a href=\"https:\/\/suomenkuvalehti.fi\/taivaan-tahden\/wp-content\/uploads\/sites\/36\/2015\/07\/venusjupi_SK.jpg\"><img loading=\"lazy\" decoding=\"async\" src=\"https:\/\/suomenkuvalehti.fi\/taivaan-tahden\/wp-content\/uploads\/sites\/36\/2015\/07\/venusjupi_SK.jpg\" alt=\"venusjupi_SK\" class=\"wp-image-178\" width=\"630\" height=\"444\" style=\"--aspect-ratio: 1.42\" srcset=\"https:\/\/suomenkuvalehti.fi\/taivaan-tahden\/wp-content\/uploads\/sites\/36\/2015\/07\/venusjupi_SK.jpg 630w, https:\/\/suomenkuvalehti.fi\/taivaan-tahden\/wp-content\/uploads\/sites\/36\/2015\/07\/venusjupi_SK-300x211.jpg 300w\" sizes=\"auto, (max-width: 630px) 100vw, 630px\" \/><\/a>    <figcaption class=\"wp-block-image__figcaption\">\n      Kaksi kirkkainta planeettaa vieretysten Englannin taivaalla. Kuva: Markus Hotakainen          <\/figcaption>\n      <\/div>\n<\/figure>\n\n\n<p>Kev\u00e4\u00e4n ja alkukes\u00e4n aikana illan tullen l\u00e4ntiselle taivaalle syttyi kaksi kirkasta valopistett\u00e4. Venus ja Jupiter p\u00e4ihitt\u00e4v\u00e4t kirkkaudessa kaikki \u00f6isen taivaan t\u00e4hdet, mutta ne on helppo erottaa muista y\u00f6llisist\u00e4 valopisteist\u00e4 my\u00f6s liikkeens\u00e4 ansiosta: viikkojen ja kuukausien mittaan ne l\u00e4hestyiv\u00e4t hitaasti toisiaan.<\/p>\n\n\n\n<p>Kes\u00e4kuun lopussa Venus ja Jupiter sujahtivat toistensa ohitse. V\u00e4limatka oli lyhimmill\u00e4\u00e4n pienempi kuin Kuun n\u00e4enn\u00e4inen l\u00e4pimitta eli kulmamitoissa alle puoli astetta. Kirkas planeettapari kiinnitti helposti satunnaisimmankin ulkonaliikkujan huomion, jos oli pilvet\u00f6nt\u00e4 eik\u00e4 y\u00f6taivas olisi ollut niin kes\u00e4isen valoisa kuin se Suomessa on.<\/p>\n\n\n\n<p>Itse satuin tuona iltana olemaan Cambridgess\u00e4, miss\u00e4 taivas on keskikes\u00e4ll\u00e4kin huomattavasti tummempi kuin t\u00e4\u00e4ll\u00e4 Pohjolassa. Sielt\u00e4 on my\u00f6s yll\u00e4oleva planeettakaksikon kuva \u2013 tai jos tarkkoja ollaan, se on napattu Landbeachin kyl\u00e4ss\u00e4 perunapellon laidalta.<\/p>\n\n\n\n<p>Otsikko viittaa paitsi tuohon kes\u00e4kuiseen iltay\u00f6h\u00f6n, my\u00f6s 1970-luvun lopulla ilmestyneeseen <b>Antti J\u00e4nneksen<\/b> ja <b>Heikki Ojan<\/b> kirjaan <i>1982 \u2013 Kun planeetat kohtaavat<\/i>. Tuolloin kaikki Aurinkokunnan planeetat asettuivat suoralle linjalle, mist\u00e4 piti seuraaman suuria mullistuksia matoisella maapallollamme.<\/p>\n\n\n\n<p>Kuten kirjassa kerrottiin \u2013 ja monet meist\u00e4 muistavat \u2013 mit\u00e4\u00e4n mullistavaa ei tapahtunut, ei ainakaan planeettajonon ansiosta.<\/p>\n\n\n\n<p>Yksi syy oli se, ett\u00e4 planeetat eiv\u00e4t edes olleet suoralla linjalla, vaan omilla radoillaan ainoastaan samalla puolella Aurinkoa. Toinen, viel\u00e4 keskeisempi syy oli se, ett\u00e4 edes kaikkien planeettojen vetovoima ei riit\u00e4 aiheuttamaan Maassa mit\u00e4\u00e4n tavallisuudesta poikkeavaa.<\/p>\n\n\n\n<p>Aurinkokunta on dynaaminen systeemi, jossa kaikki kappaleet vaikuttavat kaiken aikaa vetovoimillaan toisiinsa, mutta ei satunnainen linjautuminen maailmanloppua tuo tullessaan.<\/p>\n\n\n\n<p>Ei tuonut Venuksen ja Jupiterin kohtaaminenkaan. Vaikka planeetat olivat taivaalla niin l\u00e4hekk\u00e4in, ett\u00e4 ne olisi ollut helppo peitt\u00e4\u00e4 ojennetun k\u00e4den pikkusormen kynnen taakse, niiden et\u00e4isyydet Maasta ja my\u00f6s toisistaan olivat hyvin erilaiset.<\/p>\n\n\n\n<p>Venus oli 30. kes\u00e4kuuta \u201dvain\u201d 78 miljoonan kilometrin et\u00e4isyydell\u00e4 Maasta, kun Jupiteriin oli matkaa 907 miljoonaa kilometri\u00e4. Venus oli siis Maan ja Auringon v\u00e4liss\u00e4, Jupiter kaukana Auringon takana.<\/p>\n\n\n\n<p>Planeettakaksikon keskin\u00e4inen et\u00e4isyys oli melkein 830 miljoonaa kilometri\u00e4. Jos moista matkaa voi ylip\u00e4\u00e4t\u00e4\u00e4n jotenkin havainnollistaa \u2013 kuten jo toukokuisessa kirjoituksessani yritin \u2013 niin huimaa vauhtia viilett\u00e4v\u00e4 valo kulkee 830 miljoonaa kilometri\u00e4 noin kolmessa vartissa.<\/p>\n\n\n\n<p>Astrologiassa, tuossa t\u00e4htitieteen eli astronomian h\u00f6rh\u00f6ilev\u00e4ss\u00e4 pikkuserkussa, planeettojen liikkeiden, kohtaamisten ja sijaintien t\u00e4htien suhteen v\u00e4itet\u00e4\u00e4n m\u00e4\u00e4r\u00e4\u00e4v\u00e4n kohtalomme. Eiv\u00e4t ne m\u00e4\u00e4r\u00e4\u00e4. Venuksen ja Jupiterin kes\u00e4kuinen kohtaaminenkaan ei vaikuttanut el\u00e4m\u00e4\u00e4n muuten kuin valvottamalla v\u00e4h\u00e4n my\u00f6hemp\u00e4\u00e4n.<\/p>\n\n\n","protected":false},"excerpt":{"rendered":"<p>Kev\u00e4\u00e4n ja alkukes\u00e4n aikana illan tullen l\u00e4ntiselle taivaalle syttyi kaksi kirkasta valopistett\u00e4. Venus ja Jupiter p\u00e4ihitt\u00e4v\u00e4t kirkkaudessa kaikki \u00f6isen taivaan t\u00e4hdet, mutta ne on helppo erottaa muista y\u00f6llisist\u00e4 valopisteist\u00e4 my\u00f6s liikkeens\u00e4 ansiosta: viikkojen ja kuukausien mittaan ne<br \/>\nl\u00e4hestyiv\u00e4t hi&hellip;<\/p>\n","protected":false},"author":557,"featured_media":0,"comment_status":"open","ping_status":"open","sticky":false,"template":"","format":"standard","meta":{"_acf_changed":false,"asauth_required_access_level":3,"asauth_cansharepaid":"true","om_header_attributes":[],"footnotes":"","om_featured_image_focal_point":[],"om_primary_tag":0,"om_contributors":[],"om_co_authors":[],"beyondwords_generate_audio":"","beyondwords_project_id":"","beyondwords_content_id":"","beyondwords_preview_token":"","beyondwords_player_content":"","beyondwords_player_style":"","beyondwords_language_code":"","beyondwords_language_id":"","beyondwords_title_voice_id":"","beyondwords_body_voice_id":"","beyondwords_summary_voice_id":"","beyondwords_error_message":"","beyondwords_disabled":"","beyondwords_delete_content":"","beyondwords_podcast_id":"","beyondwords_hash":"","publish_post_to_speechkit":"","speechkit_hash":"","speechkit_generate_audio":"","speechkit_project_id":"","speechkit_podcast_id":"","speechkit_error_message":"","speechkit_disabled":"","speechkit_access_key":"","speechkit_error":"","speechkit_info":"","speechkit_response":"","speechkit_retries":"","speechkit_status":"","speechkit_updated_at":"","_speechkit_link":"","_speechkit_text":""},"categories":[1],"tags":[13,15,14],"class_list":["post-176","post","type-post","status-publish","format-standard","hentry","category-taivaan-tahden","tag-jupiter","tag-planeetat","tag-venus"],"om_views":null,"acf":{"tuuma_off":false,"tuuma_kysymys":"","tuuma_vastaus":""},"asauth":{"required_access_level":1,"share_token":"","is_paid":false},"yoast_head":"<!-- This site is optimized with the Yoast SEO plugin v26.4 - https:\/\/yoast.com\/wordpress\/plugins\/seo\/ -->\n<title>Kun planeetat kohtaavat - Taivaan t\u00e4hden<\/title>\n<meta name=\"robots\" content=\"index, follow, max-snippet:-1, max-image-preview:large, max-video-preview:-1\" \/>\n<link rel=\"canonical\" href=\"https:\/\/suomenkuvalehti.fi\/taivaan-tahden\/2015\/07\/06\/kun-planeetat-kohtaavat\/\" \/>\n<meta property=\"og:locale\" content=\"fi_FI\" \/>\n<meta property=\"og:type\" content=\"article\" \/>\n<meta property=\"og:title\" content=\"Kun planeetat kohtaavat - Taivaan t\u00e4hden\" \/>\n<meta property=\"og:description\" content=\"Kev\u00e4\u00e4n ja alkukes\u00e4n aikana illan tullen l\u00e4ntiselle taivaalle syttyi kaksi kirkasta valopistett\u00e4. Venus ja Jupiter p\u00e4ihitt\u00e4v\u00e4t kirkkaudessa kaikki \u00f6isen taivaan t\u00e4hdet, mutta ne on helppo erottaa muista y\u00f6llisist\u00e4 valopisteist\u00e4 my\u00f6s liikkeens\u00e4 ansiosta: viikkojen ja kuukausien mittaan ne l\u00e4hestyiv\u00e4t hi&hellip;\" \/>\n<meta property=\"og:url\" content=\"https:\/\/suomenkuvalehti.fi\/taivaan-tahden\/2015\/07\/06\/kun-planeetat-kohtaavat\/\" \/>\n<meta property=\"og:site_name\" content=\"Taivaan t\u00e4hden\" \/>\n<meta property=\"article:published_time\" content=\"2015-07-06T13:00:20+00:00\" \/>\n<meta property=\"og:image\" content=\"https:\/\/suomenkuvalehti.fi\/taivaan-tahden\/wp-content\/uploads\/sites\/36\/2015\/07\/venusjupi_SK.jpg\" \/>\n<meta name=\"author\" content=\"Markus Hotakainen\" \/>\n<meta name=\"twitter:card\" content=\"summary_large_image\" \/>\n<meta name=\"twitter:label1\" content=\"Written by\" \/>\n\t<meta name=\"twitter:data1\" content=\"Markus Hotakainen\" \/>\n\t<meta name=\"twitter:label2\" content=\"Est. reading time\" \/>\n\t<meta name=\"twitter:data2\" content=\"2 minuuttia\" \/>\n<script type=\"application\/ld+json\" class=\"yoast-schema-graph\">{\"@context\":\"https:\/\/schema.org\",\"@graph\":[{\"@type\":\"WebPage\",\"@id\":\"https:\/\/suomenkuvalehti.fi\/taivaan-tahden\/2015\/07\/06\/kun-planeetat-kohtaavat\/\",\"url\":\"https:\/\/suomenkuvalehti.fi\/taivaan-tahden\/2015\/07\/06\/kun-planeetat-kohtaavat\/\",\"name\":\"Kun planeetat kohtaavat - Taivaan t\u00e4hden\",\"isPartOf\":{\"@id\":\"https:\/\/suomenkuvalehti.fi\/taivaan-tahden\/#website\"},\"primaryImageOfPage\":{\"@id\":\"https:\/\/suomenkuvalehti.fi\/taivaan-tahden\/2015\/07\/06\/kun-planeetat-kohtaavat\/#primaryimage\"},\"image\":{\"@id\":\"https:\/\/suomenkuvalehti.fi\/taivaan-tahden\/2015\/07\/06\/kun-planeetat-kohtaavat\/#primaryimage\"},\"thumbnailUrl\":\"https:\/\/suomenkuvalehti.fi\/taivaan-tahden\/wp-content\/uploads\/sites\/36\/2015\/07\/venusjupi_SK.jpg\",\"datePublished\":\"2015-07-06T13:00:20+00:00\",\"author\":{\"@id\":\"https:\/\/suomenkuvalehti.fi\/taivaan-tahden\/#\/schema\/person\/c9c1373acb19750e11084ef640abeae0\"},\"breadcrumb\":{\"@id\":\"https:\/\/suomenkuvalehti.fi\/taivaan-tahden\/2015\/07\/06\/kun-planeetat-kohtaavat\/#breadcrumb\"},\"inLanguage\":\"fi\",\"potentialAction\":[{\"@type\":\"ReadAction\",\"target\":[\"https:\/\/suomenkuvalehti.fi\/taivaan-tahden\/2015\/07\/06\/kun-planeetat-kohtaavat\/\"]}]},{\"@type\":\"ImageObject\",\"inLanguage\":\"fi\",\"@id\":\"https:\/\/suomenkuvalehti.fi\/taivaan-tahden\/2015\/07\/06\/kun-planeetat-kohtaavat\/#primaryimage\",\"url\":\"https:\/\/suomenkuvalehti.fi\/taivaan-tahden\/wp-content\/uploads\/sites\/36\/2015\/07\/venusjupi_SK.jpg\",\"contentUrl\":\"https:\/\/suomenkuvalehti.fi\/taivaan-tahden\/wp-content\/uploads\/sites\/36\/2015\/07\/venusjupi_SK.jpg\"},{\"@type\":\"BreadcrumbList\",\"@id\":\"https:\/\/suomenkuvalehti.fi\/taivaan-tahden\/2015\/07\/06\/kun-planeetat-kohtaavat\/#breadcrumb\",\"itemListElement\":[{\"@type\":\"ListItem\",\"position\":1,\"name\":\"Home\",\"item\":\"https:\/\/suomenkuvalehti.fi\/taivaan-tahden\/\"},{\"@type\":\"ListItem\",\"position\":2,\"name\":\"Kun planeetat kohtaavat\"}]},{\"@type\":\"WebSite\",\"@id\":\"https:\/\/suomenkuvalehti.fi\/taivaan-tahden\/#website\",\"url\":\"https:\/\/suomenkuvalehti.fi\/taivaan-tahden\/\",\"name\":\"Taivaan t\u00e4hden\",\"description\":\"Tiedetoimittaja Markus Hotakainen h\u00e4mm\u00e4stelee maailmankaikkeutta.\",\"potentialAction\":[{\"@type\":\"SearchAction\",\"target\":{\"@type\":\"EntryPoint\",\"urlTemplate\":\"https:\/\/suomenkuvalehti.fi\/haku\/?q={search_term_string}\"},\"query-input\":{\"@type\":\"PropertyValueSpecification\",\"valueRequired\":true,\"valueName\":\"search_term_string\"}}],\"inLanguage\":\"fi\"},{\"@type\":\"Person\",\"@id\":\"https:\/\/suomenkuvalehti.fi\/taivaan-tahden\/#\/schema\/person\/c9c1373acb19750e11084ef640abeae0\",\"name\":\"Markus Hotakainen\",\"image\":{\"@type\":\"ImageObject\",\"inLanguage\":\"fi\",\"@id\":\"https:\/\/suomenkuvalehti.fi\/taivaan-tahden\/#\/schema\/person\/image\/\",\"url\":\"https:\/\/suomenkuvalehti.fi\/taivaan-tahden\/wp-content\/uploads\/sites\/36\/2018\/05\/markus_hotakainen_blogi_pieni-150x150.jpg\",\"contentUrl\":\"https:\/\/suomenkuvalehti.fi\/taivaan-tahden\/wp-content\/uploads\/sites\/36\/2018\/05\/markus_hotakainen_blogi_pieni-150x150.jpg\",\"caption\":\"Markus Hotakainen\"},\"description\":\"Kirjoittaja on tiedetoimittaja ja tietokirjailija.\"}]}<\/script>\n<!-- \/ Yoast SEO plugin. -->","yoast_head_json":{"title":"Kun planeetat kohtaavat - Taivaan t\u00e4hden","robots":{"index":"index","follow":"follow","max-snippet":"max-snippet:-1","max-image-preview":"max-image-preview:large","max-video-preview":"max-video-preview:-1"},"canonical":"https:\/\/suomenkuvalehti.fi\/taivaan-tahden\/2015\/07\/06\/kun-planeetat-kohtaavat\/","og_locale":"fi_FI","og_type":"article","og_title":"Kun planeetat kohtaavat - Taivaan t\u00e4hden","og_description":"Kev\u00e4\u00e4n ja alkukes\u00e4n aikana illan tullen l\u00e4ntiselle taivaalle syttyi kaksi kirkasta valopistett\u00e4. Venus ja Jupiter p\u00e4ihitt\u00e4v\u00e4t kirkkaudessa kaikki \u00f6isen taivaan t\u00e4hdet, mutta ne on helppo erottaa muista y\u00f6llisist\u00e4 valopisteist\u00e4 my\u00f6s liikkeens\u00e4 ansiosta: viikkojen ja kuukausien mittaan ne l\u00e4hestyiv\u00e4t hi&hellip;","og_url":"https:\/\/suomenkuvalehti.fi\/taivaan-tahden\/2015\/07\/06\/kun-planeetat-kohtaavat\/","og_site_name":"Taivaan t\u00e4hden","article_published_time":"2015-07-06T13:00:20+00:00","og_image":[{"url":"https:\/\/suomenkuvalehti.fi\/taivaan-tahden\/wp-content\/uploads\/sites\/36\/2015\/07\/venusjupi_SK.jpg","type":"","width":"","height":""}],"author":"Markus Hotakainen","twitter_card":"summary_large_image","twitter_misc":{"Written by":"Markus Hotakainen","Est. reading time":"2 minuuttia"},"schema":{"@context":"https:\/\/schema.org","@graph":[{"@type":"WebPage","@id":"https:\/\/suomenkuvalehti.fi\/taivaan-tahden\/2015\/07\/06\/kun-planeetat-kohtaavat\/","url":"https:\/\/suomenkuvalehti.fi\/taivaan-tahden\/2015\/07\/06\/kun-planeetat-kohtaavat\/","name":"Kun planeetat kohtaavat - Taivaan t\u00e4hden","isPartOf":{"@id":"https:\/\/suomenkuvalehti.fi\/taivaan-tahden\/#website"},"primaryImageOfPage":{"@id":"https:\/\/suomenkuvalehti.fi\/taivaan-tahden\/2015\/07\/06\/kun-planeetat-kohtaavat\/#primaryimage"},"image":{"@id":"https:\/\/suomenkuvalehti.fi\/taivaan-tahden\/2015\/07\/06\/kun-planeetat-kohtaavat\/#primaryimage"},"thumbnailUrl":"https:\/\/suomenkuvalehti.fi\/taivaan-tahden\/wp-content\/uploads\/sites\/36\/2015\/07\/venusjupi_SK.jpg","datePublished":"2015-07-06T13:00:20+00:00","author":{"@id":"https:\/\/suomenkuvalehti.fi\/taivaan-tahden\/#\/schema\/person\/c9c1373acb19750e11084ef640abeae0"},"breadcrumb":{"@id":"https:\/\/suomenkuvalehti.fi\/taivaan-tahden\/2015\/07\/06\/kun-planeetat-kohtaavat\/#breadcrumb"},"inLanguage":"fi","potentialAction":[{"@type":"ReadAction","target":["https:\/\/suomenkuvalehti.fi\/taivaan-tahden\/2015\/07\/06\/kun-planeetat-kohtaavat\/"]}]},{"@type":"ImageObject","inLanguage":"fi","@id":"https:\/\/suomenkuvalehti.fi\/taivaan-tahden\/2015\/07\/06\/kun-planeetat-kohtaavat\/#primaryimage","url":"https:\/\/suomenkuvalehti.fi\/taivaan-tahden\/wp-content\/uploads\/sites\/36\/2015\/07\/venusjupi_SK.jpg","contentUrl":"https:\/\/suomenkuvalehti.fi\/taivaan-tahden\/wp-content\/uploads\/sites\/36\/2015\/07\/venusjupi_SK.jpg"},{"@type":"BreadcrumbList","@id":"https:\/\/suomenkuvalehti.fi\/taivaan-tahden\/2015\/07\/06\/kun-planeetat-kohtaavat\/#breadcrumb","itemListElement":[{"@type":"ListItem","position":1,"name":"Home","item":"https:\/\/suomenkuvalehti.fi\/taivaan-tahden\/"},{"@type":"ListItem","position":2,"name":"Kun planeetat kohtaavat"}]},{"@type":"WebSite","@id":"https:\/\/suomenkuvalehti.fi\/taivaan-tahden\/#website","url":"https:\/\/suomenkuvalehti.fi\/taivaan-tahden\/","name":"Taivaan t\u00e4hden","description":"Tiedetoimittaja Markus Hotakainen h\u00e4mm\u00e4stelee maailmankaikkeutta.","potentialAction":[{"@type":"SearchAction","target":{"@type":"EntryPoint","urlTemplate":"https:\/\/suomenkuvalehti.fi\/haku\/?q={search_term_string}"},"query-input":{"@type":"PropertyValueSpecification","valueRequired":true,"valueName":"search_term_string"}}],"inLanguage":"fi"},{"@type":"Person","@id":"https:\/\/suomenkuvalehti.fi\/taivaan-tahden\/#\/schema\/person\/c9c1373acb19750e11084ef640abeae0","name":"Markus Hotakainen","image":{"@type":"ImageObject","inLanguage":"fi","@id":"https:\/\/suomenkuvalehti.fi\/taivaan-tahden\/#\/schema\/person\/image\/","url":"https:\/\/suomenkuvalehti.fi\/taivaan-tahden\/wp-content\/uploads\/sites\/36\/2018\/05\/markus_hotakainen_blogi_pieni-150x150.jpg","contentUrl":"https:\/\/suomenkuvalehti.fi\/taivaan-tahden\/wp-content\/uploads\/sites\/36\/2018\/05\/markus_hotakainen_blogi_pieni-150x150.jpg","caption":"Markus Hotakainen"},"description":"Kirjoittaja on tiedetoimittaja ja tietokirjailija."}]}},"_links":{"self":[{"href":"https:\/\/suomenkuvalehti.fi\/taivaan-tahden\/wp-json\/wp\/v2\/posts\/176","targetHints":{"allow":["GET"]}}],"collection":[{"href":"https:\/\/suomenkuvalehti.fi\/taivaan-tahden\/wp-json\/wp\/v2\/posts"}],"about":[{"href":"https:\/\/suomenkuvalehti.fi\/taivaan-tahden\/wp-json\/wp\/v2\/types\/post"}],"author":[{"embeddable":true,"href":"https:\/\/suomenkuvalehti.fi\/taivaan-tahden\/wp-json\/wp\/v2\/users\/557"}],"replies":[{"embeddable":true,"href":"https:\/\/suomenkuvalehti.fi\/taivaan-tahden\/wp-json\/wp\/v2\/comments?post=176"}],"version-history":[{"count":3,"href":"https:\/\/suomenkuvalehti.fi\/taivaan-tahden\/wp-json\/wp\/v2\/posts\/176\/revisions"}],"predecessor-version":[{"id":180,"href":"https:\/\/suomenkuvalehti.fi\/taivaan-tahden\/wp-json\/wp\/v2\/posts\/176\/revisions\/180"}],"wp:attachment":[{"href":"https:\/\/suomenkuvalehti.fi\/taivaan-tahden\/wp-json\/wp\/v2\/media?parent=176"}],"wp:term":[{"taxonomy":"category","embeddable":true,"href":"https:\/\/suomenkuvalehti.fi\/taivaan-tahden\/wp-json\/wp\/v2\/categories?post=176"},{"taxonomy":"post_tag","embeddable":true,"href":"https:\/\/suomenkuvalehti.fi\/taivaan-tahden\/wp-json\/wp\/v2\/tags?post=176"}],"curies":[{"name":"wp","href":"https:\/\/api.w.org\/{rel}","templated":true}]}}