{"id":1708,"date":"2018-08-11T10:20:43","date_gmt":"2018-08-11T07:20:43","guid":{"rendered":"https:\/\/suomenkuvalehti.fi\/taivaan-tahden\/?p=1708"},"modified":"2018-08-11T10:20:43","modified_gmt":"2018-08-11T07:20:43","slug":"aurinko-pimenee-mutta-kuinka-usein","status":"publish","type":"post","link":"https:\/\/suomenkuvalehti.fi\/taivaan-tahden\/2018\/08\/11\/aurinko-pimenee-mutta-kuinka-usein\/","title":{"rendered":"Aurinko pimenee \u2013 mutta kuinka usein?"},"content":{"rendered":"<figure class=\"aligncenter size-large is-resized wp-block-image\">\n  <div class=\"wp-block-image__inner-container\">\n    <a href=\"https:\/\/suomenkuvalehti.fi\/taivaan-tahden\/wp-content\/uploads\/sites\/36\/2018\/08\/pimennys_2015.jpg\"><img loading=\"lazy\" decoding=\"async\" src=\"https:\/\/suomenkuvalehti.fi\/taivaan-tahden\/wp-content\/uploads\/sites\/36\/2018\/08\/pimennys_2015-1024x768.jpg\" alt=\"\" class=\"wp-image-1709\" width=\"1024\" height=\"768\" style=\"--aspect-ratio: 1.33\" srcset=\"https:\/\/suomenkuvalehti.fi\/taivaan-tahden\/wp-content\/uploads\/sites\/36\/2018\/08\/pimennys_2015-1024x768.jpg 1024w, https:\/\/suomenkuvalehti.fi\/taivaan-tahden\/wp-content\/uploads\/sites\/36\/2018\/08\/pimennys_2015-300x225.jpg 300w, https:\/\/suomenkuvalehti.fi\/taivaan-tahden\/wp-content\/uploads\/sites\/36\/2018\/08\/pimennys_2015-768x576.jpg 768w, https:\/\/suomenkuvalehti.fi\/taivaan-tahden\/wp-content\/uploads\/sites\/36\/2018\/08\/pimennys_2015-630x473.jpg 630w, https:\/\/suomenkuvalehti.fi\/taivaan-tahden\/wp-content\/uploads\/sites\/36\/2018\/08\/pimennys_2015.jpg 1181w\" sizes=\"auto, (max-width: 1024px) 100vw, 1024px\" \/><\/a>    <figcaption class=\"wp-block-image__figcaption\">\n      Edellisen kerran Suomessa n\u00e4kyi osittainen auringonpimennys kev\u00e4\u00e4ll\u00e4 2015. Kuva: Markus Hotakainen          <\/figcaption>\n      <\/div>\n<\/figure>\n\n\n<p><span class=\"capitalized\">Kun Maa<\/span> on Auringon ja Kuun v\u00e4liss\u00e4, tapahtuu kuunpimennys \u2013 kuten viimeksi kaksi viikkoa sitten.<\/p>\n\n\n\n<p>Kun Kuu on Auringon ja Maan v\u00e4liss\u00e4, tapahtuu auringonpimennys \u2013 kuten viimeksi 28 vuotta sitten. Jos Maikkarin nettisivuihin on uskominen. Siis samaiseen sivustoon, joka pari vuotta sitten kertoi, ett\u00e4 \u201dAvaruudesta l\u00f6ytyi valtava asia\u201d.<\/p>\n\n\n\n<p>Sittemmin korjatun uutisen alkuper\u00e4isess\u00e4 tekstiss\u00e4 todettiin, ett\u00e4 \u201dT\u00e4n\u00e4 viikonloppuna Suomessa n\u00e4kyy osittainen auringonpimennys. Katseet kannattaa nyt suunnata taivalle, sill\u00e4 edellist\u00e4 auringonpimennyst\u00e4 Suomessa todistettiin vuonna 1990, ja seuraavaa saadaan odottaa vuoteen 2026.&#8221;<\/p>\n\n\n\n<blockquote class=\"wp-block-quote\"><p>T\u00e4htitiede on kiistatta vaikea teema.<\/p><\/blockquote>\n\n\n\n<p><span class=\"capitalized\">Mit\u00e4 jos<\/span> kaikki muutkin uutiset kirjoitettaisiin samalla pieteetill\u00e4 ja eksaktiudella?<\/p>\n\n\n\n<p>\u201d<strong>Kimi R\u00e4ikk\u00f6nen<\/strong> voitti ratamoottoripy\u00f6r\u00e4ilyn maailmanmestaruuden.\u201d<\/p>\n\n\n\n<p>\u201d<strong>Jasper P\u00e4\u00e4kk\u00f6nen<\/strong> tekee huikean roolisuorituksen Ingmar Bergmanin uutuuselokuvassa.\u201d<\/p>\n\n\n\n<p>\u201dTasavallan presidentti <strong>J.K. Paasikivi<\/strong> tapasi <strong>Donald Trumpin<\/strong>.\u201d<\/p>\n\n\n\n<p><span class=\"capitalized\">T\u00e4htitiede<\/span> on kiistatta vaikea teema, mutta ei se riit\u00e4 tekosyyksi laatia jatkuvasti siihen liittyv\u00e4t uutiset h\u00e4ll\u00e4 v\u00e4li\u00e4 -tyylill\u00e4. Monet asiat ovat hyvin vaikeaselkoisia ja vaikkapa kvanttikosmologiasta on tosi vaikea kirjoittaa yleistajuisesti, mutta pimennykset eiv\u00e4t todellakaan ole mit\u00e4\u00e4n rakettitiedett\u00e4.<\/p>\n\n\n\n<p>Jos ja kun aihealue kerran on vaikea, silloin kannattaisi ehk\u00e4 tarkistaa faktat ennen uutisen julkaisemista. Kovin ty\u00f6l\u00e4st\u00e4 google-hakua ei vaadita auringon- ja kuunpimennysten historian selvitt\u00e4miseksi.<\/p>\n\n\n\n<p><span class=\"capitalized\">On totta<\/span>, ett\u00e4 edellinen <em>t\u00e4ydellinen<\/em> auringonpimennys n\u00e4kyi Suomessa hein\u00e4kuussa 1990, mutta sen j\u00e4lkeen on tapahtunut useita <em>osittaisia<\/em> auringonpimennyksi\u00e4. Nyt lauantaina puoliltap\u00e4ivin n\u00e4kyv\u00e4\u00e4 pimennyst\u00e4 edelt\u00e4v\u00e4 tapahtui maaliskuussa 2015 ja seuraava kes\u00e4kuussa 2021.<\/p>\n\n\n\n<p>Eli vain viisi vuotta ennen seuraavaa t\u00e4ydellist\u00e4 auringonpimennyst\u00e4, jos \u2013 j\u00e4lleen \u2013 on uskominen Maikkarin nettisivuja.<\/p>\n\n\n\n<p>Sit\u00e4 ei kuitenkaan kannata odotella hengityst\u00e4 pid\u00e4tellen, sill\u00e4 todellisuudessa seuraava t\u00e4ydellinen auringonpimennys n\u00e4kyy Suomessa vasta vuonna 2126.<\/p>\n\n\n","protected":false},"excerpt":{"rendered":"<p>Kun Maa on Auringon ja Kuun v\u00e4liss\u00e4, tapahtuu kuunpimennys \u2013 kuten viimeksi kaksi viikkoa sitten. Kun Kuu on Auringon ja Maan v\u00e4liss\u00e4, tapahtuu auringonpimennys \u2013 kuten viimeksi 28 vuotta sitten. Jos Maikkarin nettisivuihin on uskominen. Siis samaiseen sivustoon, joka pari vuotta<br \/>\nsitten &hellip;<\/p>\n","protected":false},"author":557,"featured_media":0,"comment_status":"open","ping_status":"open","sticky":false,"template":"","format":"standard","meta":{"_acf_changed":false,"asauth_required_access_level":3,"asauth_cansharepaid":"true","om_header_attributes":[],"footnotes":"","om_featured_image_focal_point":[],"om_primary_tag":0,"om_contributors":[],"om_co_authors":[],"beyondwords_generate_audio":"","beyondwords_project_id":"","beyondwords_content_id":"","beyondwords_preview_token":"","beyondwords_player_content":"","beyondwords_player_style":"","beyondwords_language_code":"","beyondwords_language_id":"","beyondwords_title_voice_id":"","beyondwords_body_voice_id":"","beyondwords_summary_voice_id":"","beyondwords_error_message":"","beyondwords_disabled":"","beyondwords_delete_content":"","beyondwords_podcast_id":"","beyondwords_hash":"","publish_post_to_speechkit":"","speechkit_hash":"","speechkit_generate_audio":"","speechkit_project_id":"","speechkit_podcast_id":"","speechkit_error_message":"","speechkit_disabled":"","speechkit_access_key":"","speechkit_error":"","speechkit_info":"","speechkit_response":"","speechkit_retries":"","speechkit_status":"","speechkit_updated_at":"","_speechkit_link":"","_speechkit_text":""},"categories":[1],"tags":[72,4,5,486,31],"class_list":["post-1708","post","type-post","status-publish","format-standard","hentry","category-taivaan-tahden","tag-auringonpimennys","tag-aurinko","tag-kuu","tag-kuunpimennys","tag-maa"],"om_views":null,"acf":{"tuuma_off":false,"tuuma_kysymys":"","tuuma_vastaus":""},"asauth":{"required_access_level":1,"share_token":"","is_paid":false},"yoast_head":"<!-- This site is optimized with the Yoast SEO plugin v26.4 - https:\/\/yoast.com\/wordpress\/plugins\/seo\/ -->\n<title>Aurinko pimenee \u2013 mutta kuinka usein? - Taivaan t\u00e4hden<\/title>\n<meta name=\"robots\" content=\"index, follow, max-snippet:-1, max-image-preview:large, max-video-preview:-1\" \/>\n<link rel=\"canonical\" href=\"https:\/\/suomenkuvalehti.fi\/taivaan-tahden\/2018\/08\/11\/aurinko-pimenee-mutta-kuinka-usein\/\" \/>\n<meta property=\"og:locale\" content=\"fi_FI\" \/>\n<meta property=\"og:type\" content=\"article\" \/>\n<meta property=\"og:title\" content=\"Aurinko pimenee \u2013 mutta kuinka usein? - Taivaan t\u00e4hden\" \/>\n<meta property=\"og:description\" content=\"Kun Maa on Auringon ja Kuun v\u00e4liss\u00e4, tapahtuu kuunpimennys \u2013 kuten viimeksi kaksi viikkoa sitten. Kun Kuu on Auringon ja Maan v\u00e4liss\u00e4, tapahtuu auringonpimennys \u2013 kuten viimeksi 28 vuotta sitten. Jos Maikkarin nettisivuihin on uskominen. Siis samaiseen sivustoon, joka pari vuotta sitten &hellip;\" \/>\n<meta property=\"og:url\" content=\"https:\/\/suomenkuvalehti.fi\/taivaan-tahden\/2018\/08\/11\/aurinko-pimenee-mutta-kuinka-usein\/\" \/>\n<meta property=\"og:site_name\" content=\"Taivaan t\u00e4hden\" \/>\n<meta property=\"article:published_time\" content=\"2018-08-11T07:20:43+00:00\" \/>\n<meta property=\"og:image\" content=\"https:\/\/suomenkuvalehti.fi\/taivaan-tahden\/wp-content\/uploads\/sites\/36\/2018\/08\/pimennys_2015.jpg\" \/>\n\t<meta property=\"og:image:width\" content=\"1181\" \/>\n\t<meta property=\"og:image:height\" content=\"886\" \/>\n\t<meta property=\"og:image:type\" content=\"image\/jpeg\" \/>\n<meta name=\"author\" content=\"Markus Hotakainen\" \/>\n<meta name=\"twitter:card\" content=\"summary_large_image\" \/>\n<meta name=\"twitter:label1\" content=\"Written by\" \/>\n\t<meta name=\"twitter:data1\" content=\"Markus Hotakainen\" \/>\n\t<meta name=\"twitter:label2\" content=\"Est. reading time\" \/>\n\t<meta name=\"twitter:data2\" content=\"1 minuutti\" \/>\n<script type=\"application\/ld+json\" class=\"yoast-schema-graph\">{\"@context\":\"https:\/\/schema.org\",\"@graph\":[{\"@type\":\"WebPage\",\"@id\":\"https:\/\/suomenkuvalehti.fi\/taivaan-tahden\/2018\/08\/11\/aurinko-pimenee-mutta-kuinka-usein\/\",\"url\":\"https:\/\/suomenkuvalehti.fi\/taivaan-tahden\/2018\/08\/11\/aurinko-pimenee-mutta-kuinka-usein\/\",\"name\":\"Aurinko pimenee \u2013 mutta kuinka usein? - Taivaan t\u00e4hden\",\"isPartOf\":{\"@id\":\"https:\/\/suomenkuvalehti.fi\/taivaan-tahden\/#website\"},\"primaryImageOfPage\":{\"@id\":\"https:\/\/suomenkuvalehti.fi\/taivaan-tahden\/2018\/08\/11\/aurinko-pimenee-mutta-kuinka-usein\/#primaryimage\"},\"image\":{\"@id\":\"https:\/\/suomenkuvalehti.fi\/taivaan-tahden\/2018\/08\/11\/aurinko-pimenee-mutta-kuinka-usein\/#primaryimage\"},\"thumbnailUrl\":\"https:\/\/suomenkuvalehti.fi\/taivaan-tahden\/wp-content\/uploads\/sites\/36\/2018\/08\/pimennys_2015-1024x768.jpg\",\"datePublished\":\"2018-08-11T07:20:43+00:00\",\"author\":{\"@id\":\"https:\/\/suomenkuvalehti.fi\/taivaan-tahden\/#\/schema\/person\/c9c1373acb19750e11084ef640abeae0\"},\"breadcrumb\":{\"@id\":\"https:\/\/suomenkuvalehti.fi\/taivaan-tahden\/2018\/08\/11\/aurinko-pimenee-mutta-kuinka-usein\/#breadcrumb\"},\"inLanguage\":\"fi\",\"potentialAction\":[{\"@type\":\"ReadAction\",\"target\":[\"https:\/\/suomenkuvalehti.fi\/taivaan-tahden\/2018\/08\/11\/aurinko-pimenee-mutta-kuinka-usein\/\"]}]},{\"@type\":\"ImageObject\",\"inLanguage\":\"fi\",\"@id\":\"https:\/\/suomenkuvalehti.fi\/taivaan-tahden\/2018\/08\/11\/aurinko-pimenee-mutta-kuinka-usein\/#primaryimage\",\"url\":\"https:\/\/suomenkuvalehti.fi\/taivaan-tahden\/wp-content\/uploads\/sites\/36\/2018\/08\/pimennys_2015.jpg\",\"contentUrl\":\"https:\/\/suomenkuvalehti.fi\/taivaan-tahden\/wp-content\/uploads\/sites\/36\/2018\/08\/pimennys_2015.jpg\",\"width\":1181,\"height\":886},{\"@type\":\"BreadcrumbList\",\"@id\":\"https:\/\/suomenkuvalehti.fi\/taivaan-tahden\/2018\/08\/11\/aurinko-pimenee-mutta-kuinka-usein\/#breadcrumb\",\"itemListElement\":[{\"@type\":\"ListItem\",\"position\":1,\"name\":\"Home\",\"item\":\"https:\/\/suomenkuvalehti.fi\/taivaan-tahden\/\"},{\"@type\":\"ListItem\",\"position\":2,\"name\":\"Aurinko pimenee \u2013 mutta kuinka usein?\"}]},{\"@type\":\"WebSite\",\"@id\":\"https:\/\/suomenkuvalehti.fi\/taivaan-tahden\/#website\",\"url\":\"https:\/\/suomenkuvalehti.fi\/taivaan-tahden\/\",\"name\":\"Taivaan t\u00e4hden\",\"description\":\"Tiedetoimittaja Markus Hotakainen h\u00e4mm\u00e4stelee maailmankaikkeutta.\",\"potentialAction\":[{\"@type\":\"SearchAction\",\"target\":{\"@type\":\"EntryPoint\",\"urlTemplate\":\"https:\/\/suomenkuvalehti.fi\/haku\/?q={search_term_string}\"},\"query-input\":{\"@type\":\"PropertyValueSpecification\",\"valueRequired\":true,\"valueName\":\"search_term_string\"}}],\"inLanguage\":\"fi\"},{\"@type\":\"Person\",\"@id\":\"https:\/\/suomenkuvalehti.fi\/taivaan-tahden\/#\/schema\/person\/c9c1373acb19750e11084ef640abeae0\",\"name\":\"Markus Hotakainen\",\"image\":{\"@type\":\"ImageObject\",\"inLanguage\":\"fi\",\"@id\":\"https:\/\/suomenkuvalehti.fi\/taivaan-tahden\/#\/schema\/person\/image\/\",\"url\":\"https:\/\/suomenkuvalehti.fi\/taivaan-tahden\/wp-content\/uploads\/sites\/36\/2018\/05\/markus_hotakainen_blogi_pieni-150x150.jpg\",\"contentUrl\":\"https:\/\/suomenkuvalehti.fi\/taivaan-tahden\/wp-content\/uploads\/sites\/36\/2018\/05\/markus_hotakainen_blogi_pieni-150x150.jpg\",\"caption\":\"Markus Hotakainen\"},\"description\":\"Kirjoittaja on tiedetoimittaja ja tietokirjailija.\"}]}<\/script>\n<!-- \/ Yoast SEO plugin. -->","yoast_head_json":{"title":"Aurinko pimenee \u2013 mutta kuinka usein? - Taivaan t\u00e4hden","robots":{"index":"index","follow":"follow","max-snippet":"max-snippet:-1","max-image-preview":"max-image-preview:large","max-video-preview":"max-video-preview:-1"},"canonical":"https:\/\/suomenkuvalehti.fi\/taivaan-tahden\/2018\/08\/11\/aurinko-pimenee-mutta-kuinka-usein\/","og_locale":"fi_FI","og_type":"article","og_title":"Aurinko pimenee \u2013 mutta kuinka usein? - Taivaan t\u00e4hden","og_description":"Kun Maa on Auringon ja Kuun v\u00e4liss\u00e4, tapahtuu kuunpimennys \u2013 kuten viimeksi kaksi viikkoa sitten. Kun Kuu on Auringon ja Maan v\u00e4liss\u00e4, tapahtuu auringonpimennys \u2013 kuten viimeksi 28 vuotta sitten. Jos Maikkarin nettisivuihin on uskominen. Siis samaiseen sivustoon, joka pari vuotta sitten &hellip;","og_url":"https:\/\/suomenkuvalehti.fi\/taivaan-tahden\/2018\/08\/11\/aurinko-pimenee-mutta-kuinka-usein\/","og_site_name":"Taivaan t\u00e4hden","article_published_time":"2018-08-11T07:20:43+00:00","og_image":[{"width":1181,"height":886,"url":"https:\/\/suomenkuvalehti.fi\/taivaan-tahden\/wp-content\/uploads\/sites\/36\/2018\/08\/pimennys_2015.jpg","type":"image\/jpeg"}],"author":"Markus Hotakainen","twitter_card":"summary_large_image","twitter_misc":{"Written by":"Markus Hotakainen","Est. reading time":"1 minuutti"},"schema":{"@context":"https:\/\/schema.org","@graph":[{"@type":"WebPage","@id":"https:\/\/suomenkuvalehti.fi\/taivaan-tahden\/2018\/08\/11\/aurinko-pimenee-mutta-kuinka-usein\/","url":"https:\/\/suomenkuvalehti.fi\/taivaan-tahden\/2018\/08\/11\/aurinko-pimenee-mutta-kuinka-usein\/","name":"Aurinko pimenee \u2013 mutta kuinka usein? - Taivaan t\u00e4hden","isPartOf":{"@id":"https:\/\/suomenkuvalehti.fi\/taivaan-tahden\/#website"},"primaryImageOfPage":{"@id":"https:\/\/suomenkuvalehti.fi\/taivaan-tahden\/2018\/08\/11\/aurinko-pimenee-mutta-kuinka-usein\/#primaryimage"},"image":{"@id":"https:\/\/suomenkuvalehti.fi\/taivaan-tahden\/2018\/08\/11\/aurinko-pimenee-mutta-kuinka-usein\/#primaryimage"},"thumbnailUrl":"https:\/\/suomenkuvalehti.fi\/taivaan-tahden\/wp-content\/uploads\/sites\/36\/2018\/08\/pimennys_2015-1024x768.jpg","datePublished":"2018-08-11T07:20:43+00:00","author":{"@id":"https:\/\/suomenkuvalehti.fi\/taivaan-tahden\/#\/schema\/person\/c9c1373acb19750e11084ef640abeae0"},"breadcrumb":{"@id":"https:\/\/suomenkuvalehti.fi\/taivaan-tahden\/2018\/08\/11\/aurinko-pimenee-mutta-kuinka-usein\/#breadcrumb"},"inLanguage":"fi","potentialAction":[{"@type":"ReadAction","target":["https:\/\/suomenkuvalehti.fi\/taivaan-tahden\/2018\/08\/11\/aurinko-pimenee-mutta-kuinka-usein\/"]}]},{"@type":"ImageObject","inLanguage":"fi","@id":"https:\/\/suomenkuvalehti.fi\/taivaan-tahden\/2018\/08\/11\/aurinko-pimenee-mutta-kuinka-usein\/#primaryimage","url":"https:\/\/suomenkuvalehti.fi\/taivaan-tahden\/wp-content\/uploads\/sites\/36\/2018\/08\/pimennys_2015.jpg","contentUrl":"https:\/\/suomenkuvalehti.fi\/taivaan-tahden\/wp-content\/uploads\/sites\/36\/2018\/08\/pimennys_2015.jpg","width":1181,"height":886},{"@type":"BreadcrumbList","@id":"https:\/\/suomenkuvalehti.fi\/taivaan-tahden\/2018\/08\/11\/aurinko-pimenee-mutta-kuinka-usein\/#breadcrumb","itemListElement":[{"@type":"ListItem","position":1,"name":"Home","item":"https:\/\/suomenkuvalehti.fi\/taivaan-tahden\/"},{"@type":"ListItem","position":2,"name":"Aurinko pimenee \u2013 mutta kuinka usein?"}]},{"@type":"WebSite","@id":"https:\/\/suomenkuvalehti.fi\/taivaan-tahden\/#website","url":"https:\/\/suomenkuvalehti.fi\/taivaan-tahden\/","name":"Taivaan t\u00e4hden","description":"Tiedetoimittaja Markus Hotakainen h\u00e4mm\u00e4stelee maailmankaikkeutta.","potentialAction":[{"@type":"SearchAction","target":{"@type":"EntryPoint","urlTemplate":"https:\/\/suomenkuvalehti.fi\/haku\/?q={search_term_string}"},"query-input":{"@type":"PropertyValueSpecification","valueRequired":true,"valueName":"search_term_string"}}],"inLanguage":"fi"},{"@type":"Person","@id":"https:\/\/suomenkuvalehti.fi\/taivaan-tahden\/#\/schema\/person\/c9c1373acb19750e11084ef640abeae0","name":"Markus Hotakainen","image":{"@type":"ImageObject","inLanguage":"fi","@id":"https:\/\/suomenkuvalehti.fi\/taivaan-tahden\/#\/schema\/person\/image\/","url":"https:\/\/suomenkuvalehti.fi\/taivaan-tahden\/wp-content\/uploads\/sites\/36\/2018\/05\/markus_hotakainen_blogi_pieni-150x150.jpg","contentUrl":"https:\/\/suomenkuvalehti.fi\/taivaan-tahden\/wp-content\/uploads\/sites\/36\/2018\/05\/markus_hotakainen_blogi_pieni-150x150.jpg","caption":"Markus Hotakainen"},"description":"Kirjoittaja on tiedetoimittaja ja tietokirjailija."}]}},"_links":{"self":[{"href":"https:\/\/suomenkuvalehti.fi\/taivaan-tahden\/wp-json\/wp\/v2\/posts\/1708","targetHints":{"allow":["GET"]}}],"collection":[{"href":"https:\/\/suomenkuvalehti.fi\/taivaan-tahden\/wp-json\/wp\/v2\/posts"}],"about":[{"href":"https:\/\/suomenkuvalehti.fi\/taivaan-tahden\/wp-json\/wp\/v2\/types\/post"}],"author":[{"embeddable":true,"href":"https:\/\/suomenkuvalehti.fi\/taivaan-tahden\/wp-json\/wp\/v2\/users\/557"}],"replies":[{"embeddable":true,"href":"https:\/\/suomenkuvalehti.fi\/taivaan-tahden\/wp-json\/wp\/v2\/comments?post=1708"}],"version-history":[{"count":5,"href":"https:\/\/suomenkuvalehti.fi\/taivaan-tahden\/wp-json\/wp\/v2\/posts\/1708\/revisions"}],"predecessor-version":[{"id":1714,"href":"https:\/\/suomenkuvalehti.fi\/taivaan-tahden\/wp-json\/wp\/v2\/posts\/1708\/revisions\/1714"}],"wp:attachment":[{"href":"https:\/\/suomenkuvalehti.fi\/taivaan-tahden\/wp-json\/wp\/v2\/media?parent=1708"}],"wp:term":[{"taxonomy":"category","embeddable":true,"href":"https:\/\/suomenkuvalehti.fi\/taivaan-tahden\/wp-json\/wp\/v2\/categories?post=1708"},{"taxonomy":"post_tag","embeddable":true,"href":"https:\/\/suomenkuvalehti.fi\/taivaan-tahden\/wp-json\/wp\/v2\/tags?post=1708"}],"curies":[{"name":"wp","href":"https:\/\/api.w.org\/{rel}","templated":true}]}}