{"id":170,"date":"2015-06-30T18:00:28","date_gmt":"2015-06-30T15:00:28","guid":{"rendered":"https:\/\/suomenkuvalehti.fi\/taivaan-tahden\/?p=170"},"modified":"2015-06-27T03:06:46","modified_gmt":"2015-06-27T00:06:46","slug":"kimi-voitti-tour-de-francen","status":"publish","type":"post","link":"https:\/\/suomenkuvalehti.fi\/taivaan-tahden\/2015\/06\/30\/kimi-voitti-tour-de-francen\/","title":{"rendered":"Kimi voitti Tour de Francen!"},"content":{"rendered":"<figure class=\"aligncenter size-full wp-block-image\">\n  <div class=\"wp-block-image__inner-container\">\n    <a href=\"https:\/\/suomenkuvalehti.fi\/taivaan-tahden\/wp-content\/uploads\/sites\/36\/2015\/06\/571329main_pia14313-full_full.jpg\"><img loading=\"lazy\" decoding=\"async\" src=\"https:\/\/suomenkuvalehti.fi\/taivaan-tahden\/wp-content\/uploads\/sites\/36\/2015\/06\/571329main_pia14313-full_full.jpg\" alt=\"571329main_pia14313-full_full\" class=\"wp-image-172\" width=\"709\" height=\"436\" style=\"--aspect-ratio: 1.63\" srcset=\"https:\/\/suomenkuvalehti.fi\/taivaan-tahden\/wp-content\/uploads\/sites\/36\/2015\/06\/571329main_pia14313-full_full.jpg 709w, https:\/\/suomenkuvalehti.fi\/taivaan-tahden\/wp-content\/uploads\/sites\/36\/2015\/06\/571329main_pia14313-full_full-300x184.jpg 300w\" sizes=\"auto, (max-width: 709px) 100vw, 709px\" \/><\/a>    <figcaption class=\"wp-block-image__figcaption\">\n      Kuvan Vesta-asteroidi ei ehk\u00e4 liity tapaukseen. Kuva: NASA\/JPL-Caltech          <\/figcaption>\n      <\/div>\n<\/figure>\n\n\n<p>Vaikka ei edes seuraisi formulointia, kuka tahansa huomaa, ett\u00e4 yll\u00e4 olevassa otsikossa ei ole tolkun hivent\u00e4. Pitk\u00e4m\u00e4en ei my\u00f6sk\u00e4\u00e4n kerrota keskeytt\u00e4neen satasen aitoja eik\u00e4 Sel\u00e4nteen lopettaneen upeaa krokettiuraansa.<\/p>\n\n\n\n<p>Samanlaisella tarkkuudella kuitenkin uutisoidaan yh\u00e4 useammin tieteen tuoreimpia tuloksia ja ihan perusasioitakin.<\/p>\n\n\n\n<p>&#8221;Komea t\u00e4hdenlento oli meteoriitti.&#8221;<\/p>\n\n\n\n<p>&#8221;NASA havaitsi valoja k\u00e4\u00e4pi\u00f6planeetalla.&#8221;<\/p>\n\n\n\n<p>&#8221;Asteroidi ohittaa Maan l\u00e4hemp\u00e4\u00e4 kuin yksik\u00e4\u00e4n tunnettu asteroidi aiemmin.&#8221;<\/p>\n\n\n\n<p>&#8221;Yhdysvaltojen avaruushallinnon Dawn-luotain on ottanut ensimm\u00e4iset kuvat Cereksest\u00e4.&#8221;<\/p>\n\n\n\n<p>No mik\u00e4 n\u00e4iss\u00e4 nyt sitten on niin pahasti pieless\u00e4?<\/p>\n\n\n\n<p>T\u00e4hdenlennot eiv\u00e4t ole &#8221;meteoriitteja&#8221;&nbsp;\u2013 jotka ovat maanpinnalle t\u00f6m\u00e4ht\u00e4neit\u00e4 avaruuden kivi\u00e4 \u2013 vaan meteoreja, k\u00e4\u00e4pi\u00f6planeetan &#8221;valot&#8221; ovat pelkki\u00e4 vaaleampia alueita, useampikin asteroidi on ohittanut &#8221;Maan l\u00e4hemp\u00e4\u00e4&#8221; kuin uutisessa mainittu taivaankappale ja Dawn-luotain otti &#8221;ensimm\u00e4iset kuvat Cereksest\u00e4&#8221; jo useita kuukausia aikaisemmin.<\/p>\n\n\n\n<p>No mit\u00e4 v\u00e4li\u00e4?<\/p>\n\n\n\n<p>Useimpien mielest\u00e4 ei varmaankaan mit\u00e4\u00e4n. Ongelma vain on se, ett\u00e4 yh\u00e4 teknisemm\u00e4ksi k\u00e4yv\u00e4 yhteiskuntamme nojaa entist\u00e4 enemm\u00e4n tieteelliseen tutkimukseen ja sen tuloksiin, halusimmepa sit\u00e4 tai emme. Mennein\u00e4 aikoina hyv\u00e4ksi havaitulla maalaisj\u00e4rjell\u00e4 ei en\u00e4\u00e4 p\u00e4rj\u00e4\u00e4.<\/p>\n\n\n\n<p>Se on jo k\u00e4ynyt selv\u00e4ksi, ett\u00e4 p\u00e4\u00e4tt\u00e4jill\u00e4 ei keskim\u00e4\u00e4rin ole harmainta aavistusta mist\u00e4\u00e4n tieteeseen liittyv\u00e4st\u00e4 \u2013 eik\u00e4 sen puoleen ihmeemp\u00e4\u00e4 kiinnostustakaan. Vaikeita asioita, liikaa lukuja, pelkk\u00e4\u00e4 teoriaa, arkiel\u00e4m\u00e4lle vierasta\u2026<\/p>\n\n\n\n<p>Siksi suurelle yleis\u00f6lle olisi sit\u00e4kin t\u00e4rke\u00e4mp\u00e4\u00e4 kertoa tieteest\u00e4, tutkimuksesta ja saavutetuista tuloksista eksaktisti, t\u00e4sm\u00e4llisesti ja oikein! Ihmiset ovat kuitenkin kiinnostuneita tieteest\u00e4 ja tekniikasta, se on todettu lukuisissa kyselyiss\u00e4 ja gallupeissa.<\/p>\n\n\n\n<p>Ja sen on noteerannut my\u00f6s media. Yh\u00e4 useammassa aviisissa kerrotaan tieteest\u00e4, jos ei nyt ihan tiedesivuiksi saakka, niin koti- ja ulkomaan uutisten seassa nyt kumminkin. J\u00e4lki on kuitenkin aivan liian usein j\u00e4rkytt\u00e4v\u00e4n ala-arvoista, toisinaan pelkk\u00e4\u00e4 potaskaa.<\/p>\n\n\n\n<p>Tieteelliselle tutkimukselle on luonteenomaista, ett\u00e4 monet asiat ovat ep\u00e4varmoja, tulokset alustavia tai havainnot ristiriitaisia. Sellaisista on tietysti hankala kertoa kovin tarkasti eik\u00e4 sit\u00e4 kukaan oleta tai vaadikaan.<\/p>\n\n\n\n<p>Iso osa nykytiet\u00e4myksest\u00e4 on kuitenkin niin tarkkaa kuin tieteess\u00e4 ylip\u00e4\u00e4t\u00e4\u00e4n on mahdollista &#8211; jos ei muuten, niin terminologian osalta. Mutta kun sek\u00e4\u00e4n ei tunnu mill\u00e4\u00e4n menev\u00e4n kohdilleen.<\/p>\n\n\n\n<p>Formulakuski ei voi voittaa Tour de Francea eik\u00e4 Linnunrata ole sama kuin Aurinkokunta, vaikka lehden sivuilla tai nettitekstiss\u00e4 niin v\u00e4itett\u00e4isiinkin. Kuten todettua, ensin mainitun faktan tiet\u00e4v\u00e4t kaikki, j\u00e4lkimm\u00e4inen tuntuu tulevan joillekin tieteest\u00e4 kirjoittaville toimittajillekin yll\u00e4tyksen\u00e4.<\/p>\n\n\n\n<p>Miksi aikakaudella, jolloin asioiden tarkistaminen on helpompaa ja nopeampaa kuin koskaan aiemmin ihmiskunnan historiassa, asioiden tarkistaminen j\u00e4tet\u00e4\u00e4n yh\u00e4 useammin kokonaan tekem\u00e4tt\u00e4 ja luotetaan mutu-tuntumaan, joka ei ole tiedeuutisoinnille kovin vankka perusta?<\/p>\n\n\n\n<p>Tiede on vaikeaa, mutta ei niin vaikeaa.<\/p>\n\n\n","protected":false},"excerpt":{"rendered":"<p>Vaikka ei edes seuraisi formulointia, kuka tahansa huomaa, ett\u00e4 yll\u00e4 olevassa otsikossa ei ole tolkun hivent\u00e4. Pitk\u00e4m\u00e4en ei my\u00f6sk\u00e4\u00e4n kerrota keskeytt\u00e4neen satasen aitoja eik\u00e4 Sel\u00e4nteen lopettaneen upeaa krokettiuraansa. Samanlaisella tarkkuudella kuitenkin uutisoidaan yh\u00e4 useammin tieteen<br \/>\ntuoreimpia &hellip;<\/p>\n","protected":false},"author":557,"featured_media":0,"comment_status":"open","ping_status":"open","sticky":false,"template":"","format":"standard","meta":{"_acf_changed":false,"asauth_required_access_level":3,"asauth_cansharepaid":"true","om_header_attributes":[],"footnotes":"","om_featured_image_focal_point":[],"om_primary_tag":0,"om_contributors":[],"om_co_authors":[],"beyondwords_generate_audio":"","beyondwords_project_id":"","beyondwords_content_id":"","beyondwords_preview_token":"","beyondwords_player_content":"","beyondwords_player_style":"","beyondwords_language_code":"","beyondwords_language_id":"","beyondwords_title_voice_id":"","beyondwords_body_voice_id":"","beyondwords_summary_voice_id":"","beyondwords_error_message":"","beyondwords_disabled":"","beyondwords_delete_content":"","beyondwords_podcast_id":"","beyondwords_hash":"","publish_post_to_speechkit":"","speechkit_hash":"","speechkit_generate_audio":"","speechkit_project_id":"","speechkit_podcast_id":"","speechkit_error_message":"","speechkit_disabled":"","speechkit_access_key":"","speechkit_error":"","speechkit_info":"","speechkit_response":"","speechkit_retries":"","speechkit_status":"","speechkit_updated_at":"","_speechkit_link":"","_speechkit_text":""},"categories":[1],"tags":[42,41],"class_list":["post-170","post","type-post","status-publish","format-standard","hentry","category-taivaan-tahden","tag-popularisointi","tag-tiede"],"om_views":null,"acf":{"tuuma_off":false,"tuuma_kysymys":"","tuuma_vastaus":""},"asauth":{"required_access_level":1,"share_token":"","is_paid":false},"yoast_head":"<!-- This site is optimized with the Yoast SEO plugin v26.4 - https:\/\/yoast.com\/wordpress\/plugins\/seo\/ -->\n<title>Kimi voitti Tour de Francen! - Taivaan t\u00e4hden<\/title>\n<meta name=\"robots\" content=\"index, follow, max-snippet:-1, max-image-preview:large, max-video-preview:-1\" \/>\n<link rel=\"canonical\" href=\"https:\/\/suomenkuvalehti.fi\/taivaan-tahden\/2015\/06\/30\/kimi-voitti-tour-de-francen\/\" \/>\n<meta property=\"og:locale\" content=\"fi_FI\" \/>\n<meta property=\"og:type\" content=\"article\" \/>\n<meta property=\"og:title\" content=\"Kimi voitti Tour de Francen! - Taivaan t\u00e4hden\" \/>\n<meta property=\"og:description\" content=\"Vaikka ei edes seuraisi formulointia, kuka tahansa huomaa, ett\u00e4 yll\u00e4 olevassa otsikossa ei ole tolkun hivent\u00e4. Pitk\u00e4m\u00e4en ei my\u00f6sk\u00e4\u00e4n kerrota keskeytt\u00e4neen satasen aitoja eik\u00e4 Sel\u00e4nteen lopettaneen upeaa krokettiuraansa. Samanlaisella tarkkuudella kuitenkin uutisoidaan yh\u00e4 useammin tieteen tuoreimpia &hellip;\" \/>\n<meta property=\"og:url\" content=\"https:\/\/suomenkuvalehti.fi\/taivaan-tahden\/2015\/06\/30\/kimi-voitti-tour-de-francen\/\" \/>\n<meta property=\"og:site_name\" content=\"Taivaan t\u00e4hden\" \/>\n<meta property=\"article:published_time\" content=\"2015-06-30T15:00:28+00:00\" \/>\n<meta property=\"og:image\" content=\"https:\/\/suomenkuvalehti.fi\/taivaan-tahden\/wp-content\/uploads\/sites\/36\/2015\/06\/571329main_pia14313-full_full.jpg\" \/>\n<meta name=\"author\" content=\"Markus Hotakainen\" \/>\n<meta name=\"twitter:card\" content=\"summary_large_image\" \/>\n<meta name=\"twitter:label1\" content=\"Written by\" \/>\n\t<meta name=\"twitter:data1\" content=\"Markus Hotakainen\" \/>\n\t<meta name=\"twitter:label2\" content=\"Est. reading time\" \/>\n\t<meta name=\"twitter:data2\" content=\"2 minuuttia\" \/>\n<script type=\"application\/ld+json\" class=\"yoast-schema-graph\">{\"@context\":\"https:\/\/schema.org\",\"@graph\":[{\"@type\":\"WebPage\",\"@id\":\"https:\/\/suomenkuvalehti.fi\/taivaan-tahden\/2015\/06\/30\/kimi-voitti-tour-de-francen\/\",\"url\":\"https:\/\/suomenkuvalehti.fi\/taivaan-tahden\/2015\/06\/30\/kimi-voitti-tour-de-francen\/\",\"name\":\"Kimi voitti Tour de Francen! - Taivaan t\u00e4hden\",\"isPartOf\":{\"@id\":\"https:\/\/suomenkuvalehti.fi\/taivaan-tahden\/#website\"},\"primaryImageOfPage\":{\"@id\":\"https:\/\/suomenkuvalehti.fi\/taivaan-tahden\/2015\/06\/30\/kimi-voitti-tour-de-francen\/#primaryimage\"},\"image\":{\"@id\":\"https:\/\/suomenkuvalehti.fi\/taivaan-tahden\/2015\/06\/30\/kimi-voitti-tour-de-francen\/#primaryimage\"},\"thumbnailUrl\":\"https:\/\/suomenkuvalehti.fi\/taivaan-tahden\/wp-content\/uploads\/sites\/36\/2015\/06\/571329main_pia14313-full_full.jpg\",\"datePublished\":\"2015-06-30T15:00:28+00:00\",\"author\":{\"@id\":\"https:\/\/suomenkuvalehti.fi\/taivaan-tahden\/#\/schema\/person\/c9c1373acb19750e11084ef640abeae0\"},\"breadcrumb\":{\"@id\":\"https:\/\/suomenkuvalehti.fi\/taivaan-tahden\/2015\/06\/30\/kimi-voitti-tour-de-francen\/#breadcrumb\"},\"inLanguage\":\"fi\",\"potentialAction\":[{\"@type\":\"ReadAction\",\"target\":[\"https:\/\/suomenkuvalehti.fi\/taivaan-tahden\/2015\/06\/30\/kimi-voitti-tour-de-francen\/\"]}]},{\"@type\":\"ImageObject\",\"inLanguage\":\"fi\",\"@id\":\"https:\/\/suomenkuvalehti.fi\/taivaan-tahden\/2015\/06\/30\/kimi-voitti-tour-de-francen\/#primaryimage\",\"url\":\"https:\/\/suomenkuvalehti.fi\/taivaan-tahden\/wp-content\/uploads\/sites\/36\/2015\/06\/571329main_pia14313-full_full.jpg\",\"contentUrl\":\"https:\/\/suomenkuvalehti.fi\/taivaan-tahden\/wp-content\/uploads\/sites\/36\/2015\/06\/571329main_pia14313-full_full.jpg\"},{\"@type\":\"BreadcrumbList\",\"@id\":\"https:\/\/suomenkuvalehti.fi\/taivaan-tahden\/2015\/06\/30\/kimi-voitti-tour-de-francen\/#breadcrumb\",\"itemListElement\":[{\"@type\":\"ListItem\",\"position\":1,\"name\":\"Home\",\"item\":\"https:\/\/suomenkuvalehti.fi\/taivaan-tahden\/\"},{\"@type\":\"ListItem\",\"position\":2,\"name\":\"Kimi voitti Tour de Francen!\"}]},{\"@type\":\"WebSite\",\"@id\":\"https:\/\/suomenkuvalehti.fi\/taivaan-tahden\/#website\",\"url\":\"https:\/\/suomenkuvalehti.fi\/taivaan-tahden\/\",\"name\":\"Taivaan t\u00e4hden\",\"description\":\"Tiedetoimittaja Markus Hotakainen h\u00e4mm\u00e4stelee maailmankaikkeutta.\",\"potentialAction\":[{\"@type\":\"SearchAction\",\"target\":{\"@type\":\"EntryPoint\",\"urlTemplate\":\"https:\/\/suomenkuvalehti.fi\/haku\/?q={search_term_string}\"},\"query-input\":{\"@type\":\"PropertyValueSpecification\",\"valueRequired\":true,\"valueName\":\"search_term_string\"}}],\"inLanguage\":\"fi\"},{\"@type\":\"Person\",\"@id\":\"https:\/\/suomenkuvalehti.fi\/taivaan-tahden\/#\/schema\/person\/c9c1373acb19750e11084ef640abeae0\",\"name\":\"Markus Hotakainen\",\"image\":{\"@type\":\"ImageObject\",\"inLanguage\":\"fi\",\"@id\":\"https:\/\/suomenkuvalehti.fi\/taivaan-tahden\/#\/schema\/person\/image\/\",\"url\":\"https:\/\/suomenkuvalehti.fi\/taivaan-tahden\/wp-content\/uploads\/sites\/36\/2018\/05\/markus_hotakainen_blogi_pieni-150x150.jpg\",\"contentUrl\":\"https:\/\/suomenkuvalehti.fi\/taivaan-tahden\/wp-content\/uploads\/sites\/36\/2018\/05\/markus_hotakainen_blogi_pieni-150x150.jpg\",\"caption\":\"Markus Hotakainen\"},\"description\":\"Kirjoittaja on tiedetoimittaja ja tietokirjailija.\"}]}<\/script>\n<!-- \/ Yoast SEO plugin. -->","yoast_head_json":{"title":"Kimi voitti Tour de Francen! - Taivaan t\u00e4hden","robots":{"index":"index","follow":"follow","max-snippet":"max-snippet:-1","max-image-preview":"max-image-preview:large","max-video-preview":"max-video-preview:-1"},"canonical":"https:\/\/suomenkuvalehti.fi\/taivaan-tahden\/2015\/06\/30\/kimi-voitti-tour-de-francen\/","og_locale":"fi_FI","og_type":"article","og_title":"Kimi voitti Tour de Francen! - Taivaan t\u00e4hden","og_description":"Vaikka ei edes seuraisi formulointia, kuka tahansa huomaa, ett\u00e4 yll\u00e4 olevassa otsikossa ei ole tolkun hivent\u00e4. Pitk\u00e4m\u00e4en ei my\u00f6sk\u00e4\u00e4n kerrota keskeytt\u00e4neen satasen aitoja eik\u00e4 Sel\u00e4nteen lopettaneen upeaa krokettiuraansa. Samanlaisella tarkkuudella kuitenkin uutisoidaan yh\u00e4 useammin tieteen tuoreimpia &hellip;","og_url":"https:\/\/suomenkuvalehti.fi\/taivaan-tahden\/2015\/06\/30\/kimi-voitti-tour-de-francen\/","og_site_name":"Taivaan t\u00e4hden","article_published_time":"2015-06-30T15:00:28+00:00","og_image":[{"url":"https:\/\/suomenkuvalehti.fi\/taivaan-tahden\/wp-content\/uploads\/sites\/36\/2015\/06\/571329main_pia14313-full_full.jpg","type":"","width":"","height":""}],"author":"Markus Hotakainen","twitter_card":"summary_large_image","twitter_misc":{"Written by":"Markus Hotakainen","Est. reading time":"2 minuuttia"},"schema":{"@context":"https:\/\/schema.org","@graph":[{"@type":"WebPage","@id":"https:\/\/suomenkuvalehti.fi\/taivaan-tahden\/2015\/06\/30\/kimi-voitti-tour-de-francen\/","url":"https:\/\/suomenkuvalehti.fi\/taivaan-tahden\/2015\/06\/30\/kimi-voitti-tour-de-francen\/","name":"Kimi voitti Tour de Francen! - Taivaan t\u00e4hden","isPartOf":{"@id":"https:\/\/suomenkuvalehti.fi\/taivaan-tahden\/#website"},"primaryImageOfPage":{"@id":"https:\/\/suomenkuvalehti.fi\/taivaan-tahden\/2015\/06\/30\/kimi-voitti-tour-de-francen\/#primaryimage"},"image":{"@id":"https:\/\/suomenkuvalehti.fi\/taivaan-tahden\/2015\/06\/30\/kimi-voitti-tour-de-francen\/#primaryimage"},"thumbnailUrl":"https:\/\/suomenkuvalehti.fi\/taivaan-tahden\/wp-content\/uploads\/sites\/36\/2015\/06\/571329main_pia14313-full_full.jpg","datePublished":"2015-06-30T15:00:28+00:00","author":{"@id":"https:\/\/suomenkuvalehti.fi\/taivaan-tahden\/#\/schema\/person\/c9c1373acb19750e11084ef640abeae0"},"breadcrumb":{"@id":"https:\/\/suomenkuvalehti.fi\/taivaan-tahden\/2015\/06\/30\/kimi-voitti-tour-de-francen\/#breadcrumb"},"inLanguage":"fi","potentialAction":[{"@type":"ReadAction","target":["https:\/\/suomenkuvalehti.fi\/taivaan-tahden\/2015\/06\/30\/kimi-voitti-tour-de-francen\/"]}]},{"@type":"ImageObject","inLanguage":"fi","@id":"https:\/\/suomenkuvalehti.fi\/taivaan-tahden\/2015\/06\/30\/kimi-voitti-tour-de-francen\/#primaryimage","url":"https:\/\/suomenkuvalehti.fi\/taivaan-tahden\/wp-content\/uploads\/sites\/36\/2015\/06\/571329main_pia14313-full_full.jpg","contentUrl":"https:\/\/suomenkuvalehti.fi\/taivaan-tahden\/wp-content\/uploads\/sites\/36\/2015\/06\/571329main_pia14313-full_full.jpg"},{"@type":"BreadcrumbList","@id":"https:\/\/suomenkuvalehti.fi\/taivaan-tahden\/2015\/06\/30\/kimi-voitti-tour-de-francen\/#breadcrumb","itemListElement":[{"@type":"ListItem","position":1,"name":"Home","item":"https:\/\/suomenkuvalehti.fi\/taivaan-tahden\/"},{"@type":"ListItem","position":2,"name":"Kimi voitti Tour de Francen!"}]},{"@type":"WebSite","@id":"https:\/\/suomenkuvalehti.fi\/taivaan-tahden\/#website","url":"https:\/\/suomenkuvalehti.fi\/taivaan-tahden\/","name":"Taivaan t\u00e4hden","description":"Tiedetoimittaja Markus Hotakainen h\u00e4mm\u00e4stelee maailmankaikkeutta.","potentialAction":[{"@type":"SearchAction","target":{"@type":"EntryPoint","urlTemplate":"https:\/\/suomenkuvalehti.fi\/haku\/?q={search_term_string}"},"query-input":{"@type":"PropertyValueSpecification","valueRequired":true,"valueName":"search_term_string"}}],"inLanguage":"fi"},{"@type":"Person","@id":"https:\/\/suomenkuvalehti.fi\/taivaan-tahden\/#\/schema\/person\/c9c1373acb19750e11084ef640abeae0","name":"Markus Hotakainen","image":{"@type":"ImageObject","inLanguage":"fi","@id":"https:\/\/suomenkuvalehti.fi\/taivaan-tahden\/#\/schema\/person\/image\/","url":"https:\/\/suomenkuvalehti.fi\/taivaan-tahden\/wp-content\/uploads\/sites\/36\/2018\/05\/markus_hotakainen_blogi_pieni-150x150.jpg","contentUrl":"https:\/\/suomenkuvalehti.fi\/taivaan-tahden\/wp-content\/uploads\/sites\/36\/2018\/05\/markus_hotakainen_blogi_pieni-150x150.jpg","caption":"Markus Hotakainen"},"description":"Kirjoittaja on tiedetoimittaja ja tietokirjailija."}]}},"_links":{"self":[{"href":"https:\/\/suomenkuvalehti.fi\/taivaan-tahden\/wp-json\/wp\/v2\/posts\/170","targetHints":{"allow":["GET"]}}],"collection":[{"href":"https:\/\/suomenkuvalehti.fi\/taivaan-tahden\/wp-json\/wp\/v2\/posts"}],"about":[{"href":"https:\/\/suomenkuvalehti.fi\/taivaan-tahden\/wp-json\/wp\/v2\/types\/post"}],"author":[{"embeddable":true,"href":"https:\/\/suomenkuvalehti.fi\/taivaan-tahden\/wp-json\/wp\/v2\/users\/557"}],"replies":[{"embeddable":true,"href":"https:\/\/suomenkuvalehti.fi\/taivaan-tahden\/wp-json\/wp\/v2\/comments?post=170"}],"version-history":[{"count":3,"href":"https:\/\/suomenkuvalehti.fi\/taivaan-tahden\/wp-json\/wp\/v2\/posts\/170\/revisions"}],"predecessor-version":[{"id":174,"href":"https:\/\/suomenkuvalehti.fi\/taivaan-tahden\/wp-json\/wp\/v2\/posts\/170\/revisions\/174"}],"wp:attachment":[{"href":"https:\/\/suomenkuvalehti.fi\/taivaan-tahden\/wp-json\/wp\/v2\/media?parent=170"}],"wp:term":[{"taxonomy":"category","embeddable":true,"href":"https:\/\/suomenkuvalehti.fi\/taivaan-tahden\/wp-json\/wp\/v2\/categories?post=170"},{"taxonomy":"post_tag","embeddable":true,"href":"https:\/\/suomenkuvalehti.fi\/taivaan-tahden\/wp-json\/wp\/v2\/tags?post=170"}],"curies":[{"name":"wp","href":"https:\/\/api.w.org\/{rel}","templated":true}]}}