{"id":1672,"date":"2018-07-06T20:00:54","date_gmt":"2018-07-06T17:00:54","guid":{"rendered":"https:\/\/suomenkuvalehti.fi\/taivaan-tahden\/?p=1672"},"modified":"2018-07-06T13:05:52","modified_gmt":"2018-07-06T10:05:52","slug":"webb-teleskooppi-avaruuden-lansimetro","status":"publish","type":"post","link":"https:\/\/suomenkuvalehti.fi\/taivaan-tahden\/2018\/07\/06\/webb-teleskooppi-avaruuden-lansimetro\/","title":{"rendered":"Webb-teleskooppi, avaruuden l\u00e4nsimetro"},"content":{"rendered":"<figure class=\"aligncenter size-large is-resized wp-block-image\">\n  <div class=\"wp-block-image__inner-container\">\n    <a href=\"https:\/\/suomenkuvalehti.fi\/taivaan-tahden\/wp-content\/uploads\/sites\/36\/2018\/07\/webb_nasa.jpg\"><img loading=\"lazy\" decoding=\"async\" src=\"https:\/\/suomenkuvalehti.fi\/taivaan-tahden\/wp-content\/uploads\/sites\/36\/2018\/07\/webb_nasa-1024x670.jpg\" alt=\"\" class=\"wp-image-1673\" width=\"1024\" height=\"670\" style=\"--aspect-ratio: 1.53\" srcset=\"https:\/\/suomenkuvalehti.fi\/taivaan-tahden\/wp-content\/uploads\/sites\/36\/2018\/07\/webb_nasa-1024x670.jpg 1024w, https:\/\/suomenkuvalehti.fi\/taivaan-tahden\/wp-content\/uploads\/sites\/36\/2018\/07\/webb_nasa-300x196.jpg 300w, https:\/\/suomenkuvalehti.fi\/taivaan-tahden\/wp-content\/uploads\/sites\/36\/2018\/07\/webb_nasa-768x502.jpg 768w, https:\/\/suomenkuvalehti.fi\/taivaan-tahden\/wp-content\/uploads\/sites\/36\/2018\/07\/webb_nasa-630x412.jpg 630w, https:\/\/suomenkuvalehti.fi\/taivaan-tahden\/wp-content\/uploads\/sites\/36\/2018\/07\/webb_nasa.jpg 1575w\" sizes=\"auto, (max-width: 1024px) 100vw, 1024px\" \/><\/a>    <figcaption class=\"wp-block-image__figcaption\">\n      Webb-avaruusteleskoopin 6,5-metrinen peili rakentuu kuusikulmaisista palasista. Kuva NASA          <\/figcaption>\n      <\/div>\n<\/figure>\n\n\n<p><span class=\"capitalized\">Kev\u00e4\u00e4ll\u00e4 1990<\/span> avaruussukkulalla vietiin Maata kiert\u00e4v\u00e4lle radalle Hubble-avaruusteleskooppi. Se mullisti t\u00e4htitieteen, sill\u00e4 ensi kertaa havaintoja h\u00e4iritsev\u00e4n ilmakeh\u00e4n ulkopuolelta voitiin katsella kaukaiseen maailmankaikkeuteen isolla kaukoputkella.<\/p>\n\n\n\n<p>Paitsi ett\u00e4 2,4-metrisen p\u00e4\u00e4peilin hionta- ja mittavirheen takia teleskooppi oli likin\u00e4k\u00f6inen.<\/p>\n\n\n\n<p>Onneksi Hubble kiert\u00e4\u00e4 Maata vain noin 550 kilometrin korkeudessa, joten sit\u00e4 voitiin k\u00e4yd\u00e4 huoltamassa paikan p\u00e4\u00e4ll\u00e4. Avaruussukkulalla viety korjausoptiikka paikkasi pahan virheen ja sittemmin muilla huoltolennoilla Hubblen k\u00e4ytt\u00f6ik\u00e4\u00e4 on voitu venytt\u00e4\u00e4 paljon kaavailtua pidemm\u00e4ksi.<\/p>\n\n\n\n<p>Onneksi, sill\u00e4 sen seuraajaksi alettiin vuonna 1996 suunnitella uutta, entist\u00e4 isompaa kaukoputkea, joka ei ole viel\u00e4k\u00e4\u00e4n avaruudessa.<\/p>\n\n\n\n<p>Samaan tapaan kuin l\u00e4nsimetro, jonka k\u00e4ytt\u00f6\u00f6nottoa siirrettiin ensin vuodesta toiseen ja loppuvaiheissa kuukaudesta toiseen \u2013 metron loppuosalla liikenn\u00f6inti alkaa vasta 2023 tai 2024, ehk\u00e4 \u2013 Webb-avaruusteleskooppi on k\u00e4rsinyt teknisist\u00e4 ongelmista, aikatauluviiv\u00e4styksist\u00e4 ja budjettiylityksist\u00e4.<\/p>\n\n\n\n<p><span class=\"capitalized\">Viime kev\u00e4\u00e4n\u00e4<\/span> Webbin laukaisua lyk\u00e4ttiin kev\u00e4\u00e4seen 2020 ja kes\u00e4kuun lopulla sit\u00e4 siirrettiin j\u00e4lleen kerran, nyt maaliskuuhun 2021. Jos se tosiaan saadaan silloin avaruuteen, on koko prosessi suunnittelun aloittamisesta teleskoopin k\u00e4ytt\u00f6\u00f6nottoon kest\u00e4nyt nelj\u00e4nnesvuosisadan.<\/p>\n\n\n\n<p>6,5 metrin mosaiikkipeilill\u00e4 varustetun, avaruudessa omillaan toimivan kaukoputken rakentaminen on tuskin kenenk\u00e4\u00e4n mielest\u00e4 helppoa, mutta ei siihen nyt tuolla siivolla pit\u00e4isi t\u00e4rv\u00e4\u00e4nty\u00e4 aikaa.<\/p>\n\n\n\n<p>Webb-avaruusteleskoopin keskeinen ongelma on samalla sen oleellisin ero Hubbleen verrattuna.<\/p>\n\n\n\n<p>Hubble kiert\u00e4\u00e4 Maata radalla, jolla sen luokse voi menn\u00e4 tekem\u00e4\u00e4n korjauksia. Nykyisin se ei en\u00e4\u00e4 onnistu, koska sukkulalaivasto on museoitu, mutta aikoinaan optiikan ongelmat voitiin ratkaista ja vikaantuneet osat vaihtaa huoltolennoilla.<\/p>\n\n\n\n<blockquote class=\"wp-block-quote\"><p>Jos jotain menee rikki, se my\u00f6s pysyy rikki.<\/p><\/blockquote>\n\n\n\n<p>Webb l\u00e4hetet\u00e4\u00e4n paljon kauemmas, noin 1,5 miljoonan kilometrin p\u00e4\u00e4ss\u00e4 sijaitsevaan niin sanottuun Lagrangen pisteeseen. Siell\u00e4 teleskooppi on et\u00e4\u00e4ll\u00e4 Maan aiheuttamista h\u00e4iri\u00f6ist\u00e4 ja &#8221;s\u00e4teilysaasteesta&#8221;, ja lis\u00e4ksi se pysyy Maan ja Auringon suhteen paikallaan. N\u00e4kym\u00e4 maailmankaikkeuteen on esteet\u00f6n.<\/p>\n\n\n\n<p><span class=\"capitalized\">Suuri et\u00e4isyys<\/span> merkitsee kuitenkin sit\u00e4, ett\u00e4 Webb-avaruusteleskooppia ei voi huoltaa. Jos jotain menee rikki, se my\u00f6s pysyy rikki. Kun monet Hubblen osat \u2013 aurinkopaneeleista kameroihin ja ohjausj\u00e4rjestelmiin \u2013 suunniteltiin alun perinkin vaihdettaviksi, Webb on pit\u00e4nyt tehd\u00e4 huoltovapaaksi.<\/p>\n\n\n\n<p>Vaikka avaruustekniikasta on kokemusta jo yli 60 vuoden ajalta, takuuvarmasti toimivien laitteiden tekeminen ei ole edelleenk\u00e4\u00e4n ihan yksinkertaista.<\/p>\n\n\n\n<p>Kaiken lis\u00e4ksi Webb-teleskooppi on avaruudessa avautuvine palapelipeileineen, valtavine aurinkosuojineen ja avoimine rakenteineen niin monimutkainen aparaatti, ett\u00e4 vastaavan rakentaminen maanp\u00e4\u00e4lliseen k\u00e4ytt\u00f6\u00f6nkin olisi vaikeaa.<\/p>\n\n\n\n<p>Mutta ehk\u00e4 se viel\u00e4 joskus saadaan k\u00e4ytt\u00f6kuntoon. Saatiinhan l\u00e4nsimetrokin.<\/p>\n\n\n","protected":false},"excerpt":{"rendered":"<p>Kev\u00e4\u00e4ll\u00e4 1990 avaruussukkulalla vietiin Maata kiert\u00e4v\u00e4lle radalle Hubble-avaruusteleskooppi. Se mullisti t\u00e4htitieteen, sill\u00e4 ensi kertaa havaintoja h\u00e4iritsev\u00e4n ilmakeh\u00e4n ulkopuolelta voitiin katsella kaukaiseen maailmankaikkeuteen isolla kaukoputkella. Paitsi ett\u00e4 2,4-metrisen<br \/>\np\u00e4\u00e4peilin &hellip;<\/p>\n","protected":false},"author":557,"featured_media":0,"comment_status":"open","ping_status":"open","sticky":false,"template":"","format":"standard","meta":{"_acf_changed":false,"asauth_required_access_level":3,"asauth_cansharepaid":"true","om_header_attributes":[],"footnotes":"","om_featured_image_focal_point":[],"om_primary_tag":0,"om_contributors":[],"om_co_authors":[],"beyondwords_generate_audio":"","beyondwords_project_id":"","beyondwords_content_id":"","beyondwords_preview_token":"","beyondwords_player_content":"","beyondwords_player_style":"","beyondwords_language_code":"","beyondwords_language_id":"","beyondwords_title_voice_id":"","beyondwords_body_voice_id":"","beyondwords_summary_voice_id":"","beyondwords_error_message":"","beyondwords_disabled":"","beyondwords_delete_content":"","beyondwords_podcast_id":"","beyondwords_hash":"","publish_post_to_speechkit":"","speechkit_hash":"","speechkit_generate_audio":"","speechkit_project_id":"","speechkit_podcast_id":"","speechkit_error_message":"","speechkit_disabled":"","speechkit_access_key":"","speechkit_error":"","speechkit_info":"","speechkit_response":"","speechkit_retries":"","speechkit_status":"","speechkit_updated_at":"","_speechkit_link":"","_speechkit_text":""},"categories":[1],"tags":[162,427,514,97],"class_list":["post-1672","post","type-post","status-publish","format-standard","hentry","category-taivaan-tahden","tag-avaruussukkula","tag-hubble-avaruusteleskooppi","tag-lansimetro","tag-webb-avaruusteleskooppi"],"om_views":null,"acf":{"tuuma_off":false,"tuuma_kysymys":"","tuuma_vastaus":""},"asauth":{"required_access_level":1,"share_token":"","is_paid":false},"yoast_head":"<!-- This site is optimized with the Yoast SEO plugin v26.4 - https:\/\/yoast.com\/wordpress\/plugins\/seo\/ -->\n<title>Webb-teleskooppi, avaruuden l\u00e4nsimetro - Taivaan t\u00e4hden<\/title>\n<meta name=\"robots\" content=\"index, follow, max-snippet:-1, max-image-preview:large, max-video-preview:-1\" \/>\n<link rel=\"canonical\" href=\"https:\/\/suomenkuvalehti.fi\/taivaan-tahden\/2018\/07\/06\/webb-teleskooppi-avaruuden-lansimetro\/\" \/>\n<meta property=\"og:locale\" content=\"fi_FI\" \/>\n<meta property=\"og:type\" content=\"article\" \/>\n<meta property=\"og:title\" content=\"Webb-teleskooppi, avaruuden l\u00e4nsimetro - Taivaan t\u00e4hden\" \/>\n<meta property=\"og:description\" content=\"Kev\u00e4\u00e4ll\u00e4 1990 avaruussukkulalla vietiin Maata kiert\u00e4v\u00e4lle radalle Hubble-avaruusteleskooppi. Se mullisti t\u00e4htitieteen, sill\u00e4 ensi kertaa havaintoja h\u00e4iritsev\u00e4n ilmakeh\u00e4n ulkopuolelta voitiin katsella kaukaiseen maailmankaikkeuteen isolla kaukoputkella. Paitsi ett\u00e4 2,4-metrisen p\u00e4\u00e4peilin &hellip;\" \/>\n<meta property=\"og:url\" content=\"https:\/\/suomenkuvalehti.fi\/taivaan-tahden\/2018\/07\/06\/webb-teleskooppi-avaruuden-lansimetro\/\" \/>\n<meta property=\"og:site_name\" content=\"Taivaan t\u00e4hden\" \/>\n<meta property=\"article:published_time\" content=\"2018-07-06T17:00:54+00:00\" \/>\n<meta property=\"og:image\" content=\"https:\/\/suomenkuvalehti.fi\/taivaan-tahden\/wp-content\/uploads\/sites\/36\/2018\/07\/webb_nasa.jpg\" \/>\n\t<meta property=\"og:image:width\" content=\"1575\" \/>\n\t<meta property=\"og:image:height\" content=\"1030\" \/>\n\t<meta property=\"og:image:type\" content=\"image\/jpeg\" \/>\n<meta name=\"author\" content=\"Markus Hotakainen\" \/>\n<meta name=\"twitter:card\" content=\"summary_large_image\" \/>\n<meta name=\"twitter:label1\" content=\"Written by\" \/>\n\t<meta name=\"twitter:data1\" content=\"Markus Hotakainen\" \/>\n\t<meta name=\"twitter:label2\" content=\"Est. reading time\" \/>\n\t<meta name=\"twitter:data2\" content=\"2 minuuttia\" \/>\n<script type=\"application\/ld+json\" class=\"yoast-schema-graph\">{\"@context\":\"https:\/\/schema.org\",\"@graph\":[{\"@type\":\"WebPage\",\"@id\":\"https:\/\/suomenkuvalehti.fi\/taivaan-tahden\/2018\/07\/06\/webb-teleskooppi-avaruuden-lansimetro\/\",\"url\":\"https:\/\/suomenkuvalehti.fi\/taivaan-tahden\/2018\/07\/06\/webb-teleskooppi-avaruuden-lansimetro\/\",\"name\":\"Webb-teleskooppi, avaruuden l\u00e4nsimetro - Taivaan t\u00e4hden\",\"isPartOf\":{\"@id\":\"https:\/\/suomenkuvalehti.fi\/taivaan-tahden\/#website\"},\"primaryImageOfPage\":{\"@id\":\"https:\/\/suomenkuvalehti.fi\/taivaan-tahden\/2018\/07\/06\/webb-teleskooppi-avaruuden-lansimetro\/#primaryimage\"},\"image\":{\"@id\":\"https:\/\/suomenkuvalehti.fi\/taivaan-tahden\/2018\/07\/06\/webb-teleskooppi-avaruuden-lansimetro\/#primaryimage\"},\"thumbnailUrl\":\"https:\/\/suomenkuvalehti.fi\/taivaan-tahden\/wp-content\/uploads\/sites\/36\/2018\/07\/webb_nasa-1024x670.jpg\",\"datePublished\":\"2018-07-06T17:00:54+00:00\",\"author\":{\"@id\":\"https:\/\/suomenkuvalehti.fi\/taivaan-tahden\/#\/schema\/person\/c9c1373acb19750e11084ef640abeae0\"},\"breadcrumb\":{\"@id\":\"https:\/\/suomenkuvalehti.fi\/taivaan-tahden\/2018\/07\/06\/webb-teleskooppi-avaruuden-lansimetro\/#breadcrumb\"},\"inLanguage\":\"fi\",\"potentialAction\":[{\"@type\":\"ReadAction\",\"target\":[\"https:\/\/suomenkuvalehti.fi\/taivaan-tahden\/2018\/07\/06\/webb-teleskooppi-avaruuden-lansimetro\/\"]}]},{\"@type\":\"ImageObject\",\"inLanguage\":\"fi\",\"@id\":\"https:\/\/suomenkuvalehti.fi\/taivaan-tahden\/2018\/07\/06\/webb-teleskooppi-avaruuden-lansimetro\/#primaryimage\",\"url\":\"https:\/\/suomenkuvalehti.fi\/taivaan-tahden\/wp-content\/uploads\/sites\/36\/2018\/07\/webb_nasa.jpg\",\"contentUrl\":\"https:\/\/suomenkuvalehti.fi\/taivaan-tahden\/wp-content\/uploads\/sites\/36\/2018\/07\/webb_nasa.jpg\",\"width\":1575,\"height\":1030},{\"@type\":\"BreadcrumbList\",\"@id\":\"https:\/\/suomenkuvalehti.fi\/taivaan-tahden\/2018\/07\/06\/webb-teleskooppi-avaruuden-lansimetro\/#breadcrumb\",\"itemListElement\":[{\"@type\":\"ListItem\",\"position\":1,\"name\":\"Home\",\"item\":\"https:\/\/suomenkuvalehti.fi\/taivaan-tahden\/\"},{\"@type\":\"ListItem\",\"position\":2,\"name\":\"Webb-teleskooppi, avaruuden l\u00e4nsimetro\"}]},{\"@type\":\"WebSite\",\"@id\":\"https:\/\/suomenkuvalehti.fi\/taivaan-tahden\/#website\",\"url\":\"https:\/\/suomenkuvalehti.fi\/taivaan-tahden\/\",\"name\":\"Taivaan t\u00e4hden\",\"description\":\"Tiedetoimittaja Markus Hotakainen h\u00e4mm\u00e4stelee maailmankaikkeutta.\",\"potentialAction\":[{\"@type\":\"SearchAction\",\"target\":{\"@type\":\"EntryPoint\",\"urlTemplate\":\"https:\/\/suomenkuvalehti.fi\/haku\/?q={search_term_string}\"},\"query-input\":{\"@type\":\"PropertyValueSpecification\",\"valueRequired\":true,\"valueName\":\"search_term_string\"}}],\"inLanguage\":\"fi\"},{\"@type\":\"Person\",\"@id\":\"https:\/\/suomenkuvalehti.fi\/taivaan-tahden\/#\/schema\/person\/c9c1373acb19750e11084ef640abeae0\",\"name\":\"Markus Hotakainen\",\"image\":{\"@type\":\"ImageObject\",\"inLanguage\":\"fi\",\"@id\":\"https:\/\/suomenkuvalehti.fi\/taivaan-tahden\/#\/schema\/person\/image\/\",\"url\":\"https:\/\/suomenkuvalehti.fi\/taivaan-tahden\/wp-content\/uploads\/sites\/36\/2018\/05\/markus_hotakainen_blogi_pieni-150x150.jpg\",\"contentUrl\":\"https:\/\/suomenkuvalehti.fi\/taivaan-tahden\/wp-content\/uploads\/sites\/36\/2018\/05\/markus_hotakainen_blogi_pieni-150x150.jpg\",\"caption\":\"Markus Hotakainen\"},\"description\":\"Kirjoittaja on tiedetoimittaja ja tietokirjailija.\"}]}<\/script>\n<!-- \/ Yoast SEO plugin. -->","yoast_head_json":{"title":"Webb-teleskooppi, avaruuden l\u00e4nsimetro - Taivaan t\u00e4hden","robots":{"index":"index","follow":"follow","max-snippet":"max-snippet:-1","max-image-preview":"max-image-preview:large","max-video-preview":"max-video-preview:-1"},"canonical":"https:\/\/suomenkuvalehti.fi\/taivaan-tahden\/2018\/07\/06\/webb-teleskooppi-avaruuden-lansimetro\/","og_locale":"fi_FI","og_type":"article","og_title":"Webb-teleskooppi, avaruuden l\u00e4nsimetro - Taivaan t\u00e4hden","og_description":"Kev\u00e4\u00e4ll\u00e4 1990 avaruussukkulalla vietiin Maata kiert\u00e4v\u00e4lle radalle Hubble-avaruusteleskooppi. Se mullisti t\u00e4htitieteen, sill\u00e4 ensi kertaa havaintoja h\u00e4iritsev\u00e4n ilmakeh\u00e4n ulkopuolelta voitiin katsella kaukaiseen maailmankaikkeuteen isolla kaukoputkella. Paitsi ett\u00e4 2,4-metrisen p\u00e4\u00e4peilin &hellip;","og_url":"https:\/\/suomenkuvalehti.fi\/taivaan-tahden\/2018\/07\/06\/webb-teleskooppi-avaruuden-lansimetro\/","og_site_name":"Taivaan t\u00e4hden","article_published_time":"2018-07-06T17:00:54+00:00","og_image":[{"width":1575,"height":1030,"url":"https:\/\/suomenkuvalehti.fi\/taivaan-tahden\/wp-content\/uploads\/sites\/36\/2018\/07\/webb_nasa.jpg","type":"image\/jpeg"}],"author":"Markus Hotakainen","twitter_card":"summary_large_image","twitter_misc":{"Written by":"Markus Hotakainen","Est. reading time":"2 minuuttia"},"schema":{"@context":"https:\/\/schema.org","@graph":[{"@type":"WebPage","@id":"https:\/\/suomenkuvalehti.fi\/taivaan-tahden\/2018\/07\/06\/webb-teleskooppi-avaruuden-lansimetro\/","url":"https:\/\/suomenkuvalehti.fi\/taivaan-tahden\/2018\/07\/06\/webb-teleskooppi-avaruuden-lansimetro\/","name":"Webb-teleskooppi, avaruuden l\u00e4nsimetro - Taivaan t\u00e4hden","isPartOf":{"@id":"https:\/\/suomenkuvalehti.fi\/taivaan-tahden\/#website"},"primaryImageOfPage":{"@id":"https:\/\/suomenkuvalehti.fi\/taivaan-tahden\/2018\/07\/06\/webb-teleskooppi-avaruuden-lansimetro\/#primaryimage"},"image":{"@id":"https:\/\/suomenkuvalehti.fi\/taivaan-tahden\/2018\/07\/06\/webb-teleskooppi-avaruuden-lansimetro\/#primaryimage"},"thumbnailUrl":"https:\/\/suomenkuvalehti.fi\/taivaan-tahden\/wp-content\/uploads\/sites\/36\/2018\/07\/webb_nasa-1024x670.jpg","datePublished":"2018-07-06T17:00:54+00:00","author":{"@id":"https:\/\/suomenkuvalehti.fi\/taivaan-tahden\/#\/schema\/person\/c9c1373acb19750e11084ef640abeae0"},"breadcrumb":{"@id":"https:\/\/suomenkuvalehti.fi\/taivaan-tahden\/2018\/07\/06\/webb-teleskooppi-avaruuden-lansimetro\/#breadcrumb"},"inLanguage":"fi","potentialAction":[{"@type":"ReadAction","target":["https:\/\/suomenkuvalehti.fi\/taivaan-tahden\/2018\/07\/06\/webb-teleskooppi-avaruuden-lansimetro\/"]}]},{"@type":"ImageObject","inLanguage":"fi","@id":"https:\/\/suomenkuvalehti.fi\/taivaan-tahden\/2018\/07\/06\/webb-teleskooppi-avaruuden-lansimetro\/#primaryimage","url":"https:\/\/suomenkuvalehti.fi\/taivaan-tahden\/wp-content\/uploads\/sites\/36\/2018\/07\/webb_nasa.jpg","contentUrl":"https:\/\/suomenkuvalehti.fi\/taivaan-tahden\/wp-content\/uploads\/sites\/36\/2018\/07\/webb_nasa.jpg","width":1575,"height":1030},{"@type":"BreadcrumbList","@id":"https:\/\/suomenkuvalehti.fi\/taivaan-tahden\/2018\/07\/06\/webb-teleskooppi-avaruuden-lansimetro\/#breadcrumb","itemListElement":[{"@type":"ListItem","position":1,"name":"Home","item":"https:\/\/suomenkuvalehti.fi\/taivaan-tahden\/"},{"@type":"ListItem","position":2,"name":"Webb-teleskooppi, avaruuden l\u00e4nsimetro"}]},{"@type":"WebSite","@id":"https:\/\/suomenkuvalehti.fi\/taivaan-tahden\/#website","url":"https:\/\/suomenkuvalehti.fi\/taivaan-tahden\/","name":"Taivaan t\u00e4hden","description":"Tiedetoimittaja Markus Hotakainen h\u00e4mm\u00e4stelee maailmankaikkeutta.","potentialAction":[{"@type":"SearchAction","target":{"@type":"EntryPoint","urlTemplate":"https:\/\/suomenkuvalehti.fi\/haku\/?q={search_term_string}"},"query-input":{"@type":"PropertyValueSpecification","valueRequired":true,"valueName":"search_term_string"}}],"inLanguage":"fi"},{"@type":"Person","@id":"https:\/\/suomenkuvalehti.fi\/taivaan-tahden\/#\/schema\/person\/c9c1373acb19750e11084ef640abeae0","name":"Markus Hotakainen","image":{"@type":"ImageObject","inLanguage":"fi","@id":"https:\/\/suomenkuvalehti.fi\/taivaan-tahden\/#\/schema\/person\/image\/","url":"https:\/\/suomenkuvalehti.fi\/taivaan-tahden\/wp-content\/uploads\/sites\/36\/2018\/05\/markus_hotakainen_blogi_pieni-150x150.jpg","contentUrl":"https:\/\/suomenkuvalehti.fi\/taivaan-tahden\/wp-content\/uploads\/sites\/36\/2018\/05\/markus_hotakainen_blogi_pieni-150x150.jpg","caption":"Markus Hotakainen"},"description":"Kirjoittaja on tiedetoimittaja ja tietokirjailija."}]}},"_links":{"self":[{"href":"https:\/\/suomenkuvalehti.fi\/taivaan-tahden\/wp-json\/wp\/v2\/posts\/1672","targetHints":{"allow":["GET"]}}],"collection":[{"href":"https:\/\/suomenkuvalehti.fi\/taivaan-tahden\/wp-json\/wp\/v2\/posts"}],"about":[{"href":"https:\/\/suomenkuvalehti.fi\/taivaan-tahden\/wp-json\/wp\/v2\/types\/post"}],"author":[{"embeddable":true,"href":"https:\/\/suomenkuvalehti.fi\/taivaan-tahden\/wp-json\/wp\/v2\/users\/557"}],"replies":[{"embeddable":true,"href":"https:\/\/suomenkuvalehti.fi\/taivaan-tahden\/wp-json\/wp\/v2\/comments?post=1672"}],"version-history":[{"count":3,"href":"https:\/\/suomenkuvalehti.fi\/taivaan-tahden\/wp-json\/wp\/v2\/posts\/1672\/revisions"}],"predecessor-version":[{"id":1676,"href":"https:\/\/suomenkuvalehti.fi\/taivaan-tahden\/wp-json\/wp\/v2\/posts\/1672\/revisions\/1676"}],"wp:attachment":[{"href":"https:\/\/suomenkuvalehti.fi\/taivaan-tahden\/wp-json\/wp\/v2\/media?parent=1672"}],"wp:term":[{"taxonomy":"category","embeddable":true,"href":"https:\/\/suomenkuvalehti.fi\/taivaan-tahden\/wp-json\/wp\/v2\/categories?post=1672"},{"taxonomy":"post_tag","embeddable":true,"href":"https:\/\/suomenkuvalehti.fi\/taivaan-tahden\/wp-json\/wp\/v2\/tags?post=1672"}],"curies":[{"name":"wp","href":"https:\/\/api.w.org\/{rel}","templated":true}]}}