{"id":1665,"date":"2018-06-28T11:34:23","date_gmt":"2018-06-28T08:34:23","guid":{"rendered":"https:\/\/suomenkuvalehti.fi\/taivaan-tahden\/?p=1665"},"modified":"2018-06-28T11:34:23","modified_gmt":"2018-06-28T08:34:23","slug":"albert-einstein-oli-oikeassa-pink-floyd-vaarassa","status":"publish","type":"post","link":"https:\/\/suomenkuvalehti.fi\/taivaan-tahden\/2018\/06\/28\/albert-einstein-oli-oikeassa-pink-floyd-vaarassa\/","title":{"rendered":"Albert Einstein oli oikeassa, Pink Floyd v\u00e4\u00e4r\u00e4ss\u00e4"},"content":{"rendered":"<figure class=\"aligncenter size-large is-resized wp-block-image\">\n  <div class=\"wp-block-image__inner-container\">\n    <a href=\"https:\/\/suomenkuvalehti.fi\/taivaan-tahden\/wp-content\/uploads\/sites\/36\/2018\/06\/fullmoon_27062018.jpeg\"><img loading=\"lazy\" decoding=\"async\" src=\"https:\/\/suomenkuvalehti.fi\/taivaan-tahden\/wp-content\/uploads\/sites\/36\/2018\/06\/fullmoon_27062018-1024x683.jpeg\" alt=\"\" class=\"wp-image-1666\" width=\"1024\" height=\"683\" style=\"--aspect-ratio: 1.5\" srcset=\"https:\/\/suomenkuvalehti.fi\/taivaan-tahden\/wp-content\/uploads\/sites\/36\/2018\/06\/fullmoon_27062018-1024x683.jpeg 1024w, https:\/\/suomenkuvalehti.fi\/taivaan-tahden\/wp-content\/uploads\/sites\/36\/2018\/06\/fullmoon_27062018-300x200.jpeg 300w, https:\/\/suomenkuvalehti.fi\/taivaan-tahden\/wp-content\/uploads\/sites\/36\/2018\/06\/fullmoon_27062018-768x512.jpeg 768w, https:\/\/suomenkuvalehti.fi\/taivaan-tahden\/wp-content\/uploads\/sites\/36\/2018\/06\/fullmoon_27062018-630x420.jpeg 630w, https:\/\/suomenkuvalehti.fi\/taivaan-tahden\/wp-content\/uploads\/sites\/36\/2018\/06\/fullmoon_27062018.jpeg 1575w\" sizes=\"auto, (max-width: 1024px) 100vw, 1024px\" \/><\/a>    <figcaption class=\"wp-block-image__figcaption\">\n      T\u00e4ysikuu oli aamulla 28. kes\u00e4kuuta. Kuva: Markus Hotakainen          <\/figcaption>\n      <\/div>\n<\/figure>\n\n\n<p><span class=\"capitalized\">Yli satavuotiasta<\/span> yleist\u00e4 suhteellisuusteoriaa testataan edelleen, vaikka se on moneen kertaan osoittanut pit\u00e4v\u00e4n kutinsa.<\/p>\n\n\n\n<p>Tuoreimmassa testiss\u00e4 tarkasteltiin galaksia nimelt\u00e4 ESO 325-G004, jonka gravitaatio v\u00e4\u00e4rist\u00e4\u00e4 kauempana olevan galaksin ympyri\u00e4iseksi rinkulaksi. Ilmi\u00f6 on suhteellisuusteorian ennustama ja siksi t\u00e4llaista kuvajaista kutsutaan Einsteinin renkaaksi.<\/p>\n\n\n\n<p>Tutkijat m\u00e4\u00e4rittiv\u00e4t 450 miljoonan valovuoden et\u00e4isyydell\u00e4 sijaitsevan galaksin massan tarkastelemalla sen t\u00e4htien liikkeit\u00e4. Kun kiertoliike tunnetaan, voidaan laskea, millainen massa tarvitaan t\u00e4htien pit\u00e4miseksi havaituilla radoillaan.<\/p>\n\n\n\n<p>Kun n\u00e4in m\u00e4\u00e4ritetty\u00e4 massaa verrattiin lukemaan, joka laskettiin gravitaatiolinssin\u00e4 tunnetun ilmi\u00f6n perusteella, tulokset olivat samat. <strong>Albert Einsteinin<\/strong> teoria tuli j\u00e4lleen kerran todistetuksi: se p\u00e4tee my\u00f6s kaukaisessa avaruudessa ja galaksien mittakaavassa.<\/p>\n\n\n\n<p>No ent\u00e4s sitten Pink Floyd? Miten englantilainen rockyhtye liittyy Albert Einsteiniin?<\/p>\n\n\n\n<p><span class=\"capitalized\">Ei mitenk\u00e4\u00e4n<\/span>. Mutta oli silti v\u00e4\u00e4r\u00e4ss\u00e4.<\/p>\n\n\n\n<p>B\u00e4ndi julkaisi 45 vuotta sitten albumin nimelt\u00e4 <em>The Dark Side of the Moon<\/em>. Yli 14 vuotta Billboardin listalla keikkuneen \u00e4\u00e4nitteen maine on vankkumaton \u2013 eik\u00e4 suinkaan syytt\u00e4 \u2013 mutta viittaus \u201dKuun pime\u00e4\u00e4n puoleen\u201d on yht\u00e4 erheellinen kuin yleens\u00e4kin.<\/p>\n\n\n\n<p>Ainakin jos sill\u00e4 tarkoitetaan Maahan n\u00e4kym\u00e4t\u00f6nt\u00e4 Kuun pallonpuoliskoa. Kiertolaisemme k\u00e4\u00e4nt\u00e4\u00e4 aina saman kuu-ukon naamansa meit\u00e4 kohti, mutta se ei tietenk\u00e4\u00e4n tarkoita, ett\u00e4 n\u00e4kym\u00e4tt\u00e4 j\u00e4\u00e4v\u00e4 puoli olisi alati pime\u00e4.<\/p>\n\n\n\n<blockquote class=\"wp-block-quote\"><p>Siell\u00e4 vuorokauden pituus on melkein meik\u00e4l\u00e4inen kuukausi.<\/p><\/blockquote>\n\n\n\n<p>T\u00e4ydenkuun aikaan se on, kun Aurinko paistaa Kuuhun samasta suunnasta, josta sit\u00e4 katselemme, mutta Kuussa p\u00e4iv\u00e4 ja y\u00f6 vaihtelevat siin\u00e4 miss\u00e4 maapallollakin.<\/p>\n\n\n\n<p>Tosin siell\u00e4 vuorokauden pituus on melkein meik\u00e4l\u00e4inen kuukausi, joten sek\u00e4 p\u00e4iv\u00e4ll\u00e4 ett\u00e4 y\u00f6ll\u00e4 on mittaa kaksi viikkoa.<\/p>\n\n\n\n<p>Kuun \u201dpime\u00e4 puoli\u201d liikkuu koko ajan samalla tavalla kuin Maan y\u00f6puoli vuorokauden mittaan. Kuun pinnalta katsottuna Aurinko nousee ja laskee, mutta piinallisen hitaasti verrattuna tilanteeseen maapallolla. Pimeytt\u00e4 siis piisaa.<\/p>\n\n\n\n<p><span class=\"capitalized\">Pink Floydin puolustukseksi<\/span> on sanottava, ett\u00e4 albumin nimi ei kuitenkaan viittaa Kuuhun t\u00e4htitieteellisen\u00e4 kohteena vaan hulluuteen ja mielenvikaisuuteen. Ja yhdess\u00e4 vaiheessa sen ty\u00f6nimen\u00e4 oli <em>Eclipse<\/em> eli \u201dPimennys\u201d.<\/p>\n\n\n","protected":false},"excerpt":{"rendered":"<p>Yli satavuotiasta yleist\u00e4 suhteellisuusteoriaa testataan edelleen, vaikka se on moneen kertaan osoittanut pit\u00e4v\u00e4n kutinsa. Tuoreimmassa testiss\u00e4 tarkasteltiin galaksia nimelt\u00e4 ESO 325-G004, jonka gravitaatio v\u00e4\u00e4rist\u00e4\u00e4 kauempana olevan galaksin ympyri\u00e4iseksi rinkulaksi.<br \/>\nIlmi\u00f6 on &hellip;<\/p>\n","protected":false},"author":557,"featured_media":0,"comment_status":"open","ping_status":"open","sticky":false,"template":"","format":"standard","meta":{"_acf_changed":false,"asauth_required_access_level":3,"asauth_cansharepaid":"true","om_header_attributes":[],"footnotes":"","om_featured_image_focal_point":[],"om_primary_tag":0,"om_contributors":[],"om_co_authors":[],"beyondwords_generate_audio":"","beyondwords_project_id":"","beyondwords_content_id":"","beyondwords_preview_token":"","beyondwords_player_content":"","beyondwords_player_style":"","beyondwords_language_code":"","beyondwords_language_id":"","beyondwords_title_voice_id":"","beyondwords_body_voice_id":"","beyondwords_summary_voice_id":"","beyondwords_error_message":"","beyondwords_disabled":"","beyondwords_delete_content":"","beyondwords_podcast_id":"","beyondwords_hash":"","publish_post_to_speechkit":"","speechkit_hash":"","speechkit_generate_audio":"","speechkit_project_id":"","speechkit_podcast_id":"","speechkit_error_message":"","speechkit_disabled":"","speechkit_access_key":"","speechkit_error":"","speechkit_info":"","speechkit_response":"","speechkit_retries":"","speechkit_status":"","speechkit_updated_at":"","_speechkit_link":"","_speechkit_text":""},"categories":[1],"tags":[229,658,254,659,230],"class_list":["post-1665","post","type-post","status-publish","format-standard","hentry","category-taivaan-tahden","tag-albert-einstein","tag-einsteinin-rengas","tag-gravitaatiolinssi","tag-pink-floyd","tag-suhteellisuusteoria"],"om_views":null,"acf":{"tuuma_off":false,"tuuma_kysymys":"","tuuma_vastaus":""},"asauth":{"required_access_level":1,"share_token":"","is_paid":false},"yoast_head":"<!-- This site is optimized with the Yoast SEO plugin v26.4 - https:\/\/yoast.com\/wordpress\/plugins\/seo\/ -->\n<title>Albert Einstein oli oikeassa, Pink Floyd v\u00e4\u00e4r\u00e4ss\u00e4 - Taivaan t\u00e4hden<\/title>\n<meta name=\"robots\" content=\"index, follow, max-snippet:-1, max-image-preview:large, max-video-preview:-1\" \/>\n<link rel=\"canonical\" href=\"https:\/\/suomenkuvalehti.fi\/taivaan-tahden\/2018\/06\/28\/albert-einstein-oli-oikeassa-pink-floyd-vaarassa\/\" \/>\n<meta property=\"og:locale\" content=\"fi_FI\" \/>\n<meta property=\"og:type\" content=\"article\" \/>\n<meta property=\"og:title\" content=\"Albert Einstein oli oikeassa, Pink Floyd v\u00e4\u00e4r\u00e4ss\u00e4 - Taivaan t\u00e4hden\" \/>\n<meta property=\"og:description\" content=\"Yli satavuotiasta yleist\u00e4 suhteellisuusteoriaa testataan edelleen, vaikka se on moneen kertaan osoittanut pit\u00e4v\u00e4n kutinsa. Tuoreimmassa testiss\u00e4 tarkasteltiin galaksia nimelt\u00e4 ESO 325-G004, jonka gravitaatio v\u00e4\u00e4rist\u00e4\u00e4 kauempana olevan galaksin ympyri\u00e4iseksi rinkulaksi. Ilmi\u00f6 on &hellip;\" \/>\n<meta property=\"og:url\" content=\"https:\/\/suomenkuvalehti.fi\/taivaan-tahden\/2018\/06\/28\/albert-einstein-oli-oikeassa-pink-floyd-vaarassa\/\" \/>\n<meta property=\"og:site_name\" content=\"Taivaan t\u00e4hden\" \/>\n<meta property=\"article:published_time\" content=\"2018-06-28T08:34:23+00:00\" \/>\n<meta property=\"og:image\" content=\"https:\/\/suomenkuvalehti.fi\/taivaan-tahden\/wp-content\/uploads\/sites\/36\/2018\/06\/fullmoon_27062018.jpeg\" \/>\n\t<meta property=\"og:image:width\" content=\"1575\" \/>\n\t<meta property=\"og:image:height\" content=\"1050\" \/>\n\t<meta property=\"og:image:type\" content=\"image\/jpeg\" \/>\n<meta name=\"author\" content=\"Markus Hotakainen\" \/>\n<meta name=\"twitter:card\" content=\"summary_large_image\" \/>\n<meta name=\"twitter:label1\" content=\"Written by\" \/>\n\t<meta name=\"twitter:data1\" content=\"Markus Hotakainen\" \/>\n\t<meta name=\"twitter:label2\" content=\"Est. reading time\" \/>\n\t<meta name=\"twitter:data2\" content=\"2 minuuttia\" \/>\n<script type=\"application\/ld+json\" class=\"yoast-schema-graph\">{\"@context\":\"https:\/\/schema.org\",\"@graph\":[{\"@type\":\"WebPage\",\"@id\":\"https:\/\/suomenkuvalehti.fi\/taivaan-tahden\/2018\/06\/28\/albert-einstein-oli-oikeassa-pink-floyd-vaarassa\/\",\"url\":\"https:\/\/suomenkuvalehti.fi\/taivaan-tahden\/2018\/06\/28\/albert-einstein-oli-oikeassa-pink-floyd-vaarassa\/\",\"name\":\"Albert Einstein oli oikeassa, Pink Floyd v\u00e4\u00e4r\u00e4ss\u00e4 - Taivaan t\u00e4hden\",\"isPartOf\":{\"@id\":\"https:\/\/suomenkuvalehti.fi\/taivaan-tahden\/#website\"},\"primaryImageOfPage\":{\"@id\":\"https:\/\/suomenkuvalehti.fi\/taivaan-tahden\/2018\/06\/28\/albert-einstein-oli-oikeassa-pink-floyd-vaarassa\/#primaryimage\"},\"image\":{\"@id\":\"https:\/\/suomenkuvalehti.fi\/taivaan-tahden\/2018\/06\/28\/albert-einstein-oli-oikeassa-pink-floyd-vaarassa\/#primaryimage\"},\"thumbnailUrl\":\"https:\/\/suomenkuvalehti.fi\/taivaan-tahden\/wp-content\/uploads\/sites\/36\/2018\/06\/fullmoon_27062018-1024x683.jpeg\",\"datePublished\":\"2018-06-28T08:34:23+00:00\",\"author\":{\"@id\":\"https:\/\/suomenkuvalehti.fi\/taivaan-tahden\/#\/schema\/person\/c9c1373acb19750e11084ef640abeae0\"},\"breadcrumb\":{\"@id\":\"https:\/\/suomenkuvalehti.fi\/taivaan-tahden\/2018\/06\/28\/albert-einstein-oli-oikeassa-pink-floyd-vaarassa\/#breadcrumb\"},\"inLanguage\":\"fi\",\"potentialAction\":[{\"@type\":\"ReadAction\",\"target\":[\"https:\/\/suomenkuvalehti.fi\/taivaan-tahden\/2018\/06\/28\/albert-einstein-oli-oikeassa-pink-floyd-vaarassa\/\"]}]},{\"@type\":\"ImageObject\",\"inLanguage\":\"fi\",\"@id\":\"https:\/\/suomenkuvalehti.fi\/taivaan-tahden\/2018\/06\/28\/albert-einstein-oli-oikeassa-pink-floyd-vaarassa\/#primaryimage\",\"url\":\"https:\/\/suomenkuvalehti.fi\/taivaan-tahden\/wp-content\/uploads\/sites\/36\/2018\/06\/fullmoon_27062018.jpeg\",\"contentUrl\":\"https:\/\/suomenkuvalehti.fi\/taivaan-tahden\/wp-content\/uploads\/sites\/36\/2018\/06\/fullmoon_27062018.jpeg\",\"width\":1575,\"height\":1050},{\"@type\":\"BreadcrumbList\",\"@id\":\"https:\/\/suomenkuvalehti.fi\/taivaan-tahden\/2018\/06\/28\/albert-einstein-oli-oikeassa-pink-floyd-vaarassa\/#breadcrumb\",\"itemListElement\":[{\"@type\":\"ListItem\",\"position\":1,\"name\":\"Home\",\"item\":\"https:\/\/suomenkuvalehti.fi\/taivaan-tahden\/\"},{\"@type\":\"ListItem\",\"position\":2,\"name\":\"Albert Einstein oli oikeassa, Pink Floyd v\u00e4\u00e4r\u00e4ss\u00e4\"}]},{\"@type\":\"WebSite\",\"@id\":\"https:\/\/suomenkuvalehti.fi\/taivaan-tahden\/#website\",\"url\":\"https:\/\/suomenkuvalehti.fi\/taivaan-tahden\/\",\"name\":\"Taivaan t\u00e4hden\",\"description\":\"Tiedetoimittaja Markus Hotakainen h\u00e4mm\u00e4stelee maailmankaikkeutta.\",\"potentialAction\":[{\"@type\":\"SearchAction\",\"target\":{\"@type\":\"EntryPoint\",\"urlTemplate\":\"https:\/\/suomenkuvalehti.fi\/haku\/?q={search_term_string}\"},\"query-input\":{\"@type\":\"PropertyValueSpecification\",\"valueRequired\":true,\"valueName\":\"search_term_string\"}}],\"inLanguage\":\"fi\"},{\"@type\":\"Person\",\"@id\":\"https:\/\/suomenkuvalehti.fi\/taivaan-tahden\/#\/schema\/person\/c9c1373acb19750e11084ef640abeae0\",\"name\":\"Markus Hotakainen\",\"image\":{\"@type\":\"ImageObject\",\"inLanguage\":\"fi\",\"@id\":\"https:\/\/suomenkuvalehti.fi\/taivaan-tahden\/#\/schema\/person\/image\/\",\"url\":\"https:\/\/suomenkuvalehti.fi\/taivaan-tahden\/wp-content\/uploads\/sites\/36\/2018\/05\/markus_hotakainen_blogi_pieni-150x150.jpg\",\"contentUrl\":\"https:\/\/suomenkuvalehti.fi\/taivaan-tahden\/wp-content\/uploads\/sites\/36\/2018\/05\/markus_hotakainen_blogi_pieni-150x150.jpg\",\"caption\":\"Markus Hotakainen\"},\"description\":\"Kirjoittaja on tiedetoimittaja ja tietokirjailija.\"}]}<\/script>\n<!-- \/ Yoast SEO plugin. -->","yoast_head_json":{"title":"Albert Einstein oli oikeassa, Pink Floyd v\u00e4\u00e4r\u00e4ss\u00e4 - Taivaan t\u00e4hden","robots":{"index":"index","follow":"follow","max-snippet":"max-snippet:-1","max-image-preview":"max-image-preview:large","max-video-preview":"max-video-preview:-1"},"canonical":"https:\/\/suomenkuvalehti.fi\/taivaan-tahden\/2018\/06\/28\/albert-einstein-oli-oikeassa-pink-floyd-vaarassa\/","og_locale":"fi_FI","og_type":"article","og_title":"Albert Einstein oli oikeassa, Pink Floyd v\u00e4\u00e4r\u00e4ss\u00e4 - Taivaan t\u00e4hden","og_description":"Yli satavuotiasta yleist\u00e4 suhteellisuusteoriaa testataan edelleen, vaikka se on moneen kertaan osoittanut pit\u00e4v\u00e4n kutinsa. Tuoreimmassa testiss\u00e4 tarkasteltiin galaksia nimelt\u00e4 ESO 325-G004, jonka gravitaatio v\u00e4\u00e4rist\u00e4\u00e4 kauempana olevan galaksin ympyri\u00e4iseksi rinkulaksi. Ilmi\u00f6 on &hellip;","og_url":"https:\/\/suomenkuvalehti.fi\/taivaan-tahden\/2018\/06\/28\/albert-einstein-oli-oikeassa-pink-floyd-vaarassa\/","og_site_name":"Taivaan t\u00e4hden","article_published_time":"2018-06-28T08:34:23+00:00","og_image":[{"width":1575,"height":1050,"url":"https:\/\/suomenkuvalehti.fi\/taivaan-tahden\/wp-content\/uploads\/sites\/36\/2018\/06\/fullmoon_27062018.jpeg","type":"image\/jpeg"}],"author":"Markus Hotakainen","twitter_card":"summary_large_image","twitter_misc":{"Written by":"Markus Hotakainen","Est. reading time":"2 minuuttia"},"schema":{"@context":"https:\/\/schema.org","@graph":[{"@type":"WebPage","@id":"https:\/\/suomenkuvalehti.fi\/taivaan-tahden\/2018\/06\/28\/albert-einstein-oli-oikeassa-pink-floyd-vaarassa\/","url":"https:\/\/suomenkuvalehti.fi\/taivaan-tahden\/2018\/06\/28\/albert-einstein-oli-oikeassa-pink-floyd-vaarassa\/","name":"Albert Einstein oli oikeassa, Pink Floyd v\u00e4\u00e4r\u00e4ss\u00e4 - Taivaan t\u00e4hden","isPartOf":{"@id":"https:\/\/suomenkuvalehti.fi\/taivaan-tahden\/#website"},"primaryImageOfPage":{"@id":"https:\/\/suomenkuvalehti.fi\/taivaan-tahden\/2018\/06\/28\/albert-einstein-oli-oikeassa-pink-floyd-vaarassa\/#primaryimage"},"image":{"@id":"https:\/\/suomenkuvalehti.fi\/taivaan-tahden\/2018\/06\/28\/albert-einstein-oli-oikeassa-pink-floyd-vaarassa\/#primaryimage"},"thumbnailUrl":"https:\/\/suomenkuvalehti.fi\/taivaan-tahden\/wp-content\/uploads\/sites\/36\/2018\/06\/fullmoon_27062018-1024x683.jpeg","datePublished":"2018-06-28T08:34:23+00:00","author":{"@id":"https:\/\/suomenkuvalehti.fi\/taivaan-tahden\/#\/schema\/person\/c9c1373acb19750e11084ef640abeae0"},"breadcrumb":{"@id":"https:\/\/suomenkuvalehti.fi\/taivaan-tahden\/2018\/06\/28\/albert-einstein-oli-oikeassa-pink-floyd-vaarassa\/#breadcrumb"},"inLanguage":"fi","potentialAction":[{"@type":"ReadAction","target":["https:\/\/suomenkuvalehti.fi\/taivaan-tahden\/2018\/06\/28\/albert-einstein-oli-oikeassa-pink-floyd-vaarassa\/"]}]},{"@type":"ImageObject","inLanguage":"fi","@id":"https:\/\/suomenkuvalehti.fi\/taivaan-tahden\/2018\/06\/28\/albert-einstein-oli-oikeassa-pink-floyd-vaarassa\/#primaryimage","url":"https:\/\/suomenkuvalehti.fi\/taivaan-tahden\/wp-content\/uploads\/sites\/36\/2018\/06\/fullmoon_27062018.jpeg","contentUrl":"https:\/\/suomenkuvalehti.fi\/taivaan-tahden\/wp-content\/uploads\/sites\/36\/2018\/06\/fullmoon_27062018.jpeg","width":1575,"height":1050},{"@type":"BreadcrumbList","@id":"https:\/\/suomenkuvalehti.fi\/taivaan-tahden\/2018\/06\/28\/albert-einstein-oli-oikeassa-pink-floyd-vaarassa\/#breadcrumb","itemListElement":[{"@type":"ListItem","position":1,"name":"Home","item":"https:\/\/suomenkuvalehti.fi\/taivaan-tahden\/"},{"@type":"ListItem","position":2,"name":"Albert Einstein oli oikeassa, Pink Floyd v\u00e4\u00e4r\u00e4ss\u00e4"}]},{"@type":"WebSite","@id":"https:\/\/suomenkuvalehti.fi\/taivaan-tahden\/#website","url":"https:\/\/suomenkuvalehti.fi\/taivaan-tahden\/","name":"Taivaan t\u00e4hden","description":"Tiedetoimittaja Markus Hotakainen h\u00e4mm\u00e4stelee maailmankaikkeutta.","potentialAction":[{"@type":"SearchAction","target":{"@type":"EntryPoint","urlTemplate":"https:\/\/suomenkuvalehti.fi\/haku\/?q={search_term_string}"},"query-input":{"@type":"PropertyValueSpecification","valueRequired":true,"valueName":"search_term_string"}}],"inLanguage":"fi"},{"@type":"Person","@id":"https:\/\/suomenkuvalehti.fi\/taivaan-tahden\/#\/schema\/person\/c9c1373acb19750e11084ef640abeae0","name":"Markus Hotakainen","image":{"@type":"ImageObject","inLanguage":"fi","@id":"https:\/\/suomenkuvalehti.fi\/taivaan-tahden\/#\/schema\/person\/image\/","url":"https:\/\/suomenkuvalehti.fi\/taivaan-tahden\/wp-content\/uploads\/sites\/36\/2018\/05\/markus_hotakainen_blogi_pieni-150x150.jpg","contentUrl":"https:\/\/suomenkuvalehti.fi\/taivaan-tahden\/wp-content\/uploads\/sites\/36\/2018\/05\/markus_hotakainen_blogi_pieni-150x150.jpg","caption":"Markus Hotakainen"},"description":"Kirjoittaja on tiedetoimittaja ja tietokirjailija."}]}},"_links":{"self":[{"href":"https:\/\/suomenkuvalehti.fi\/taivaan-tahden\/wp-json\/wp\/v2\/posts\/1665","targetHints":{"allow":["GET"]}}],"collection":[{"href":"https:\/\/suomenkuvalehti.fi\/taivaan-tahden\/wp-json\/wp\/v2\/posts"}],"about":[{"href":"https:\/\/suomenkuvalehti.fi\/taivaan-tahden\/wp-json\/wp\/v2\/types\/post"}],"author":[{"embeddable":true,"href":"https:\/\/suomenkuvalehti.fi\/taivaan-tahden\/wp-json\/wp\/v2\/users\/557"}],"replies":[{"embeddable":true,"href":"https:\/\/suomenkuvalehti.fi\/taivaan-tahden\/wp-json\/wp\/v2\/comments?post=1665"}],"version-history":[{"count":3,"href":"https:\/\/suomenkuvalehti.fi\/taivaan-tahden\/wp-json\/wp\/v2\/posts\/1665\/revisions"}],"predecessor-version":[{"id":1669,"href":"https:\/\/suomenkuvalehti.fi\/taivaan-tahden\/wp-json\/wp\/v2\/posts\/1665\/revisions\/1669"}],"wp:attachment":[{"href":"https:\/\/suomenkuvalehti.fi\/taivaan-tahden\/wp-json\/wp\/v2\/media?parent=1665"}],"wp:term":[{"taxonomy":"category","embeddable":true,"href":"https:\/\/suomenkuvalehti.fi\/taivaan-tahden\/wp-json\/wp\/v2\/categories?post=1665"},{"taxonomy":"post_tag","embeddable":true,"href":"https:\/\/suomenkuvalehti.fi\/taivaan-tahden\/wp-json\/wp\/v2\/tags?post=1665"}],"curies":[{"name":"wp","href":"https:\/\/api.w.org\/{rel}","templated":true}]}}