{"id":1659,"date":"2018-06-26T08:27:04","date_gmt":"2018-06-26T05:27:04","guid":{"rendered":"https:\/\/suomenkuvalehti.fi\/taivaan-tahden\/?p=1659"},"modified":"2018-06-26T08:27:40","modified_gmt":"2018-06-26T05:27:40","slug":"marsiin-on-tullut-jo-syys","status":"publish","type":"post","link":"https:\/\/suomenkuvalehti.fi\/taivaan-tahden\/2018\/06\/26\/marsiin-on-tullut-jo-syys\/","title":{"rendered":"\u201dMarsiin on tullut jo syys\u2026\u201d"},"content":{"rendered":"<figure class=\"aligncenter size-large is-resized wp-block-image\">\n  <div class=\"wp-block-image__inner-container\">\n    <a href=\"https:\/\/suomenkuvalehti.fi\/taivaan-tahden\/wp-content\/uploads\/sites\/36\/2018\/06\/21918_zurek-2-main-pia22520_mastcam_side-by-side.jpg\"><img loading=\"lazy\" decoding=\"async\" src=\"https:\/\/suomenkuvalehti.fi\/taivaan-tahden\/wp-content\/uploads\/sites\/36\/2018\/06\/21918_zurek-2-main-pia22520_mastcam_side-by-side-1024x428.jpg\" alt=\"\" class=\"wp-image-1660\" width=\"1024\" height=\"428\" style=\"--aspect-ratio: 2.39\" srcset=\"https:\/\/suomenkuvalehti.fi\/taivaan-tahden\/wp-content\/uploads\/sites\/36\/2018\/06\/21918_zurek-2-main-pia22520_mastcam_side-by-side-1024x428.jpg 1024w, https:\/\/suomenkuvalehti.fi\/taivaan-tahden\/wp-content\/uploads\/sites\/36\/2018\/06\/21918_zurek-2-main-pia22520_mastcam_side-by-side-300x125.jpg 300w, https:\/\/suomenkuvalehti.fi\/taivaan-tahden\/wp-content\/uploads\/sites\/36\/2018\/06\/21918_zurek-2-main-pia22520_mastcam_side-by-side-768x321.jpg 768w, https:\/\/suomenkuvalehti.fi\/taivaan-tahden\/wp-content\/uploads\/sites\/36\/2018\/06\/21918_zurek-2-main-pia22520_mastcam_side-by-side-630x264.jpg 630w\" sizes=\"auto, (max-width: 1024px) 100vw, 1024px\" \/><\/a>    <figcaption class=\"wp-block-image__figcaption\">\n      Marsin p\u00f6lymyrsky pahenee p\u00e4iv\u00e4 p\u00e4iv\u00e4lt\u00e4. Kuva: NASA\/JPL-Caltech\/MSSS          <\/figcaption>\n      <\/div>\n<\/figure>\n\n\n<p>Marsissa ei kasva mets\u00e4- tai muitakaan kukkia, mutta vuodenajat siell\u00e4 ovat samanlaiset kuin t\u00e4\u00e4ll\u00e4 Maassa. Syyn\u00e4 on se, ett\u00e4 naapuriplaneettamme py\u00f6rimisakseli on kallellaan vain pari astetta enemm\u00e4n kuin maapallon.<\/p>\n\n\n\n<p>Tai eiv\u00e4t vuodenajat ole tietenk\u00e4\u00e4n t\u00e4ysin samanlaiset, sill\u00e4 Marsissa l\u00e4mp\u00f6tila laskee keskikes\u00e4ll\u00e4kin kymmeniin pakkasasteisiin ja kev\u00e4t, kes\u00e4, syksy ja talvi ovat melkein tuplasti meik\u00e4l\u00e4isi\u00e4 pidemm\u00e4t.<\/p>\n\n\n\n<p>Marsin pohjoisella pallonpuoliskolla on nyt alkusyksy. Sik\u00e4l\u00e4inen syysp\u00e4iv\u00e4ntasaus oli reilu (Maan) kuukausi sitten ja talvip\u00e4iv\u00e4nseisaus osuu meid\u00e4n lokakuumme puoliv\u00e4lin paikkeille. Ja kuten maapallolla, my\u00f6s Marsissa syksy tuo tullessaan myrskyj\u00e4.<\/p>\n\n\n\n<p>Punaisella planeetalla on vett\u00e4 \u2013 nykyisin \u2013 niin v\u00e4h\u00e4n ja sekin v\u00e4h\u00e4 on melkein kokonaan j\u00e4\u00e4n\u00e4, ett\u00e4 meid\u00e4n syysmyrskyj\u00e4mme vastaavia myr\u00e4k\u00f6it\u00e4 ei siell\u00e4 riehu. Veden sijasta taivaalta sataa rutikuivaa p\u00f6ly\u00e4.<\/p>\n\n\n\n<p>Marsin rajuimmatkaan p\u00f6lymyrskyt eiv\u00e4t tietenk\u00e4\u00e4n merkitse tuon taivaallista oman arkiel\u00e4m\u00e4mme kannalta, mutta NASAn tutkimustiimeille ne aiheuttavat harmaita hiuksia ja pahoja painajaisunia.<\/p>\n\n\n\n<p>Naapuriplaneettamme pinnalla jo yli 14 vuoden ajan hurutellut Opportunity-kulkija on jumissa. Sen s\u00e4hk\u00f6moottorit ja kaikki instrumentit saavat kipe\u00e4sti kaipaamansa s\u00e4hk\u00f6virran aurinkopaneeleista. Kulkijan energiantuotannon kannalta p\u00f6lymyrsky on varsinainen triplavahinko.<\/p>\n\n\n\n<p>Ensinn\u00e4kin p\u00f6lymyrsky, joka on ehtinyt levit\u00e4 jo ymp\u00e4ri planeetan, piment\u00e4\u00e4 taivaan niin, ettei Aurinkoa n\u00e4y lainkaan eiv\u00e4tk\u00e4 aurinkopaneelit siten tuota s\u00e4hk\u00f6\u00e4.<\/p>\n\n\n\n<p>Kun myrsky on h\u00e4lvennyt \u2013 tutkijat eiv\u00e4t uskalla antaa mink\u00e4\u00e4nlaisia ennusteita sen kestosta \u2013 ja Aurinko ilmestyy taas n\u00e4kyviin, se on talven l\u00e4hestyess\u00e4 ehtinyt taivaalla entist\u00e4 alemmas. Auringonpaneeleihin lankeaa valoa keskip\u00e4iv\u00e4ll\u00e4kin hyvin viistossa kulmassa, mik\u00e4 heikent\u00e4\u00e4 niiden tehoa.<\/p>\n\n\n\n<p>Lis\u00e4ksi aurinkopaneelit ovat taivaalta sataneen p\u00f6lyn peitossa. Marsissa ei ole huoltoasemaa, jossa ne voisi k\u00e4yd\u00e4 puhdistuttamassa (tosin p\u00f6lypy\u00f6rteiden, paikallisten trombien, on todettu aika ajoin puhaltavan paneelit onnekkaasti puhtaiksi).<\/p>\n\n\n\n<p>Siksi uudempi kulkija, vuonna 2012 Marsiin laskeutunut Curiosity, saa s\u00e4hk\u00f6virtansa s\u00e4\u00e4n armoilla olevien aurinkopaneelien sijasta luotettavasta ydinparistosta tai virallisesti \u201dradioisotooppisesta termos\u00e4hk\u00f6generaattorista\u201d. Sen toimintaa ei haittaa sen enemp\u00e4\u00e4 p\u00e4iv\u00e4n ja y\u00f6n kuin vuodenaikojenkaan vaihtelu.<\/p>\n\n\n\n<p>Ei p\u00f6lymyrsky ole kuitenkaan t\u00e4ysin ongelmaton my\u00f6sk\u00e4\u00e4n Curiosityn kannalta. Kulkijan 17 kamerasta ei ole paljon iloa, jos ja kun ne eiv\u00e4t n\u00e4e mit\u00e4\u00e4n.<\/p>\n\n\n","protected":false},"excerpt":{"rendered":"<p>Marsissa ei kasva mets\u00e4- tai muitakaan kukkia, mutta vuodenajat siell\u00e4 ovat samanlaiset kuin t\u00e4\u00e4ll\u00e4 Maassa. Syyn\u00e4 on se, ett\u00e4 naapuriplaneettamme py\u00f6rimisakseli on kallellaan vain pari astetta enemm\u00e4n kuin maapallon. Tai eiv\u00e4t vuodenajat ole tietenk\u00e4\u00e4n t\u00e4ysin samanlaiset, sill\u00e4 Marsissa<br \/>\nl\u00e4mp\u00f6tila las&hellip;<\/p>\n","protected":false},"author":557,"featured_media":0,"comment_status":"open","ping_status":"open","sticky":false,"template":"","format":"standard","meta":{"_acf_changed":false,"asauth_required_access_level":3,"asauth_cansharepaid":"true","om_header_attributes":[],"footnotes":"","om_featured_image_focal_point":[],"om_primary_tag":0,"om_contributors":[],"om_co_authors":[],"beyondwords_generate_audio":"","beyondwords_project_id":"","beyondwords_content_id":"","beyondwords_preview_token":"","beyondwords_player_content":"","beyondwords_player_style":"","beyondwords_language_code":"","beyondwords_language_id":"","beyondwords_title_voice_id":"","beyondwords_body_voice_id":"","beyondwords_summary_voice_id":"","beyondwords_error_message":"","beyondwords_disabled":"","beyondwords_delete_content":"","beyondwords_podcast_id":"","beyondwords_hash":"","publish_post_to_speechkit":"","speechkit_hash":"","speechkit_generate_audio":"","speechkit_project_id":"","speechkit_podcast_id":"","speechkit_error_message":"","speechkit_disabled":"","speechkit_access_key":"","speechkit_error":"","speechkit_info":"","speechkit_response":"","speechkit_retries":"","speechkit_status":"","speechkit_updated_at":"","_speechkit_link":"","_speechkit_text":""},"categories":[1],"tags":[182,32,657,467,640,563,86,562],"class_list":["post-1659","post","type-post","status-publish","format-standard","hentry","category-taivaan-tahden","tag-curiosity","tag-mars","tag-opportunity","tag-poly","tag-polymyrsky","tag-syksy","tag-vesi","tag-vuodenajat"],"om_views":null,"acf":{"tuuma_off":false,"tuuma_kysymys":"","tuuma_vastaus":""},"asauth":{"required_access_level":1,"share_token":"","is_paid":false},"yoast_head":"<!-- This site is optimized with the Yoast SEO plugin v26.4 - https:\/\/yoast.com\/wordpress\/plugins\/seo\/ -->\n<title>\u201dMarsiin on tullut jo syys\u2026\u201d - Taivaan t\u00e4hden<\/title>\n<meta name=\"robots\" content=\"index, follow, max-snippet:-1, max-image-preview:large, max-video-preview:-1\" \/>\n<link rel=\"canonical\" href=\"https:\/\/suomenkuvalehti.fi\/taivaan-tahden\/2018\/06\/26\/marsiin-on-tullut-jo-syys\/\" \/>\n<meta property=\"og:locale\" content=\"fi_FI\" \/>\n<meta property=\"og:type\" content=\"article\" \/>\n<meta property=\"og:title\" content=\"\u201dMarsiin on tullut jo syys\u2026\u201d - Taivaan t\u00e4hden\" \/>\n<meta property=\"og:description\" content=\"Marsissa ei kasva mets\u00e4- tai muitakaan kukkia, mutta vuodenajat siell\u00e4 ovat samanlaiset kuin t\u00e4\u00e4ll\u00e4 Maassa. Syyn\u00e4 on se, ett\u00e4 naapuriplaneettamme py\u00f6rimisakseli on kallellaan vain pari astetta enemm\u00e4n kuin maapallon. Tai eiv\u00e4t vuodenajat ole tietenk\u00e4\u00e4n t\u00e4ysin samanlaiset, sill\u00e4 Marsissa l\u00e4mp\u00f6tila las&hellip;\" \/>\n<meta property=\"og:url\" content=\"https:\/\/suomenkuvalehti.fi\/taivaan-tahden\/2018\/06\/26\/marsiin-on-tullut-jo-syys\/\" \/>\n<meta property=\"og:site_name\" content=\"Taivaan t\u00e4hden\" \/>\n<meta property=\"article:published_time\" content=\"2018-06-26T05:27:04+00:00\" \/>\n<meta property=\"article:modified_time\" content=\"2018-06-26T05:27:40+00:00\" \/>\n<meta property=\"og:image\" content=\"https:\/\/suomenkuvalehti.fi\/taivaan-tahden\/wp-content\/uploads\/sites\/36\/2018\/06\/21918_zurek-2-main-pia22520_mastcam_side-by-side.jpg\" \/>\n\t<meta property=\"og:image:width\" content=\"2362\" \/>\n\t<meta property=\"og:image:height\" content=\"988\" \/>\n\t<meta property=\"og:image:type\" content=\"image\/jpeg\" \/>\n<meta name=\"author\" content=\"Markus Hotakainen\" \/>\n<meta name=\"twitter:card\" content=\"summary_large_image\" \/>\n<meta name=\"twitter:label1\" content=\"Written by\" \/>\n\t<meta name=\"twitter:data1\" content=\"Markus Hotakainen\" \/>\n\t<meta name=\"twitter:label2\" content=\"Est. reading time\" \/>\n\t<meta name=\"twitter:data2\" content=\"2 minuuttia\" \/>\n<script type=\"application\/ld+json\" class=\"yoast-schema-graph\">{\"@context\":\"https:\/\/schema.org\",\"@graph\":[{\"@type\":\"WebPage\",\"@id\":\"https:\/\/suomenkuvalehti.fi\/taivaan-tahden\/2018\/06\/26\/marsiin-on-tullut-jo-syys\/\",\"url\":\"https:\/\/suomenkuvalehti.fi\/taivaan-tahden\/2018\/06\/26\/marsiin-on-tullut-jo-syys\/\",\"name\":\"\u201dMarsiin on tullut jo syys\u2026\u201d - Taivaan t\u00e4hden\",\"isPartOf\":{\"@id\":\"https:\/\/suomenkuvalehti.fi\/taivaan-tahden\/#website\"},\"primaryImageOfPage\":{\"@id\":\"https:\/\/suomenkuvalehti.fi\/taivaan-tahden\/2018\/06\/26\/marsiin-on-tullut-jo-syys\/#primaryimage\"},\"image\":{\"@id\":\"https:\/\/suomenkuvalehti.fi\/taivaan-tahden\/2018\/06\/26\/marsiin-on-tullut-jo-syys\/#primaryimage\"},\"thumbnailUrl\":\"https:\/\/suomenkuvalehti.fi\/taivaan-tahden\/wp-content\/uploads\/sites\/36\/2018\/06\/21918_zurek-2-main-pia22520_mastcam_side-by-side-1024x428.jpg\",\"datePublished\":\"2018-06-26T05:27:04+00:00\",\"dateModified\":\"2018-06-26T05:27:40+00:00\",\"author\":{\"@id\":\"https:\/\/suomenkuvalehti.fi\/taivaan-tahden\/#\/schema\/person\/c9c1373acb19750e11084ef640abeae0\"},\"breadcrumb\":{\"@id\":\"https:\/\/suomenkuvalehti.fi\/taivaan-tahden\/2018\/06\/26\/marsiin-on-tullut-jo-syys\/#breadcrumb\"},\"inLanguage\":\"fi\",\"potentialAction\":[{\"@type\":\"ReadAction\",\"target\":[\"https:\/\/suomenkuvalehti.fi\/taivaan-tahden\/2018\/06\/26\/marsiin-on-tullut-jo-syys\/\"]}]},{\"@type\":\"ImageObject\",\"inLanguage\":\"fi\",\"@id\":\"https:\/\/suomenkuvalehti.fi\/taivaan-tahden\/2018\/06\/26\/marsiin-on-tullut-jo-syys\/#primaryimage\",\"url\":\"https:\/\/suomenkuvalehti.fi\/taivaan-tahden\/wp-content\/uploads\/sites\/36\/2018\/06\/21918_zurek-2-main-pia22520_mastcam_side-by-side.jpg\",\"contentUrl\":\"https:\/\/suomenkuvalehti.fi\/taivaan-tahden\/wp-content\/uploads\/sites\/36\/2018\/06\/21918_zurek-2-main-pia22520_mastcam_side-by-side.jpg\",\"width\":2362,\"height\":988},{\"@type\":\"BreadcrumbList\",\"@id\":\"https:\/\/suomenkuvalehti.fi\/taivaan-tahden\/2018\/06\/26\/marsiin-on-tullut-jo-syys\/#breadcrumb\",\"itemListElement\":[{\"@type\":\"ListItem\",\"position\":1,\"name\":\"Home\",\"item\":\"https:\/\/suomenkuvalehti.fi\/taivaan-tahden\/\"},{\"@type\":\"ListItem\",\"position\":2,\"name\":\"\u201dMarsiin on tullut jo syys\u2026\u201d\"}]},{\"@type\":\"WebSite\",\"@id\":\"https:\/\/suomenkuvalehti.fi\/taivaan-tahden\/#website\",\"url\":\"https:\/\/suomenkuvalehti.fi\/taivaan-tahden\/\",\"name\":\"Taivaan t\u00e4hden\",\"description\":\"Tiedetoimittaja Markus Hotakainen h\u00e4mm\u00e4stelee maailmankaikkeutta.\",\"potentialAction\":[{\"@type\":\"SearchAction\",\"target\":{\"@type\":\"EntryPoint\",\"urlTemplate\":\"https:\/\/suomenkuvalehti.fi\/haku\/?q={search_term_string}\"},\"query-input\":{\"@type\":\"PropertyValueSpecification\",\"valueRequired\":true,\"valueName\":\"search_term_string\"}}],\"inLanguage\":\"fi\"},{\"@type\":\"Person\",\"@id\":\"https:\/\/suomenkuvalehti.fi\/taivaan-tahden\/#\/schema\/person\/c9c1373acb19750e11084ef640abeae0\",\"name\":\"Markus Hotakainen\",\"image\":{\"@type\":\"ImageObject\",\"inLanguage\":\"fi\",\"@id\":\"https:\/\/suomenkuvalehti.fi\/taivaan-tahden\/#\/schema\/person\/image\/\",\"url\":\"https:\/\/suomenkuvalehti.fi\/taivaan-tahden\/wp-content\/uploads\/sites\/36\/2018\/05\/markus_hotakainen_blogi_pieni-150x150.jpg\",\"contentUrl\":\"https:\/\/suomenkuvalehti.fi\/taivaan-tahden\/wp-content\/uploads\/sites\/36\/2018\/05\/markus_hotakainen_blogi_pieni-150x150.jpg\",\"caption\":\"Markus Hotakainen\"},\"description\":\"Kirjoittaja on tiedetoimittaja ja tietokirjailija.\"}]}<\/script>\n<!-- \/ Yoast SEO plugin. -->","yoast_head_json":{"title":"\u201dMarsiin on tullut jo syys\u2026\u201d - Taivaan t\u00e4hden","robots":{"index":"index","follow":"follow","max-snippet":"max-snippet:-1","max-image-preview":"max-image-preview:large","max-video-preview":"max-video-preview:-1"},"canonical":"https:\/\/suomenkuvalehti.fi\/taivaan-tahden\/2018\/06\/26\/marsiin-on-tullut-jo-syys\/","og_locale":"fi_FI","og_type":"article","og_title":"\u201dMarsiin on tullut jo syys\u2026\u201d - Taivaan t\u00e4hden","og_description":"Marsissa ei kasva mets\u00e4- tai muitakaan kukkia, mutta vuodenajat siell\u00e4 ovat samanlaiset kuin t\u00e4\u00e4ll\u00e4 Maassa. Syyn\u00e4 on se, ett\u00e4 naapuriplaneettamme py\u00f6rimisakseli on kallellaan vain pari astetta enemm\u00e4n kuin maapallon. Tai eiv\u00e4t vuodenajat ole tietenk\u00e4\u00e4n t\u00e4ysin samanlaiset, sill\u00e4 Marsissa l\u00e4mp\u00f6tila las&hellip;","og_url":"https:\/\/suomenkuvalehti.fi\/taivaan-tahden\/2018\/06\/26\/marsiin-on-tullut-jo-syys\/","og_site_name":"Taivaan t\u00e4hden","article_published_time":"2018-06-26T05:27:04+00:00","article_modified_time":"2018-06-26T05:27:40+00:00","og_image":[{"width":2362,"height":988,"url":"https:\/\/suomenkuvalehti.fi\/taivaan-tahden\/wp-content\/uploads\/sites\/36\/2018\/06\/21918_zurek-2-main-pia22520_mastcam_side-by-side.jpg","type":"image\/jpeg"}],"author":"Markus Hotakainen","twitter_card":"summary_large_image","twitter_misc":{"Written by":"Markus Hotakainen","Est. reading time":"2 minuuttia"},"schema":{"@context":"https:\/\/schema.org","@graph":[{"@type":"WebPage","@id":"https:\/\/suomenkuvalehti.fi\/taivaan-tahden\/2018\/06\/26\/marsiin-on-tullut-jo-syys\/","url":"https:\/\/suomenkuvalehti.fi\/taivaan-tahden\/2018\/06\/26\/marsiin-on-tullut-jo-syys\/","name":"\u201dMarsiin on tullut jo syys\u2026\u201d - Taivaan t\u00e4hden","isPartOf":{"@id":"https:\/\/suomenkuvalehti.fi\/taivaan-tahden\/#website"},"primaryImageOfPage":{"@id":"https:\/\/suomenkuvalehti.fi\/taivaan-tahden\/2018\/06\/26\/marsiin-on-tullut-jo-syys\/#primaryimage"},"image":{"@id":"https:\/\/suomenkuvalehti.fi\/taivaan-tahden\/2018\/06\/26\/marsiin-on-tullut-jo-syys\/#primaryimage"},"thumbnailUrl":"https:\/\/suomenkuvalehti.fi\/taivaan-tahden\/wp-content\/uploads\/sites\/36\/2018\/06\/21918_zurek-2-main-pia22520_mastcam_side-by-side-1024x428.jpg","datePublished":"2018-06-26T05:27:04+00:00","dateModified":"2018-06-26T05:27:40+00:00","author":{"@id":"https:\/\/suomenkuvalehti.fi\/taivaan-tahden\/#\/schema\/person\/c9c1373acb19750e11084ef640abeae0"},"breadcrumb":{"@id":"https:\/\/suomenkuvalehti.fi\/taivaan-tahden\/2018\/06\/26\/marsiin-on-tullut-jo-syys\/#breadcrumb"},"inLanguage":"fi","potentialAction":[{"@type":"ReadAction","target":["https:\/\/suomenkuvalehti.fi\/taivaan-tahden\/2018\/06\/26\/marsiin-on-tullut-jo-syys\/"]}]},{"@type":"ImageObject","inLanguage":"fi","@id":"https:\/\/suomenkuvalehti.fi\/taivaan-tahden\/2018\/06\/26\/marsiin-on-tullut-jo-syys\/#primaryimage","url":"https:\/\/suomenkuvalehti.fi\/taivaan-tahden\/wp-content\/uploads\/sites\/36\/2018\/06\/21918_zurek-2-main-pia22520_mastcam_side-by-side.jpg","contentUrl":"https:\/\/suomenkuvalehti.fi\/taivaan-tahden\/wp-content\/uploads\/sites\/36\/2018\/06\/21918_zurek-2-main-pia22520_mastcam_side-by-side.jpg","width":2362,"height":988},{"@type":"BreadcrumbList","@id":"https:\/\/suomenkuvalehti.fi\/taivaan-tahden\/2018\/06\/26\/marsiin-on-tullut-jo-syys\/#breadcrumb","itemListElement":[{"@type":"ListItem","position":1,"name":"Home","item":"https:\/\/suomenkuvalehti.fi\/taivaan-tahden\/"},{"@type":"ListItem","position":2,"name":"\u201dMarsiin on tullut jo syys\u2026\u201d"}]},{"@type":"WebSite","@id":"https:\/\/suomenkuvalehti.fi\/taivaan-tahden\/#website","url":"https:\/\/suomenkuvalehti.fi\/taivaan-tahden\/","name":"Taivaan t\u00e4hden","description":"Tiedetoimittaja Markus Hotakainen h\u00e4mm\u00e4stelee maailmankaikkeutta.","potentialAction":[{"@type":"SearchAction","target":{"@type":"EntryPoint","urlTemplate":"https:\/\/suomenkuvalehti.fi\/haku\/?q={search_term_string}"},"query-input":{"@type":"PropertyValueSpecification","valueRequired":true,"valueName":"search_term_string"}}],"inLanguage":"fi"},{"@type":"Person","@id":"https:\/\/suomenkuvalehti.fi\/taivaan-tahden\/#\/schema\/person\/c9c1373acb19750e11084ef640abeae0","name":"Markus Hotakainen","image":{"@type":"ImageObject","inLanguage":"fi","@id":"https:\/\/suomenkuvalehti.fi\/taivaan-tahden\/#\/schema\/person\/image\/","url":"https:\/\/suomenkuvalehti.fi\/taivaan-tahden\/wp-content\/uploads\/sites\/36\/2018\/05\/markus_hotakainen_blogi_pieni-150x150.jpg","contentUrl":"https:\/\/suomenkuvalehti.fi\/taivaan-tahden\/wp-content\/uploads\/sites\/36\/2018\/05\/markus_hotakainen_blogi_pieni-150x150.jpg","caption":"Markus Hotakainen"},"description":"Kirjoittaja on tiedetoimittaja ja tietokirjailija."}]}},"_links":{"self":[{"href":"https:\/\/suomenkuvalehti.fi\/taivaan-tahden\/wp-json\/wp\/v2\/posts\/1659","targetHints":{"allow":["GET"]}}],"collection":[{"href":"https:\/\/suomenkuvalehti.fi\/taivaan-tahden\/wp-json\/wp\/v2\/posts"}],"about":[{"href":"https:\/\/suomenkuvalehti.fi\/taivaan-tahden\/wp-json\/wp\/v2\/types\/post"}],"author":[{"embeddable":true,"href":"https:\/\/suomenkuvalehti.fi\/taivaan-tahden\/wp-json\/wp\/v2\/users\/557"}],"replies":[{"embeddable":true,"href":"https:\/\/suomenkuvalehti.fi\/taivaan-tahden\/wp-json\/wp\/v2\/comments?post=1659"}],"version-history":[{"count":4,"href":"https:\/\/suomenkuvalehti.fi\/taivaan-tahden\/wp-json\/wp\/v2\/posts\/1659\/revisions"}],"predecessor-version":[{"id":1664,"href":"https:\/\/suomenkuvalehti.fi\/taivaan-tahden\/wp-json\/wp\/v2\/posts\/1659\/revisions\/1664"}],"wp:attachment":[{"href":"https:\/\/suomenkuvalehti.fi\/taivaan-tahden\/wp-json\/wp\/v2\/media?parent=1659"}],"wp:term":[{"taxonomy":"category","embeddable":true,"href":"https:\/\/suomenkuvalehti.fi\/taivaan-tahden\/wp-json\/wp\/v2\/categories?post=1659"},{"taxonomy":"post_tag","embeddable":true,"href":"https:\/\/suomenkuvalehti.fi\/taivaan-tahden\/wp-json\/wp\/v2\/tags?post=1659"}],"curies":[{"name":"wp","href":"https:\/\/api.w.org\/{rel}","templated":true}]}}