{"id":1648,"date":"2018-06-16T22:07:57","date_gmt":"2018-06-16T19:07:57","guid":{"rendered":"https:\/\/suomenkuvalehti.fi\/taivaan-tahden\/?p=1648"},"modified":"2018-06-16T22:07:57","modified_gmt":"2018-06-16T19:07:57","slug":"mustia-aukkoja-ei-ehka-olekaan","status":"publish","type":"post","link":"https:\/\/suomenkuvalehti.fi\/taivaan-tahden\/2018\/06\/16\/mustia-aukkoja-ei-ehka-olekaan\/","title":{"rendered":"Mustia aukkoja ei ehk\u00e4 olekaan"},"content":{"rendered":"<figure class=\"aligncenter size-large is-resized wp-block-image\">\n  <div class=\"wp-block-image__inner-container\">\n    <a href=\"https:\/\/suomenkuvalehti.fi\/taivaan-tahden\/wp-content\/uploads\/sites\/36\/2018\/06\/blackholesnasa.jpg\"><img loading=\"lazy\" decoding=\"async\" src=\"https:\/\/suomenkuvalehti.fi\/taivaan-tahden\/wp-content\/uploads\/sites\/36\/2018\/06\/blackholesnasa-1024x576.jpg\" alt=\"\" class=\"wp-image-1649\" width=\"1024\" height=\"576\" style=\"--aspect-ratio: 1.78\" srcset=\"https:\/\/suomenkuvalehti.fi\/taivaan-tahden\/wp-content\/uploads\/sites\/36\/2018\/06\/blackholesnasa-1024x576.jpg 1024w, https:\/\/suomenkuvalehti.fi\/taivaan-tahden\/wp-content\/uploads\/sites\/36\/2018\/06\/blackholesnasa-300x169.jpg 300w, https:\/\/suomenkuvalehti.fi\/taivaan-tahden\/wp-content\/uploads\/sites\/36\/2018\/06\/blackholesnasa-768x432.jpg 768w, https:\/\/suomenkuvalehti.fi\/taivaan-tahden\/wp-content\/uploads\/sites\/36\/2018\/06\/blackholesnasa-630x354.jpg 630w, https:\/\/suomenkuvalehti.fi\/taivaan-tahden\/wp-content\/uploads\/sites\/36\/2018\/06\/blackholesnasa.jpg 1575w\" sizes=\"auto, (max-width: 1024px) 100vw, 1024px\" \/><\/a>    <figcaption class=\"wp-block-image__figcaption\">\n      Mustien aukkojen t\u00f6rm\u00e4ys synnytt\u00e4\u00e4 gravitaatioaaltoja. Tai sitten ei. Kuva: NASA          <\/figcaption>\n      <\/div>\n<\/figure>\n\n\n<p>LIGO-observatorioiden syksyll\u00e4 2015 havaitsemat ensimm\u00e4iset gravitaatioaallot syntyiv\u00e4t kahden mustan aukon t\u00f6rm\u00e4tess\u00e4 1,3 miljardin valovuoden et\u00e4isyydell\u00e4. Kosminen kolari sai aika-avaruuden v\u00e4reilem\u00e4\u00e4n ja \u00e4\u00e4rimm\u00e4isen heikko aaltoilu onnistuttiin havaitsemaan superherkill\u00e4 mittalaitteilla.<\/p>\n\n\n\n<p>Vai oliko kyseess\u00e4 sittenk\u00e4\u00e4n mustien aukkojen t\u00f6rm\u00e4ys? Mustia aukkoja ei v\u00e4ltt\u00e4m\u00e4tt\u00e4 ole edes olemassa, ainakin jos belgialaisen KU Leuven -yliopiston tutkijoita on uskominen.<\/p>\n\n\n\n<p>Mustien aukkojen ongelmana on ollut alusta l\u00e4htien niiden tapahtumahorisontti. Sill\u00e4 et\u00e4isyydell\u00e4 gravitaatio kasvaa niin voimakkaaksi, ett\u00e4 huikeasta nopeudestaan huolimatta edes valo ei p\u00e4\u00e4se karkuun mustan aukon tiukkaa otetta.<\/p>\n\n\n\n<p>Tapahtumahorisontin takaa ei siis ole mahdollista saada mink\u00e4\u00e4nlaista tietoa. Rajan ylitt\u00e4nyt kappale on kadonnut t\u00e4st\u00e4 maailmankaikkeudesta j\u00e4tt\u00e4m\u00e4tt\u00e4 itsest\u00e4\u00e4n j\u00e4lke\u00e4k\u00e4\u00e4n.<\/p>\n\n\n\n<p>Se taas ei ole kvanttifysiikan periaatteiden mukaista: informaatio ei voi koskaan kadota lopullisesti vaan se s\u00e4ilyy muodossa tai toisessa.<\/p>\n\n\n\n<p>Mustassa aukossa niin ei kuitenkaan tapahdu \u2013 ellei edesmenneen <strong>Stephen Hawkingin<\/strong> ratkaisu t\u00e4lle informaatioparadoksille osoittaudu oikeaksi. Tutkijoilla on asiasta monenlaisia mielipiteit\u00e4.<\/p>\n\n\n\n<p>Yksi mahdollinen ratkaisu olisi se, ett\u00e4 mustia aukkoja ei ole ollenkaan olemassa. Silloin maailmankaikkeudessa ei olisi my\u00f6sk\u00e4\u00e4n tapahtumahorisontteja, joiden taakse informaatiota p\u00e4\u00e4tyisi pysyv\u00e4sti piiloon.<\/p>\n\n\n\n<p>Gravitaatioaaltoja on kuitenkin havaittu, joten yhdest\u00e4 ristiriidasta ajaudutaan toiseen. Paitsi jos mustien aukkojen sijasta maailmankaikkeutta kansoittaisivat kosmiset madonrei\u00e4t.<\/p>\n\n\n\n<p><strong>Pablo Buenon <\/strong>ja<strong> Pablo A. Canon<\/strong> mukaan n\u00e4m\u00e4 <strong>Albert Einsteinin<\/strong> yleisen suhteellisuusteorian kummajaiset voisivat t\u00f6rm\u00e4illess\u00e4\u00e4n saada aikaan samanlaisia gravitaatioaaltoja kuin mustat aukot \u2013 joita ei siis olisikaan olemassa.<\/p>\n\n\n\n<p>Kosmiset madonrei\u00e4t ovat aika-avaruuden &#8221;tunneleita&#8221;, jotka voivat muodostaa oikotien yhdest\u00e4 maailmankaikkeuden pisteest\u00e4 toiseen. Niiden suuaukot muistuttavat mustia aukkoja, mutta niit\u00e4 ei ymp\u00e4r\u00f6i tapahtumahorisontti: informaatio ei katoa!<\/p>\n\n\n\n<p>Jonkin sortin ongelma on tietysti se, ett\u00e4 mustia aukkoja on aika varmasti havaittu, kosmisia madonreiki\u00e4 ei edes ehk\u00e4. Mutta jos gravitaatioaaltojen havaitsemiseen k\u00e4ytettyjen mittalaitteiden herkkyys kasvaa \u2013 ja miksi ei kasvaisi \u2013 jatkossa voi olla mahdollista erottaa, ovatko aallot per\u00e4isin mustien aukkojen vai madonreikien t\u00f6rm\u00e4yksist\u00e4.<\/p>\n\n\n\n<p>Kun t\u00f6rm\u00e4ys tapahtuu, gravitaatioaaltojen aiheuttama signaali tulee ja menee: se hiipuu nopeasti. Jos kolaroivat osapuolet ovat mustia aukkoja, signaali katoaa kokonaan, koska tapahtumahorisontin takaa ei voi tulla mit\u00e4\u00e4n.<\/p>\n\n\n\n<p>Jos sen sijaan t\u00f6rm\u00e4\u00e4j\u00e4t ovat kosmisia madonreiki\u00e4, hiipuvassa signaalissa pit\u00e4isi \u201dkuulua\u201d kaiku samaan tapaan kuin huudettaessa kaivoon (jos nyt jollekin moinen tempaus tulee mieleen).<\/p>\n\n\n\n<p>Kosminen kaiku kertoisi, onko maailmankaikkeudessa mustia aukkoja vai ei. Olemme kuulolla.<\/p>\n\n\n","protected":false},"excerpt":{"rendered":"<p>LIGO-observatorioiden syksyll\u00e4 2015 havaitsemat ensimm\u00e4iset gravitaatioaallot syntyiv\u00e4t kahden mustan aukon t\u00f6rm\u00e4tess\u00e4 1,3 miljardin valovuoden et\u00e4isyydell\u00e4. Kosminen kolari sai aika-avaruuden v\u00e4reilem\u00e4\u00e4n ja \u00e4\u00e4rimm\u00e4isen heikko aaltoilu onnistuttiin havaitsemaan superherkill\u00e4<br \/>\nmittalaitteill&hellip;<\/p>\n","protected":false},"author":557,"featured_media":0,"comment_status":"open","ping_status":"open","sticky":false,"template":"","format":"standard","meta":{"_acf_changed":false,"asauth_required_access_level":3,"asauth_cansharepaid":"true","om_header_attributes":[],"footnotes":"","om_featured_image_focal_point":[],"om_primary_tag":0,"om_contributors":[],"om_co_authors":[],"beyondwords_generate_audio":"","beyondwords_project_id":"","beyondwords_content_id":"","beyondwords_preview_token":"","beyondwords_player_content":"","beyondwords_player_style":"","beyondwords_language_code":"","beyondwords_language_id":"","beyondwords_title_voice_id":"","beyondwords_body_voice_id":"","beyondwords_summary_voice_id":"","beyondwords_error_message":"","beyondwords_disabled":"","beyondwords_delete_content":"","beyondwords_podcast_id":"","beyondwords_hash":"","publish_post_to_speechkit":"","speechkit_hash":"","speechkit_generate_audio":"","speechkit_project_id":"","speechkit_podcast_id":"","speechkit_error_message":"","speechkit_disabled":"","speechkit_access_key":"","speechkit_error":"","speechkit_info":"","speechkit_response":"","speechkit_retries":"","speechkit_status":"","speechkit_updated_at":"","_speechkit_link":"","_speechkit_text":""},"categories":[1],"tags":[168,654,174,27,64],"class_list":["post-1648","post","type-post","status-publish","format-standard","hentry","category-taivaan-tahden","tag-gravitaatioaallot","tag-kosminen-madonreika","tag-ligo","tag-musta-aukko","tag-tapahtumahorisontti"],"om_views":null,"acf":{"tuuma_off":false,"tuuma_kysymys":"","tuuma_vastaus":""},"asauth":{"required_access_level":1,"share_token":"","is_paid":false},"yoast_head":"<!-- This site is optimized with the Yoast SEO plugin v26.4 - https:\/\/yoast.com\/wordpress\/plugins\/seo\/ -->\n<title>Mustia aukkoja ei ehk\u00e4 olekaan - Taivaan t\u00e4hden<\/title>\n<meta name=\"robots\" content=\"index, follow, max-snippet:-1, max-image-preview:large, max-video-preview:-1\" \/>\n<link rel=\"canonical\" href=\"https:\/\/suomenkuvalehti.fi\/taivaan-tahden\/2018\/06\/16\/mustia-aukkoja-ei-ehka-olekaan\/\" \/>\n<meta property=\"og:locale\" content=\"fi_FI\" \/>\n<meta property=\"og:type\" content=\"article\" \/>\n<meta property=\"og:title\" content=\"Mustia aukkoja ei ehk\u00e4 olekaan - Taivaan t\u00e4hden\" \/>\n<meta property=\"og:description\" content=\"LIGO-observatorioiden syksyll\u00e4 2015 havaitsemat ensimm\u00e4iset gravitaatioaallot syntyiv\u00e4t kahden mustan aukon t\u00f6rm\u00e4tess\u00e4 1,3 miljardin valovuoden et\u00e4isyydell\u00e4. Kosminen kolari sai aika-avaruuden v\u00e4reilem\u00e4\u00e4n ja \u00e4\u00e4rimm\u00e4isen heikko aaltoilu onnistuttiin havaitsemaan superherkill\u00e4 mittalaitteill&hellip;\" \/>\n<meta property=\"og:url\" content=\"https:\/\/suomenkuvalehti.fi\/taivaan-tahden\/2018\/06\/16\/mustia-aukkoja-ei-ehka-olekaan\/\" \/>\n<meta property=\"og:site_name\" content=\"Taivaan t\u00e4hden\" \/>\n<meta property=\"article:published_time\" content=\"2018-06-16T19:07:57+00:00\" \/>\n<meta property=\"og:image\" content=\"https:\/\/suomenkuvalehti.fi\/taivaan-tahden\/wp-content\/uploads\/sites\/36\/2018\/06\/blackholesnasa.jpg\" \/>\n\t<meta property=\"og:image:width\" content=\"1575\" \/>\n\t<meta property=\"og:image:height\" content=\"886\" \/>\n\t<meta property=\"og:image:type\" content=\"image\/jpeg\" \/>\n<meta name=\"author\" content=\"Markus Hotakainen\" \/>\n<meta name=\"twitter:card\" content=\"summary_large_image\" \/>\n<meta name=\"twitter:label1\" content=\"Written by\" \/>\n\t<meta name=\"twitter:data1\" content=\"Markus Hotakainen\" \/>\n\t<meta name=\"twitter:label2\" content=\"Est. reading time\" \/>\n\t<meta name=\"twitter:data2\" content=\"2 minuuttia\" \/>\n<script type=\"application\/ld+json\" class=\"yoast-schema-graph\">{\"@context\":\"https:\/\/schema.org\",\"@graph\":[{\"@type\":\"WebPage\",\"@id\":\"https:\/\/suomenkuvalehti.fi\/taivaan-tahden\/2018\/06\/16\/mustia-aukkoja-ei-ehka-olekaan\/\",\"url\":\"https:\/\/suomenkuvalehti.fi\/taivaan-tahden\/2018\/06\/16\/mustia-aukkoja-ei-ehka-olekaan\/\",\"name\":\"Mustia aukkoja ei ehk\u00e4 olekaan - Taivaan t\u00e4hden\",\"isPartOf\":{\"@id\":\"https:\/\/suomenkuvalehti.fi\/taivaan-tahden\/#website\"},\"primaryImageOfPage\":{\"@id\":\"https:\/\/suomenkuvalehti.fi\/taivaan-tahden\/2018\/06\/16\/mustia-aukkoja-ei-ehka-olekaan\/#primaryimage\"},\"image\":{\"@id\":\"https:\/\/suomenkuvalehti.fi\/taivaan-tahden\/2018\/06\/16\/mustia-aukkoja-ei-ehka-olekaan\/#primaryimage\"},\"thumbnailUrl\":\"https:\/\/suomenkuvalehti.fi\/taivaan-tahden\/wp-content\/uploads\/sites\/36\/2018\/06\/blackholesnasa-1024x576.jpg\",\"datePublished\":\"2018-06-16T19:07:57+00:00\",\"author\":{\"@id\":\"https:\/\/suomenkuvalehti.fi\/taivaan-tahden\/#\/schema\/person\/c9c1373acb19750e11084ef640abeae0\"},\"breadcrumb\":{\"@id\":\"https:\/\/suomenkuvalehti.fi\/taivaan-tahden\/2018\/06\/16\/mustia-aukkoja-ei-ehka-olekaan\/#breadcrumb\"},\"inLanguage\":\"fi\",\"potentialAction\":[{\"@type\":\"ReadAction\",\"target\":[\"https:\/\/suomenkuvalehti.fi\/taivaan-tahden\/2018\/06\/16\/mustia-aukkoja-ei-ehka-olekaan\/\"]}]},{\"@type\":\"ImageObject\",\"inLanguage\":\"fi\",\"@id\":\"https:\/\/suomenkuvalehti.fi\/taivaan-tahden\/2018\/06\/16\/mustia-aukkoja-ei-ehka-olekaan\/#primaryimage\",\"url\":\"https:\/\/suomenkuvalehti.fi\/taivaan-tahden\/wp-content\/uploads\/sites\/36\/2018\/06\/blackholesnasa.jpg\",\"contentUrl\":\"https:\/\/suomenkuvalehti.fi\/taivaan-tahden\/wp-content\/uploads\/sites\/36\/2018\/06\/blackholesnasa.jpg\",\"width\":1575,\"height\":886},{\"@type\":\"BreadcrumbList\",\"@id\":\"https:\/\/suomenkuvalehti.fi\/taivaan-tahden\/2018\/06\/16\/mustia-aukkoja-ei-ehka-olekaan\/#breadcrumb\",\"itemListElement\":[{\"@type\":\"ListItem\",\"position\":1,\"name\":\"Home\",\"item\":\"https:\/\/suomenkuvalehti.fi\/taivaan-tahden\/\"},{\"@type\":\"ListItem\",\"position\":2,\"name\":\"Mustia aukkoja ei ehk\u00e4 olekaan\"}]},{\"@type\":\"WebSite\",\"@id\":\"https:\/\/suomenkuvalehti.fi\/taivaan-tahden\/#website\",\"url\":\"https:\/\/suomenkuvalehti.fi\/taivaan-tahden\/\",\"name\":\"Taivaan t\u00e4hden\",\"description\":\"Tiedetoimittaja Markus Hotakainen h\u00e4mm\u00e4stelee maailmankaikkeutta.\",\"potentialAction\":[{\"@type\":\"SearchAction\",\"target\":{\"@type\":\"EntryPoint\",\"urlTemplate\":\"https:\/\/suomenkuvalehti.fi\/haku\/?q={search_term_string}\"},\"query-input\":{\"@type\":\"PropertyValueSpecification\",\"valueRequired\":true,\"valueName\":\"search_term_string\"}}],\"inLanguage\":\"fi\"},{\"@type\":\"Person\",\"@id\":\"https:\/\/suomenkuvalehti.fi\/taivaan-tahden\/#\/schema\/person\/c9c1373acb19750e11084ef640abeae0\",\"name\":\"Markus Hotakainen\",\"image\":{\"@type\":\"ImageObject\",\"inLanguage\":\"fi\",\"@id\":\"https:\/\/suomenkuvalehti.fi\/taivaan-tahden\/#\/schema\/person\/image\/\",\"url\":\"https:\/\/suomenkuvalehti.fi\/taivaan-tahden\/wp-content\/uploads\/sites\/36\/2018\/05\/markus_hotakainen_blogi_pieni-150x150.jpg\",\"contentUrl\":\"https:\/\/suomenkuvalehti.fi\/taivaan-tahden\/wp-content\/uploads\/sites\/36\/2018\/05\/markus_hotakainen_blogi_pieni-150x150.jpg\",\"caption\":\"Markus Hotakainen\"},\"description\":\"Kirjoittaja on tiedetoimittaja ja tietokirjailija.\"}]}<\/script>\n<!-- \/ Yoast SEO plugin. -->","yoast_head_json":{"title":"Mustia aukkoja ei ehk\u00e4 olekaan - Taivaan t\u00e4hden","robots":{"index":"index","follow":"follow","max-snippet":"max-snippet:-1","max-image-preview":"max-image-preview:large","max-video-preview":"max-video-preview:-1"},"canonical":"https:\/\/suomenkuvalehti.fi\/taivaan-tahden\/2018\/06\/16\/mustia-aukkoja-ei-ehka-olekaan\/","og_locale":"fi_FI","og_type":"article","og_title":"Mustia aukkoja ei ehk\u00e4 olekaan - Taivaan t\u00e4hden","og_description":"LIGO-observatorioiden syksyll\u00e4 2015 havaitsemat ensimm\u00e4iset gravitaatioaallot syntyiv\u00e4t kahden mustan aukon t\u00f6rm\u00e4tess\u00e4 1,3 miljardin valovuoden et\u00e4isyydell\u00e4. Kosminen kolari sai aika-avaruuden v\u00e4reilem\u00e4\u00e4n ja \u00e4\u00e4rimm\u00e4isen heikko aaltoilu onnistuttiin havaitsemaan superherkill\u00e4 mittalaitteill&hellip;","og_url":"https:\/\/suomenkuvalehti.fi\/taivaan-tahden\/2018\/06\/16\/mustia-aukkoja-ei-ehka-olekaan\/","og_site_name":"Taivaan t\u00e4hden","article_published_time":"2018-06-16T19:07:57+00:00","og_image":[{"width":1575,"height":886,"url":"https:\/\/suomenkuvalehti.fi\/taivaan-tahden\/wp-content\/uploads\/sites\/36\/2018\/06\/blackholesnasa.jpg","type":"image\/jpeg"}],"author":"Markus Hotakainen","twitter_card":"summary_large_image","twitter_misc":{"Written by":"Markus Hotakainen","Est. reading time":"2 minuuttia"},"schema":{"@context":"https:\/\/schema.org","@graph":[{"@type":"WebPage","@id":"https:\/\/suomenkuvalehti.fi\/taivaan-tahden\/2018\/06\/16\/mustia-aukkoja-ei-ehka-olekaan\/","url":"https:\/\/suomenkuvalehti.fi\/taivaan-tahden\/2018\/06\/16\/mustia-aukkoja-ei-ehka-olekaan\/","name":"Mustia aukkoja ei ehk\u00e4 olekaan - Taivaan t\u00e4hden","isPartOf":{"@id":"https:\/\/suomenkuvalehti.fi\/taivaan-tahden\/#website"},"primaryImageOfPage":{"@id":"https:\/\/suomenkuvalehti.fi\/taivaan-tahden\/2018\/06\/16\/mustia-aukkoja-ei-ehka-olekaan\/#primaryimage"},"image":{"@id":"https:\/\/suomenkuvalehti.fi\/taivaan-tahden\/2018\/06\/16\/mustia-aukkoja-ei-ehka-olekaan\/#primaryimage"},"thumbnailUrl":"https:\/\/suomenkuvalehti.fi\/taivaan-tahden\/wp-content\/uploads\/sites\/36\/2018\/06\/blackholesnasa-1024x576.jpg","datePublished":"2018-06-16T19:07:57+00:00","author":{"@id":"https:\/\/suomenkuvalehti.fi\/taivaan-tahden\/#\/schema\/person\/c9c1373acb19750e11084ef640abeae0"},"breadcrumb":{"@id":"https:\/\/suomenkuvalehti.fi\/taivaan-tahden\/2018\/06\/16\/mustia-aukkoja-ei-ehka-olekaan\/#breadcrumb"},"inLanguage":"fi","potentialAction":[{"@type":"ReadAction","target":["https:\/\/suomenkuvalehti.fi\/taivaan-tahden\/2018\/06\/16\/mustia-aukkoja-ei-ehka-olekaan\/"]}]},{"@type":"ImageObject","inLanguage":"fi","@id":"https:\/\/suomenkuvalehti.fi\/taivaan-tahden\/2018\/06\/16\/mustia-aukkoja-ei-ehka-olekaan\/#primaryimage","url":"https:\/\/suomenkuvalehti.fi\/taivaan-tahden\/wp-content\/uploads\/sites\/36\/2018\/06\/blackholesnasa.jpg","contentUrl":"https:\/\/suomenkuvalehti.fi\/taivaan-tahden\/wp-content\/uploads\/sites\/36\/2018\/06\/blackholesnasa.jpg","width":1575,"height":886},{"@type":"BreadcrumbList","@id":"https:\/\/suomenkuvalehti.fi\/taivaan-tahden\/2018\/06\/16\/mustia-aukkoja-ei-ehka-olekaan\/#breadcrumb","itemListElement":[{"@type":"ListItem","position":1,"name":"Home","item":"https:\/\/suomenkuvalehti.fi\/taivaan-tahden\/"},{"@type":"ListItem","position":2,"name":"Mustia aukkoja ei ehk\u00e4 olekaan"}]},{"@type":"WebSite","@id":"https:\/\/suomenkuvalehti.fi\/taivaan-tahden\/#website","url":"https:\/\/suomenkuvalehti.fi\/taivaan-tahden\/","name":"Taivaan t\u00e4hden","description":"Tiedetoimittaja Markus Hotakainen h\u00e4mm\u00e4stelee maailmankaikkeutta.","potentialAction":[{"@type":"SearchAction","target":{"@type":"EntryPoint","urlTemplate":"https:\/\/suomenkuvalehti.fi\/haku\/?q={search_term_string}"},"query-input":{"@type":"PropertyValueSpecification","valueRequired":true,"valueName":"search_term_string"}}],"inLanguage":"fi"},{"@type":"Person","@id":"https:\/\/suomenkuvalehti.fi\/taivaan-tahden\/#\/schema\/person\/c9c1373acb19750e11084ef640abeae0","name":"Markus Hotakainen","image":{"@type":"ImageObject","inLanguage":"fi","@id":"https:\/\/suomenkuvalehti.fi\/taivaan-tahden\/#\/schema\/person\/image\/","url":"https:\/\/suomenkuvalehti.fi\/taivaan-tahden\/wp-content\/uploads\/sites\/36\/2018\/05\/markus_hotakainen_blogi_pieni-150x150.jpg","contentUrl":"https:\/\/suomenkuvalehti.fi\/taivaan-tahden\/wp-content\/uploads\/sites\/36\/2018\/05\/markus_hotakainen_blogi_pieni-150x150.jpg","caption":"Markus Hotakainen"},"description":"Kirjoittaja on tiedetoimittaja ja tietokirjailija."}]}},"_links":{"self":[{"href":"https:\/\/suomenkuvalehti.fi\/taivaan-tahden\/wp-json\/wp\/v2\/posts\/1648","targetHints":{"allow":["GET"]}}],"collection":[{"href":"https:\/\/suomenkuvalehti.fi\/taivaan-tahden\/wp-json\/wp\/v2\/posts"}],"about":[{"href":"https:\/\/suomenkuvalehti.fi\/taivaan-tahden\/wp-json\/wp\/v2\/types\/post"}],"author":[{"embeddable":true,"href":"https:\/\/suomenkuvalehti.fi\/taivaan-tahden\/wp-json\/wp\/v2\/users\/557"}],"replies":[{"embeddable":true,"href":"https:\/\/suomenkuvalehti.fi\/taivaan-tahden\/wp-json\/wp\/v2\/comments?post=1648"}],"version-history":[{"count":3,"href":"https:\/\/suomenkuvalehti.fi\/taivaan-tahden\/wp-json\/wp\/v2\/posts\/1648\/revisions"}],"predecessor-version":[{"id":1652,"href":"https:\/\/suomenkuvalehti.fi\/taivaan-tahden\/wp-json\/wp\/v2\/posts\/1648\/revisions\/1652"}],"wp:attachment":[{"href":"https:\/\/suomenkuvalehti.fi\/taivaan-tahden\/wp-json\/wp\/v2\/media?parent=1648"}],"wp:term":[{"taxonomy":"category","embeddable":true,"href":"https:\/\/suomenkuvalehti.fi\/taivaan-tahden\/wp-json\/wp\/v2\/categories?post=1648"},{"taxonomy":"post_tag","embeddable":true,"href":"https:\/\/suomenkuvalehti.fi\/taivaan-tahden\/wp-json\/wp\/v2\/tags?post=1648"}],"curies":[{"name":"wp","href":"https:\/\/api.w.org\/{rel}","templated":true}]}}