{"id":1622,"date":"2018-05-30T12:03:34","date_gmt":"2018-05-30T09:03:34","guid":{"rendered":"https:\/\/suomenkuvalehti.fi\/taivaan-tahden\/?p=1622"},"modified":"2018-05-30T12:03:34","modified_gmt":"2018-05-30T09:03:34","slug":"siinako-kaikki-kuukavelijoita-on-enaa-nelja","status":"publish","type":"post","link":"https:\/\/suomenkuvalehti.fi\/taivaan-tahden\/2018\/05\/30\/siinako-kaikki-kuukavelijoita-on-enaa-nelja\/","title":{"rendered":"\u201dSiin\u00e4k\u00f6 kaikki?\u201d \u2013 Kuuk\u00e4velij\u00f6it\u00e4 on en\u00e4\u00e4 nelj\u00e4"},"content":{"rendered":"<figure class=\"aligncenter size-large is-resized wp-block-image\">\n  <div class=\"wp-block-image__inner-container\">\n    <a href=\"https:\/\/suomenkuvalehti.fi\/taivaan-tahden\/wp-content\/uploads\/sites\/36\/2018\/05\/257665main_as12-47-6919_full.jpg\"><img loading=\"lazy\" decoding=\"async\" src=\"https:\/\/suomenkuvalehti.fi\/taivaan-tahden\/wp-content\/uploads\/sites\/36\/2018\/05\/257665main_as12-47-6919_full-1024x720.jpg\" alt=\"\" class=\"wp-image-1623\" width=\"1024\" height=\"720\" style=\"--aspect-ratio: 1.42\" srcset=\"https:\/\/suomenkuvalehti.fi\/taivaan-tahden\/wp-content\/uploads\/sites\/36\/2018\/05\/257665main_as12-47-6919_full-1024x720.jpg 1024w, https:\/\/suomenkuvalehti.fi\/taivaan-tahden\/wp-content\/uploads\/sites\/36\/2018\/05\/257665main_as12-47-6919_full-300x211.jpg 300w, https:\/\/suomenkuvalehti.fi\/taivaan-tahden\/wp-content\/uploads\/sites\/36\/2018\/05\/257665main_as12-47-6919_full-768x540.jpg 768w, https:\/\/suomenkuvalehti.fi\/taivaan-tahden\/wp-content\/uploads\/sites\/36\/2018\/05\/257665main_as12-47-6919_full-630x443.jpg 630w\" sizes=\"auto, (max-width: 1024px) 100vw, 1024px\" \/><\/a>    <figcaption class=\"wp-block-image__figcaption\">\n      Alan Bean pystytt\u00e4m\u00e4ss\u00e4 tutkimuslaitteistoa Kuun pinnalle. Etualalla n\u00e4kyy kuvan ottaneen Pete Conradin varjo. Kuva: NASA          <\/figcaption>\n      <\/div>\n<\/figure>\n\n\n<p><span class=\"capitalized\">Keskuudestamme<\/span> on taas poistunut yksi Kuussa k\u00e4yneist\u00e4 astronauteista. <strong>Alan Bean<\/strong> oli Apollo 12 -lennolla kuumoduulin pilottina \u2013 vaikka todellisuudessa alusta ohjasi komentaja <strong>Pete Conrad<\/strong> \u2013 ja astui marraskuussa 1969 nelj\u00e4nten\u00e4 ihmisen\u00e4 Kuun p\u00f6lyiselle kamaralle.<\/p>\n\n\n\n<p>Vuosia kest\u00e4nyt koulutus kulminoitui 31,5 tuntiin Kuun pinnalla. Kun miehist\u00f6 oli paluumatkalla kohti Maata, Bean esitti Conradille otsikon kysymyksen: \u201dSiin\u00e4k\u00f6 kaikki?\u201d \u2013 \u201cIs that all there is?\u201d Niin paljon j\u00e4i n\u00e4kem\u00e4tt\u00e4, tekem\u00e4tt\u00e4 ja kokematta.<\/p>\n\n\n\n<p>Kyll\u00e4, kaikki oli siin\u00e4. Ja ehk\u00e4 paras osa j\u00e4i hyv\u00e4st\u00e4 suunnitelmasta huolimatta kokonaan toteuttamatta.<\/p>\n\n\n\n<p><span class=\"capitalized\">Apollo 11 -lennolLa<\/span> otetuissa kuvissa n\u00e4kyy l\u00e4hinn\u00e4 <strong>Buzz Aldrin<\/strong>, jota <strong>Neil Armstrong<\/strong> kuvasi ahkerasti eri ty\u00f6teht\u00e4viss\u00e4 2,5 tunnin kuuk\u00e4velyn aikana. Aldrin puolestaan ei ollut kovin innokas ikuistamaan lennon komentajaa, sill\u00e4 alun perin Aldrinin oli m\u00e4\u00e4r\u00e4 astua Kuun pinnalle ennen Armstrongia.<\/p>\n\n\n\n<blockquote class=\"wp-block-quote\"><p>Kuka kuvan on ottanut?<\/p><\/blockquote>\n\n\n\n<p>Bean otti salaa mukaan Hasselblad-kameran itselaukaisimen, jonka avulla h\u00e4n saisi otettua kuvan sek\u00e4 itsest\u00e4\u00e4n ett\u00e4 Conradista. Ajatus oli, ett\u00e4 asiasta ei puhuttaisi lennonjohdolle tai muillekaan mit\u00e4\u00e4n vaan astronauttikaksikon potretti saisi lennon j\u00e4lkeen kaikki raapimaan p\u00e4\u00e4t\u00e4\u00e4n: kuka kuvan on ottanut?<\/p>\n\n\n\n<p>Laukaisin oli piilotettu ty\u00f6kalu- ja n\u00e4ytek\u00e4rryyn, johon astronautit ker\u00e4siv\u00e4t kuukivi\u00e4. Kun tiukkaan aikataulutetussa ohjelmassa koitti sopiva hetki kuvan ottamiseen, Bean ei l\u00f6yt\u00e4nytk\u00e4\u00e4n laukaisinta. Aikansa k\u00e4rry\u00e4 pengottuaan h\u00e4nen oli pakko j\u00e4tt\u00e4\u00e4 asia sikseen, koska kiire alkoi painaa p\u00e4\u00e4lle.<\/p>\n\n\n\n<p><span class=\"capitalized\">\u201dOikeita\u201d t\u00f6it\u00e4<\/span> tehdess\u00e4\u00e4n Bean sadatteli rankasti huonoa tuuria. Kun kuuk\u00e4vely alkoi kallistua lopuilleen ja kumpikin astronautti oli taas aluksensa l\u00e4hettyvill\u00e4 pakkaamassa n\u00e4ytteit\u00e4 kotimatkaa varten, kas kummaa: itselaukaisin l\u00f6ytyikin n\u00e4ytekassin pohjalta.<\/p>\n\n\n\n<p>Siin\u00e4 vaiheessa Bean oli jo niin suivaantunut, ett\u00e4 nappasi laukaisimen ja paiskasi sen Kuun pieness\u00e4 painovoimassa niin pitk\u00e4lle kuin pystyi. Ja kun tikkuaskia pienempi aparaatti oli viel\u00e4 \u201dilmassa\u201d \u2013 jota Kuussa ei tietenk\u00e4\u00e4n ole \u2013 Bean \u00e4kk\u00e4si, ett\u00e4 heh\u00e4n olisivat hyvin voineet ottaa kuvan siin\u00e4 vaiheessa kuuk\u00e4vely\u00e4.<\/p>\n\n\n\n<p>J\u00e4\u00e4ty\u00e4\u00e4n Nasasta el\u00e4kkeelle Alan Bean omistautui taiteen tekemiselle ja ikuisti yhteen maalaukseen my\u00f6s \u201dvalokuvan, jota emme koskaan ottaneet\u201d.<\/p>\n\n\n","protected":false},"excerpt":{"rendered":"<p>Keskuudestamme on taas poistunut yksi Kuussa k\u00e4yneist\u00e4 astronauteista. Alan Bean oli Apollo 12 -lennolla kuumoduulin pilottina \u2013 vaikka todellisuudessa alusta ohjasi komentaja Pete Conrad \u2013 ja astui marraskuussa 1969 nelj\u00e4nten\u00e4 ihmisen\u00e4 Kuun p\u00f6lyiselle kamaralle. Vuosia<br \/>\nkest\u00e4nyt &hellip;<\/p>\n","protected":false},"author":557,"featured_media":0,"comment_status":"open","ping_status":"open","sticky":false,"template":"","format":"standard","meta":{"_acf_changed":false,"asauth_required_access_level":3,"asauth_cansharepaid":"true","om_header_attributes":[],"footnotes":"","om_featured_image_focal_point":[],"om_primary_tag":0,"om_contributors":[],"om_co_authors":[],"beyondwords_generate_audio":"","beyondwords_project_id":"","beyondwords_content_id":"","beyondwords_preview_token":"","beyondwords_player_content":"","beyondwords_player_style":"","beyondwords_language_code":"","beyondwords_language_id":"","beyondwords_title_voice_id":"","beyondwords_body_voice_id":"","beyondwords_summary_voice_id":"","beyondwords_error_message":"","beyondwords_disabled":"","beyondwords_delete_content":"","beyondwords_podcast_id":"","beyondwords_hash":"","publish_post_to_speechkit":"","speechkit_hash":"","speechkit_generate_audio":"","speechkit_project_id":"","speechkit_podcast_id":"","speechkit_error_message":"","speechkit_disabled":"","speechkit_access_key":"","speechkit_error":"","speechkit_info":"","speechkit_response":"","speechkit_retries":"","speechkit_status":"","speechkit_updated_at":"","_speechkit_link":"","_speechkit_text":""},"categories":[1],"tags":[352,642,5,643],"class_list":["post-1622","post","type-post","status-publish","format-standard","hentry","category-taivaan-tahden","tag-alan-bean","tag-apollo-lennot","tag-kuu","tag-pete-conrad"],"om_views":null,"acf":{"tuuma_off":false,"tuuma_kysymys":"","tuuma_vastaus":""},"asauth":{"required_access_level":1,"share_token":"","is_paid":false},"yoast_head":"<!-- This site is optimized with the Yoast SEO plugin v26.4 - https:\/\/yoast.com\/wordpress\/plugins\/seo\/ -->\n<title>\u201dSiin\u00e4k\u00f6 kaikki?\u201d \u2013 Kuuk\u00e4velij\u00f6it\u00e4 on en\u00e4\u00e4 nelj\u00e4 - Taivaan t\u00e4hden<\/title>\n<meta name=\"robots\" content=\"index, follow, max-snippet:-1, max-image-preview:large, max-video-preview:-1\" \/>\n<link rel=\"canonical\" href=\"https:\/\/suomenkuvalehti.fi\/taivaan-tahden\/2018\/05\/30\/siinako-kaikki-kuukavelijoita-on-enaa-nelja\/\" \/>\n<meta property=\"og:locale\" content=\"fi_FI\" \/>\n<meta property=\"og:type\" content=\"article\" \/>\n<meta property=\"og:title\" content=\"\u201dSiin\u00e4k\u00f6 kaikki?\u201d \u2013 Kuuk\u00e4velij\u00f6it\u00e4 on en\u00e4\u00e4 nelj\u00e4 - Taivaan t\u00e4hden\" \/>\n<meta property=\"og:description\" content=\"Keskuudestamme on taas poistunut yksi Kuussa k\u00e4yneist\u00e4 astronauteista. Alan Bean oli Apollo 12 -lennolla kuumoduulin pilottina \u2013 vaikka todellisuudessa alusta ohjasi komentaja Pete Conrad \u2013 ja astui marraskuussa 1969 nelj\u00e4nten\u00e4 ihmisen\u00e4 Kuun p\u00f6lyiselle kamaralle. Vuosia kest\u00e4nyt &hellip;\" \/>\n<meta property=\"og:url\" content=\"https:\/\/suomenkuvalehti.fi\/taivaan-tahden\/2018\/05\/30\/siinako-kaikki-kuukavelijoita-on-enaa-nelja\/\" \/>\n<meta property=\"og:site_name\" content=\"Taivaan t\u00e4hden\" \/>\n<meta property=\"article:published_time\" content=\"2018-05-30T09:03:34+00:00\" \/>\n<meta property=\"og:image\" content=\"https:\/\/suomenkuvalehti.fi\/taivaan-tahden\/wp-content\/uploads\/sites\/36\/2018\/05\/257665main_as12-47-6919_full.jpg\" \/>\n\t<meta property=\"og:image:width\" content=\"3904\" \/>\n\t<meta property=\"og:image:height\" content=\"2745\" \/>\n\t<meta property=\"og:image:type\" content=\"image\/jpeg\" \/>\n<meta name=\"author\" content=\"Markus Hotakainen\" \/>\n<meta name=\"twitter:card\" content=\"summary_large_image\" \/>\n<meta name=\"twitter:label1\" content=\"Written by\" \/>\n\t<meta name=\"twitter:data1\" content=\"Markus Hotakainen\" \/>\n\t<meta name=\"twitter:label2\" content=\"Est. reading time\" \/>\n\t<meta name=\"twitter:data2\" content=\"2 minuuttia\" \/>\n<script type=\"application\/ld+json\" class=\"yoast-schema-graph\">{\"@context\":\"https:\/\/schema.org\",\"@graph\":[{\"@type\":\"WebPage\",\"@id\":\"https:\/\/suomenkuvalehti.fi\/taivaan-tahden\/2018\/05\/30\/siinako-kaikki-kuukavelijoita-on-enaa-nelja\/\",\"url\":\"https:\/\/suomenkuvalehti.fi\/taivaan-tahden\/2018\/05\/30\/siinako-kaikki-kuukavelijoita-on-enaa-nelja\/\",\"name\":\"\u201dSiin\u00e4k\u00f6 kaikki?\u201d \u2013 Kuuk\u00e4velij\u00f6it\u00e4 on en\u00e4\u00e4 nelj\u00e4 - Taivaan t\u00e4hden\",\"isPartOf\":{\"@id\":\"https:\/\/suomenkuvalehti.fi\/taivaan-tahden\/#website\"},\"primaryImageOfPage\":{\"@id\":\"https:\/\/suomenkuvalehti.fi\/taivaan-tahden\/2018\/05\/30\/siinako-kaikki-kuukavelijoita-on-enaa-nelja\/#primaryimage\"},\"image\":{\"@id\":\"https:\/\/suomenkuvalehti.fi\/taivaan-tahden\/2018\/05\/30\/siinako-kaikki-kuukavelijoita-on-enaa-nelja\/#primaryimage\"},\"thumbnailUrl\":\"https:\/\/suomenkuvalehti.fi\/taivaan-tahden\/wp-content\/uploads\/sites\/36\/2018\/05\/257665main_as12-47-6919_full-1024x720.jpg\",\"datePublished\":\"2018-05-30T09:03:34+00:00\",\"author\":{\"@id\":\"https:\/\/suomenkuvalehti.fi\/taivaan-tahden\/#\/schema\/person\/c9c1373acb19750e11084ef640abeae0\"},\"breadcrumb\":{\"@id\":\"https:\/\/suomenkuvalehti.fi\/taivaan-tahden\/2018\/05\/30\/siinako-kaikki-kuukavelijoita-on-enaa-nelja\/#breadcrumb\"},\"inLanguage\":\"fi\",\"potentialAction\":[{\"@type\":\"ReadAction\",\"target\":[\"https:\/\/suomenkuvalehti.fi\/taivaan-tahden\/2018\/05\/30\/siinako-kaikki-kuukavelijoita-on-enaa-nelja\/\"]}]},{\"@type\":\"ImageObject\",\"inLanguage\":\"fi\",\"@id\":\"https:\/\/suomenkuvalehti.fi\/taivaan-tahden\/2018\/05\/30\/siinako-kaikki-kuukavelijoita-on-enaa-nelja\/#primaryimage\",\"url\":\"https:\/\/suomenkuvalehti.fi\/taivaan-tahden\/wp-content\/uploads\/sites\/36\/2018\/05\/257665main_as12-47-6919_full.jpg\",\"contentUrl\":\"https:\/\/suomenkuvalehti.fi\/taivaan-tahden\/wp-content\/uploads\/sites\/36\/2018\/05\/257665main_as12-47-6919_full.jpg\",\"width\":3904,\"height\":2745},{\"@type\":\"BreadcrumbList\",\"@id\":\"https:\/\/suomenkuvalehti.fi\/taivaan-tahden\/2018\/05\/30\/siinako-kaikki-kuukavelijoita-on-enaa-nelja\/#breadcrumb\",\"itemListElement\":[{\"@type\":\"ListItem\",\"position\":1,\"name\":\"Home\",\"item\":\"https:\/\/suomenkuvalehti.fi\/taivaan-tahden\/\"},{\"@type\":\"ListItem\",\"position\":2,\"name\":\"\u201dSiin\u00e4k\u00f6 kaikki?\u201d \u2013 Kuuk\u00e4velij\u00f6it\u00e4 on en\u00e4\u00e4 nelj\u00e4\"}]},{\"@type\":\"WebSite\",\"@id\":\"https:\/\/suomenkuvalehti.fi\/taivaan-tahden\/#website\",\"url\":\"https:\/\/suomenkuvalehti.fi\/taivaan-tahden\/\",\"name\":\"Taivaan t\u00e4hden\",\"description\":\"Tiedetoimittaja Markus Hotakainen h\u00e4mm\u00e4stelee maailmankaikkeutta.\",\"potentialAction\":[{\"@type\":\"SearchAction\",\"target\":{\"@type\":\"EntryPoint\",\"urlTemplate\":\"https:\/\/suomenkuvalehti.fi\/haku\/?q={search_term_string}\"},\"query-input\":{\"@type\":\"PropertyValueSpecification\",\"valueRequired\":true,\"valueName\":\"search_term_string\"}}],\"inLanguage\":\"fi\"},{\"@type\":\"Person\",\"@id\":\"https:\/\/suomenkuvalehti.fi\/taivaan-tahden\/#\/schema\/person\/c9c1373acb19750e11084ef640abeae0\",\"name\":\"Markus Hotakainen\",\"image\":{\"@type\":\"ImageObject\",\"inLanguage\":\"fi\",\"@id\":\"https:\/\/suomenkuvalehti.fi\/taivaan-tahden\/#\/schema\/person\/image\/\",\"url\":\"https:\/\/suomenkuvalehti.fi\/taivaan-tahden\/wp-content\/uploads\/sites\/36\/2018\/05\/markus_hotakainen_blogi_pieni-150x150.jpg\",\"contentUrl\":\"https:\/\/suomenkuvalehti.fi\/taivaan-tahden\/wp-content\/uploads\/sites\/36\/2018\/05\/markus_hotakainen_blogi_pieni-150x150.jpg\",\"caption\":\"Markus Hotakainen\"},\"description\":\"Kirjoittaja on tiedetoimittaja ja tietokirjailija.\"}]}<\/script>\n<!-- \/ Yoast SEO plugin. -->","yoast_head_json":{"title":"\u201dSiin\u00e4k\u00f6 kaikki?\u201d \u2013 Kuuk\u00e4velij\u00f6it\u00e4 on en\u00e4\u00e4 nelj\u00e4 - Taivaan t\u00e4hden","robots":{"index":"index","follow":"follow","max-snippet":"max-snippet:-1","max-image-preview":"max-image-preview:large","max-video-preview":"max-video-preview:-1"},"canonical":"https:\/\/suomenkuvalehti.fi\/taivaan-tahden\/2018\/05\/30\/siinako-kaikki-kuukavelijoita-on-enaa-nelja\/","og_locale":"fi_FI","og_type":"article","og_title":"\u201dSiin\u00e4k\u00f6 kaikki?\u201d \u2013 Kuuk\u00e4velij\u00f6it\u00e4 on en\u00e4\u00e4 nelj\u00e4 - Taivaan t\u00e4hden","og_description":"Keskuudestamme on taas poistunut yksi Kuussa k\u00e4yneist\u00e4 astronauteista. Alan Bean oli Apollo 12 -lennolla kuumoduulin pilottina \u2013 vaikka todellisuudessa alusta ohjasi komentaja Pete Conrad \u2013 ja astui marraskuussa 1969 nelj\u00e4nten\u00e4 ihmisen\u00e4 Kuun p\u00f6lyiselle kamaralle. Vuosia kest\u00e4nyt &hellip;","og_url":"https:\/\/suomenkuvalehti.fi\/taivaan-tahden\/2018\/05\/30\/siinako-kaikki-kuukavelijoita-on-enaa-nelja\/","og_site_name":"Taivaan t\u00e4hden","article_published_time":"2018-05-30T09:03:34+00:00","og_image":[{"width":3904,"height":2745,"url":"https:\/\/suomenkuvalehti.fi\/taivaan-tahden\/wp-content\/uploads\/sites\/36\/2018\/05\/257665main_as12-47-6919_full.jpg","type":"image\/jpeg"}],"author":"Markus Hotakainen","twitter_card":"summary_large_image","twitter_misc":{"Written by":"Markus Hotakainen","Est. reading time":"2 minuuttia"},"schema":{"@context":"https:\/\/schema.org","@graph":[{"@type":"WebPage","@id":"https:\/\/suomenkuvalehti.fi\/taivaan-tahden\/2018\/05\/30\/siinako-kaikki-kuukavelijoita-on-enaa-nelja\/","url":"https:\/\/suomenkuvalehti.fi\/taivaan-tahden\/2018\/05\/30\/siinako-kaikki-kuukavelijoita-on-enaa-nelja\/","name":"\u201dSiin\u00e4k\u00f6 kaikki?\u201d \u2013 Kuuk\u00e4velij\u00f6it\u00e4 on en\u00e4\u00e4 nelj\u00e4 - Taivaan t\u00e4hden","isPartOf":{"@id":"https:\/\/suomenkuvalehti.fi\/taivaan-tahden\/#website"},"primaryImageOfPage":{"@id":"https:\/\/suomenkuvalehti.fi\/taivaan-tahden\/2018\/05\/30\/siinako-kaikki-kuukavelijoita-on-enaa-nelja\/#primaryimage"},"image":{"@id":"https:\/\/suomenkuvalehti.fi\/taivaan-tahden\/2018\/05\/30\/siinako-kaikki-kuukavelijoita-on-enaa-nelja\/#primaryimage"},"thumbnailUrl":"https:\/\/suomenkuvalehti.fi\/taivaan-tahden\/wp-content\/uploads\/sites\/36\/2018\/05\/257665main_as12-47-6919_full-1024x720.jpg","datePublished":"2018-05-30T09:03:34+00:00","author":{"@id":"https:\/\/suomenkuvalehti.fi\/taivaan-tahden\/#\/schema\/person\/c9c1373acb19750e11084ef640abeae0"},"breadcrumb":{"@id":"https:\/\/suomenkuvalehti.fi\/taivaan-tahden\/2018\/05\/30\/siinako-kaikki-kuukavelijoita-on-enaa-nelja\/#breadcrumb"},"inLanguage":"fi","potentialAction":[{"@type":"ReadAction","target":["https:\/\/suomenkuvalehti.fi\/taivaan-tahden\/2018\/05\/30\/siinako-kaikki-kuukavelijoita-on-enaa-nelja\/"]}]},{"@type":"ImageObject","inLanguage":"fi","@id":"https:\/\/suomenkuvalehti.fi\/taivaan-tahden\/2018\/05\/30\/siinako-kaikki-kuukavelijoita-on-enaa-nelja\/#primaryimage","url":"https:\/\/suomenkuvalehti.fi\/taivaan-tahden\/wp-content\/uploads\/sites\/36\/2018\/05\/257665main_as12-47-6919_full.jpg","contentUrl":"https:\/\/suomenkuvalehti.fi\/taivaan-tahden\/wp-content\/uploads\/sites\/36\/2018\/05\/257665main_as12-47-6919_full.jpg","width":3904,"height":2745},{"@type":"BreadcrumbList","@id":"https:\/\/suomenkuvalehti.fi\/taivaan-tahden\/2018\/05\/30\/siinako-kaikki-kuukavelijoita-on-enaa-nelja\/#breadcrumb","itemListElement":[{"@type":"ListItem","position":1,"name":"Home","item":"https:\/\/suomenkuvalehti.fi\/taivaan-tahden\/"},{"@type":"ListItem","position":2,"name":"\u201dSiin\u00e4k\u00f6 kaikki?\u201d \u2013 Kuuk\u00e4velij\u00f6it\u00e4 on en\u00e4\u00e4 nelj\u00e4"}]},{"@type":"WebSite","@id":"https:\/\/suomenkuvalehti.fi\/taivaan-tahden\/#website","url":"https:\/\/suomenkuvalehti.fi\/taivaan-tahden\/","name":"Taivaan t\u00e4hden","description":"Tiedetoimittaja Markus Hotakainen h\u00e4mm\u00e4stelee maailmankaikkeutta.","potentialAction":[{"@type":"SearchAction","target":{"@type":"EntryPoint","urlTemplate":"https:\/\/suomenkuvalehti.fi\/haku\/?q={search_term_string}"},"query-input":{"@type":"PropertyValueSpecification","valueRequired":true,"valueName":"search_term_string"}}],"inLanguage":"fi"},{"@type":"Person","@id":"https:\/\/suomenkuvalehti.fi\/taivaan-tahden\/#\/schema\/person\/c9c1373acb19750e11084ef640abeae0","name":"Markus Hotakainen","image":{"@type":"ImageObject","inLanguage":"fi","@id":"https:\/\/suomenkuvalehti.fi\/taivaan-tahden\/#\/schema\/person\/image\/","url":"https:\/\/suomenkuvalehti.fi\/taivaan-tahden\/wp-content\/uploads\/sites\/36\/2018\/05\/markus_hotakainen_blogi_pieni-150x150.jpg","contentUrl":"https:\/\/suomenkuvalehti.fi\/taivaan-tahden\/wp-content\/uploads\/sites\/36\/2018\/05\/markus_hotakainen_blogi_pieni-150x150.jpg","caption":"Markus Hotakainen"},"description":"Kirjoittaja on tiedetoimittaja ja tietokirjailija."}]}},"_links":{"self":[{"href":"https:\/\/suomenkuvalehti.fi\/taivaan-tahden\/wp-json\/wp\/v2\/posts\/1622","targetHints":{"allow":["GET"]}}],"collection":[{"href":"https:\/\/suomenkuvalehti.fi\/taivaan-tahden\/wp-json\/wp\/v2\/posts"}],"about":[{"href":"https:\/\/suomenkuvalehti.fi\/taivaan-tahden\/wp-json\/wp\/v2\/types\/post"}],"author":[{"embeddable":true,"href":"https:\/\/suomenkuvalehti.fi\/taivaan-tahden\/wp-json\/wp\/v2\/users\/557"}],"replies":[{"embeddable":true,"href":"https:\/\/suomenkuvalehti.fi\/taivaan-tahden\/wp-json\/wp\/v2\/comments?post=1622"}],"version-history":[{"count":2,"href":"https:\/\/suomenkuvalehti.fi\/taivaan-tahden\/wp-json\/wp\/v2\/posts\/1622\/revisions"}],"predecessor-version":[{"id":1625,"href":"https:\/\/suomenkuvalehti.fi\/taivaan-tahden\/wp-json\/wp\/v2\/posts\/1622\/revisions\/1625"}],"wp:attachment":[{"href":"https:\/\/suomenkuvalehti.fi\/taivaan-tahden\/wp-json\/wp\/v2\/media?parent=1622"}],"wp:term":[{"taxonomy":"category","embeddable":true,"href":"https:\/\/suomenkuvalehti.fi\/taivaan-tahden\/wp-json\/wp\/v2\/categories?post=1622"},{"taxonomy":"post_tag","embeddable":true,"href":"https:\/\/suomenkuvalehti.fi\/taivaan-tahden\/wp-json\/wp\/v2\/tags?post=1622"}],"curies":[{"name":"wp","href":"https:\/\/api.w.org\/{rel}","templated":true}]}}