{"id":1602,"date":"2018-05-07T18:06:32","date_gmt":"2018-05-07T15:06:32","guid":{"rendered":"https:\/\/suomenkuvalehti.fi\/taivaan-tahden\/?p=1602"},"modified":"2018-05-07T18:06:32","modified_gmt":"2018-05-07T15:06:32","slug":"kylla-monkijan-pitaisi-liikkua-tai-se-ei-ole-monkija","status":"publish","type":"post","link":"https:\/\/suomenkuvalehti.fi\/taivaan-tahden\/2018\/05\/07\/kylla-monkijan-pitaisi-liikkua-tai-se-ei-ole-monkija\/","title":{"rendered":"Kyll\u00e4 m\u00f6nkij\u00e4n pit\u00e4isi liikkua \u2013 tai se ei ole m\u00f6nkij\u00e4"},"content":{"rendered":"<figure class=\"aligncenter size-large is-resized wp-block-image\">\n  <div class=\"wp-block-image__inner-container\">\n    <a href=\"https:\/\/suomenkuvalehti.fi\/taivaan-tahden\/wp-content\/uploads\/sites\/36\/2018\/05\/mars_04_007.jpg\"><img loading=\"lazy\" decoding=\"async\" src=\"https:\/\/suomenkuvalehti.fi\/taivaan-tahden\/wp-content\/uploads\/sites\/36\/2018\/05\/mars_04_007-1024x804.jpg\" alt=\"\" class=\"wp-image-1603\" width=\"1024\" height=\"804\" style=\"--aspect-ratio: 1.27\" srcset=\"https:\/\/suomenkuvalehti.fi\/taivaan-tahden\/wp-content\/uploads\/sites\/36\/2018\/05\/mars_04_007-1024x804.jpg 1024w, https:\/\/suomenkuvalehti.fi\/taivaan-tahden\/wp-content\/uploads\/sites\/36\/2018\/05\/mars_04_007-300x235.jpg 300w, https:\/\/suomenkuvalehti.fi\/taivaan-tahden\/wp-content\/uploads\/sites\/36\/2018\/05\/mars_04_007-768x603.jpg 768w, https:\/\/suomenkuvalehti.fi\/taivaan-tahden\/wp-content\/uploads\/sites\/36\/2018\/05\/mars_04_007-630x495.jpg 630w, https:\/\/suomenkuvalehti.fi\/taivaan-tahden\/wp-content\/uploads\/sites\/36\/2018\/05\/mars_04_007.jpg 1181w\" sizes=\"auto, (max-width: 1024px) 100vw, 1024px\" \/><\/a>    <figcaption class=\"wp-block-image__figcaption\">\n      Marsin ensimm\u00e4iset m\u00f6nkij\u00e4t eiv\u00e4t p\u00e4\u00e4sseet n\u00e4ytt\u00e4m\u00e4\u00e4n kykyj\u00e4\u00e4n. Kuva: VNIITransMash          <\/figcaption>\n      <\/div>\n<\/figure>\n\n\n<p>5. toukokuuta laukaistiin kohti Marsia taas uusi luotain. Tapausta uutisoitiin jopa otsikolla \u201dNasa l\u00e4hetti Marsiin m\u00f6nkij\u00e4n\u201d.<\/p>\n\n\n\n<p>Ei ihan. Tai ei oikeastaan l\u00e4hesk\u00e4\u00e4n.<\/p>\n\n\n\n<p>InSight, joka nimen\u00e4 on avaruusalan perinteit\u00e4 vaalien n\u00e4pp\u00e4r\u00e4 lyhenne sanoista \u201dInterior Exploration using Seismic Investigations, Geodesy and Heat Transport\u201d, laskeutuu punaisen planeetan pinnalle ensi marraskuun lopulla.<\/p>\n\n\n\n<p>Eik\u00e4 sen j\u00e4lkeen hievahdakaan.<\/p>\n\n\n\n<p>Luotaimen oli m\u00e4\u00e4r\u00e4 p\u00e4\u00e4st\u00e4 matkaan jo kev\u00e4\u00e4ll\u00e4 2016, mutta maan- tai pikemminkin marsinj\u00e4ristyksi\u00e4 mittaavien ilmaisimien tyhji\u00f6kammiossa todettiin vuoto. Korjaus ei onnistunut ajoissa, joten laukaisua jouduttiin lykk\u00e4\u00e4m\u00e4\u00e4n yli kahdella vuodella. Marsiin kun ei voi l\u00e4hett\u00e4\u00e4 luotaimia kuin tiettyin\u00e4 ajankohtina, jolloin se on sopivassa asemassa Maahan n\u00e4hden.<\/p>\n\n\n\n<p>InSight on hyvin samantyyppinen kuin kymmenen vuotta sitten planeetan pohjoisille seuduille laskeutunut Phoenix. J\u00e4lkimm\u00e4isess\u00e4 oli monien mittalaitteiden ohella pitk\u00e4n \u201dk\u00e4sivarren\u201d p\u00e4\u00e4ss\u00e4 kauha, jolla luotain kaiveli marsper\u00e4\u00e4 etsien merkkej\u00e4 j\u00e4\u00e4st\u00e4.<\/p>\n\n\n\n<p>InSightiss\u00e4 on puolestaan seismometrin lis\u00e4ksi l\u00e4mp\u00f6anturi, joka porataan viiden metrin syvyyteen mittaamaan Marsin sisuksista huokuvaa v\u00e4h\u00e4ist\u00e4 l\u00e4mp\u00f6\u00e4.<\/p>\n\n\n\n<p>Phoenix ei ollut m\u00f6nkij\u00e4, ei my\u00f6sk\u00e4\u00e4n InSight.<\/p>\n\n\n\n<p>M\u00f6nkij\u00f6iden teht\u00e4v\u00e4n\u00e4 on laskeutumisensa j\u00e4lkeen l\u00e4hte\u00e4 liikkeelle ja tutkia matkan varrelta l\u00f6ytyvi\u00e4 kiinnostavia maastonmuotoja, kivi\u00e4 ja kallioita. T\u00e4llaisia interplanetaarisia robotteja on l\u00e4hetetty Marsiin kaikkiaan kuusi.<\/p>\n\n\n\n<p>Uusin eli Curiosity laskeutui vuonna 2012, Spirit ja Opportunity 2004 ja Pathfinderin mukana matkannut pikkuruinen Sojourner 1997. Ne kaikki ovat NASAn kalustoa.<\/p>\n\n\n\n<p>Mutta seh\u00e4n tekee vasta nelj\u00e4, ent\u00e4 loput kaksi?<\/p>\n\n\n\n<p>Mars-m\u00f6nkij\u00f6iden pioneereista ei ole paljon puhuttu, sill\u00e4 ne ep\u00e4onnistuivat teht\u00e4v\u00e4ss\u00e4\u00e4n. Neuvostoliitto l\u00e4hetti vuonna 1971 kohti Marsia kaksi luotainta, joista kummankin mukana oli muutaman kilon painoinen pieni m\u00f6nkij\u00e4.<\/p>\n\n\n\n<p>PROP-M-kulkijoissa ei ollut py\u00f6ri\u00e4 eik\u00e4 telaketjuja vaan sukset tai oikeastaan jalakset. Tarkoitus oli, ett\u00e4 m\u00f6nkij\u00e4t olisivat niiden varassa tavallaan raahautuneet eteenp\u00e4in.<\/p>\n\n\n\n<p>Se j\u00e4i vain tarkoitukseksi.<\/p>\n\n\n\n<p>Kun Mars 2 ja Mars 3 saapuivat perille, punaisella planeetalla riehui p\u00f6lymyrsky, joka kietoi sen kokonaan l\u00e4pin\u00e4kym\u00e4tt\u00f6m\u00e4\u00e4n vaippaan. Samaan aikaan Marsiin saapui my\u00f6s NASAn Mariner 9. Se pystyttiin ohjelmoimaan uudelleen ja tovin odottelun j\u00e4lkeen luotain p\u00e4\u00e4si kuvaamaan hiljalleen h\u00e4lvenevien p\u00f6lypilvien alta paljastuvaa planeetan pintaa.<\/p>\n\n\n\n<p>Neuvostoliiton luotaimiin oli ladattu ohjelmistot ennen l\u00e4ht\u00f6\u00e4 ja ne noudattivat orjallisesti ty\u00f6j\u00e4rjestyst\u00e4. Luotainkaksikko napsi Marsista kuvia, joissa ei n\u00e4kynyt muuta kuin kaasukeh\u00e4ss\u00e4 leijuvaa punaista p\u00f6ly\u00e4. Lis\u00e4ksi ne l\u00e4hettiv\u00e4t laskeutumisalukset m\u00f6nkij\u00f6ineen suoraan myrskyn silm\u00e4\u00e4n.<\/p>\n\n\n\n<p>Kumpikaan m\u00f6nkij\u00e4 ei selvinnyt ehj\u00e4n\u00e4 pinnalle saakka. Ja neuvostoajalle tyypilliseen tapaan ep\u00e4onnistumisia ei uutisoitu.<\/p>\n\n\n\n<p>&nbsp;<\/p>\n\n\n","protected":false},"excerpt":{"rendered":"<p>5. toukokuuta laukaistiin kohti Marsia taas uusi luotain. Tapausta uutisoitiin jopa otsikolla \u201dNasa l\u00e4hetti Marsiin m\u00f6nkij\u00e4n\u201d. Ei ihan. Tai ei oikeastaan l\u00e4hesk\u00e4\u00e4n. InSight, joka nimen\u00e4 on avaruusalan perinteit\u00e4 vaalien n\u00e4pp\u00e4r\u00e4 lyhenne sanoista \u201dInterior<br \/>\nExploration usin&hellip;<\/p>\n","protected":false},"author":557,"featured_media":0,"comment_status":"open","ping_status":"open","sticky":false,"template":"","format":"standard","meta":{"_acf_changed":false,"asauth_required_access_level":3,"asauth_cansharepaid":"true","om_header_attributes":[],"footnotes":"","om_featured_image_focal_point":[],"om_primary_tag":0,"om_contributors":[],"om_co_authors":[],"beyondwords_generate_audio":"","beyondwords_project_id":"","beyondwords_content_id":"","beyondwords_preview_token":"","beyondwords_player_content":"","beyondwords_player_style":"","beyondwords_language_code":"","beyondwords_language_id":"","beyondwords_title_voice_id":"","beyondwords_body_voice_id":"","beyondwords_summary_voice_id":"","beyondwords_error_message":"","beyondwords_disabled":"","beyondwords_delete_content":"","beyondwords_podcast_id":"","beyondwords_hash":"","publish_post_to_speechkit":"","speechkit_hash":"","speechkit_generate_audio":"","speechkit_project_id":"","speechkit_podcast_id":"","speechkit_error_message":"","speechkit_disabled":"","speechkit_access_key":"","speechkit_error":"","speechkit_info":"","speechkit_response":"","speechkit_retries":"","speechkit_status":"","speechkit_updated_at":"","_speechkit_link":"","_speechkit_text":""},"categories":[1],"tags":[307,638,32,636,637,640,639],"class_list":["post-1602","post","type-post","status-publish","format-standard","hentry","category-taivaan-tahden","tag-insight","tag-mariner-9","tag-mars","tag-mars-2","tag-mars-3","tag-polymyrsky","tag-prop-m"],"om_views":null,"acf":{"tuuma_off":false,"tuuma_kysymys":"","tuuma_vastaus":""},"asauth":{"required_access_level":1,"share_token":"","is_paid":false},"yoast_head":"<!-- This site is optimized with the Yoast SEO plugin v26.4 - https:\/\/yoast.com\/wordpress\/plugins\/seo\/ -->\n<title>Kyll\u00e4 m\u00f6nkij\u00e4n pit\u00e4isi liikkua \u2013 tai se ei ole m\u00f6nkij\u00e4 - Taivaan t\u00e4hden<\/title>\n<meta name=\"robots\" content=\"index, follow, max-snippet:-1, max-image-preview:large, max-video-preview:-1\" \/>\n<link rel=\"canonical\" href=\"https:\/\/suomenkuvalehti.fi\/taivaan-tahden\/2018\/05\/07\/kylla-monkijan-pitaisi-liikkua-tai-se-ei-ole-monkija\/\" \/>\n<meta property=\"og:locale\" content=\"fi_FI\" \/>\n<meta property=\"og:type\" content=\"article\" \/>\n<meta property=\"og:title\" content=\"Kyll\u00e4 m\u00f6nkij\u00e4n pit\u00e4isi liikkua \u2013 tai se ei ole m\u00f6nkij\u00e4 - Taivaan t\u00e4hden\" \/>\n<meta property=\"og:description\" content=\"5. toukokuuta laukaistiin kohti Marsia taas uusi luotain. Tapausta uutisoitiin jopa otsikolla \u201dNasa l\u00e4hetti Marsiin m\u00f6nkij\u00e4n\u201d. Ei ihan. Tai ei oikeastaan l\u00e4hesk\u00e4\u00e4n. InSight, joka nimen\u00e4 on avaruusalan perinteit\u00e4 vaalien n\u00e4pp\u00e4r\u00e4 lyhenne sanoista \u201dInterior Exploration usin&hellip;\" \/>\n<meta property=\"og:url\" content=\"https:\/\/suomenkuvalehti.fi\/taivaan-tahden\/2018\/05\/07\/kylla-monkijan-pitaisi-liikkua-tai-se-ei-ole-monkija\/\" \/>\n<meta property=\"og:site_name\" content=\"Taivaan t\u00e4hden\" \/>\n<meta property=\"article:published_time\" content=\"2018-05-07T15:06:32+00:00\" \/>\n<meta property=\"og:image\" content=\"https:\/\/suomenkuvalehti.fi\/taivaan-tahden\/wp-content\/uploads\/sites\/36\/2018\/05\/mars_04_007.jpg\" \/>\n\t<meta property=\"og:image:width\" content=\"1181\" \/>\n\t<meta property=\"og:image:height\" content=\"927\" \/>\n\t<meta property=\"og:image:type\" content=\"image\/jpeg\" \/>\n<meta name=\"author\" content=\"Markus Hotakainen\" \/>\n<meta name=\"twitter:card\" content=\"summary_large_image\" \/>\n<meta name=\"twitter:label1\" content=\"Written by\" \/>\n\t<meta name=\"twitter:data1\" content=\"Markus Hotakainen\" \/>\n\t<meta name=\"twitter:label2\" content=\"Est. reading time\" \/>\n\t<meta name=\"twitter:data2\" content=\"2 minuuttia\" \/>\n<script type=\"application\/ld+json\" class=\"yoast-schema-graph\">{\"@context\":\"https:\/\/schema.org\",\"@graph\":[{\"@type\":\"WebPage\",\"@id\":\"https:\/\/suomenkuvalehti.fi\/taivaan-tahden\/2018\/05\/07\/kylla-monkijan-pitaisi-liikkua-tai-se-ei-ole-monkija\/\",\"url\":\"https:\/\/suomenkuvalehti.fi\/taivaan-tahden\/2018\/05\/07\/kylla-monkijan-pitaisi-liikkua-tai-se-ei-ole-monkija\/\",\"name\":\"Kyll\u00e4 m\u00f6nkij\u00e4n pit\u00e4isi liikkua \u2013 tai se ei ole m\u00f6nkij\u00e4 - Taivaan t\u00e4hden\",\"isPartOf\":{\"@id\":\"https:\/\/suomenkuvalehti.fi\/taivaan-tahden\/#website\"},\"primaryImageOfPage\":{\"@id\":\"https:\/\/suomenkuvalehti.fi\/taivaan-tahden\/2018\/05\/07\/kylla-monkijan-pitaisi-liikkua-tai-se-ei-ole-monkija\/#primaryimage\"},\"image\":{\"@id\":\"https:\/\/suomenkuvalehti.fi\/taivaan-tahden\/2018\/05\/07\/kylla-monkijan-pitaisi-liikkua-tai-se-ei-ole-monkija\/#primaryimage\"},\"thumbnailUrl\":\"https:\/\/suomenkuvalehti.fi\/taivaan-tahden\/wp-content\/uploads\/sites\/36\/2018\/05\/mars_04_007-1024x804.jpg\",\"datePublished\":\"2018-05-07T15:06:32+00:00\",\"author\":{\"@id\":\"https:\/\/suomenkuvalehti.fi\/taivaan-tahden\/#\/schema\/person\/c9c1373acb19750e11084ef640abeae0\"},\"breadcrumb\":{\"@id\":\"https:\/\/suomenkuvalehti.fi\/taivaan-tahden\/2018\/05\/07\/kylla-monkijan-pitaisi-liikkua-tai-se-ei-ole-monkija\/#breadcrumb\"},\"inLanguage\":\"fi\",\"potentialAction\":[{\"@type\":\"ReadAction\",\"target\":[\"https:\/\/suomenkuvalehti.fi\/taivaan-tahden\/2018\/05\/07\/kylla-monkijan-pitaisi-liikkua-tai-se-ei-ole-monkija\/\"]}]},{\"@type\":\"ImageObject\",\"inLanguage\":\"fi\",\"@id\":\"https:\/\/suomenkuvalehti.fi\/taivaan-tahden\/2018\/05\/07\/kylla-monkijan-pitaisi-liikkua-tai-se-ei-ole-monkija\/#primaryimage\",\"url\":\"https:\/\/suomenkuvalehti.fi\/taivaan-tahden\/wp-content\/uploads\/sites\/36\/2018\/05\/mars_04_007.jpg\",\"contentUrl\":\"https:\/\/suomenkuvalehti.fi\/taivaan-tahden\/wp-content\/uploads\/sites\/36\/2018\/05\/mars_04_007.jpg\",\"width\":1181,\"height\":927},{\"@type\":\"BreadcrumbList\",\"@id\":\"https:\/\/suomenkuvalehti.fi\/taivaan-tahden\/2018\/05\/07\/kylla-monkijan-pitaisi-liikkua-tai-se-ei-ole-monkija\/#breadcrumb\",\"itemListElement\":[{\"@type\":\"ListItem\",\"position\":1,\"name\":\"Home\",\"item\":\"https:\/\/suomenkuvalehti.fi\/taivaan-tahden\/\"},{\"@type\":\"ListItem\",\"position\":2,\"name\":\"Kyll\u00e4 m\u00f6nkij\u00e4n pit\u00e4isi liikkua \u2013 tai se ei ole m\u00f6nkij\u00e4\"}]},{\"@type\":\"WebSite\",\"@id\":\"https:\/\/suomenkuvalehti.fi\/taivaan-tahden\/#website\",\"url\":\"https:\/\/suomenkuvalehti.fi\/taivaan-tahden\/\",\"name\":\"Taivaan t\u00e4hden\",\"description\":\"Tiedetoimittaja Markus Hotakainen h\u00e4mm\u00e4stelee maailmankaikkeutta.\",\"potentialAction\":[{\"@type\":\"SearchAction\",\"target\":{\"@type\":\"EntryPoint\",\"urlTemplate\":\"https:\/\/suomenkuvalehti.fi\/haku\/?q={search_term_string}\"},\"query-input\":{\"@type\":\"PropertyValueSpecification\",\"valueRequired\":true,\"valueName\":\"search_term_string\"}}],\"inLanguage\":\"fi\"},{\"@type\":\"Person\",\"@id\":\"https:\/\/suomenkuvalehti.fi\/taivaan-tahden\/#\/schema\/person\/c9c1373acb19750e11084ef640abeae0\",\"name\":\"Markus Hotakainen\",\"image\":{\"@type\":\"ImageObject\",\"inLanguage\":\"fi\",\"@id\":\"https:\/\/suomenkuvalehti.fi\/taivaan-tahden\/#\/schema\/person\/image\/\",\"url\":\"https:\/\/suomenkuvalehti.fi\/taivaan-tahden\/wp-content\/uploads\/sites\/36\/2018\/05\/markus_hotakainen_blogi_pieni-150x150.jpg\",\"contentUrl\":\"https:\/\/suomenkuvalehti.fi\/taivaan-tahden\/wp-content\/uploads\/sites\/36\/2018\/05\/markus_hotakainen_blogi_pieni-150x150.jpg\",\"caption\":\"Markus Hotakainen\"},\"description\":\"Kirjoittaja on tiedetoimittaja ja tietokirjailija.\"}]}<\/script>\n<!-- \/ Yoast SEO plugin. -->","yoast_head_json":{"title":"Kyll\u00e4 m\u00f6nkij\u00e4n pit\u00e4isi liikkua \u2013 tai se ei ole m\u00f6nkij\u00e4 - Taivaan t\u00e4hden","robots":{"index":"index","follow":"follow","max-snippet":"max-snippet:-1","max-image-preview":"max-image-preview:large","max-video-preview":"max-video-preview:-1"},"canonical":"https:\/\/suomenkuvalehti.fi\/taivaan-tahden\/2018\/05\/07\/kylla-monkijan-pitaisi-liikkua-tai-se-ei-ole-monkija\/","og_locale":"fi_FI","og_type":"article","og_title":"Kyll\u00e4 m\u00f6nkij\u00e4n pit\u00e4isi liikkua \u2013 tai se ei ole m\u00f6nkij\u00e4 - Taivaan t\u00e4hden","og_description":"5. toukokuuta laukaistiin kohti Marsia taas uusi luotain. Tapausta uutisoitiin jopa otsikolla \u201dNasa l\u00e4hetti Marsiin m\u00f6nkij\u00e4n\u201d. Ei ihan. Tai ei oikeastaan l\u00e4hesk\u00e4\u00e4n. InSight, joka nimen\u00e4 on avaruusalan perinteit\u00e4 vaalien n\u00e4pp\u00e4r\u00e4 lyhenne sanoista \u201dInterior Exploration usin&hellip;","og_url":"https:\/\/suomenkuvalehti.fi\/taivaan-tahden\/2018\/05\/07\/kylla-monkijan-pitaisi-liikkua-tai-se-ei-ole-monkija\/","og_site_name":"Taivaan t\u00e4hden","article_published_time":"2018-05-07T15:06:32+00:00","og_image":[{"width":1181,"height":927,"url":"https:\/\/suomenkuvalehti.fi\/taivaan-tahden\/wp-content\/uploads\/sites\/36\/2018\/05\/mars_04_007.jpg","type":"image\/jpeg"}],"author":"Markus Hotakainen","twitter_card":"summary_large_image","twitter_misc":{"Written by":"Markus Hotakainen","Est. reading time":"2 minuuttia"},"schema":{"@context":"https:\/\/schema.org","@graph":[{"@type":"WebPage","@id":"https:\/\/suomenkuvalehti.fi\/taivaan-tahden\/2018\/05\/07\/kylla-monkijan-pitaisi-liikkua-tai-se-ei-ole-monkija\/","url":"https:\/\/suomenkuvalehti.fi\/taivaan-tahden\/2018\/05\/07\/kylla-monkijan-pitaisi-liikkua-tai-se-ei-ole-monkija\/","name":"Kyll\u00e4 m\u00f6nkij\u00e4n pit\u00e4isi liikkua \u2013 tai se ei ole m\u00f6nkij\u00e4 - Taivaan t\u00e4hden","isPartOf":{"@id":"https:\/\/suomenkuvalehti.fi\/taivaan-tahden\/#website"},"primaryImageOfPage":{"@id":"https:\/\/suomenkuvalehti.fi\/taivaan-tahden\/2018\/05\/07\/kylla-monkijan-pitaisi-liikkua-tai-se-ei-ole-monkija\/#primaryimage"},"image":{"@id":"https:\/\/suomenkuvalehti.fi\/taivaan-tahden\/2018\/05\/07\/kylla-monkijan-pitaisi-liikkua-tai-se-ei-ole-monkija\/#primaryimage"},"thumbnailUrl":"https:\/\/suomenkuvalehti.fi\/taivaan-tahden\/wp-content\/uploads\/sites\/36\/2018\/05\/mars_04_007-1024x804.jpg","datePublished":"2018-05-07T15:06:32+00:00","author":{"@id":"https:\/\/suomenkuvalehti.fi\/taivaan-tahden\/#\/schema\/person\/c9c1373acb19750e11084ef640abeae0"},"breadcrumb":{"@id":"https:\/\/suomenkuvalehti.fi\/taivaan-tahden\/2018\/05\/07\/kylla-monkijan-pitaisi-liikkua-tai-se-ei-ole-monkija\/#breadcrumb"},"inLanguage":"fi","potentialAction":[{"@type":"ReadAction","target":["https:\/\/suomenkuvalehti.fi\/taivaan-tahden\/2018\/05\/07\/kylla-monkijan-pitaisi-liikkua-tai-se-ei-ole-monkija\/"]}]},{"@type":"ImageObject","inLanguage":"fi","@id":"https:\/\/suomenkuvalehti.fi\/taivaan-tahden\/2018\/05\/07\/kylla-monkijan-pitaisi-liikkua-tai-se-ei-ole-monkija\/#primaryimage","url":"https:\/\/suomenkuvalehti.fi\/taivaan-tahden\/wp-content\/uploads\/sites\/36\/2018\/05\/mars_04_007.jpg","contentUrl":"https:\/\/suomenkuvalehti.fi\/taivaan-tahden\/wp-content\/uploads\/sites\/36\/2018\/05\/mars_04_007.jpg","width":1181,"height":927},{"@type":"BreadcrumbList","@id":"https:\/\/suomenkuvalehti.fi\/taivaan-tahden\/2018\/05\/07\/kylla-monkijan-pitaisi-liikkua-tai-se-ei-ole-monkija\/#breadcrumb","itemListElement":[{"@type":"ListItem","position":1,"name":"Home","item":"https:\/\/suomenkuvalehti.fi\/taivaan-tahden\/"},{"@type":"ListItem","position":2,"name":"Kyll\u00e4 m\u00f6nkij\u00e4n pit\u00e4isi liikkua \u2013 tai se ei ole m\u00f6nkij\u00e4"}]},{"@type":"WebSite","@id":"https:\/\/suomenkuvalehti.fi\/taivaan-tahden\/#website","url":"https:\/\/suomenkuvalehti.fi\/taivaan-tahden\/","name":"Taivaan t\u00e4hden","description":"Tiedetoimittaja Markus Hotakainen h\u00e4mm\u00e4stelee maailmankaikkeutta.","potentialAction":[{"@type":"SearchAction","target":{"@type":"EntryPoint","urlTemplate":"https:\/\/suomenkuvalehti.fi\/haku\/?q={search_term_string}"},"query-input":{"@type":"PropertyValueSpecification","valueRequired":true,"valueName":"search_term_string"}}],"inLanguage":"fi"},{"@type":"Person","@id":"https:\/\/suomenkuvalehti.fi\/taivaan-tahden\/#\/schema\/person\/c9c1373acb19750e11084ef640abeae0","name":"Markus Hotakainen","image":{"@type":"ImageObject","inLanguage":"fi","@id":"https:\/\/suomenkuvalehti.fi\/taivaan-tahden\/#\/schema\/person\/image\/","url":"https:\/\/suomenkuvalehti.fi\/taivaan-tahden\/wp-content\/uploads\/sites\/36\/2018\/05\/markus_hotakainen_blogi_pieni-150x150.jpg","contentUrl":"https:\/\/suomenkuvalehti.fi\/taivaan-tahden\/wp-content\/uploads\/sites\/36\/2018\/05\/markus_hotakainen_blogi_pieni-150x150.jpg","caption":"Markus Hotakainen"},"description":"Kirjoittaja on tiedetoimittaja ja tietokirjailija."}]}},"_links":{"self":[{"href":"https:\/\/suomenkuvalehti.fi\/taivaan-tahden\/wp-json\/wp\/v2\/posts\/1602","targetHints":{"allow":["GET"]}}],"collection":[{"href":"https:\/\/suomenkuvalehti.fi\/taivaan-tahden\/wp-json\/wp\/v2\/posts"}],"about":[{"href":"https:\/\/suomenkuvalehti.fi\/taivaan-tahden\/wp-json\/wp\/v2\/types\/post"}],"author":[{"embeddable":true,"href":"https:\/\/suomenkuvalehti.fi\/taivaan-tahden\/wp-json\/wp\/v2\/users\/557"}],"replies":[{"embeddable":true,"href":"https:\/\/suomenkuvalehti.fi\/taivaan-tahden\/wp-json\/wp\/v2\/comments?post=1602"}],"version-history":[{"count":1,"href":"https:\/\/suomenkuvalehti.fi\/taivaan-tahden\/wp-json\/wp\/v2\/posts\/1602\/revisions"}],"predecessor-version":[{"id":1604,"href":"https:\/\/suomenkuvalehti.fi\/taivaan-tahden\/wp-json\/wp\/v2\/posts\/1602\/revisions\/1604"}],"wp:attachment":[{"href":"https:\/\/suomenkuvalehti.fi\/taivaan-tahden\/wp-json\/wp\/v2\/media?parent=1602"}],"wp:term":[{"taxonomy":"category","embeddable":true,"href":"https:\/\/suomenkuvalehti.fi\/taivaan-tahden\/wp-json\/wp\/v2\/categories?post=1602"},{"taxonomy":"post_tag","embeddable":true,"href":"https:\/\/suomenkuvalehti.fi\/taivaan-tahden\/wp-json\/wp\/v2\/tags?post=1602"}],"curies":[{"name":"wp","href":"https:\/\/api.w.org\/{rel}","templated":true}]}}