{"id":1587,"date":"2018-04-26T14:23:36","date_gmt":"2018-04-26T11:23:36","guid":{"rendered":"https:\/\/suomenkuvalehti.fi\/taivaan-tahden\/?p=1587"},"modified":"2018-04-26T14:23:36","modified_gmt":"2018-04-26T11:23:36","slug":"kuinka-pitka-on-avaruus","status":"publish","type":"post","link":"https:\/\/suomenkuvalehti.fi\/taivaan-tahden\/2018\/04\/26\/kuinka-pitka-on-avaruus\/","title":{"rendered":"\u201dKuinka pitk\u00e4 on avaruus?\u201d"},"content":{"rendered":"<figure class=\"aligncenter size-large is-resized wp-block-image\">\n  <div class=\"wp-block-image__inner-container\">\n    <a href=\"https:\/\/suomenkuvalehti.fi\/taivaan-tahden\/wp-content\/uploads\/sites\/36\/2018\/04\/1122px-nasa-hs201427a-hubbleultradeepfield2014-20140603.jpg\"><img loading=\"lazy\" decoding=\"async\" src=\"https:\/\/suomenkuvalehti.fi\/taivaan-tahden\/wp-content\/uploads\/sites\/36\/2018\/04\/1122px-nasa-hs201427a-hubbleultradeepfield2014-20140603-1024x935.jpg\" alt=\"\" class=\"wp-image-1588\" width=\"1024\" height=\"935\" style=\"--aspect-ratio: 1.1\" srcset=\"https:\/\/suomenkuvalehti.fi\/taivaan-tahden\/wp-content\/uploads\/sites\/36\/2018\/04\/1122px-nasa-hs201427a-hubbleultradeepfield2014-20140603-1024x935.jpg 1024w, https:\/\/suomenkuvalehti.fi\/taivaan-tahden\/wp-content\/uploads\/sites\/36\/2018\/04\/1122px-nasa-hs201427a-hubbleultradeepfield2014-20140603-300x274.jpg 300w, https:\/\/suomenkuvalehti.fi\/taivaan-tahden\/wp-content\/uploads\/sites\/36\/2018\/04\/1122px-nasa-hs201427a-hubbleultradeepfield2014-20140603-768x701.jpg 768w, https:\/\/suomenkuvalehti.fi\/taivaan-tahden\/wp-content\/uploads\/sites\/36\/2018\/04\/1122px-nasa-hs201427a-hubbleultradeepfield2014-20140603-630x575.jpg 630w, https:\/\/suomenkuvalehti.fi\/taivaan-tahden\/wp-content\/uploads\/sites\/36\/2018\/04\/1122px-nasa-hs201427a-hubbleultradeepfield2014-20140603.jpg 1122w\" sizes=\"auto, (max-width: 1024px) 100vw, 1024px\" \/><\/a>    <figcaption class=\"wp-block-image__figcaption\">\n      Maailmankaikkeus \u2013 tai tarkemmin sanottuna kuva taivaanalueesta, jonka koko on noin 1\/79 t\u00e4ydenkuun n\u00e4enn\u00e4isest\u00e4 pinta-alasta. Kuva: NASA\/ESA\/Caltech\/STScI\/Arizona State University          <\/figcaption>\n      <\/div>\n<\/figure>\n\n\n<p><span class=\"capitalized\">Olin alkuvuodesta<\/span> muutaman kerran esittelem\u00e4ss\u00e4 WeeGee-talon avaruusn\u00e4yttely\u00e4 (t\u00e4m\u00e4 ei ole mainos, sill\u00e4 n\u00e4yttely sulkeutui huhtikuun alussa ja sinne oli kaiken lis\u00e4ksi vapaa p\u00e4\u00e4sy).<\/p>\n\n\n\n<p>Yhten\u00e4 viikonloppuna asiantuntijaesittely osui samaan aikaan Lasten Museofestareiden kanssa. My\u00f6s &#8221;Avaruusasema WeeGee&#8221; vilisi silloin alakoululaisia. Ja sellainen tekee hommasta tavallistakin mielenkiintoisemman.<\/p>\n\n\n\n<p>Tunnetusti lasten suusta kuullaan totuus, mutta my\u00f6s parhaat \u2013 ja hankalimmat \u2013 kysymykset.<\/p>\n\n\n\n<p>Aikuiset arastelevat esitt\u00e4\u00e4 &#8221;tyhmi\u00e4&#8221; kysymyksi\u00e4, vaikka tyhmi\u00e4 kysymyksi\u00e4 ei ole olemassakaan. Usein ne tyhmiksi mielletyt kysymykset ovat kaikkein kiinnostavimpia, sill\u00e4 niiden my\u00f6t\u00e4 vastaajakin joutuu miettim\u00e4\u00e4n asioita ihan uudesta vinkkelist\u00e4.<\/p>\n\n\n\n<p>Lapsukaisia tuntuvat askarruttavan sellaiset kysymykset kuin &#8221;Mit\u00e4 on mustan aukon sis\u00e4ll\u00e4?&#8221;, &#8221;Miksi Aurinko paistaa?&#8221;, &#8221;Milloin ihminen muuttaa Marsiin?&#8221;<\/p>\n\n\n\n<p><span class=\"capitalized\">Joihinkin kysymyksiin<\/span> on varma vastaus, joihinkin ep\u00e4varma, joihinkin ei vastausta ole kenell\u00e4k\u00e4\u00e4n \u2013 ainakaan viel\u00e4. Mutta ilman &#8221;tyhmi\u00e4&#8221; kysymyksi\u00e4 emme l\u00f6yd\u00e4 fiksuja vastauksiakaan.<\/p>\n\n\n\n<blockquote class=\"wp-block-quote\"><p>Universumin ylitt\u00e4m\u00e4t\u00f6n nopeusrajoitus on valon nopeus.<\/p><\/blockquote>\n\n\n\n<p>No kuinka pitk\u00e4 se avaruus sitten on?<\/p>\n\n\n\n<p>Tieto maailmankaikkeudesta tulee havaintolaitteisiimme valona ja muina s\u00e4teilylajeina sek\u00e4 neutriinoina ja gravitaatioaaltoina. Universumin ylitt\u00e4m\u00e4t\u00f6n nopeusrajoitus on valon nopeus.<\/p>\n\n\n\n<p>Kaukaisimmat tunnetut galaksit ja kvasaarit ovat runsaan 13 miljardin valovuoden et\u00e4isyydell\u00e4, sill\u00e4 sit\u00e4 kauempaa valo tai mik\u00e4\u00e4n muukaan s\u00e4teily ei ole ehtinyt meille saakka, sill\u00e4 maailmankaikkeus syntyi noin 13,8 miljardia vuotta sitten.<\/p>\n\n\n\n<p><span class=\"capitalized\">Havaittavan maailmankaikkeuden<\/span> s\u00e4de on siis noin 13 miljardia valovuotta, mutta maailmankaikkeus on koko sen ajan my\u00f6s laajentunut, viimeiset miljardit vuodet jopa kiihtyv\u00e4ll\u00e4 vauhdilla.<\/p>\n\n\n\n<p>Kaukaisimmat NYT havaitsemamme kohteet ovat siis et\u00e4\u00e4ntyneet koko tuon ajan, joten t\u00e4ll\u00e4 hetkell\u00e4 \u2013 jos sellaista k\u00e4sitett\u00e4 voi k\u00e4ytt\u00e4\u00e4 ajateltaessa koko valtaisaa maailmankaikkeutta \u2013 ne ovat meist\u00e4 paljon kauempana kuin 13 miljardin valovuoden p\u00e4\u00e4ss\u00e4.<\/p>\n\n\n\n<p>Kun laskelmissa otetaan huomioon laajeneminen ja viel\u00e4p\u00e4 sen kiihtyminen, saadaan&nbsp; maailmankaikkeuden nykyiseksi s\u00e4teeksi v\u00e4h\u00e4n yli 46 miljardia valovuotta. Universumin halkaisijaksi on siten arvioitavissa noin 93 miljardia valovuotta.<\/p>\n\n\n\n<p>Mutta voiko sanoa, ett\u00e4 avaruus on niin pitk\u00e4?<\/p>\n\n\n\n<p>Miksip\u00e4 ei? Avaruus muodostaa neliulotteisen, todenn\u00e4k\u00f6isesti laakean maailmankaikkeuden, josta n\u00e4kyv\u00e4\u00e4 ainetta on vain viitisen prosenttia, loppu on pime\u00e4\u00e4 ainetta ja pime\u00e4\u00e4 energiaa, joiden luonteesta ei ole arvauksia parempaa tietoa.<\/p>\n\n\n\n<p>Jos sellaisen &#8221;paikan&#8221; kohdalla puhuu s\u00e4teen tai halkaisijan sijasta pituudesta, on tuskin kovin paljon pieless\u00e4.<\/p>\n\n\n","protected":false},"excerpt":{"rendered":"<p>Olin alkuvuodesta muutaman kerran esittelem\u00e4ss\u00e4 WeeGee-talon avaruusn\u00e4yttely\u00e4 (t\u00e4m\u00e4 ei ole mainos, sill\u00e4 n\u00e4yttely sulkeutui huhtikuun alussa ja sinne oli kaiken lis\u00e4ksi vapaa p\u00e4\u00e4sy). Yhten\u00e4 viikonloppuna asiantuntijaesittely osui samaan aikaan Lasten Museofestareiden kanssa. My\u00f6s<br \/>\n&#8221;Avaru&hellip;<\/p>\n","protected":false},"author":557,"featured_media":0,"comment_status":"open","ping_status":"open","sticky":false,"template":"","format":"standard","meta":{"_acf_changed":false,"asauth_required_access_level":3,"asauth_cansharepaid":"true","om_header_attributes":[],"footnotes":"","om_featured_image_focal_point":[],"om_primary_tag":0,"om_contributors":[],"om_co_authors":[],"beyondwords_generate_audio":"","beyondwords_project_id":"","beyondwords_content_id":"","beyondwords_preview_token":"","beyondwords_player_content":"","beyondwords_player_style":"","beyondwords_language_code":"","beyondwords_language_id":"","beyondwords_title_voice_id":"","beyondwords_body_voice_id":"","beyondwords_summary_voice_id":"","beyondwords_error_message":"","beyondwords_disabled":"","beyondwords_delete_content":"","beyondwords_podcast_id":"","beyondwords_hash":"","publish_post_to_speechkit":"","speechkit_hash":"","speechkit_generate_audio":"","speechkit_project_id":"","speechkit_podcast_id":"","speechkit_error_message":"","speechkit_disabled":"","speechkit_access_key":"","speechkit_error":"","speechkit_info":"","speechkit_response":"","speechkit_retries":"","speechkit_status":"","speechkit_updated_at":"","_speechkit_link":"","_speechkit_text":""},"categories":[1],"tags":[3,26,633,16,92],"class_list":["post-1587","post","type-post","status-publish","format-standard","hentry","category-taivaan-tahden","tag-avaruus","tag-galaksit","tag-kvasaarit","tag-maailmankaikkeus","tag-valon-nopeus"],"om_views":null,"acf":{"tuuma_off":false,"tuuma_kysymys":"","tuuma_vastaus":""},"asauth":{"required_access_level":1,"share_token":"","is_paid":false},"yoast_head":"<!-- This site is optimized with the Yoast SEO plugin v26.4 - https:\/\/yoast.com\/wordpress\/plugins\/seo\/ -->\n<title>\u201dKuinka pitk\u00e4 on avaruus?\u201d - Taivaan t\u00e4hden<\/title>\n<meta name=\"robots\" content=\"index, follow, max-snippet:-1, max-image-preview:large, max-video-preview:-1\" \/>\n<link rel=\"canonical\" href=\"https:\/\/suomenkuvalehti.fi\/taivaan-tahden\/2018\/04\/26\/kuinka-pitka-on-avaruus\/\" \/>\n<meta property=\"og:locale\" content=\"fi_FI\" \/>\n<meta property=\"og:type\" content=\"article\" \/>\n<meta property=\"og:title\" content=\"\u201dKuinka pitk\u00e4 on avaruus?\u201d - Taivaan t\u00e4hden\" \/>\n<meta property=\"og:description\" content=\"Olin alkuvuodesta muutaman kerran esittelem\u00e4ss\u00e4 WeeGee-talon avaruusn\u00e4yttely\u00e4 (t\u00e4m\u00e4 ei ole mainos, sill\u00e4 n\u00e4yttely sulkeutui huhtikuun alussa ja sinne oli kaiken lis\u00e4ksi vapaa p\u00e4\u00e4sy). Yhten\u00e4 viikonloppuna asiantuntijaesittely osui samaan aikaan Lasten Museofestareiden kanssa. My\u00f6s &#8221;Avaru&hellip;\" \/>\n<meta property=\"og:url\" content=\"https:\/\/suomenkuvalehti.fi\/taivaan-tahden\/2018\/04\/26\/kuinka-pitka-on-avaruus\/\" \/>\n<meta property=\"og:site_name\" content=\"Taivaan t\u00e4hden\" \/>\n<meta property=\"article:published_time\" content=\"2018-04-26T11:23:36+00:00\" \/>\n<meta property=\"og:image\" content=\"https:\/\/suomenkuvalehti.fi\/taivaan-tahden\/wp-content\/uploads\/sites\/36\/2018\/04\/1122px-nasa-hs201427a-hubbleultradeepfield2014-20140603.jpg\" \/>\n\t<meta property=\"og:image:width\" content=\"1122\" \/>\n\t<meta property=\"og:image:height\" content=\"1024\" \/>\n\t<meta property=\"og:image:type\" content=\"image\/jpeg\" \/>\n<meta name=\"author\" content=\"Markus Hotakainen\" \/>\n<meta name=\"twitter:card\" content=\"summary_large_image\" \/>\n<meta name=\"twitter:label1\" content=\"Written by\" \/>\n\t<meta name=\"twitter:data1\" content=\"Markus Hotakainen\" \/>\n\t<meta name=\"twitter:label2\" content=\"Est. reading time\" \/>\n\t<meta name=\"twitter:data2\" content=\"2 minuuttia\" \/>\n<script type=\"application\/ld+json\" class=\"yoast-schema-graph\">{\"@context\":\"https:\/\/schema.org\",\"@graph\":[{\"@type\":\"WebPage\",\"@id\":\"https:\/\/suomenkuvalehti.fi\/taivaan-tahden\/2018\/04\/26\/kuinka-pitka-on-avaruus\/\",\"url\":\"https:\/\/suomenkuvalehti.fi\/taivaan-tahden\/2018\/04\/26\/kuinka-pitka-on-avaruus\/\",\"name\":\"\u201dKuinka pitk\u00e4 on avaruus?\u201d - Taivaan t\u00e4hden\",\"isPartOf\":{\"@id\":\"https:\/\/suomenkuvalehti.fi\/taivaan-tahden\/#website\"},\"primaryImageOfPage\":{\"@id\":\"https:\/\/suomenkuvalehti.fi\/taivaan-tahden\/2018\/04\/26\/kuinka-pitka-on-avaruus\/#primaryimage\"},\"image\":{\"@id\":\"https:\/\/suomenkuvalehti.fi\/taivaan-tahden\/2018\/04\/26\/kuinka-pitka-on-avaruus\/#primaryimage\"},\"thumbnailUrl\":\"https:\/\/suomenkuvalehti.fi\/taivaan-tahden\/wp-content\/uploads\/sites\/36\/2018\/04\/1122px-nasa-hs201427a-hubbleultradeepfield2014-20140603-1024x935.jpg\",\"datePublished\":\"2018-04-26T11:23:36+00:00\",\"author\":{\"@id\":\"https:\/\/suomenkuvalehti.fi\/taivaan-tahden\/#\/schema\/person\/c9c1373acb19750e11084ef640abeae0\"},\"breadcrumb\":{\"@id\":\"https:\/\/suomenkuvalehti.fi\/taivaan-tahden\/2018\/04\/26\/kuinka-pitka-on-avaruus\/#breadcrumb\"},\"inLanguage\":\"fi\",\"potentialAction\":[{\"@type\":\"ReadAction\",\"target\":[\"https:\/\/suomenkuvalehti.fi\/taivaan-tahden\/2018\/04\/26\/kuinka-pitka-on-avaruus\/\"]}]},{\"@type\":\"ImageObject\",\"inLanguage\":\"fi\",\"@id\":\"https:\/\/suomenkuvalehti.fi\/taivaan-tahden\/2018\/04\/26\/kuinka-pitka-on-avaruus\/#primaryimage\",\"url\":\"https:\/\/suomenkuvalehti.fi\/taivaan-tahden\/wp-content\/uploads\/sites\/36\/2018\/04\/1122px-nasa-hs201427a-hubbleultradeepfield2014-20140603.jpg\",\"contentUrl\":\"https:\/\/suomenkuvalehti.fi\/taivaan-tahden\/wp-content\/uploads\/sites\/36\/2018\/04\/1122px-nasa-hs201427a-hubbleultradeepfield2014-20140603.jpg\",\"width\":1122,\"height\":1024},{\"@type\":\"BreadcrumbList\",\"@id\":\"https:\/\/suomenkuvalehti.fi\/taivaan-tahden\/2018\/04\/26\/kuinka-pitka-on-avaruus\/#breadcrumb\",\"itemListElement\":[{\"@type\":\"ListItem\",\"position\":1,\"name\":\"Home\",\"item\":\"https:\/\/suomenkuvalehti.fi\/taivaan-tahden\/\"},{\"@type\":\"ListItem\",\"position\":2,\"name\":\"\u201dKuinka pitk\u00e4 on avaruus?\u201d\"}]},{\"@type\":\"WebSite\",\"@id\":\"https:\/\/suomenkuvalehti.fi\/taivaan-tahden\/#website\",\"url\":\"https:\/\/suomenkuvalehti.fi\/taivaan-tahden\/\",\"name\":\"Taivaan t\u00e4hden\",\"description\":\"Tiedetoimittaja Markus Hotakainen h\u00e4mm\u00e4stelee maailmankaikkeutta.\",\"potentialAction\":[{\"@type\":\"SearchAction\",\"target\":{\"@type\":\"EntryPoint\",\"urlTemplate\":\"https:\/\/suomenkuvalehti.fi\/haku\/?q={search_term_string}\"},\"query-input\":{\"@type\":\"PropertyValueSpecification\",\"valueRequired\":true,\"valueName\":\"search_term_string\"}}],\"inLanguage\":\"fi\"},{\"@type\":\"Person\",\"@id\":\"https:\/\/suomenkuvalehti.fi\/taivaan-tahden\/#\/schema\/person\/c9c1373acb19750e11084ef640abeae0\",\"name\":\"Markus Hotakainen\",\"image\":{\"@type\":\"ImageObject\",\"inLanguage\":\"fi\",\"@id\":\"https:\/\/suomenkuvalehti.fi\/taivaan-tahden\/#\/schema\/person\/image\/\",\"url\":\"https:\/\/suomenkuvalehti.fi\/taivaan-tahden\/wp-content\/uploads\/sites\/36\/2018\/05\/markus_hotakainen_blogi_pieni-150x150.jpg\",\"contentUrl\":\"https:\/\/suomenkuvalehti.fi\/taivaan-tahden\/wp-content\/uploads\/sites\/36\/2018\/05\/markus_hotakainen_blogi_pieni-150x150.jpg\",\"caption\":\"Markus Hotakainen\"},\"description\":\"Kirjoittaja on tiedetoimittaja ja tietokirjailija.\"}]}<\/script>\n<!-- \/ Yoast SEO plugin. -->","yoast_head_json":{"title":"\u201dKuinka pitk\u00e4 on avaruus?\u201d - Taivaan t\u00e4hden","robots":{"index":"index","follow":"follow","max-snippet":"max-snippet:-1","max-image-preview":"max-image-preview:large","max-video-preview":"max-video-preview:-1"},"canonical":"https:\/\/suomenkuvalehti.fi\/taivaan-tahden\/2018\/04\/26\/kuinka-pitka-on-avaruus\/","og_locale":"fi_FI","og_type":"article","og_title":"\u201dKuinka pitk\u00e4 on avaruus?\u201d - Taivaan t\u00e4hden","og_description":"Olin alkuvuodesta muutaman kerran esittelem\u00e4ss\u00e4 WeeGee-talon avaruusn\u00e4yttely\u00e4 (t\u00e4m\u00e4 ei ole mainos, sill\u00e4 n\u00e4yttely sulkeutui huhtikuun alussa ja sinne oli kaiken lis\u00e4ksi vapaa p\u00e4\u00e4sy). Yhten\u00e4 viikonloppuna asiantuntijaesittely osui samaan aikaan Lasten Museofestareiden kanssa. My\u00f6s &#8221;Avaru&hellip;","og_url":"https:\/\/suomenkuvalehti.fi\/taivaan-tahden\/2018\/04\/26\/kuinka-pitka-on-avaruus\/","og_site_name":"Taivaan t\u00e4hden","article_published_time":"2018-04-26T11:23:36+00:00","og_image":[{"width":1122,"height":1024,"url":"https:\/\/suomenkuvalehti.fi\/taivaan-tahden\/wp-content\/uploads\/sites\/36\/2018\/04\/1122px-nasa-hs201427a-hubbleultradeepfield2014-20140603.jpg","type":"image\/jpeg"}],"author":"Markus Hotakainen","twitter_card":"summary_large_image","twitter_misc":{"Written by":"Markus Hotakainen","Est. reading time":"2 minuuttia"},"schema":{"@context":"https:\/\/schema.org","@graph":[{"@type":"WebPage","@id":"https:\/\/suomenkuvalehti.fi\/taivaan-tahden\/2018\/04\/26\/kuinka-pitka-on-avaruus\/","url":"https:\/\/suomenkuvalehti.fi\/taivaan-tahden\/2018\/04\/26\/kuinka-pitka-on-avaruus\/","name":"\u201dKuinka pitk\u00e4 on avaruus?\u201d - Taivaan t\u00e4hden","isPartOf":{"@id":"https:\/\/suomenkuvalehti.fi\/taivaan-tahden\/#website"},"primaryImageOfPage":{"@id":"https:\/\/suomenkuvalehti.fi\/taivaan-tahden\/2018\/04\/26\/kuinka-pitka-on-avaruus\/#primaryimage"},"image":{"@id":"https:\/\/suomenkuvalehti.fi\/taivaan-tahden\/2018\/04\/26\/kuinka-pitka-on-avaruus\/#primaryimage"},"thumbnailUrl":"https:\/\/suomenkuvalehti.fi\/taivaan-tahden\/wp-content\/uploads\/sites\/36\/2018\/04\/1122px-nasa-hs201427a-hubbleultradeepfield2014-20140603-1024x935.jpg","datePublished":"2018-04-26T11:23:36+00:00","author":{"@id":"https:\/\/suomenkuvalehti.fi\/taivaan-tahden\/#\/schema\/person\/c9c1373acb19750e11084ef640abeae0"},"breadcrumb":{"@id":"https:\/\/suomenkuvalehti.fi\/taivaan-tahden\/2018\/04\/26\/kuinka-pitka-on-avaruus\/#breadcrumb"},"inLanguage":"fi","potentialAction":[{"@type":"ReadAction","target":["https:\/\/suomenkuvalehti.fi\/taivaan-tahden\/2018\/04\/26\/kuinka-pitka-on-avaruus\/"]}]},{"@type":"ImageObject","inLanguage":"fi","@id":"https:\/\/suomenkuvalehti.fi\/taivaan-tahden\/2018\/04\/26\/kuinka-pitka-on-avaruus\/#primaryimage","url":"https:\/\/suomenkuvalehti.fi\/taivaan-tahden\/wp-content\/uploads\/sites\/36\/2018\/04\/1122px-nasa-hs201427a-hubbleultradeepfield2014-20140603.jpg","contentUrl":"https:\/\/suomenkuvalehti.fi\/taivaan-tahden\/wp-content\/uploads\/sites\/36\/2018\/04\/1122px-nasa-hs201427a-hubbleultradeepfield2014-20140603.jpg","width":1122,"height":1024},{"@type":"BreadcrumbList","@id":"https:\/\/suomenkuvalehti.fi\/taivaan-tahden\/2018\/04\/26\/kuinka-pitka-on-avaruus\/#breadcrumb","itemListElement":[{"@type":"ListItem","position":1,"name":"Home","item":"https:\/\/suomenkuvalehti.fi\/taivaan-tahden\/"},{"@type":"ListItem","position":2,"name":"\u201dKuinka pitk\u00e4 on avaruus?\u201d"}]},{"@type":"WebSite","@id":"https:\/\/suomenkuvalehti.fi\/taivaan-tahden\/#website","url":"https:\/\/suomenkuvalehti.fi\/taivaan-tahden\/","name":"Taivaan t\u00e4hden","description":"Tiedetoimittaja Markus Hotakainen h\u00e4mm\u00e4stelee maailmankaikkeutta.","potentialAction":[{"@type":"SearchAction","target":{"@type":"EntryPoint","urlTemplate":"https:\/\/suomenkuvalehti.fi\/haku\/?q={search_term_string}"},"query-input":{"@type":"PropertyValueSpecification","valueRequired":true,"valueName":"search_term_string"}}],"inLanguage":"fi"},{"@type":"Person","@id":"https:\/\/suomenkuvalehti.fi\/taivaan-tahden\/#\/schema\/person\/c9c1373acb19750e11084ef640abeae0","name":"Markus Hotakainen","image":{"@type":"ImageObject","inLanguage":"fi","@id":"https:\/\/suomenkuvalehti.fi\/taivaan-tahden\/#\/schema\/person\/image\/","url":"https:\/\/suomenkuvalehti.fi\/taivaan-tahden\/wp-content\/uploads\/sites\/36\/2018\/05\/markus_hotakainen_blogi_pieni-150x150.jpg","contentUrl":"https:\/\/suomenkuvalehti.fi\/taivaan-tahden\/wp-content\/uploads\/sites\/36\/2018\/05\/markus_hotakainen_blogi_pieni-150x150.jpg","caption":"Markus Hotakainen"},"description":"Kirjoittaja on tiedetoimittaja ja tietokirjailija."}]}},"_links":{"self":[{"href":"https:\/\/suomenkuvalehti.fi\/taivaan-tahden\/wp-json\/wp\/v2\/posts\/1587","targetHints":{"allow":["GET"]}}],"collection":[{"href":"https:\/\/suomenkuvalehti.fi\/taivaan-tahden\/wp-json\/wp\/v2\/posts"}],"about":[{"href":"https:\/\/suomenkuvalehti.fi\/taivaan-tahden\/wp-json\/wp\/v2\/types\/post"}],"author":[{"embeddable":true,"href":"https:\/\/suomenkuvalehti.fi\/taivaan-tahden\/wp-json\/wp\/v2\/users\/557"}],"replies":[{"embeddable":true,"href":"https:\/\/suomenkuvalehti.fi\/taivaan-tahden\/wp-json\/wp\/v2\/comments?post=1587"}],"version-history":[{"count":2,"href":"https:\/\/suomenkuvalehti.fi\/taivaan-tahden\/wp-json\/wp\/v2\/posts\/1587\/revisions"}],"predecessor-version":[{"id":1590,"href":"https:\/\/suomenkuvalehti.fi\/taivaan-tahden\/wp-json\/wp\/v2\/posts\/1587\/revisions\/1590"}],"wp:attachment":[{"href":"https:\/\/suomenkuvalehti.fi\/taivaan-tahden\/wp-json\/wp\/v2\/media?parent=1587"}],"wp:term":[{"taxonomy":"category","embeddable":true,"href":"https:\/\/suomenkuvalehti.fi\/taivaan-tahden\/wp-json\/wp\/v2\/categories?post=1587"},{"taxonomy":"post_tag","embeddable":true,"href":"https:\/\/suomenkuvalehti.fi\/taivaan-tahden\/wp-json\/wp\/v2\/tags?post=1587"}],"curies":[{"name":"wp","href":"https:\/\/api.w.org\/{rel}","templated":true}]}}