{"id":1573,"date":"2018-04-15T14:23:54","date_gmt":"2018-04-15T11:23:54","guid":{"rendered":"https:\/\/suomenkuvalehti.fi\/taivaan-tahden\/?p=1573"},"modified":"2018-04-15T14:23:54","modified_gmt":"2018-04-15T11:23:54","slug":"kappas-taivaalla-valkkyy-taas-tuhansia-galakseja","status":"publish","type":"post","link":"https:\/\/suomenkuvalehti.fi\/taivaan-tahden\/2018\/04\/15\/kappas-taivaalla-valkkyy-taas-tuhansia-galakseja\/","title":{"rendered":"Kappas, taivaalla v\u00e4lkkyy taas tuhansia galakseja\u00a0"},"content":{"rendered":"<figure class=\"aligncenter size-large is-resized wp-block-image\">\n  <div class=\"wp-block-image__inner-container\">\n    <a href=\"https:\/\/suomenkuvalehti.fi\/taivaan-tahden\/wp-content\/uploads\/sites\/36\/2018\/04\/virgoo.jpg\"><img loading=\"lazy\" decoding=\"async\" src=\"https:\/\/suomenkuvalehti.fi\/taivaan-tahden\/wp-content\/uploads\/sites\/36\/2018\/04\/virgoo-1024x778.jpg\" alt=\"\" class=\"wp-image-1574\" width=\"1024\" height=\"778\" style=\"--aspect-ratio: 1.32\" srcset=\"https:\/\/suomenkuvalehti.fi\/taivaan-tahden\/wp-content\/uploads\/sites\/36\/2018\/04\/virgoo-1024x778.jpg 1024w, https:\/\/suomenkuvalehti.fi\/taivaan-tahden\/wp-content\/uploads\/sites\/36\/2018\/04\/virgoo-300x228.jpg 300w, https:\/\/suomenkuvalehti.fi\/taivaan-tahden\/wp-content\/uploads\/sites\/36\/2018\/04\/virgoo-768x583.jpg 768w, https:\/\/suomenkuvalehti.fi\/taivaan-tahden\/wp-content\/uploads\/sites\/36\/2018\/04\/virgoo-630x478.jpg 630w, https:\/\/suomenkuvalehti.fi\/taivaan-tahden\/wp-content\/uploads\/sites\/36\/2018\/04\/virgoo.jpg 1575w\" sizes=\"auto, (max-width: 1024px) 100vw, 1024px\" \/><\/a>    <figcaption class=\"wp-block-image__figcaption\">\n      Haluatko n\u00e4hd\u00e4 Virgon joukon galaksit omin silmin? Se on helpommin toivottu kuin tehty. Kuva: NASA\/ESA\/ESO\/NAOJ\/R. Colombari\/G. Paglioli          <\/figcaption>\n      <\/div>\n<\/figure>\n\n\n<p><span class=\"capitalized\">&#8221;Jos liikut ulkona<\/span> y\u00f6ll\u00e4 oikeat v\u00e4lineet mukanasi, voit n\u00e4hd\u00e4 taivaalla yli 2 000 upeaa galaksia.&#8221;<\/p>\n\n\n\n<p>N\u00e4in lupaa Tieteen Kuvalehden nettiartikkeli. Siin\u00e4 kerrotaan, kuinka Neitsyen t\u00e4hdist\u00f6 n\u00e4kyy kev\u00e4t\u00f6in\u00e4 korkealla taivaalla \u2013 mik\u00e4 on totta. T\u00e4hdist\u00f6n suunnalla todetaan olevan Virgon joukko, jossa on noin 2 000 galaksia \u2013 totta sekin.<\/p>\n\n\n\n<p>Sitten luvataan, ett\u00e4 &#8221;ne n\u00e4kyv\u00e4t pienell\u00e4kin kaukoputkella&#8221;. Eiv\u00e4t n\u00e4y.<\/p>\n\n\n\n<p>Joukon kirkkaimmat galaksit kyll\u00e4 erottuvat harrastajakaukoputkella, mutta sellaisia &#8221;oikeita v\u00e4lineit\u00e4&#8221; ei pysty edes kuljettamaan mukanaan, ett\u00e4 niill\u00e4 n\u00e4kisi Virgon joukon 2 000 galaksia.<\/p>\n\n\n\n<blockquote class=\"wp-block-quote\"><p>Tulos ei ole samaa luokkaa kuin jutun otsikkokuva.<\/p><\/blockquote>\n\n\n\n<p>Jutussa neuvotaan liitt\u00e4m\u00e4\u00e4n 200-millisell\u00e4 teleobjektiivilla varustettu kamera kaukoputkeen ja kuvaamaan galakseja 10\u201330 sekunnin suljinajalla. Vaikka noudattaisi neuvoa k\u00e4ytt\u00e4\u00e4 &#8221;moottoriohjausta&#8221;, voi olla varma, ett\u00e4 tulos ei ole samaa luokkaa kuin jutun otsikkokuva.<\/p>\n\n\n\n<p><span class=\"capitalized\">Se on koottu<\/span> kuvista, jotka on otettu Subaru- ja VLT-teleskoopeilla sek\u00e4 Hubble-avaruusteleskoopilla.<\/p>\n\n\n\n<p>Subarussa on 8,2 metrin l\u00e4pimittainen p\u00e4\u00e4peili, VLT:ss\u00e4 samankokoisia peilej\u00e4 on nelj\u00e4. Hubblessa on &#8221;vain&#8221; 2,4-metrinen p\u00e4\u00e4peili, mutta teleskooppi kiert\u00e4\u00e4 Maata yli 500 kilometrin korkeudella havaintoja h\u00e4iritsev\u00e4n ilmakeh\u00e4n ulkopuolella.<\/p>\n\n\n\n<p>Virheellist\u00e4 informaatiota on my\u00f6s jutun yhteydess\u00e4 olevassa kuvassa, jossa Virgon joukon havainnollistetaan n\u00e4kyv\u00e4n &#8221;noin 50 astetta etel\u00e4isen horisontin yll\u00e4&#8221;.<\/p>\n\n\n\n<p>Se pit\u00e4\u00e4 paikkansa, jos taivaalle t\u00e4hyilee Keski-Euroopasta. Suomen etel\u00e4rannikolta katsottuna Virgon joukko on korkeimmillaan noin 40 astetta ja pohjoisimmasta Lapista kolmisenkymment\u00e4 astetta etel\u00e4isen horisontin yl\u00e4puolella.<\/p>\n\n\n\n<p>Sin\u00e4ns\u00e4 on hieno juttu, ett\u00e4 lukijoita kannustetaan katselemaan t\u00e4htitaivaan ihmeit\u00e4 omin silmin. Silloin pit\u00e4isi kuitenkin antaa oikeaa ja tarkistettua tietoa, ei ohjeita, jotka ovat v\u00e4h\u00e4n sinne p\u00e4in tai eiv\u00e4t sinne p\u00e4ink\u00e4\u00e4n.<\/p>\n\n\n\n<p><span class=\"capitalized\">Jos joku innostuu<\/span> jutun luettuaan l\u00e4htem\u00e4\u00e4n kev\u00e4iseen y\u00f6h\u00f6n ihailemaan &#8221;loputonta galaksipaljoutta&#8221;, pettymys voi olla sit\u00e4 luokkaa, ett\u00e4 moiseen puuhaan ei toiste en\u00e4\u00e4 ryhdyk\u00e4\u00e4n. Mik\u00e4 olisi harmi, sill\u00e4 taivaalla on paljon sellaisia kohteita, joita todella voi ihailla pienell\u00e4 kaukoputkella tai vaikka kiikarilla.<\/p>\n\n\n","protected":false},"excerpt":{"rendered":"<p>&#8221;Jos liikut ulkona y\u00f6ll\u00e4 oikeat v\u00e4lineet mukanasi, voit n\u00e4hd\u00e4 taivaalla yli 2 000 upeaa galaksia.&#8221; N\u00e4in lupaa Tieteen Kuvalehden nettiartikkeli. Siin\u00e4 kerrotaan, kuinka Neitsyen t\u00e4hdist\u00f6 n\u00e4kyy kev\u00e4t\u00f6in\u00e4 korkealla taivaalla \u2013 mik\u00e4 on totta. T\u00e4hdist\u00f6n<br \/>\nsuunnalla todetaa&hellip;<\/p>\n","protected":false},"author":557,"featured_media":0,"comment_status":"open","ping_status":"open","sticky":false,"template":"","format":"standard","meta":{"_acf_changed":false,"asauth_required_access_level":3,"asauth_cansharepaid":"true","om_header_attributes":[],"footnotes":"","om_featured_image_focal_point":[],"om_primary_tag":0,"om_contributors":[],"om_co_authors":[],"beyondwords_generate_audio":"","beyondwords_project_id":"","beyondwords_content_id":"","beyondwords_preview_token":"","beyondwords_player_content":"","beyondwords_player_style":"","beyondwords_language_code":"","beyondwords_language_id":"","beyondwords_title_voice_id":"","beyondwords_body_voice_id":"","beyondwords_summary_voice_id":"","beyondwords_error_message":"","beyondwords_disabled":"","beyondwords_delete_content":"","beyondwords_podcast_id":"","beyondwords_hash":"","publish_post_to_speechkit":"","speechkit_hash":"","speechkit_generate_audio":"","speechkit_project_id":"","speechkit_podcast_id":"","speechkit_error_message":"","speechkit_disabled":"","speechkit_access_key":"","speechkit_error":"","speechkit_info":"","speechkit_response":"","speechkit_retries":"","speechkit_status":"","speechkit_updated_at":"","_speechkit_link":"","_speechkit_text":""},"categories":[1],"tags":[2,625,626,624,627],"class_list":["post-1573","post","type-post","status-publish","format-standard","hentry","category-taivaan-tahden","tag-hubble","tag-neitsyen-tahdisto","tag-subaru","tag-virgon-galaksijoukko","tag-vlt"],"om_views":null,"acf":{"tuuma_off":false,"tuuma_kysymys":"","tuuma_vastaus":""},"asauth":{"required_access_level":1,"share_token":"","is_paid":false},"yoast_head":"<!-- This site is optimized with the Yoast SEO plugin v26.4 - https:\/\/yoast.com\/wordpress\/plugins\/seo\/ -->\n<title>Kappas, taivaalla v\u00e4lkkyy taas tuhansia galakseja\u00a0 - Taivaan t\u00e4hden<\/title>\n<meta name=\"robots\" content=\"index, follow, max-snippet:-1, max-image-preview:large, max-video-preview:-1\" \/>\n<link rel=\"canonical\" href=\"https:\/\/suomenkuvalehti.fi\/taivaan-tahden\/2018\/04\/15\/kappas-taivaalla-valkkyy-taas-tuhansia-galakseja\/\" \/>\n<meta property=\"og:locale\" content=\"fi_FI\" \/>\n<meta property=\"og:type\" content=\"article\" \/>\n<meta property=\"og:title\" content=\"Kappas, taivaalla v\u00e4lkkyy taas tuhansia galakseja\u00a0 - Taivaan t\u00e4hden\" \/>\n<meta property=\"og:description\" content=\"&#8221;Jos liikut ulkona y\u00f6ll\u00e4 oikeat v\u00e4lineet mukanasi, voit n\u00e4hd\u00e4 taivaalla yli 2 000 upeaa galaksia.&#8221; N\u00e4in lupaa Tieteen Kuvalehden nettiartikkeli. Siin\u00e4 kerrotaan, kuinka Neitsyen t\u00e4hdist\u00f6 n\u00e4kyy kev\u00e4t\u00f6in\u00e4 korkealla taivaalla \u2013 mik\u00e4 on totta. T\u00e4hdist\u00f6n suunnalla todetaa&hellip;\" \/>\n<meta property=\"og:url\" content=\"https:\/\/suomenkuvalehti.fi\/taivaan-tahden\/2018\/04\/15\/kappas-taivaalla-valkkyy-taas-tuhansia-galakseja\/\" \/>\n<meta property=\"og:site_name\" content=\"Taivaan t\u00e4hden\" \/>\n<meta property=\"article:published_time\" content=\"2018-04-15T11:23:54+00:00\" \/>\n<meta property=\"og:image\" content=\"https:\/\/suomenkuvalehti.fi\/taivaan-tahden\/wp-content\/uploads\/sites\/36\/2018\/04\/virgoo.jpg\" \/>\n\t<meta property=\"og:image:width\" content=\"1575\" \/>\n\t<meta property=\"og:image:height\" content=\"1196\" \/>\n\t<meta property=\"og:image:type\" content=\"image\/jpeg\" \/>\n<meta name=\"author\" content=\"Markus Hotakainen\" \/>\n<meta name=\"twitter:card\" content=\"summary_large_image\" \/>\n<meta name=\"twitter:label1\" content=\"Written by\" \/>\n\t<meta name=\"twitter:data1\" content=\"Markus Hotakainen\" \/>\n\t<meta name=\"twitter:label2\" content=\"Est. reading time\" \/>\n\t<meta name=\"twitter:data2\" content=\"2 minuuttia\" \/>\n<script type=\"application\/ld+json\" class=\"yoast-schema-graph\">{\"@context\":\"https:\/\/schema.org\",\"@graph\":[{\"@type\":\"WebPage\",\"@id\":\"https:\/\/suomenkuvalehti.fi\/taivaan-tahden\/2018\/04\/15\/kappas-taivaalla-valkkyy-taas-tuhansia-galakseja\/\",\"url\":\"https:\/\/suomenkuvalehti.fi\/taivaan-tahden\/2018\/04\/15\/kappas-taivaalla-valkkyy-taas-tuhansia-galakseja\/\",\"name\":\"Kappas, taivaalla v\u00e4lkkyy taas tuhansia galakseja\u00a0 - Taivaan t\u00e4hden\",\"isPartOf\":{\"@id\":\"https:\/\/suomenkuvalehti.fi\/taivaan-tahden\/#website\"},\"primaryImageOfPage\":{\"@id\":\"https:\/\/suomenkuvalehti.fi\/taivaan-tahden\/2018\/04\/15\/kappas-taivaalla-valkkyy-taas-tuhansia-galakseja\/#primaryimage\"},\"image\":{\"@id\":\"https:\/\/suomenkuvalehti.fi\/taivaan-tahden\/2018\/04\/15\/kappas-taivaalla-valkkyy-taas-tuhansia-galakseja\/#primaryimage\"},\"thumbnailUrl\":\"https:\/\/suomenkuvalehti.fi\/taivaan-tahden\/wp-content\/uploads\/sites\/36\/2018\/04\/virgoo-1024x778.jpg\",\"datePublished\":\"2018-04-15T11:23:54+00:00\",\"author\":{\"@id\":\"https:\/\/suomenkuvalehti.fi\/taivaan-tahden\/#\/schema\/person\/c9c1373acb19750e11084ef640abeae0\"},\"breadcrumb\":{\"@id\":\"https:\/\/suomenkuvalehti.fi\/taivaan-tahden\/2018\/04\/15\/kappas-taivaalla-valkkyy-taas-tuhansia-galakseja\/#breadcrumb\"},\"inLanguage\":\"fi\",\"potentialAction\":[{\"@type\":\"ReadAction\",\"target\":[\"https:\/\/suomenkuvalehti.fi\/taivaan-tahden\/2018\/04\/15\/kappas-taivaalla-valkkyy-taas-tuhansia-galakseja\/\"]}]},{\"@type\":\"ImageObject\",\"inLanguage\":\"fi\",\"@id\":\"https:\/\/suomenkuvalehti.fi\/taivaan-tahden\/2018\/04\/15\/kappas-taivaalla-valkkyy-taas-tuhansia-galakseja\/#primaryimage\",\"url\":\"https:\/\/suomenkuvalehti.fi\/taivaan-tahden\/wp-content\/uploads\/sites\/36\/2018\/04\/virgoo.jpg\",\"contentUrl\":\"https:\/\/suomenkuvalehti.fi\/taivaan-tahden\/wp-content\/uploads\/sites\/36\/2018\/04\/virgoo.jpg\",\"width\":1575,\"height\":1196},{\"@type\":\"BreadcrumbList\",\"@id\":\"https:\/\/suomenkuvalehti.fi\/taivaan-tahden\/2018\/04\/15\/kappas-taivaalla-valkkyy-taas-tuhansia-galakseja\/#breadcrumb\",\"itemListElement\":[{\"@type\":\"ListItem\",\"position\":1,\"name\":\"Home\",\"item\":\"https:\/\/suomenkuvalehti.fi\/taivaan-tahden\/\"},{\"@type\":\"ListItem\",\"position\":2,\"name\":\"Kappas, taivaalla v\u00e4lkkyy taas tuhansia galakseja\u00a0\"}]},{\"@type\":\"WebSite\",\"@id\":\"https:\/\/suomenkuvalehti.fi\/taivaan-tahden\/#website\",\"url\":\"https:\/\/suomenkuvalehti.fi\/taivaan-tahden\/\",\"name\":\"Taivaan t\u00e4hden\",\"description\":\"Tiedetoimittaja Markus Hotakainen h\u00e4mm\u00e4stelee maailmankaikkeutta.\",\"potentialAction\":[{\"@type\":\"SearchAction\",\"target\":{\"@type\":\"EntryPoint\",\"urlTemplate\":\"https:\/\/suomenkuvalehti.fi\/haku\/?q={search_term_string}\"},\"query-input\":{\"@type\":\"PropertyValueSpecification\",\"valueRequired\":true,\"valueName\":\"search_term_string\"}}],\"inLanguage\":\"fi\"},{\"@type\":\"Person\",\"@id\":\"https:\/\/suomenkuvalehti.fi\/taivaan-tahden\/#\/schema\/person\/c9c1373acb19750e11084ef640abeae0\",\"name\":\"Markus Hotakainen\",\"image\":{\"@type\":\"ImageObject\",\"inLanguage\":\"fi\",\"@id\":\"https:\/\/suomenkuvalehti.fi\/taivaan-tahden\/#\/schema\/person\/image\/\",\"url\":\"https:\/\/suomenkuvalehti.fi\/taivaan-tahden\/wp-content\/uploads\/sites\/36\/2018\/05\/markus_hotakainen_blogi_pieni-150x150.jpg\",\"contentUrl\":\"https:\/\/suomenkuvalehti.fi\/taivaan-tahden\/wp-content\/uploads\/sites\/36\/2018\/05\/markus_hotakainen_blogi_pieni-150x150.jpg\",\"caption\":\"Markus Hotakainen\"},\"description\":\"Kirjoittaja on tiedetoimittaja ja tietokirjailija.\"}]}<\/script>\n<!-- \/ Yoast SEO plugin. -->","yoast_head_json":{"title":"Kappas, taivaalla v\u00e4lkkyy taas tuhansia galakseja\u00a0 - Taivaan t\u00e4hden","robots":{"index":"index","follow":"follow","max-snippet":"max-snippet:-1","max-image-preview":"max-image-preview:large","max-video-preview":"max-video-preview:-1"},"canonical":"https:\/\/suomenkuvalehti.fi\/taivaan-tahden\/2018\/04\/15\/kappas-taivaalla-valkkyy-taas-tuhansia-galakseja\/","og_locale":"fi_FI","og_type":"article","og_title":"Kappas, taivaalla v\u00e4lkkyy taas tuhansia galakseja\u00a0 - Taivaan t\u00e4hden","og_description":"&#8221;Jos liikut ulkona y\u00f6ll\u00e4 oikeat v\u00e4lineet mukanasi, voit n\u00e4hd\u00e4 taivaalla yli 2 000 upeaa galaksia.&#8221; N\u00e4in lupaa Tieteen Kuvalehden nettiartikkeli. Siin\u00e4 kerrotaan, kuinka Neitsyen t\u00e4hdist\u00f6 n\u00e4kyy kev\u00e4t\u00f6in\u00e4 korkealla taivaalla \u2013 mik\u00e4 on totta. T\u00e4hdist\u00f6n suunnalla todetaa&hellip;","og_url":"https:\/\/suomenkuvalehti.fi\/taivaan-tahden\/2018\/04\/15\/kappas-taivaalla-valkkyy-taas-tuhansia-galakseja\/","og_site_name":"Taivaan t\u00e4hden","article_published_time":"2018-04-15T11:23:54+00:00","og_image":[{"width":1575,"height":1196,"url":"https:\/\/suomenkuvalehti.fi\/taivaan-tahden\/wp-content\/uploads\/sites\/36\/2018\/04\/virgoo.jpg","type":"image\/jpeg"}],"author":"Markus Hotakainen","twitter_card":"summary_large_image","twitter_misc":{"Written by":"Markus Hotakainen","Est. reading time":"2 minuuttia"},"schema":{"@context":"https:\/\/schema.org","@graph":[{"@type":"WebPage","@id":"https:\/\/suomenkuvalehti.fi\/taivaan-tahden\/2018\/04\/15\/kappas-taivaalla-valkkyy-taas-tuhansia-galakseja\/","url":"https:\/\/suomenkuvalehti.fi\/taivaan-tahden\/2018\/04\/15\/kappas-taivaalla-valkkyy-taas-tuhansia-galakseja\/","name":"Kappas, taivaalla v\u00e4lkkyy taas tuhansia galakseja\u00a0 - Taivaan t\u00e4hden","isPartOf":{"@id":"https:\/\/suomenkuvalehti.fi\/taivaan-tahden\/#website"},"primaryImageOfPage":{"@id":"https:\/\/suomenkuvalehti.fi\/taivaan-tahden\/2018\/04\/15\/kappas-taivaalla-valkkyy-taas-tuhansia-galakseja\/#primaryimage"},"image":{"@id":"https:\/\/suomenkuvalehti.fi\/taivaan-tahden\/2018\/04\/15\/kappas-taivaalla-valkkyy-taas-tuhansia-galakseja\/#primaryimage"},"thumbnailUrl":"https:\/\/suomenkuvalehti.fi\/taivaan-tahden\/wp-content\/uploads\/sites\/36\/2018\/04\/virgoo-1024x778.jpg","datePublished":"2018-04-15T11:23:54+00:00","author":{"@id":"https:\/\/suomenkuvalehti.fi\/taivaan-tahden\/#\/schema\/person\/c9c1373acb19750e11084ef640abeae0"},"breadcrumb":{"@id":"https:\/\/suomenkuvalehti.fi\/taivaan-tahden\/2018\/04\/15\/kappas-taivaalla-valkkyy-taas-tuhansia-galakseja\/#breadcrumb"},"inLanguage":"fi","potentialAction":[{"@type":"ReadAction","target":["https:\/\/suomenkuvalehti.fi\/taivaan-tahden\/2018\/04\/15\/kappas-taivaalla-valkkyy-taas-tuhansia-galakseja\/"]}]},{"@type":"ImageObject","inLanguage":"fi","@id":"https:\/\/suomenkuvalehti.fi\/taivaan-tahden\/2018\/04\/15\/kappas-taivaalla-valkkyy-taas-tuhansia-galakseja\/#primaryimage","url":"https:\/\/suomenkuvalehti.fi\/taivaan-tahden\/wp-content\/uploads\/sites\/36\/2018\/04\/virgoo.jpg","contentUrl":"https:\/\/suomenkuvalehti.fi\/taivaan-tahden\/wp-content\/uploads\/sites\/36\/2018\/04\/virgoo.jpg","width":1575,"height":1196},{"@type":"BreadcrumbList","@id":"https:\/\/suomenkuvalehti.fi\/taivaan-tahden\/2018\/04\/15\/kappas-taivaalla-valkkyy-taas-tuhansia-galakseja\/#breadcrumb","itemListElement":[{"@type":"ListItem","position":1,"name":"Home","item":"https:\/\/suomenkuvalehti.fi\/taivaan-tahden\/"},{"@type":"ListItem","position":2,"name":"Kappas, taivaalla v\u00e4lkkyy taas tuhansia galakseja\u00a0"}]},{"@type":"WebSite","@id":"https:\/\/suomenkuvalehti.fi\/taivaan-tahden\/#website","url":"https:\/\/suomenkuvalehti.fi\/taivaan-tahden\/","name":"Taivaan t\u00e4hden","description":"Tiedetoimittaja Markus Hotakainen h\u00e4mm\u00e4stelee maailmankaikkeutta.","potentialAction":[{"@type":"SearchAction","target":{"@type":"EntryPoint","urlTemplate":"https:\/\/suomenkuvalehti.fi\/haku\/?q={search_term_string}"},"query-input":{"@type":"PropertyValueSpecification","valueRequired":true,"valueName":"search_term_string"}}],"inLanguage":"fi"},{"@type":"Person","@id":"https:\/\/suomenkuvalehti.fi\/taivaan-tahden\/#\/schema\/person\/c9c1373acb19750e11084ef640abeae0","name":"Markus Hotakainen","image":{"@type":"ImageObject","inLanguage":"fi","@id":"https:\/\/suomenkuvalehti.fi\/taivaan-tahden\/#\/schema\/person\/image\/","url":"https:\/\/suomenkuvalehti.fi\/taivaan-tahden\/wp-content\/uploads\/sites\/36\/2018\/05\/markus_hotakainen_blogi_pieni-150x150.jpg","contentUrl":"https:\/\/suomenkuvalehti.fi\/taivaan-tahden\/wp-content\/uploads\/sites\/36\/2018\/05\/markus_hotakainen_blogi_pieni-150x150.jpg","caption":"Markus Hotakainen"},"description":"Kirjoittaja on tiedetoimittaja ja tietokirjailija."}]}},"_links":{"self":[{"href":"https:\/\/suomenkuvalehti.fi\/taivaan-tahden\/wp-json\/wp\/v2\/posts\/1573","targetHints":{"allow":["GET"]}}],"collection":[{"href":"https:\/\/suomenkuvalehti.fi\/taivaan-tahden\/wp-json\/wp\/v2\/posts"}],"about":[{"href":"https:\/\/suomenkuvalehti.fi\/taivaan-tahden\/wp-json\/wp\/v2\/types\/post"}],"author":[{"embeddable":true,"href":"https:\/\/suomenkuvalehti.fi\/taivaan-tahden\/wp-json\/wp\/v2\/users\/557"}],"replies":[{"embeddable":true,"href":"https:\/\/suomenkuvalehti.fi\/taivaan-tahden\/wp-json\/wp\/v2\/comments?post=1573"}],"version-history":[{"count":3,"href":"https:\/\/suomenkuvalehti.fi\/taivaan-tahden\/wp-json\/wp\/v2\/posts\/1573\/revisions"}],"predecessor-version":[{"id":1577,"href":"https:\/\/suomenkuvalehti.fi\/taivaan-tahden\/wp-json\/wp\/v2\/posts\/1573\/revisions\/1577"}],"wp:attachment":[{"href":"https:\/\/suomenkuvalehti.fi\/taivaan-tahden\/wp-json\/wp\/v2\/media?parent=1573"}],"wp:term":[{"taxonomy":"category","embeddable":true,"href":"https:\/\/suomenkuvalehti.fi\/taivaan-tahden\/wp-json\/wp\/v2\/categories?post=1573"},{"taxonomy":"post_tag","embeddable":true,"href":"https:\/\/suomenkuvalehti.fi\/taivaan-tahden\/wp-json\/wp\/v2\/tags?post=1573"}],"curies":[{"name":"wp","href":"https:\/\/api.w.org\/{rel}","templated":true}]}}