{"id":1556,"date":"2018-03-29T07:47:54","date_gmt":"2018-03-29T04:47:54","guid":{"rendered":"https:\/\/suomenkuvalehti.fi\/taivaan-tahden\/?p=1556"},"modified":"2018-03-29T09:52:35","modified_gmt":"2018-03-29T06:52:35","slug":"maailmankaikkeus-tuhoutuu-pelastukoon-ken-voi","status":"publish","type":"post","link":"https:\/\/suomenkuvalehti.fi\/taivaan-tahden\/2018\/03\/29\/maailmankaikkeus-tuhoutuu-pelastukoon-ken-voi\/","title":{"rendered":"Maailmankaikkeus tuhoutuu \u2013 pelastukoon ken voi!"},"content":{"rendered":"<figure class=\"aligncenter size-large is-resized wp-block-image\">\n  <div class=\"wp-block-image__inner-container\">\n    <a href=\"https:\/\/suomenkuvalehti.fi\/taivaan-tahden\/wp-content\/uploads\/sites\/36\/2018\/03\/1122px-nasa-hs201427a-hubbleultradeepfield2014-20140603.jpg\"><img loading=\"lazy\" decoding=\"async\" src=\"https:\/\/suomenkuvalehti.fi\/taivaan-tahden\/wp-content\/uploads\/sites\/36\/2018\/03\/1122px-nasa-hs201427a-hubbleultradeepfield2014-20140603-1024x935.jpg\" alt=\"\" class=\"wp-image-1557\" width=\"1024\" height=\"935\" style=\"--aspect-ratio: 1.1\" srcset=\"https:\/\/suomenkuvalehti.fi\/taivaan-tahden\/wp-content\/uploads\/sites\/36\/2018\/03\/1122px-nasa-hs201427a-hubbleultradeepfield2014-20140603-1024x935.jpg 1024w, https:\/\/suomenkuvalehti.fi\/taivaan-tahden\/wp-content\/uploads\/sites\/36\/2018\/03\/1122px-nasa-hs201427a-hubbleultradeepfield2014-20140603-300x274.jpg 300w, https:\/\/suomenkuvalehti.fi\/taivaan-tahden\/wp-content\/uploads\/sites\/36\/2018\/03\/1122px-nasa-hs201427a-hubbleultradeepfield2014-20140603-768x701.jpg 768w, https:\/\/suomenkuvalehti.fi\/taivaan-tahden\/wp-content\/uploads\/sites\/36\/2018\/03\/1122px-nasa-hs201427a-hubbleultradeepfield2014-20140603-630x575.jpg 630w, https:\/\/suomenkuvalehti.fi\/taivaan-tahden\/wp-content\/uploads\/sites\/36\/2018\/03\/1122px-nasa-hs201427a-hubbleultradeepfield2014-20140603.jpg 1122w\" sizes=\"auto, (max-width: 1024px) 100vw, 1024px\" \/><\/a>    <figcaption class=\"wp-block-image__figcaption\">\n      Meill\u00e4 ei ole aavistustakaan, mit\u00e4 kaukaisessa galaksiavaruudessa t\u00e4ll\u00e4 hetkell\u00e4 tapahtuu \u2013 tai onko sit\u00e4 ylip\u00e4\u00e4t\u00e4\u00e4n en\u00e4\u00e4 olemassa. Kuva: NASA\/ESA\/STScI          <\/figcaption>\n      <\/div>\n<\/figure>\n\n\n<p>Alkuviikosta Hesarissa uutisoitiin tutkijoiden laskelmista, joiden mukaan &#8221;maailmankaikkeus saattaa olla jo tuhoutumassa, emmek\u00e4 edes ehtisi reagoida siihen&#8221;.<\/p>\n\n\n\n<p>Jutun pihvi on t\u00e4ytt\u00e4 totta, joskin teoriaa: pitk\u00e4\u00e4n jahdatun ja viimein vuonna 2012 l\u00f6ydetyn Higgsin hiukkasen todellinen massa ei ole takuuvarmasti se, mik\u00e4 sille on mittauksilla saatu m\u00e4\u00e4ritetty\u00e4.<\/p>\n\n\n\n<p>Higgs voi horjahtaa nykyisest\u00e4 energiatilastaan viel\u00e4 alemmas, jolloin kaikkien muidenkin hiukkasten massat ja niiden v\u00e4liset vuorovaikutusvoimat menisiv\u00e4t uusiksi.<\/p>\n\n\n\n<p>Kuulostaa pienelt\u00e4 riesalta, mutta moinen rojahdus tuhoaisi koko maailmankaikkeuden. Ei tietenk\u00e4\u00e4n silm\u00e4nr\u00e4p\u00e4yksess\u00e4, sill\u00e4 luonnonlaeiltaan uusi ja uljas, mutta ominaisuuksiltaan arvaamaton universumi levi\u00e4isi vanhaan maailmaan &#8221;vain&#8221; valon nopeudella.<\/p>\n\n\n\n<p>Jos tarkkailemme esimerkiksi kymmenen miljoonan valovuoden et\u00e4isyydell\u00e4 olevaa galaksia, n\u00e4emme kymmenen miljoonaa vuotta sitten matkaan l\u00e4htenytt\u00e4 valoa. Mik\u00e4li niill\u00e4 nurkilla on siirrytty Higgsin romahduksen synnytt\u00e4m\u00e4\u00e4n &#8221;tosityhji\u00f6\u00f6n&#8221; vaikkapa 9999999 vuotta sitten, huomaisimme galaksin katoavan vasta vuoden kuluttua \u2013 ja samalla h\u00e4vi\u00e4isimme itse kuin tuhka tuuleen.<\/p>\n\n\n\n<p>Paitsi ett\u00e4 mit\u00e4\u00e4n tuulta ei t\u00e4ss\u00e4 maailmankaikkeudessa en\u00e4\u00e4 olisi.<\/p>\n\n\n\n<p>Voi olla, ett\u00e4 suurinta osaa universumista ei ole en\u00e4\u00e4 t\u00e4ll\u00e4k\u00e4\u00e4n hetkell\u00e4 olemassa. Sek\u00e4 hyv\u00e4t ett\u00e4 huonot uutiset levi\u00e4v\u00e4t avaruudessa rajallisella nopeudella. Kaikki mit\u00e4 taivaalla n\u00e4emme on mennytt\u00e4 maailmaa. Taivaalla helottavan Auringon valokin on vanhentunutta, yli kahdeksan minuutin ik\u00e4ist\u00e4.<\/p>\n\n\n\n<p>Mutta tuo uutisotsikon j\u00e4lkimm\u00e4inen virke: &#8221;emmek\u00e4 edes ehtisi reagoida siihen&#8221;.<\/p>\n\n\n\n<p>Se on totta, ett\u00e4 kaikki olisi ohi ennen kuin kukaan sit\u00e4 edes \u00e4ly\u00e4isi, mutta jos l\u00e4hdet\u00e4\u00e4n halkomaan hiuksia, miten maailmankaikkeuden tuhoutumiseen voisi ylip\u00e4\u00e4t\u00e4\u00e4n reagoida?<\/p>\n\n\n\n<p>Mik\u00e4li koko tunnetun neliulotteisen aika-avaruuden perusrakenne luhistuisi, kukaan tai mik\u00e4\u00e4n ei voisi silt\u00e4 v\u00e4ltty\u00e4. <b>Poul Anderssonin<\/b> scifi-romaanissa <i>Tau nolla<\/i> ihmiskunnan viimeiset edustajat seuraavat sivusta, ik\u00e4\u00e4n kuin universumin ulkopuolelta, kun maailmankaikkeus luhistuu kasaan suuressa loppurys\u00e4yksess\u00e4.<\/p>\n\n\n\n<p>Ei se niin menisi. Teoreettisesti voi olla olemassa muitakin maailmankaikkeuksia, mutta nykyk\u00e4sityksen mukaan niist\u00e4 ei ole mahdollista saada edes tietoa, saatika ett\u00e4 niihin p\u00e4\u00e4sisi jollain keinolla pakoon, jos omalle universumillemme olisi tapahtumassa jotain radikaalin lopullista.<\/p>\n\n\n\n<p>Ja vaikka se olisi mahdollistakin, emme ehtisi karkuun. Ellemme sitten vaihtaisi maailmankaikkeutta varmuuden vuoksi. Silloin voisimme p\u00e4\u00e4ty\u00e4 paniikissa paikkaan, joka on raunioitumassa viel\u00e4 nopeammalla aikataululla kuin nykyisin asuttamamme maailmankaikkeus.<\/p>\n\n\n\n<p>Emme siis todellakaan ehtisi reagoida maailmankaikkeuden tuhoutumiseen.<\/p>\n\n\n\n<p>&nbsp;<\/p>\n\n\n","protected":false},"excerpt":{"rendered":"<p>Alkuviikosta Hesarissa uutisoitiin tutkijoiden laskelmista, joiden mukaan &#8221;maailmankaikkeus saattaa olla jo tuhoutumassa, emmek\u00e4 edes ehtisi reagoida siihen&#8221;. Jutun pihvi on t\u00e4ytt\u00e4 totta, joskin teoriaa: pitk\u00e4\u00e4n jahdatun ja viimein vuonna 2012 l\u00f6ydetyn Higgsin<br \/>\nhiukk&hellip;<\/p>\n","protected":false},"author":557,"featured_media":0,"comment_status":"open","ping_status":"open","sticky":false,"template":"","format":"standard","meta":{"_acf_changed":false,"asauth_required_access_level":3,"asauth_cansharepaid":"true","om_header_attributes":[],"footnotes":"","om_featured_image_focal_point":[],"om_primary_tag":0,"om_contributors":[],"om_co_authors":[],"beyondwords_generate_audio":"","beyondwords_project_id":"","beyondwords_content_id":"","beyondwords_preview_token":"","beyondwords_player_content":"","beyondwords_player_style":"","beyondwords_language_code":"","beyondwords_language_id":"","beyondwords_title_voice_id":"","beyondwords_body_voice_id":"","beyondwords_summary_voice_id":"","beyondwords_error_message":"","beyondwords_disabled":"","beyondwords_delete_content":"","beyondwords_podcast_id":"","beyondwords_hash":"","publish_post_to_speechkit":"","speechkit_hash":"","speechkit_generate_audio":"","speechkit_project_id":"","speechkit_podcast_id":"","speechkit_error_message":"","speechkit_disabled":"","speechkit_access_key":"","speechkit_error":"","speechkit_info":"","speechkit_response":"","speechkit_retries":"","speechkit_status":"","speechkit_updated_at":"","_speechkit_link":"","_speechkit_text":""},"categories":[1],"tags":[618,617,16,619],"class_list":["post-1556","post","type-post","status-publish","format-standard","hentry","category-taivaan-tahden","tag-galaksiavaruus","tag-higgsin-hiukkanen","tag-maailmankaikkeus","tag-rinnakkaisuniversumit"],"om_views":null,"acf":{"tuuma_off":false,"tuuma_kysymys":"","tuuma_vastaus":""},"asauth":{"required_access_level":1,"share_token":"","is_paid":false},"yoast_head":"<!-- This site is optimized with the Yoast SEO plugin v26.4 - https:\/\/yoast.com\/wordpress\/plugins\/seo\/ -->\n<title>Maailmankaikkeus tuhoutuu \u2013 pelastukoon ken voi! - Taivaan t\u00e4hden<\/title>\n<meta name=\"robots\" content=\"index, follow, max-snippet:-1, max-image-preview:large, max-video-preview:-1\" \/>\n<link rel=\"canonical\" href=\"https:\/\/suomenkuvalehti.fi\/taivaan-tahden\/2018\/03\/29\/maailmankaikkeus-tuhoutuu-pelastukoon-ken-voi\/\" \/>\n<meta property=\"og:locale\" content=\"fi_FI\" \/>\n<meta property=\"og:type\" content=\"article\" \/>\n<meta property=\"og:title\" content=\"Maailmankaikkeus tuhoutuu \u2013 pelastukoon ken voi! - Taivaan t\u00e4hden\" \/>\n<meta property=\"og:description\" content=\"Alkuviikosta Hesarissa uutisoitiin tutkijoiden laskelmista, joiden mukaan &#8221;maailmankaikkeus saattaa olla jo tuhoutumassa, emmek\u00e4 edes ehtisi reagoida siihen&#8221;. Jutun pihvi on t\u00e4ytt\u00e4 totta, joskin teoriaa: pitk\u00e4\u00e4n jahdatun ja viimein vuonna 2012 l\u00f6ydetyn Higgsin hiukk&hellip;\" \/>\n<meta property=\"og:url\" content=\"https:\/\/suomenkuvalehti.fi\/taivaan-tahden\/2018\/03\/29\/maailmankaikkeus-tuhoutuu-pelastukoon-ken-voi\/\" \/>\n<meta property=\"og:site_name\" content=\"Taivaan t\u00e4hden\" \/>\n<meta property=\"article:published_time\" content=\"2018-03-29T04:47:54+00:00\" \/>\n<meta property=\"article:modified_time\" content=\"2018-03-29T06:52:35+00:00\" \/>\n<meta property=\"og:image\" content=\"https:\/\/suomenkuvalehti.fi\/taivaan-tahden\/wp-content\/uploads\/sites\/36\/2018\/03\/1122px-nasa-hs201427a-hubbleultradeepfield2014-20140603.jpg\" \/>\n\t<meta property=\"og:image:width\" content=\"1122\" \/>\n\t<meta property=\"og:image:height\" content=\"1024\" \/>\n\t<meta property=\"og:image:type\" content=\"image\/jpeg\" \/>\n<meta name=\"author\" content=\"Markus Hotakainen\" \/>\n<meta name=\"twitter:card\" content=\"summary_large_image\" \/>\n<meta name=\"twitter:label1\" content=\"Written by\" \/>\n\t<meta name=\"twitter:data1\" content=\"Markus Hotakainen\" \/>\n\t<meta name=\"twitter:label2\" content=\"Est. reading time\" \/>\n\t<meta name=\"twitter:data2\" content=\"2 minuuttia\" \/>\n<script type=\"application\/ld+json\" class=\"yoast-schema-graph\">{\"@context\":\"https:\/\/schema.org\",\"@graph\":[{\"@type\":\"WebPage\",\"@id\":\"https:\/\/suomenkuvalehti.fi\/taivaan-tahden\/2018\/03\/29\/maailmankaikkeus-tuhoutuu-pelastukoon-ken-voi\/\",\"url\":\"https:\/\/suomenkuvalehti.fi\/taivaan-tahden\/2018\/03\/29\/maailmankaikkeus-tuhoutuu-pelastukoon-ken-voi\/\",\"name\":\"Maailmankaikkeus tuhoutuu \u2013 pelastukoon ken voi! - Taivaan t\u00e4hden\",\"isPartOf\":{\"@id\":\"https:\/\/suomenkuvalehti.fi\/taivaan-tahden\/#website\"},\"primaryImageOfPage\":{\"@id\":\"https:\/\/suomenkuvalehti.fi\/taivaan-tahden\/2018\/03\/29\/maailmankaikkeus-tuhoutuu-pelastukoon-ken-voi\/#primaryimage\"},\"image\":{\"@id\":\"https:\/\/suomenkuvalehti.fi\/taivaan-tahden\/2018\/03\/29\/maailmankaikkeus-tuhoutuu-pelastukoon-ken-voi\/#primaryimage\"},\"thumbnailUrl\":\"https:\/\/suomenkuvalehti.fi\/taivaan-tahden\/wp-content\/uploads\/sites\/36\/2018\/03\/1122px-nasa-hs201427a-hubbleultradeepfield2014-20140603-1024x935.jpg\",\"datePublished\":\"2018-03-29T04:47:54+00:00\",\"dateModified\":\"2018-03-29T06:52:35+00:00\",\"author\":{\"@id\":\"https:\/\/suomenkuvalehti.fi\/taivaan-tahden\/#\/schema\/person\/c9c1373acb19750e11084ef640abeae0\"},\"breadcrumb\":{\"@id\":\"https:\/\/suomenkuvalehti.fi\/taivaan-tahden\/2018\/03\/29\/maailmankaikkeus-tuhoutuu-pelastukoon-ken-voi\/#breadcrumb\"},\"inLanguage\":\"fi\",\"potentialAction\":[{\"@type\":\"ReadAction\",\"target\":[\"https:\/\/suomenkuvalehti.fi\/taivaan-tahden\/2018\/03\/29\/maailmankaikkeus-tuhoutuu-pelastukoon-ken-voi\/\"]}]},{\"@type\":\"ImageObject\",\"inLanguage\":\"fi\",\"@id\":\"https:\/\/suomenkuvalehti.fi\/taivaan-tahden\/2018\/03\/29\/maailmankaikkeus-tuhoutuu-pelastukoon-ken-voi\/#primaryimage\",\"url\":\"https:\/\/suomenkuvalehti.fi\/taivaan-tahden\/wp-content\/uploads\/sites\/36\/2018\/03\/1122px-nasa-hs201427a-hubbleultradeepfield2014-20140603.jpg\",\"contentUrl\":\"https:\/\/suomenkuvalehti.fi\/taivaan-tahden\/wp-content\/uploads\/sites\/36\/2018\/03\/1122px-nasa-hs201427a-hubbleultradeepfield2014-20140603.jpg\",\"width\":1122,\"height\":1024},{\"@type\":\"BreadcrumbList\",\"@id\":\"https:\/\/suomenkuvalehti.fi\/taivaan-tahden\/2018\/03\/29\/maailmankaikkeus-tuhoutuu-pelastukoon-ken-voi\/#breadcrumb\",\"itemListElement\":[{\"@type\":\"ListItem\",\"position\":1,\"name\":\"Home\",\"item\":\"https:\/\/suomenkuvalehti.fi\/taivaan-tahden\/\"},{\"@type\":\"ListItem\",\"position\":2,\"name\":\"Maailmankaikkeus tuhoutuu \u2013 pelastukoon ken voi!\"}]},{\"@type\":\"WebSite\",\"@id\":\"https:\/\/suomenkuvalehti.fi\/taivaan-tahden\/#website\",\"url\":\"https:\/\/suomenkuvalehti.fi\/taivaan-tahden\/\",\"name\":\"Taivaan t\u00e4hden\",\"description\":\"Tiedetoimittaja Markus Hotakainen h\u00e4mm\u00e4stelee maailmankaikkeutta.\",\"potentialAction\":[{\"@type\":\"SearchAction\",\"target\":{\"@type\":\"EntryPoint\",\"urlTemplate\":\"https:\/\/suomenkuvalehti.fi\/haku\/?q={search_term_string}\"},\"query-input\":{\"@type\":\"PropertyValueSpecification\",\"valueRequired\":true,\"valueName\":\"search_term_string\"}}],\"inLanguage\":\"fi\"},{\"@type\":\"Person\",\"@id\":\"https:\/\/suomenkuvalehti.fi\/taivaan-tahden\/#\/schema\/person\/c9c1373acb19750e11084ef640abeae0\",\"name\":\"Markus Hotakainen\",\"image\":{\"@type\":\"ImageObject\",\"inLanguage\":\"fi\",\"@id\":\"https:\/\/suomenkuvalehti.fi\/taivaan-tahden\/#\/schema\/person\/image\/\",\"url\":\"https:\/\/suomenkuvalehti.fi\/taivaan-tahden\/wp-content\/uploads\/sites\/36\/2018\/05\/markus_hotakainen_blogi_pieni-150x150.jpg\",\"contentUrl\":\"https:\/\/suomenkuvalehti.fi\/taivaan-tahden\/wp-content\/uploads\/sites\/36\/2018\/05\/markus_hotakainen_blogi_pieni-150x150.jpg\",\"caption\":\"Markus Hotakainen\"},\"description\":\"Kirjoittaja on tiedetoimittaja ja tietokirjailija.\"}]}<\/script>\n<!-- \/ Yoast SEO plugin. -->","yoast_head_json":{"title":"Maailmankaikkeus tuhoutuu \u2013 pelastukoon ken voi! - Taivaan t\u00e4hden","robots":{"index":"index","follow":"follow","max-snippet":"max-snippet:-1","max-image-preview":"max-image-preview:large","max-video-preview":"max-video-preview:-1"},"canonical":"https:\/\/suomenkuvalehti.fi\/taivaan-tahden\/2018\/03\/29\/maailmankaikkeus-tuhoutuu-pelastukoon-ken-voi\/","og_locale":"fi_FI","og_type":"article","og_title":"Maailmankaikkeus tuhoutuu \u2013 pelastukoon ken voi! - Taivaan t\u00e4hden","og_description":"Alkuviikosta Hesarissa uutisoitiin tutkijoiden laskelmista, joiden mukaan &#8221;maailmankaikkeus saattaa olla jo tuhoutumassa, emmek\u00e4 edes ehtisi reagoida siihen&#8221;. Jutun pihvi on t\u00e4ytt\u00e4 totta, joskin teoriaa: pitk\u00e4\u00e4n jahdatun ja viimein vuonna 2012 l\u00f6ydetyn Higgsin hiukk&hellip;","og_url":"https:\/\/suomenkuvalehti.fi\/taivaan-tahden\/2018\/03\/29\/maailmankaikkeus-tuhoutuu-pelastukoon-ken-voi\/","og_site_name":"Taivaan t\u00e4hden","article_published_time":"2018-03-29T04:47:54+00:00","article_modified_time":"2018-03-29T06:52:35+00:00","og_image":[{"width":1122,"height":1024,"url":"https:\/\/suomenkuvalehti.fi\/taivaan-tahden\/wp-content\/uploads\/sites\/36\/2018\/03\/1122px-nasa-hs201427a-hubbleultradeepfield2014-20140603.jpg","type":"image\/jpeg"}],"author":"Markus Hotakainen","twitter_card":"summary_large_image","twitter_misc":{"Written by":"Markus Hotakainen","Est. reading time":"2 minuuttia"},"schema":{"@context":"https:\/\/schema.org","@graph":[{"@type":"WebPage","@id":"https:\/\/suomenkuvalehti.fi\/taivaan-tahden\/2018\/03\/29\/maailmankaikkeus-tuhoutuu-pelastukoon-ken-voi\/","url":"https:\/\/suomenkuvalehti.fi\/taivaan-tahden\/2018\/03\/29\/maailmankaikkeus-tuhoutuu-pelastukoon-ken-voi\/","name":"Maailmankaikkeus tuhoutuu \u2013 pelastukoon ken voi! - Taivaan t\u00e4hden","isPartOf":{"@id":"https:\/\/suomenkuvalehti.fi\/taivaan-tahden\/#website"},"primaryImageOfPage":{"@id":"https:\/\/suomenkuvalehti.fi\/taivaan-tahden\/2018\/03\/29\/maailmankaikkeus-tuhoutuu-pelastukoon-ken-voi\/#primaryimage"},"image":{"@id":"https:\/\/suomenkuvalehti.fi\/taivaan-tahden\/2018\/03\/29\/maailmankaikkeus-tuhoutuu-pelastukoon-ken-voi\/#primaryimage"},"thumbnailUrl":"https:\/\/suomenkuvalehti.fi\/taivaan-tahden\/wp-content\/uploads\/sites\/36\/2018\/03\/1122px-nasa-hs201427a-hubbleultradeepfield2014-20140603-1024x935.jpg","datePublished":"2018-03-29T04:47:54+00:00","dateModified":"2018-03-29T06:52:35+00:00","author":{"@id":"https:\/\/suomenkuvalehti.fi\/taivaan-tahden\/#\/schema\/person\/c9c1373acb19750e11084ef640abeae0"},"breadcrumb":{"@id":"https:\/\/suomenkuvalehti.fi\/taivaan-tahden\/2018\/03\/29\/maailmankaikkeus-tuhoutuu-pelastukoon-ken-voi\/#breadcrumb"},"inLanguage":"fi","potentialAction":[{"@type":"ReadAction","target":["https:\/\/suomenkuvalehti.fi\/taivaan-tahden\/2018\/03\/29\/maailmankaikkeus-tuhoutuu-pelastukoon-ken-voi\/"]}]},{"@type":"ImageObject","inLanguage":"fi","@id":"https:\/\/suomenkuvalehti.fi\/taivaan-tahden\/2018\/03\/29\/maailmankaikkeus-tuhoutuu-pelastukoon-ken-voi\/#primaryimage","url":"https:\/\/suomenkuvalehti.fi\/taivaan-tahden\/wp-content\/uploads\/sites\/36\/2018\/03\/1122px-nasa-hs201427a-hubbleultradeepfield2014-20140603.jpg","contentUrl":"https:\/\/suomenkuvalehti.fi\/taivaan-tahden\/wp-content\/uploads\/sites\/36\/2018\/03\/1122px-nasa-hs201427a-hubbleultradeepfield2014-20140603.jpg","width":1122,"height":1024},{"@type":"BreadcrumbList","@id":"https:\/\/suomenkuvalehti.fi\/taivaan-tahden\/2018\/03\/29\/maailmankaikkeus-tuhoutuu-pelastukoon-ken-voi\/#breadcrumb","itemListElement":[{"@type":"ListItem","position":1,"name":"Home","item":"https:\/\/suomenkuvalehti.fi\/taivaan-tahden\/"},{"@type":"ListItem","position":2,"name":"Maailmankaikkeus tuhoutuu \u2013 pelastukoon ken voi!"}]},{"@type":"WebSite","@id":"https:\/\/suomenkuvalehti.fi\/taivaan-tahden\/#website","url":"https:\/\/suomenkuvalehti.fi\/taivaan-tahden\/","name":"Taivaan t\u00e4hden","description":"Tiedetoimittaja Markus Hotakainen h\u00e4mm\u00e4stelee maailmankaikkeutta.","potentialAction":[{"@type":"SearchAction","target":{"@type":"EntryPoint","urlTemplate":"https:\/\/suomenkuvalehti.fi\/haku\/?q={search_term_string}"},"query-input":{"@type":"PropertyValueSpecification","valueRequired":true,"valueName":"search_term_string"}}],"inLanguage":"fi"},{"@type":"Person","@id":"https:\/\/suomenkuvalehti.fi\/taivaan-tahden\/#\/schema\/person\/c9c1373acb19750e11084ef640abeae0","name":"Markus Hotakainen","image":{"@type":"ImageObject","inLanguage":"fi","@id":"https:\/\/suomenkuvalehti.fi\/taivaan-tahden\/#\/schema\/person\/image\/","url":"https:\/\/suomenkuvalehti.fi\/taivaan-tahden\/wp-content\/uploads\/sites\/36\/2018\/05\/markus_hotakainen_blogi_pieni-150x150.jpg","contentUrl":"https:\/\/suomenkuvalehti.fi\/taivaan-tahden\/wp-content\/uploads\/sites\/36\/2018\/05\/markus_hotakainen_blogi_pieni-150x150.jpg","caption":"Markus Hotakainen"},"description":"Kirjoittaja on tiedetoimittaja ja tietokirjailija."}]}},"_links":{"self":[{"href":"https:\/\/suomenkuvalehti.fi\/taivaan-tahden\/wp-json\/wp\/v2\/posts\/1556","targetHints":{"allow":["GET"]}}],"collection":[{"href":"https:\/\/suomenkuvalehti.fi\/taivaan-tahden\/wp-json\/wp\/v2\/posts"}],"about":[{"href":"https:\/\/suomenkuvalehti.fi\/taivaan-tahden\/wp-json\/wp\/v2\/types\/post"}],"author":[{"embeddable":true,"href":"https:\/\/suomenkuvalehti.fi\/taivaan-tahden\/wp-json\/wp\/v2\/users\/557"}],"replies":[{"embeddable":true,"href":"https:\/\/suomenkuvalehti.fi\/taivaan-tahden\/wp-json\/wp\/v2\/comments?post=1556"}],"version-history":[{"count":3,"href":"https:\/\/suomenkuvalehti.fi\/taivaan-tahden\/wp-json\/wp\/v2\/posts\/1556\/revisions"}],"predecessor-version":[{"id":1560,"href":"https:\/\/suomenkuvalehti.fi\/taivaan-tahden\/wp-json\/wp\/v2\/posts\/1556\/revisions\/1560"}],"wp:attachment":[{"href":"https:\/\/suomenkuvalehti.fi\/taivaan-tahden\/wp-json\/wp\/v2\/media?parent=1556"}],"wp:term":[{"taxonomy":"category","embeddable":true,"href":"https:\/\/suomenkuvalehti.fi\/taivaan-tahden\/wp-json\/wp\/v2\/categories?post=1556"},{"taxonomy":"post_tag","embeddable":true,"href":"https:\/\/suomenkuvalehti.fi\/taivaan-tahden\/wp-json\/wp\/v2\/tags?post=1556"}],"curies":[{"name":"wp","href":"https:\/\/api.w.org\/{rel}","templated":true}]}}