{"id":1538,"date":"2018-03-16T11:39:14","date_gmt":"2018-03-16T09:39:14","guid":{"rendered":"https:\/\/suomenkuvalehti.fi\/taivaan-tahden\/?p=1538"},"modified":"2018-03-16T11:39:14","modified_gmt":"2018-03-16T09:39:14","slug":"stephen-hawking-ylitti-oman-tapahtumahorisonttinsa","status":"publish","type":"post","link":"https:\/\/suomenkuvalehti.fi\/taivaan-tahden\/2018\/03\/16\/stephen-hawking-ylitti-oman-tapahtumahorisonttinsa\/","title":{"rendered":"Stephen Hawking ylitti oman tapahtumahorisonttinsa"},"content":{"rendered":"<figure class=\"aligncenter size-large is-resized wp-block-image\">\n  <div class=\"wp-block-image__inner-container\">\n    <a href=\"https:\/\/suomenkuvalehti.fi\/taivaan-tahden\/wp-content\/uploads\/sites\/36\/2018\/03\/1280px-blackhole.jpg\"><img loading=\"lazy\" decoding=\"async\" src=\"https:\/\/suomenkuvalehti.fi\/taivaan-tahden\/wp-content\/uploads\/sites\/36\/2018\/03\/1280px-blackhole-1024x819.jpg\" alt=\"\" class=\"wp-image-1539\" width=\"1024\" height=\"819\" style=\"--aspect-ratio: 1.25\" srcset=\"https:\/\/suomenkuvalehti.fi\/taivaan-tahden\/wp-content\/uploads\/sites\/36\/2018\/03\/1280px-blackhole-1024x819.jpg 1024w, https:\/\/suomenkuvalehti.fi\/taivaan-tahden\/wp-content\/uploads\/sites\/36\/2018\/03\/1280px-blackhole-300x240.jpg 300w, https:\/\/suomenkuvalehti.fi\/taivaan-tahden\/wp-content\/uploads\/sites\/36\/2018\/03\/1280px-blackhole-768x614.jpg 768w, https:\/\/suomenkuvalehti.fi\/taivaan-tahden\/wp-content\/uploads\/sites\/36\/2018\/03\/1280px-blackhole-630x504.jpg 630w, https:\/\/suomenkuvalehti.fi\/taivaan-tahden\/wp-content\/uploads\/sites\/36\/2018\/03\/1280px-blackhole.jpg 1280w\" sizes=\"auto, (max-width: 1024px) 100vw, 1024px\" \/><\/a>    <figcaption class=\"wp-block-image__figcaption\">\n      Stephen Hawking, monessa suhteessa tieteen vastarannan kiiski, ei uskonut mustien aukkojen olevan tyystin yksisuuntaisia nieluja. Kuva: XMM-Newton\/ESA\/NASA          <\/figcaption>\n      <\/div>\n<\/figure>\n\n\n<p><span class=\"capitalized\">Kenelt\u00e4k\u00e4\u00e4n<\/span> ei varmaan ole mennyt ohi korvien tai silmien keskiviikkoinen suru-uutinen. Maailman tunnetuin tutkija <strong>Stephen Hawking<\/strong> nukkui pois. Yli 50 vuotta my\u00f6hemmin kuin h\u00e4nen ALS-tautinsa diagnosoineet l\u00e4\u00e4k\u00e4rit arvioivat.<\/p>\n\n\n\n<p>Hawkingin keskeinen tutkimusalue oli kvanttifysiikan ja gravitaation yhdist\u00e4minen eli pienen ja suuren mittakaavan sovittaminen yhteen. Sit\u00e4h\u00e4n on yritetty jo <strong>Albert Einsteinin<\/strong> ajoista l\u00e4htien.<\/p>\n\n\n\n<p>Paljon j\u00e4i viel\u00e4 tekem\u00e4tt\u00e4, mutta paljon Hawking ehti saada aikaiseksikin. Ja monet h\u00e4nen tieteellisist\u00e4 uroteoistaan liittyiv\u00e4t mustiin aukkoihin.<\/p>\n\n\n\n<p>Jos tieteen superjulkkis muuten p\u00e4\u00e4sisi unohtumaan, h\u00e4nen nimens\u00e4 s\u00e4ilyy Hawkingin s\u00e4teilyss\u00e4, jota vastoin ennakko-odotuksia n\u00e4ytt\u00e4\u00e4 tulevan mustista aukoista. Niidenh\u00e4n pit\u00e4isi olla pohjattomia yksisuuntaisia kuiluja, joista edes valo ei p\u00e4\u00e4se pakenemaan.<\/p>\n\n\n\n<p>Tai toistaiseksi on ennenaikaista sanoa, ett\u00e4 s\u00e4teily\u00e4 \u201dn\u00e4ytt\u00e4\u00e4\u201d tulevan mustista aukoista, sill\u00e4 Hawkingin s\u00e4teily\u00e4 ei ole onnistuttu viel\u00e4 havaitsemaan. Hawking arvelikin missanneensa fysiikan Nobel-palkinnon, koska sit\u00e4 ei my\u00f6nnet\u00e4 hyvist\u00e4k\u00e4\u00e4n teorioista, ellei niit\u00e4 ole kokeellisesti vahvistettu.<\/p>\n\n\n\n<p><span class=\"capitalized\">Hawkingin<\/span> viimeisi\u00e4 saavutuksia oli informaatioparadoksin ratkaiseminen \u2013 joskaan kaikkia ratkaisu ei ole vakuuttanut.<\/p>\n\n\n\n<p>Informaation pit\u00e4isi olla energian ohella yksi asioista, jotka s\u00e4ilyv\u00e4t maailmankaikkeudessa olosuhteista riippumatta. Siis my\u00f6s mustassa aukossa. Paradoksi syntyy siit\u00e4, ett\u00e4 mustan aukon tapahtumahorisontin tuolta puolen ei ole mahdollista saada mit\u00e4\u00e4n tietoa, koska se edellytt\u00e4isi valon nopeuden ylitt\u00e4mist\u00e4.<\/p>\n\n\n\n<blockquote class=\"wp-block-quote\"><p>Ei h\u00e4t\u00e4\u00e4, t\u00e4t\u00e4 ei ymm\u00e4rr\u00e4 kovin moni muukaan.<\/p><\/blockquote>\n\n\n\n<p>Jos jotakin tipahtaa mustaan aukkoon, se on siell\u00e4 ja pysyy. Eik\u00e4 sen kohtalosta tiedet\u00e4 muuta kuin, ett\u00e4 se putosi mustaan aukkoon.<\/p>\n\n\n\n<p>Hawking oli eri mielt\u00e4 \u2013 t\u00e4ss\u00e4kin asiassa. H\u00e4n esitti pari vuotta sitten ratkaisuksi \u201dpehmeit\u00e4 hiuksia\u201d, mustan aukon tapahtumahorisontin liepeill\u00e4 olevia valohiukkasia eli fotoneita tai painovoimahiukkasia eli gravitoneja (joita ei ole koskaan viel\u00e4 onnistuttu havaitsemaan\u2026).<\/p>\n\n\n\n<p>Niiden energia olisi nolla, mutta ne s\u00e4ilytt\u00e4isiv\u00e4t tiedon mustaan aukkoon pudonneen aineen ominaisuuksista kvantti-informaationa \u2013 ei h\u00e4t\u00e4\u00e4, t\u00e4t\u00e4 ei ymm\u00e4rr\u00e4 kovin moni muukaan.<\/p>\n\n\n\n<p><span class=\"capitalized\">N\u00e4k\u00f6piiriss\u00e4<\/span> ei ole mit\u00e4\u00e4n teknist\u00e4 temppua, jolla informaatio pystytt\u00e4isiin n\u00e4ist\u00e4 hiukkasista saamaan ymm\u00e4rrett\u00e4v\u00e4\u00e4n muotoon, mutta Hawking oli sit\u00e4 mielt\u00e4, ett\u00e4 hypoteesi kuitenkin ratkaisi ongelman teoreettisella tasolla.<\/p>\n\n\n\n<p>Nyt Stephen Hawking kohtasi kuitenkin informaatioparadoksin, jolle edes h\u00e4n ei pystyisi l\u00f6yt\u00e4m\u00e4\u00e4n ratkaisua.<\/p>\n\n\n\n<p>Kuolema on \u00e4\u00e4rimm\u00e4inen raja, jokaisen henkil\u00f6kohtainen tapahtumahorisontti, jonka tuolta puolen on turha odotella tietoa.<\/p>\n\n\n\n<p>&nbsp;<\/p>\n\n\n","protected":false},"excerpt":{"rendered":"<p>Kenelt\u00e4k\u00e4\u00e4n ei varmaan ole mennyt ohi korvien tai silmien keskiviikkoinen suru-uutinen. Maailman tunnetuin tutkija Stephen Hawking nukkui pois. Yli 50 vuotta my\u00f6hemmin kuin h\u00e4nen ALS-tautinsa diagnosoineet l\u00e4\u00e4k\u00e4rit arvioivat. Hawkingin keskeinen tutkimusalue oli<br \/>\nkvantti&hellip;<\/p>\n","protected":false},"author":557,"featured_media":0,"comment_status":"open","ping_status":"open","sticky":false,"template":"","format":"standard","meta":{"_acf_changed":false,"asauth_required_access_level":3,"asauth_cansharepaid":"true","om_header_attributes":[],"footnotes":"","om_featured_image_focal_point":[],"om_primary_tag":0,"om_contributors":[],"om_co_authors":[],"beyondwords_generate_audio":"","beyondwords_project_id":"","beyondwords_content_id":"","beyondwords_preview_token":"","beyondwords_player_content":"","beyondwords_player_style":"","beyondwords_language_code":"","beyondwords_language_id":"","beyondwords_title_voice_id":"","beyondwords_body_voice_id":"","beyondwords_summary_voice_id":"","beyondwords_error_message":"","beyondwords_disabled":"","beyondwords_delete_content":"","beyondwords_podcast_id":"","beyondwords_hash":"","publish_post_to_speechkit":"","speechkit_hash":"","speechkit_generate_audio":"","speechkit_project_id":"","speechkit_podcast_id":"","speechkit_error_message":"","speechkit_disabled":"","speechkit_access_key":"","speechkit_error":"","speechkit_info":"","speechkit_response":"","speechkit_retries":"","speechkit_status":"","speechkit_updated_at":"","_speechkit_link":"","_speechkit_text":""},"categories":[1],"tags":[229,615,614,240,7,64],"class_list":["post-1538","post","type-post","status-publish","format-standard","hentry","category-taivaan-tahden","tag-albert-einstein","tag-hawkingin-sateily","tag-informaatioparadoksi","tag-mustat-aukot","tag-stephen-hawking","tag-tapahtumahorisontti"],"om_views":null,"acf":{"tuuma_off":false,"tuuma_kysymys":"","tuuma_vastaus":""},"asauth":{"required_access_level":1,"share_token":"","is_paid":false},"yoast_head":"<!-- This site is optimized with the Yoast SEO plugin v26.4 - https:\/\/yoast.com\/wordpress\/plugins\/seo\/ -->\n<title>Stephen Hawking ylitti oman tapahtumahorisonttinsa - Taivaan t\u00e4hden<\/title>\n<meta name=\"robots\" content=\"index, follow, max-snippet:-1, max-image-preview:large, max-video-preview:-1\" \/>\n<link rel=\"canonical\" href=\"https:\/\/suomenkuvalehti.fi\/taivaan-tahden\/2018\/03\/16\/stephen-hawking-ylitti-oman-tapahtumahorisonttinsa\/\" \/>\n<meta property=\"og:locale\" content=\"fi_FI\" \/>\n<meta property=\"og:type\" content=\"article\" \/>\n<meta property=\"og:title\" content=\"Stephen Hawking ylitti oman tapahtumahorisonttinsa - Taivaan t\u00e4hden\" \/>\n<meta property=\"og:description\" content=\"Kenelt\u00e4k\u00e4\u00e4n ei varmaan ole mennyt ohi korvien tai silmien keskiviikkoinen suru-uutinen. Maailman tunnetuin tutkija Stephen Hawking nukkui pois. Yli 50 vuotta my\u00f6hemmin kuin h\u00e4nen ALS-tautinsa diagnosoineet l\u00e4\u00e4k\u00e4rit arvioivat. Hawkingin keskeinen tutkimusalue oli kvantti&hellip;\" \/>\n<meta property=\"og:url\" content=\"https:\/\/suomenkuvalehti.fi\/taivaan-tahden\/2018\/03\/16\/stephen-hawking-ylitti-oman-tapahtumahorisonttinsa\/\" \/>\n<meta property=\"og:site_name\" content=\"Taivaan t\u00e4hden\" \/>\n<meta property=\"article:published_time\" content=\"2018-03-16T09:39:14+00:00\" \/>\n<meta property=\"og:image\" content=\"https:\/\/suomenkuvalehti.fi\/taivaan-tahden\/wp-content\/uploads\/sites\/36\/2018\/03\/1280px-blackhole.jpg\" \/>\n\t<meta property=\"og:image:width\" content=\"1280\" \/>\n\t<meta property=\"og:image:height\" content=\"1024\" \/>\n\t<meta property=\"og:image:type\" content=\"image\/jpeg\" \/>\n<meta name=\"author\" content=\"Markus Hotakainen\" \/>\n<meta name=\"twitter:card\" content=\"summary_large_image\" \/>\n<meta name=\"twitter:label1\" content=\"Written by\" \/>\n\t<meta name=\"twitter:data1\" content=\"Markus Hotakainen\" \/>\n\t<meta name=\"twitter:label2\" content=\"Est. reading time\" \/>\n\t<meta name=\"twitter:data2\" content=\"2 minuuttia\" \/>\n<script type=\"application\/ld+json\" class=\"yoast-schema-graph\">{\"@context\":\"https:\/\/schema.org\",\"@graph\":[{\"@type\":\"WebPage\",\"@id\":\"https:\/\/suomenkuvalehti.fi\/taivaan-tahden\/2018\/03\/16\/stephen-hawking-ylitti-oman-tapahtumahorisonttinsa\/\",\"url\":\"https:\/\/suomenkuvalehti.fi\/taivaan-tahden\/2018\/03\/16\/stephen-hawking-ylitti-oman-tapahtumahorisonttinsa\/\",\"name\":\"Stephen Hawking ylitti oman tapahtumahorisonttinsa - Taivaan t\u00e4hden\",\"isPartOf\":{\"@id\":\"https:\/\/suomenkuvalehti.fi\/taivaan-tahden\/#website\"},\"primaryImageOfPage\":{\"@id\":\"https:\/\/suomenkuvalehti.fi\/taivaan-tahden\/2018\/03\/16\/stephen-hawking-ylitti-oman-tapahtumahorisonttinsa\/#primaryimage\"},\"image\":{\"@id\":\"https:\/\/suomenkuvalehti.fi\/taivaan-tahden\/2018\/03\/16\/stephen-hawking-ylitti-oman-tapahtumahorisonttinsa\/#primaryimage\"},\"thumbnailUrl\":\"https:\/\/suomenkuvalehti.fi\/taivaan-tahden\/wp-content\/uploads\/sites\/36\/2018\/03\/1280px-blackhole-1024x819.jpg\",\"datePublished\":\"2018-03-16T09:39:14+00:00\",\"author\":{\"@id\":\"https:\/\/suomenkuvalehti.fi\/taivaan-tahden\/#\/schema\/person\/c9c1373acb19750e11084ef640abeae0\"},\"breadcrumb\":{\"@id\":\"https:\/\/suomenkuvalehti.fi\/taivaan-tahden\/2018\/03\/16\/stephen-hawking-ylitti-oman-tapahtumahorisonttinsa\/#breadcrumb\"},\"inLanguage\":\"fi\",\"potentialAction\":[{\"@type\":\"ReadAction\",\"target\":[\"https:\/\/suomenkuvalehti.fi\/taivaan-tahden\/2018\/03\/16\/stephen-hawking-ylitti-oman-tapahtumahorisonttinsa\/\"]}]},{\"@type\":\"ImageObject\",\"inLanguage\":\"fi\",\"@id\":\"https:\/\/suomenkuvalehti.fi\/taivaan-tahden\/2018\/03\/16\/stephen-hawking-ylitti-oman-tapahtumahorisonttinsa\/#primaryimage\",\"url\":\"https:\/\/suomenkuvalehti.fi\/taivaan-tahden\/wp-content\/uploads\/sites\/36\/2018\/03\/1280px-blackhole.jpg\",\"contentUrl\":\"https:\/\/suomenkuvalehti.fi\/taivaan-tahden\/wp-content\/uploads\/sites\/36\/2018\/03\/1280px-blackhole.jpg\",\"width\":1280,\"height\":1024},{\"@type\":\"BreadcrumbList\",\"@id\":\"https:\/\/suomenkuvalehti.fi\/taivaan-tahden\/2018\/03\/16\/stephen-hawking-ylitti-oman-tapahtumahorisonttinsa\/#breadcrumb\",\"itemListElement\":[{\"@type\":\"ListItem\",\"position\":1,\"name\":\"Home\",\"item\":\"https:\/\/suomenkuvalehti.fi\/taivaan-tahden\/\"},{\"@type\":\"ListItem\",\"position\":2,\"name\":\"Stephen Hawking ylitti oman tapahtumahorisonttinsa\"}]},{\"@type\":\"WebSite\",\"@id\":\"https:\/\/suomenkuvalehti.fi\/taivaan-tahden\/#website\",\"url\":\"https:\/\/suomenkuvalehti.fi\/taivaan-tahden\/\",\"name\":\"Taivaan t\u00e4hden\",\"description\":\"Tiedetoimittaja Markus Hotakainen h\u00e4mm\u00e4stelee maailmankaikkeutta.\",\"potentialAction\":[{\"@type\":\"SearchAction\",\"target\":{\"@type\":\"EntryPoint\",\"urlTemplate\":\"https:\/\/suomenkuvalehti.fi\/haku\/?q={search_term_string}\"},\"query-input\":{\"@type\":\"PropertyValueSpecification\",\"valueRequired\":true,\"valueName\":\"search_term_string\"}}],\"inLanguage\":\"fi\"},{\"@type\":\"Person\",\"@id\":\"https:\/\/suomenkuvalehti.fi\/taivaan-tahden\/#\/schema\/person\/c9c1373acb19750e11084ef640abeae0\",\"name\":\"Markus Hotakainen\",\"image\":{\"@type\":\"ImageObject\",\"inLanguage\":\"fi\",\"@id\":\"https:\/\/suomenkuvalehti.fi\/taivaan-tahden\/#\/schema\/person\/image\/\",\"url\":\"https:\/\/suomenkuvalehti.fi\/taivaan-tahden\/wp-content\/uploads\/sites\/36\/2018\/05\/markus_hotakainen_blogi_pieni-150x150.jpg\",\"contentUrl\":\"https:\/\/suomenkuvalehti.fi\/taivaan-tahden\/wp-content\/uploads\/sites\/36\/2018\/05\/markus_hotakainen_blogi_pieni-150x150.jpg\",\"caption\":\"Markus Hotakainen\"},\"description\":\"Kirjoittaja on tiedetoimittaja ja tietokirjailija.\"}]}<\/script>\n<!-- \/ Yoast SEO plugin. -->","yoast_head_json":{"title":"Stephen Hawking ylitti oman tapahtumahorisonttinsa - Taivaan t\u00e4hden","robots":{"index":"index","follow":"follow","max-snippet":"max-snippet:-1","max-image-preview":"max-image-preview:large","max-video-preview":"max-video-preview:-1"},"canonical":"https:\/\/suomenkuvalehti.fi\/taivaan-tahden\/2018\/03\/16\/stephen-hawking-ylitti-oman-tapahtumahorisonttinsa\/","og_locale":"fi_FI","og_type":"article","og_title":"Stephen Hawking ylitti oman tapahtumahorisonttinsa - Taivaan t\u00e4hden","og_description":"Kenelt\u00e4k\u00e4\u00e4n ei varmaan ole mennyt ohi korvien tai silmien keskiviikkoinen suru-uutinen. Maailman tunnetuin tutkija Stephen Hawking nukkui pois. Yli 50 vuotta my\u00f6hemmin kuin h\u00e4nen ALS-tautinsa diagnosoineet l\u00e4\u00e4k\u00e4rit arvioivat. Hawkingin keskeinen tutkimusalue oli kvantti&hellip;","og_url":"https:\/\/suomenkuvalehti.fi\/taivaan-tahden\/2018\/03\/16\/stephen-hawking-ylitti-oman-tapahtumahorisonttinsa\/","og_site_name":"Taivaan t\u00e4hden","article_published_time":"2018-03-16T09:39:14+00:00","og_image":[{"width":1280,"height":1024,"url":"https:\/\/suomenkuvalehti.fi\/taivaan-tahden\/wp-content\/uploads\/sites\/36\/2018\/03\/1280px-blackhole.jpg","type":"image\/jpeg"}],"author":"Markus Hotakainen","twitter_card":"summary_large_image","twitter_misc":{"Written by":"Markus Hotakainen","Est. reading time":"2 minuuttia"},"schema":{"@context":"https:\/\/schema.org","@graph":[{"@type":"WebPage","@id":"https:\/\/suomenkuvalehti.fi\/taivaan-tahden\/2018\/03\/16\/stephen-hawking-ylitti-oman-tapahtumahorisonttinsa\/","url":"https:\/\/suomenkuvalehti.fi\/taivaan-tahden\/2018\/03\/16\/stephen-hawking-ylitti-oman-tapahtumahorisonttinsa\/","name":"Stephen Hawking ylitti oman tapahtumahorisonttinsa - Taivaan t\u00e4hden","isPartOf":{"@id":"https:\/\/suomenkuvalehti.fi\/taivaan-tahden\/#website"},"primaryImageOfPage":{"@id":"https:\/\/suomenkuvalehti.fi\/taivaan-tahden\/2018\/03\/16\/stephen-hawking-ylitti-oman-tapahtumahorisonttinsa\/#primaryimage"},"image":{"@id":"https:\/\/suomenkuvalehti.fi\/taivaan-tahden\/2018\/03\/16\/stephen-hawking-ylitti-oman-tapahtumahorisonttinsa\/#primaryimage"},"thumbnailUrl":"https:\/\/suomenkuvalehti.fi\/taivaan-tahden\/wp-content\/uploads\/sites\/36\/2018\/03\/1280px-blackhole-1024x819.jpg","datePublished":"2018-03-16T09:39:14+00:00","author":{"@id":"https:\/\/suomenkuvalehti.fi\/taivaan-tahden\/#\/schema\/person\/c9c1373acb19750e11084ef640abeae0"},"breadcrumb":{"@id":"https:\/\/suomenkuvalehti.fi\/taivaan-tahden\/2018\/03\/16\/stephen-hawking-ylitti-oman-tapahtumahorisonttinsa\/#breadcrumb"},"inLanguage":"fi","potentialAction":[{"@type":"ReadAction","target":["https:\/\/suomenkuvalehti.fi\/taivaan-tahden\/2018\/03\/16\/stephen-hawking-ylitti-oman-tapahtumahorisonttinsa\/"]}]},{"@type":"ImageObject","inLanguage":"fi","@id":"https:\/\/suomenkuvalehti.fi\/taivaan-tahden\/2018\/03\/16\/stephen-hawking-ylitti-oman-tapahtumahorisonttinsa\/#primaryimage","url":"https:\/\/suomenkuvalehti.fi\/taivaan-tahden\/wp-content\/uploads\/sites\/36\/2018\/03\/1280px-blackhole.jpg","contentUrl":"https:\/\/suomenkuvalehti.fi\/taivaan-tahden\/wp-content\/uploads\/sites\/36\/2018\/03\/1280px-blackhole.jpg","width":1280,"height":1024},{"@type":"BreadcrumbList","@id":"https:\/\/suomenkuvalehti.fi\/taivaan-tahden\/2018\/03\/16\/stephen-hawking-ylitti-oman-tapahtumahorisonttinsa\/#breadcrumb","itemListElement":[{"@type":"ListItem","position":1,"name":"Home","item":"https:\/\/suomenkuvalehti.fi\/taivaan-tahden\/"},{"@type":"ListItem","position":2,"name":"Stephen Hawking ylitti oman tapahtumahorisonttinsa"}]},{"@type":"WebSite","@id":"https:\/\/suomenkuvalehti.fi\/taivaan-tahden\/#website","url":"https:\/\/suomenkuvalehti.fi\/taivaan-tahden\/","name":"Taivaan t\u00e4hden","description":"Tiedetoimittaja Markus Hotakainen h\u00e4mm\u00e4stelee maailmankaikkeutta.","potentialAction":[{"@type":"SearchAction","target":{"@type":"EntryPoint","urlTemplate":"https:\/\/suomenkuvalehti.fi\/haku\/?q={search_term_string}"},"query-input":{"@type":"PropertyValueSpecification","valueRequired":true,"valueName":"search_term_string"}}],"inLanguage":"fi"},{"@type":"Person","@id":"https:\/\/suomenkuvalehti.fi\/taivaan-tahden\/#\/schema\/person\/c9c1373acb19750e11084ef640abeae0","name":"Markus Hotakainen","image":{"@type":"ImageObject","inLanguage":"fi","@id":"https:\/\/suomenkuvalehti.fi\/taivaan-tahden\/#\/schema\/person\/image\/","url":"https:\/\/suomenkuvalehti.fi\/taivaan-tahden\/wp-content\/uploads\/sites\/36\/2018\/05\/markus_hotakainen_blogi_pieni-150x150.jpg","contentUrl":"https:\/\/suomenkuvalehti.fi\/taivaan-tahden\/wp-content\/uploads\/sites\/36\/2018\/05\/markus_hotakainen_blogi_pieni-150x150.jpg","caption":"Markus Hotakainen"},"description":"Kirjoittaja on tiedetoimittaja ja tietokirjailija."}]}},"_links":{"self":[{"href":"https:\/\/suomenkuvalehti.fi\/taivaan-tahden\/wp-json\/wp\/v2\/posts\/1538","targetHints":{"allow":["GET"]}}],"collection":[{"href":"https:\/\/suomenkuvalehti.fi\/taivaan-tahden\/wp-json\/wp\/v2\/posts"}],"about":[{"href":"https:\/\/suomenkuvalehti.fi\/taivaan-tahden\/wp-json\/wp\/v2\/types\/post"}],"author":[{"embeddable":true,"href":"https:\/\/suomenkuvalehti.fi\/taivaan-tahden\/wp-json\/wp\/v2\/users\/557"}],"replies":[{"embeddable":true,"href":"https:\/\/suomenkuvalehti.fi\/taivaan-tahden\/wp-json\/wp\/v2\/comments?post=1538"}],"version-history":[{"count":3,"href":"https:\/\/suomenkuvalehti.fi\/taivaan-tahden\/wp-json\/wp\/v2\/posts\/1538\/revisions"}],"predecessor-version":[{"id":1542,"href":"https:\/\/suomenkuvalehti.fi\/taivaan-tahden\/wp-json\/wp\/v2\/posts\/1538\/revisions\/1542"}],"wp:attachment":[{"href":"https:\/\/suomenkuvalehti.fi\/taivaan-tahden\/wp-json\/wp\/v2\/media?parent=1538"}],"wp:term":[{"taxonomy":"category","embeddable":true,"href":"https:\/\/suomenkuvalehti.fi\/taivaan-tahden\/wp-json\/wp\/v2\/categories?post=1538"},{"taxonomy":"post_tag","embeddable":true,"href":"https:\/\/suomenkuvalehti.fi\/taivaan-tahden\/wp-json\/wp\/v2\/tags?post=1538"}],"curies":[{"name":"wp","href":"https:\/\/api.w.org\/{rel}","templated":true}]}}