{"id":1437,"date":"2018-01-03T13:56:50","date_gmt":"2018-01-03T11:56:50","guid":{"rendered":"https:\/\/suomenkuvalehti.fi\/taivaan-tahden\/?p=1437"},"modified":"2018-01-03T13:56:50","modified_gmt":"2018-01-03T11:56:50","slug":"musk-ei-lahetakaan-autoa-marsiin","status":"publish","type":"post","link":"https:\/\/suomenkuvalehti.fi\/taivaan-tahden\/2018\/01\/03\/musk-ei-lahetakaan-autoa-marsiin\/","title":{"rendered":"Musk ei l\u00e4het\u00e4k\u00e4\u00e4n autoa Marsiin"},"content":{"rendered":"<figure class=\"aligncenter size-large is-resized wp-block-image\">\n  <div class=\"wp-block-image__inner-container\">\n    <a href=\"https:\/\/suomenkuvalehti.fi\/taivaan-tahden\/wp-content\/uploads\/sites\/36\/2018\/01\/elon_musk.jpg\"><img loading=\"lazy\" decoding=\"async\" src=\"https:\/\/suomenkuvalehti.fi\/taivaan-tahden\/wp-content\/uploads\/sites\/36\/2018\/01\/elon_musk-1024x683.jpg\" alt=\"\" class=\"wp-image-1438\" width=\"1024\" height=\"683\" style=\"--aspect-ratio: 1.5\" srcset=\"https:\/\/suomenkuvalehti.fi\/taivaan-tahden\/wp-content\/uploads\/sites\/36\/2018\/01\/elon_musk-1024x683.jpg 1024w, https:\/\/suomenkuvalehti.fi\/taivaan-tahden\/wp-content\/uploads\/sites\/36\/2018\/01\/elon_musk-300x200.jpg 300w, https:\/\/suomenkuvalehti.fi\/taivaan-tahden\/wp-content\/uploads\/sites\/36\/2018\/01\/elon_musk-768x512.jpg 768w, https:\/\/suomenkuvalehti.fi\/taivaan-tahden\/wp-content\/uploads\/sites\/36\/2018\/01\/elon_musk-630x420.jpg 630w, https:\/\/suomenkuvalehti.fi\/taivaan-tahden\/wp-content\/uploads\/sites\/36\/2018\/01\/elon_musk.jpg 1200w\" sizes=\"auto, (max-width: 1024px) 100vw, 1024px\" \/><\/a>    <figcaption class=\"wp-block-image__figcaption\">\n      Kelpaako kyyti? Kuva: Elon Musk\/SpaceX          <\/figcaption>\n      <\/div>\n<\/figure>\n\n\n<p><span class=\"capitalized\">Joulukuun alussa<\/span> monimiljard\u00f6\u00f6ri <b>Elon Musk<\/b> ilmoitti l\u00e4hett\u00e4v\u00e4ns\u00e4 Tesla Roadster -s\u00e4hk\u00f6auton uudella SpaceX-yhti\u00f6n Falcon Heavy -kantoraketilla avaruuteen.&nbsp;<\/p>\n\n\n\n<p>Hullu idea sai vahvistusta joulun alla, kun Musk julkaisi kuvia kirsikanv\u00e4risest\u00e4 urheiluautosta raketin hy\u00f6tykuormalle varatun kiinnityskappaleen p\u00e4\u00e4ll\u00e4. Molemmin puolin oli valmiina suojakuoret, joiden sis\u00e4\u00e4n auto suljetaan laukaisun ajaksi.<\/p>\n\n\n\n<p>Mediahysteria johti j\u00e4lleen kerran harhaanjohtaviin ja virheellisiin otsikoihin.<\/p>\n\n\n\n<p>\u201dMusk l\u00e4hett\u00e4\u00e4 s\u00e4hk\u00f6auton Marsiin.\u201d<\/p>\n\n\n\n<p>Ik\u00e4v\u00e4 olla ik\u00e4v\u00e4, mutta ei l\u00e4het\u00e4. Musk ei ole miss\u00e4\u00e4n vaiheessa edes v\u00e4itt\u00e4nyt l\u00e4hett\u00e4v\u00e4ns\u00e4 Tesla Roadsteria Marsiin. Taannoisessa Twitter-viestiss\u00e4\u00e4n h\u00e4n totesi, ett\u00e4 \u201dm\u00e4\u00e4r\u00e4np\u00e4\u00e4 on Marsin kiertorata\u201d.&nbsp;<\/p>\n\n\n\n<p><span class=\"capitalized\">Auto laukaistaan<\/span> kyll\u00e4 avaruuteen \u2013 mik\u00e4li kantoraketin l\u00e4ht\u00f6 onnistuu, mik\u00e4 ei ole ollenkaan taattua \u2013 mutta todellisuudessa se ei mene l\u00e4hellek\u00e4\u00e4n punaista planeettaa. J\u00e4ttiraketti vauhdittaa Roadsterin Aurinkoa kiert\u00e4v\u00e4lle radalle, jonka \u201dalin\u201d piste on Maan radan et\u00e4isyydell\u00e4 ja \u201dylin\u201d Marsin radan et\u00e4isyydell\u00e4.<\/p>\n\n\n\n<p>T\u00e4llaista niin sanottua Hohmannin siirtorataa k\u00e4ytet\u00e4\u00e4n l\u00e4hetett\u00e4ess\u00e4 luotaimia Marsiin. Perillep\u00e4\u00e4sy kuitenkin edellytt\u00e4\u00e4, ett\u00e4 Mars on siirtoradan et\u00e4isimm\u00e4n pisteen kohdalla samaan aikaan kuin rataa pitkin matkaava luotain tai t\u00e4ss\u00e4 tapauksessa auto. Ja t\u00e4ss\u00e4 nimenomaisessa tapauksessa niin ei k\u00e4y.&nbsp;<\/p>\n\n\n\n<p>Kantoraketin tarkkaa laukaisup\u00e4iv\u00e4\u00e4 ei ole viel\u00e4 tiedossa, mutta laukaisun on m\u00e4\u00e4r\u00e4 tapahtua tammikuun aikana. Autoradiosta kajahtaa silloin <b>David Bowien<\/b> kappale <em>Space Oddity<\/em> ja kamerat ikuistavat ensimm\u00e4ist\u00e4 automatkaa tyhj\u00e4ss\u00e4 avaruudessa. Kuun pinnallahan on autoiltu jo 1970-luvun alussa.&nbsp;<\/p>\n\n\n\n<blockquote class=\"wp-block-quote\">\n<p>Marsia kohti siis menn\u00e4\u00e4n vaikka Marsiin ei p\u00e4\u00e4st\u00e4k\u00e4\u00e4n.<\/p>\n<\/blockquote>\n\n\n\n<p><span class=\"capitalized\">Huumorintajuisimmat<\/span> ovat ehdottaneet, ett\u00e4 my\u00f6s Tesla Roadster pit\u00e4isi l\u00e4hett\u00e4\u00e4 Kuuhun eik\u00e4 mihink\u00e4\u00e4n Marsin radan l\u00e4hitienoille. Silloin tulevilla astronauteilla oli menopeli jo valmiiksi paikan p\u00e4\u00e4ll\u00e4.<\/p>\n\n\n\n<p>Ja tietenkin huumorintajuttomimmat ovat todenneet, ett\u00e4 s\u00e4hk\u00f6auton akkujen orgaaniset elektrolyytit kuivuvat eik\u00e4 se toimisi Kuussa. &nbsp;<\/p>\n\n\n\n<p>Marsia kohti siis menn\u00e4\u00e4n vaikka Marsiin ei p\u00e4\u00e4st\u00e4k\u00e4\u00e4n.<\/p>\n\n\n\n<p>Musk on todennut pit\u00e4v\u00e4ns\u00e4 \u201dajatuksesta, ett\u00e4 auto ajelehtisi mit\u00e4 ilmeisimmin loputtomasti avaruudessa ja sen kenties l\u00f6yt\u00e4isiv\u00e4t muukalaiset miljoonien vuosien kuluttua\u201d.<\/p>\n\n\n\n<p>Siin\u00e4 sit\u00e4 olisi alieneilla ihmettelemist\u00e4: ihmiskunta valloitti avaruuden autolla.<\/p>\n\n\n","protected":false},"excerpt":{"rendered":"<p>Joulukuun alussa monimiljard\u00f6\u00f6ri Elon Musk ilmoitti l\u00e4hett\u00e4v\u00e4ns\u00e4 Tesla Roadster -s\u00e4hk\u00f6auton uudella SpaceX-yhti\u00f6n Falcon Heavy -kantoraketilla avaruuteen.&nbsp; Hullu idea sai vahvistusta joulun alla, kun Musk julkaisi kuvia kirsikanv\u00e4risest\u00e4 urheiluautosta raketin hy\u00f6tykuormalle<br \/>\nvaratun kii&hellip;<\/p>\n","protected":false},"author":557,"featured_media":0,"comment_status":"open","ping_status":"open","sticky":false,"template":"","format":"standard","meta":{"_acf_changed":false,"asauth_required_access_level":3,"asauth_cansharepaid":"true","om_header_attributes":[],"footnotes":"","om_featured_image_focal_point":[],"om_primary_tag":0,"om_contributors":[],"om_co_authors":[],"beyondwords_generate_audio":"","beyondwords_project_id":"","beyondwords_content_id":"","beyondwords_preview_token":"","beyondwords_player_content":"","beyondwords_player_style":"","beyondwords_language_code":"","beyondwords_language_id":"","beyondwords_title_voice_id":"","beyondwords_body_voice_id":"","beyondwords_summary_voice_id":"","beyondwords_error_message":"","beyondwords_disabled":"","beyondwords_delete_content":"","beyondwords_podcast_id":"","beyondwords_hash":"","publish_post_to_speechkit":"","speechkit_hash":"","speechkit_generate_audio":"","speechkit_project_id":"","speechkit_podcast_id":"","speechkit_error_message":"","speechkit_disabled":"","speechkit_access_key":"","speechkit_error":"","speechkit_info":"","speechkit_response":"","speechkit_retries":"","speechkit_status":"","speechkit_updated_at":"","_speechkit_link":"","_speechkit_text":""},"categories":[1],"tags":[471,574,5,32,470,575],"class_list":["post-1437","post","type-post","status-publish","format-standard","hentry","category-taivaan-tahden","tag-elon-musk","tag-falcon-heavy","tag-kuu","tag-mars","tag-spacex","tag-tesla-roadster"],"om_views":null,"acf":{"tuuma_off":false,"tuuma_kysymys":"","tuuma_vastaus":""},"asauth":{"required_access_level":1,"share_token":"","is_paid":false},"yoast_head":"<!-- This site is optimized with the Yoast SEO plugin v26.4 - https:\/\/yoast.com\/wordpress\/plugins\/seo\/ -->\n<title>Musk ei l\u00e4het\u00e4k\u00e4\u00e4n autoa Marsiin - Taivaan t\u00e4hden<\/title>\n<meta name=\"robots\" content=\"index, follow, max-snippet:-1, max-image-preview:large, max-video-preview:-1\" \/>\n<link rel=\"canonical\" href=\"https:\/\/suomenkuvalehti.fi\/taivaan-tahden\/2018\/01\/03\/musk-ei-lahetakaan-autoa-marsiin\/\" \/>\n<meta property=\"og:locale\" content=\"fi_FI\" \/>\n<meta property=\"og:type\" content=\"article\" \/>\n<meta property=\"og:title\" content=\"Musk ei l\u00e4het\u00e4k\u00e4\u00e4n autoa Marsiin - Taivaan t\u00e4hden\" \/>\n<meta property=\"og:description\" content=\"Joulukuun alussa monimiljard\u00f6\u00f6ri Elon Musk ilmoitti l\u00e4hett\u00e4v\u00e4ns\u00e4 Tesla Roadster -s\u00e4hk\u00f6auton uudella SpaceX-yhti\u00f6n Falcon Heavy -kantoraketilla avaruuteen.&nbsp; Hullu idea sai vahvistusta joulun alla, kun Musk julkaisi kuvia kirsikanv\u00e4risest\u00e4 urheiluautosta raketin hy\u00f6tykuormalle varatun kii&hellip;\" \/>\n<meta property=\"og:url\" content=\"https:\/\/suomenkuvalehti.fi\/taivaan-tahden\/2018\/01\/03\/musk-ei-lahetakaan-autoa-marsiin\/\" \/>\n<meta property=\"og:site_name\" content=\"Taivaan t\u00e4hden\" \/>\n<meta property=\"article:published_time\" content=\"2018-01-03T11:56:50+00:00\" \/>\n<meta property=\"og:image\" content=\"https:\/\/suomenkuvalehti.fi\/taivaan-tahden\/wp-content\/uploads\/sites\/36\/2018\/01\/elon_musk.jpg\" \/>\n\t<meta property=\"og:image:width\" content=\"1200\" \/>\n\t<meta property=\"og:image:height\" content=\"800\" \/>\n\t<meta property=\"og:image:type\" content=\"image\/jpeg\" \/>\n<meta name=\"author\" content=\"Markus Hotakainen\" \/>\n<meta name=\"twitter:card\" content=\"summary_large_image\" \/>\n<meta name=\"twitter:label1\" content=\"Written by\" \/>\n\t<meta name=\"twitter:data1\" content=\"Markus Hotakainen\" \/>\n\t<meta name=\"twitter:label2\" content=\"Est. reading time\" \/>\n\t<meta name=\"twitter:data2\" content=\"2 minuuttia\" \/>\n<script type=\"application\/ld+json\" class=\"yoast-schema-graph\">{\"@context\":\"https:\/\/schema.org\",\"@graph\":[{\"@type\":\"WebPage\",\"@id\":\"https:\/\/suomenkuvalehti.fi\/taivaan-tahden\/2018\/01\/03\/musk-ei-lahetakaan-autoa-marsiin\/\",\"url\":\"https:\/\/suomenkuvalehti.fi\/taivaan-tahden\/2018\/01\/03\/musk-ei-lahetakaan-autoa-marsiin\/\",\"name\":\"Musk ei l\u00e4het\u00e4k\u00e4\u00e4n autoa Marsiin - Taivaan t\u00e4hden\",\"isPartOf\":{\"@id\":\"https:\/\/suomenkuvalehti.fi\/taivaan-tahden\/#website\"},\"primaryImageOfPage\":{\"@id\":\"https:\/\/suomenkuvalehti.fi\/taivaan-tahden\/2018\/01\/03\/musk-ei-lahetakaan-autoa-marsiin\/#primaryimage\"},\"image\":{\"@id\":\"https:\/\/suomenkuvalehti.fi\/taivaan-tahden\/2018\/01\/03\/musk-ei-lahetakaan-autoa-marsiin\/#primaryimage\"},\"thumbnailUrl\":\"https:\/\/suomenkuvalehti.fi\/taivaan-tahden\/wp-content\/uploads\/sites\/36\/2018\/01\/elon_musk-1024x683.jpg\",\"datePublished\":\"2018-01-03T11:56:50+00:00\",\"author\":{\"@id\":\"https:\/\/suomenkuvalehti.fi\/taivaan-tahden\/#\/schema\/person\/c9c1373acb19750e11084ef640abeae0\"},\"breadcrumb\":{\"@id\":\"https:\/\/suomenkuvalehti.fi\/taivaan-tahden\/2018\/01\/03\/musk-ei-lahetakaan-autoa-marsiin\/#breadcrumb\"},\"inLanguage\":\"fi\",\"potentialAction\":[{\"@type\":\"ReadAction\",\"target\":[\"https:\/\/suomenkuvalehti.fi\/taivaan-tahden\/2018\/01\/03\/musk-ei-lahetakaan-autoa-marsiin\/\"]}]},{\"@type\":\"ImageObject\",\"inLanguage\":\"fi\",\"@id\":\"https:\/\/suomenkuvalehti.fi\/taivaan-tahden\/2018\/01\/03\/musk-ei-lahetakaan-autoa-marsiin\/#primaryimage\",\"url\":\"https:\/\/suomenkuvalehti.fi\/taivaan-tahden\/wp-content\/uploads\/sites\/36\/2018\/01\/elon_musk.jpg\",\"contentUrl\":\"https:\/\/suomenkuvalehti.fi\/taivaan-tahden\/wp-content\/uploads\/sites\/36\/2018\/01\/elon_musk.jpg\",\"width\":1200,\"height\":800},{\"@type\":\"BreadcrumbList\",\"@id\":\"https:\/\/suomenkuvalehti.fi\/taivaan-tahden\/2018\/01\/03\/musk-ei-lahetakaan-autoa-marsiin\/#breadcrumb\",\"itemListElement\":[{\"@type\":\"ListItem\",\"position\":1,\"name\":\"Home\",\"item\":\"https:\/\/suomenkuvalehti.fi\/taivaan-tahden\/\"},{\"@type\":\"ListItem\",\"position\":2,\"name\":\"Musk ei l\u00e4het\u00e4k\u00e4\u00e4n autoa Marsiin\"}]},{\"@type\":\"WebSite\",\"@id\":\"https:\/\/suomenkuvalehti.fi\/taivaan-tahden\/#website\",\"url\":\"https:\/\/suomenkuvalehti.fi\/taivaan-tahden\/\",\"name\":\"Taivaan t\u00e4hden\",\"description\":\"Tiedetoimittaja Markus Hotakainen h\u00e4mm\u00e4stelee maailmankaikkeutta.\",\"potentialAction\":[{\"@type\":\"SearchAction\",\"target\":{\"@type\":\"EntryPoint\",\"urlTemplate\":\"https:\/\/suomenkuvalehti.fi\/haku\/?q={search_term_string}\"},\"query-input\":{\"@type\":\"PropertyValueSpecification\",\"valueRequired\":true,\"valueName\":\"search_term_string\"}}],\"inLanguage\":\"fi\"},{\"@type\":\"Person\",\"@id\":\"https:\/\/suomenkuvalehti.fi\/taivaan-tahden\/#\/schema\/person\/c9c1373acb19750e11084ef640abeae0\",\"name\":\"Markus Hotakainen\",\"image\":{\"@type\":\"ImageObject\",\"inLanguage\":\"fi\",\"@id\":\"https:\/\/suomenkuvalehti.fi\/taivaan-tahden\/#\/schema\/person\/image\/\",\"url\":\"https:\/\/suomenkuvalehti.fi\/taivaan-tahden\/wp-content\/uploads\/sites\/36\/2018\/05\/markus_hotakainen_blogi_pieni-150x150.jpg\",\"contentUrl\":\"https:\/\/suomenkuvalehti.fi\/taivaan-tahden\/wp-content\/uploads\/sites\/36\/2018\/05\/markus_hotakainen_blogi_pieni-150x150.jpg\",\"caption\":\"Markus Hotakainen\"},\"description\":\"Kirjoittaja on tiedetoimittaja ja tietokirjailija.\"}]}<\/script>\n<!-- \/ Yoast SEO plugin. -->","yoast_head_json":{"title":"Musk ei l\u00e4het\u00e4k\u00e4\u00e4n autoa Marsiin - Taivaan t\u00e4hden","robots":{"index":"index","follow":"follow","max-snippet":"max-snippet:-1","max-image-preview":"max-image-preview:large","max-video-preview":"max-video-preview:-1"},"canonical":"https:\/\/suomenkuvalehti.fi\/taivaan-tahden\/2018\/01\/03\/musk-ei-lahetakaan-autoa-marsiin\/","og_locale":"fi_FI","og_type":"article","og_title":"Musk ei l\u00e4het\u00e4k\u00e4\u00e4n autoa Marsiin - Taivaan t\u00e4hden","og_description":"Joulukuun alussa monimiljard\u00f6\u00f6ri Elon Musk ilmoitti l\u00e4hett\u00e4v\u00e4ns\u00e4 Tesla Roadster -s\u00e4hk\u00f6auton uudella SpaceX-yhti\u00f6n Falcon Heavy -kantoraketilla avaruuteen.&nbsp; Hullu idea sai vahvistusta joulun alla, kun Musk julkaisi kuvia kirsikanv\u00e4risest\u00e4 urheiluautosta raketin hy\u00f6tykuormalle varatun kii&hellip;","og_url":"https:\/\/suomenkuvalehti.fi\/taivaan-tahden\/2018\/01\/03\/musk-ei-lahetakaan-autoa-marsiin\/","og_site_name":"Taivaan t\u00e4hden","article_published_time":"2018-01-03T11:56:50+00:00","og_image":[{"width":1200,"height":800,"url":"https:\/\/suomenkuvalehti.fi\/taivaan-tahden\/wp-content\/uploads\/sites\/36\/2018\/01\/elon_musk.jpg","type":"image\/jpeg"}],"author":"Markus Hotakainen","twitter_card":"summary_large_image","twitter_misc":{"Written by":"Markus Hotakainen","Est. reading time":"2 minuuttia"},"schema":{"@context":"https:\/\/schema.org","@graph":[{"@type":"WebPage","@id":"https:\/\/suomenkuvalehti.fi\/taivaan-tahden\/2018\/01\/03\/musk-ei-lahetakaan-autoa-marsiin\/","url":"https:\/\/suomenkuvalehti.fi\/taivaan-tahden\/2018\/01\/03\/musk-ei-lahetakaan-autoa-marsiin\/","name":"Musk ei l\u00e4het\u00e4k\u00e4\u00e4n autoa Marsiin - Taivaan t\u00e4hden","isPartOf":{"@id":"https:\/\/suomenkuvalehti.fi\/taivaan-tahden\/#website"},"primaryImageOfPage":{"@id":"https:\/\/suomenkuvalehti.fi\/taivaan-tahden\/2018\/01\/03\/musk-ei-lahetakaan-autoa-marsiin\/#primaryimage"},"image":{"@id":"https:\/\/suomenkuvalehti.fi\/taivaan-tahden\/2018\/01\/03\/musk-ei-lahetakaan-autoa-marsiin\/#primaryimage"},"thumbnailUrl":"https:\/\/suomenkuvalehti.fi\/taivaan-tahden\/wp-content\/uploads\/sites\/36\/2018\/01\/elon_musk-1024x683.jpg","datePublished":"2018-01-03T11:56:50+00:00","author":{"@id":"https:\/\/suomenkuvalehti.fi\/taivaan-tahden\/#\/schema\/person\/c9c1373acb19750e11084ef640abeae0"},"breadcrumb":{"@id":"https:\/\/suomenkuvalehti.fi\/taivaan-tahden\/2018\/01\/03\/musk-ei-lahetakaan-autoa-marsiin\/#breadcrumb"},"inLanguage":"fi","potentialAction":[{"@type":"ReadAction","target":["https:\/\/suomenkuvalehti.fi\/taivaan-tahden\/2018\/01\/03\/musk-ei-lahetakaan-autoa-marsiin\/"]}]},{"@type":"ImageObject","inLanguage":"fi","@id":"https:\/\/suomenkuvalehti.fi\/taivaan-tahden\/2018\/01\/03\/musk-ei-lahetakaan-autoa-marsiin\/#primaryimage","url":"https:\/\/suomenkuvalehti.fi\/taivaan-tahden\/wp-content\/uploads\/sites\/36\/2018\/01\/elon_musk.jpg","contentUrl":"https:\/\/suomenkuvalehti.fi\/taivaan-tahden\/wp-content\/uploads\/sites\/36\/2018\/01\/elon_musk.jpg","width":1200,"height":800},{"@type":"BreadcrumbList","@id":"https:\/\/suomenkuvalehti.fi\/taivaan-tahden\/2018\/01\/03\/musk-ei-lahetakaan-autoa-marsiin\/#breadcrumb","itemListElement":[{"@type":"ListItem","position":1,"name":"Home","item":"https:\/\/suomenkuvalehti.fi\/taivaan-tahden\/"},{"@type":"ListItem","position":2,"name":"Musk ei l\u00e4het\u00e4k\u00e4\u00e4n autoa Marsiin"}]},{"@type":"WebSite","@id":"https:\/\/suomenkuvalehti.fi\/taivaan-tahden\/#website","url":"https:\/\/suomenkuvalehti.fi\/taivaan-tahden\/","name":"Taivaan t\u00e4hden","description":"Tiedetoimittaja Markus Hotakainen h\u00e4mm\u00e4stelee maailmankaikkeutta.","potentialAction":[{"@type":"SearchAction","target":{"@type":"EntryPoint","urlTemplate":"https:\/\/suomenkuvalehti.fi\/haku\/?q={search_term_string}"},"query-input":{"@type":"PropertyValueSpecification","valueRequired":true,"valueName":"search_term_string"}}],"inLanguage":"fi"},{"@type":"Person","@id":"https:\/\/suomenkuvalehti.fi\/taivaan-tahden\/#\/schema\/person\/c9c1373acb19750e11084ef640abeae0","name":"Markus Hotakainen","image":{"@type":"ImageObject","inLanguage":"fi","@id":"https:\/\/suomenkuvalehti.fi\/taivaan-tahden\/#\/schema\/person\/image\/","url":"https:\/\/suomenkuvalehti.fi\/taivaan-tahden\/wp-content\/uploads\/sites\/36\/2018\/05\/markus_hotakainen_blogi_pieni-150x150.jpg","contentUrl":"https:\/\/suomenkuvalehti.fi\/taivaan-tahden\/wp-content\/uploads\/sites\/36\/2018\/05\/markus_hotakainen_blogi_pieni-150x150.jpg","caption":"Markus Hotakainen"},"description":"Kirjoittaja on tiedetoimittaja ja tietokirjailija."}]}},"_links":{"self":[{"href":"https:\/\/suomenkuvalehti.fi\/taivaan-tahden\/wp-json\/wp\/v2\/posts\/1437","targetHints":{"allow":["GET"]}}],"collection":[{"href":"https:\/\/suomenkuvalehti.fi\/taivaan-tahden\/wp-json\/wp\/v2\/posts"}],"about":[{"href":"https:\/\/suomenkuvalehti.fi\/taivaan-tahden\/wp-json\/wp\/v2\/types\/post"}],"author":[{"embeddable":true,"href":"https:\/\/suomenkuvalehti.fi\/taivaan-tahden\/wp-json\/wp\/v2\/users\/557"}],"replies":[{"embeddable":true,"href":"https:\/\/suomenkuvalehti.fi\/taivaan-tahden\/wp-json\/wp\/v2\/comments?post=1437"}],"version-history":[{"count":3,"href":"https:\/\/suomenkuvalehti.fi\/taivaan-tahden\/wp-json\/wp\/v2\/posts\/1437\/revisions"}],"predecessor-version":[{"id":1441,"href":"https:\/\/suomenkuvalehti.fi\/taivaan-tahden\/wp-json\/wp\/v2\/posts\/1437\/revisions\/1441"}],"wp:attachment":[{"href":"https:\/\/suomenkuvalehti.fi\/taivaan-tahden\/wp-json\/wp\/v2\/media?parent=1437"}],"wp:term":[{"taxonomy":"category","embeddable":true,"href":"https:\/\/suomenkuvalehti.fi\/taivaan-tahden\/wp-json\/wp\/v2\/categories?post=1437"},{"taxonomy":"post_tag","embeddable":true,"href":"https:\/\/suomenkuvalehti.fi\/taivaan-tahden\/wp-json\/wp\/v2\/tags?post=1437"}],"curies":[{"name":"wp","href":"https:\/\/api.w.org\/{rel}","templated":true}]}}