{"id":1393,"date":"2017-12-03T10:02:22","date_gmt":"2017-12-03T08:02:22","guid":{"rendered":"https:\/\/suomenkuvalehti.fi\/taivaan-tahden\/?p=1393"},"modified":"2017-12-03T10:02:22","modified_gmt":"2017-12-03T08:02:22","slug":"super-sirius-valaisee-talvisen-taivaan","status":"publish","type":"post","link":"https:\/\/suomenkuvalehti.fi\/taivaan-tahden\/2017\/12\/03\/super-sirius-valaisee-talvisen-taivaan\/","title":{"rendered":"Super-Sirius valaisee talvisen taivaan"},"content":{"rendered":"<figure class=\"aligncenter size-large is-resized wp-block-image\">\n  <div class=\"wp-block-image__inner-container\">\n    <a href=\"https:\/\/suomenkuvalehti.fi\/taivaan-tahden\/wp-content\/uploads\/sites\/36\/2017\/12\/sirius_a_and_b_hubble_photo.jpg\"><img loading=\"lazy\" decoding=\"async\" src=\"https:\/\/suomenkuvalehti.fi\/taivaan-tahden\/wp-content\/uploads\/sites\/36\/2017\/12\/sirius_a_and_b_hubble_photo-939x1024.jpg\" alt=\"\" class=\"wp-image-1394\" width=\"939\" height=\"1024\" style=\"--aspect-ratio: 0.92\" srcset=\"https:\/\/suomenkuvalehti.fi\/taivaan-tahden\/wp-content\/uploads\/sites\/36\/2017\/12\/sirius_a_and_b_hubble_photo-939x1024.jpg 939w, https:\/\/suomenkuvalehti.fi\/taivaan-tahden\/wp-content\/uploads\/sites\/36\/2017\/12\/sirius_a_and_b_hubble_photo-275x300.jpg 275w, https:\/\/suomenkuvalehti.fi\/taivaan-tahden\/wp-content\/uploads\/sites\/36\/2017\/12\/sirius_a_and_b_hubble_photo-768x838.jpg 768w, https:\/\/suomenkuvalehti.fi\/taivaan-tahden\/wp-content\/uploads\/sites\/36\/2017\/12\/sirius_a_and_b_hubble_photo-300x327.jpg 300w, https:\/\/suomenkuvalehti.fi\/taivaan-tahden\/wp-content\/uploads\/sites\/36\/2017\/12\/sirius_a_and_b_hubble_photo-630x687.jpg 630w\" sizes=\"auto, (max-width: 939px) 100vw, 939px\" \/><\/a>    <figcaption class=\"wp-block-image__figcaption\">\n      Katsellaanko superia vai ihan tavallista Siriusta? Kuva: NASA\/ESA\/H. Bond (STScI)\/M. Barstow (University of Leicester)          <\/figcaption>\n      <\/div>\n<\/figure>\n\n\n<p>&nbsp;<\/p>\n\n\n\n<p>T\u00e4n\u00e4\u00e4n sunnuntaina on taas superkuu. Mediassa aiheesta on perinteisesti revitelty isoin otsikoin ik\u00e4\u00e4n kuin kyseess\u00e4 olisi oikeasti merkitt\u00e4v\u00e4 ilmi\u00f6. Ei ole.<\/p>\n\n\n\n<p>Jos sivuutetaan se tosiseikka, ett\u00e4 koko k\u00e4site on l\u00e4ht\u00f6isin horoskooppiuskovaisilta astrologeilta, superkuusta meuhkaaminen on tyhj\u00e4np\u00e4iv\u00e4ist\u00e4 hypetyst\u00e4.&nbsp;<\/p>\n\n\n\n<p>Superkuun aikaan t\u00e4ysikuu on hieman keskim\u00e4\u00e4r\u00e4ist\u00e4 kirkkaampi ja se n\u00e4kyy hieman keskim\u00e4\u00e4r\u00e4ist\u00e4 kookkaampana, mutta yht\u00e4 hyvin voitaisiin puhua superpuolikuusta tai supersirpist\u00e4.&nbsp;<\/p>\n\n\n\n<p>Mik\u00e4li Kuu sattuu ensimm\u00e4isess\u00e4 tai viimeisess\u00e4 nelj\u00e4nneksess\u00e4\u00e4n olemaan l\u00e4himp\u00e4n\u00e4 Maata, silloinhan on superpuolikuu. Tai jos Kuu on kapoisena l\u00e4himp\u00e4n\u00e4 Maata, pit\u00e4isi vaahdota supersirpist\u00e4. Eip\u00e4 vaahdota, vaikka silloinkin Kuu on hieman keskim\u00e4\u00e4r\u00e4ist\u00e4 kirkkaampi ja se n\u00e4kyy hieman keskim\u00e4\u00e4r\u00e4ist\u00e4 kookkaampana.<\/p>\n\n\n\n<p>Taivaalla kumottavan Kuun kirkkauden ja koon vaihtelua on paljain silmin katsottuna liki mahdoton huomata, kun vertailukohtaa \u2013 sit\u00e4 \u201dkeskim\u00e4\u00e4r\u00e4ist\u00e4\u201d Kuuta \u2013 ei ole tarjolla. Sit\u00e4 paitsi horisontin l\u00e4hell\u00e4 Kuu n\u00e4ytt\u00e4\u00e4 joka tapauksessa suuremmalta kuin keskitaivaalla, vaikka j\u00e4lkimm\u00e4isess\u00e4 tapauksessa Kuun n\u00e4enn\u00e4inen l\u00e4pimitta on itse asiassa aavistuksen isompi.<\/p>\n\n\n\n<p>Jos kerran superkuu on niin ihmeellinen, miksei k\u00e4sitett\u00e4 laajenneta muihinkin taivaankappaleisiin? Vaikka t\u00e4htiin.<\/p>\n\n\n\n<p>Talvi-iltoina horisontin tuntumassa tuikkii taivaan kirkkain t\u00e4hti Sirius. Uudenvuoden aikoihin se on keskiy\u00f6ll\u00e4 suoraan etel\u00e4ss\u00e4 eli vastap\u00e4\u00e4t\u00e4 Aurinkoa, joka on pohjoisessa syv\u00e4ll\u00e4 taivaanrannan alapuolella.&nbsp;<\/p>\n\n\n\n<p>Meh\u00e4n olemme silloin hieman keskim\u00e4\u00e4r\u00e4ist\u00e4 l\u00e4hemp\u00e4n\u00e4 Siriusta!<\/p>\n\n\n\n<p>Ison koiran t\u00e4hdist\u00f6n p\u00e4\u00e4t\u00e4hti n\u00e4kyy siksi hieman keskim\u00e4\u00e4r\u00e4ist\u00e4 kirkkaampana ja hieman keskim\u00e4\u00e4r\u00e4ist\u00e4 kookkaampana \u2013 jos nyt valopisteen\u00e4 joka tapauksessa n\u00e4kyv\u00e4st\u00e4 t\u00e4hdest\u00e4 voi moista edes v\u00e4itt\u00e4\u00e4. Mutta kuinka paljon l\u00e4hemp\u00e4n\u00e4 Siriusta me olemme?<\/p>\n\n\n\n<p>Maan ja Siriuksen v\u00e4linen et\u00e4isyys on tuolloin noin 150 000 000 kilometri\u00e4 eli Maan radan s\u00e4teen verran keskim\u00e4\u00e4r\u00e4ist\u00e4 pienempi.&nbsp;<\/p>\n\n\n\n<p>Kun Maan ja Siriuksen v\u00e4linen et\u00e4isyys on 8,6 valovuotta eli noin 81 300 000 000 000 kilometri\u00e4, olemme uutenavuotena vajaat 0,0002 prosenttia l\u00e4hemp\u00e4n\u00e4 Siriusta kuin keskim\u00e4\u00e4rin.<\/p>\n\n\n\n<p>Mitenk\u00e4s t\u00e4m\u00e4 huikea ero vaikuttaa Siriuksen n\u00e4kymiseen? Ei mitenk\u00e4\u00e4n.<\/p>\n\n\n\n<p>Vaikutus on k\u00e4yt\u00e4nn\u00f6ss\u00e4 olematon ja kaiken lis\u00e4ksi se hukkuu muiden tekij\u00f6iden alle. Pelk\u00e4st\u00e4\u00e4n Siriuksen liike Auringon ja Maan suhteen kutistaa sen et\u00e4isyytt\u00e4 meihin yli 170 000 000 kilometrill\u00e4 joka vuosi. Eik\u00e4 sek\u00e4\u00e4n saa Siriusta tuikkimaan talvi talvelta kirkkaammin. Vaikutus n\u00e4kyy vasta tuhansien tai kymmenien tuhansien vuosien mittaan.<\/p>\n\n\n\n<p>Siksi kukaan ei puhu super-Siriuksesta. Yht\u00e4 turha on meuhkata superkuusta.<\/p>\n\n\n\n<p>&nbsp;<\/p>\n\n\n","protected":false},"excerpt":{"rendered":"<p>&nbsp; T\u00e4n\u00e4\u00e4n sunnuntaina on taas superkuu. Mediassa aiheesta on perinteisesti revitelty isoin otsikoin ik\u00e4\u00e4n kuin kyseess\u00e4 olisi oikeasti merkitt\u00e4v\u00e4 ilmi\u00f6. Ei ole. Jos sivuutetaan se tosiseikka, ett\u00e4 koko k\u00e4site on l\u00e4ht\u00f6isin horoskooppiuskovaisilta astrologeilta, superkuusta<br \/>\nmeuhkaaminen&hellip;<\/p>\n","protected":false},"author":557,"featured_media":0,"comment_status":"open","ping_status":"open","sticky":false,"template":"","format":"standard","meta":{"_acf_changed":false,"asauth_required_access_level":3,"asauth_cansharepaid":"true","om_header_attributes":[],"footnotes":"","om_featured_image_focal_point":[],"om_primary_tag":0,"om_contributors":[],"om_co_authors":[],"beyondwords_generate_audio":"","beyondwords_project_id":"","beyondwords_content_id":"","beyondwords_preview_token":"","beyondwords_player_content":"","beyondwords_player_style":"","beyondwords_language_code":"","beyondwords_language_id":"","beyondwords_title_voice_id":"","beyondwords_body_voice_id":"","beyondwords_summary_voice_id":"","beyondwords_error_message":"","beyondwords_disabled":"","beyondwords_delete_content":"","beyondwords_podcast_id":"","beyondwords_hash":"","publish_post_to_speechkit":"","speechkit_hash":"","speechkit_generate_audio":"","speechkit_project_id":"","speechkit_podcast_id":"","speechkit_error_message":"","speechkit_disabled":"","speechkit_access_key":"","speechkit_error":"","speechkit_info":"","speechkit_response":"","speechkit_retries":"","speechkit_status":"","speechkit_updated_at":"","_speechkit_link":"","_speechkit_text":""},"categories":[1],"tags":[561,560,213,134],"class_list":["post-1393","post","type-post","status-publish","format-standard","hentry","category-taivaan-tahden","tag-iso-koira","tag-sirius","tag-superkuu","tag-taysikuu"],"om_views":null,"acf":{"tuuma_off":false,"tuuma_kysymys":"","tuuma_vastaus":""},"asauth":{"required_access_level":1,"share_token":"","is_paid":false},"yoast_head":"<!-- This site is optimized with the Yoast SEO plugin v26.4 - https:\/\/yoast.com\/wordpress\/plugins\/seo\/ -->\n<title>Super-Sirius valaisee talvisen taivaan - Taivaan t\u00e4hden<\/title>\n<meta name=\"robots\" content=\"index, follow, max-snippet:-1, max-image-preview:large, max-video-preview:-1\" \/>\n<link rel=\"canonical\" href=\"https:\/\/suomenkuvalehti.fi\/taivaan-tahden\/2017\/12\/03\/super-sirius-valaisee-talvisen-taivaan\/\" \/>\n<meta property=\"og:locale\" content=\"fi_FI\" \/>\n<meta property=\"og:type\" content=\"article\" \/>\n<meta property=\"og:title\" content=\"Super-Sirius valaisee talvisen taivaan - Taivaan t\u00e4hden\" \/>\n<meta property=\"og:description\" content=\"&nbsp; T\u00e4n\u00e4\u00e4n sunnuntaina on taas superkuu. Mediassa aiheesta on perinteisesti revitelty isoin otsikoin ik\u00e4\u00e4n kuin kyseess\u00e4 olisi oikeasti merkitt\u00e4v\u00e4 ilmi\u00f6. Ei ole. Jos sivuutetaan se tosiseikka, ett\u00e4 koko k\u00e4site on l\u00e4ht\u00f6isin horoskooppiuskovaisilta astrologeilta, superkuusta meuhkaaminen&hellip;\" \/>\n<meta property=\"og:url\" content=\"https:\/\/suomenkuvalehti.fi\/taivaan-tahden\/2017\/12\/03\/super-sirius-valaisee-talvisen-taivaan\/\" \/>\n<meta property=\"og:site_name\" content=\"Taivaan t\u00e4hden\" \/>\n<meta property=\"article:published_time\" content=\"2017-12-03T08:02:22+00:00\" \/>\n<meta property=\"og:image\" content=\"https:\/\/suomenkuvalehti.fi\/taivaan-tahden\/wp-content\/uploads\/sites\/36\/2017\/12\/sirius_a_and_b_hubble_photo.jpg\" \/>\n\t<meta property=\"og:image:width\" content=\"2209\" \/>\n\t<meta property=\"og:image:height\" content=\"2410\" \/>\n\t<meta property=\"og:image:type\" content=\"image\/jpeg\" \/>\n<meta name=\"author\" content=\"Markus Hotakainen\" \/>\n<meta name=\"twitter:card\" content=\"summary_large_image\" \/>\n<meta name=\"twitter:label1\" content=\"Written by\" \/>\n\t<meta name=\"twitter:data1\" content=\"Markus Hotakainen\" \/>\n\t<meta name=\"twitter:label2\" content=\"Est. reading time\" \/>\n\t<meta name=\"twitter:data2\" content=\"2 minuuttia\" \/>\n<script type=\"application\/ld+json\" class=\"yoast-schema-graph\">{\"@context\":\"https:\/\/schema.org\",\"@graph\":[{\"@type\":\"WebPage\",\"@id\":\"https:\/\/suomenkuvalehti.fi\/taivaan-tahden\/2017\/12\/03\/super-sirius-valaisee-talvisen-taivaan\/\",\"url\":\"https:\/\/suomenkuvalehti.fi\/taivaan-tahden\/2017\/12\/03\/super-sirius-valaisee-talvisen-taivaan\/\",\"name\":\"Super-Sirius valaisee talvisen taivaan - Taivaan t\u00e4hden\",\"isPartOf\":{\"@id\":\"https:\/\/suomenkuvalehti.fi\/taivaan-tahden\/#website\"},\"primaryImageOfPage\":{\"@id\":\"https:\/\/suomenkuvalehti.fi\/taivaan-tahden\/2017\/12\/03\/super-sirius-valaisee-talvisen-taivaan\/#primaryimage\"},\"image\":{\"@id\":\"https:\/\/suomenkuvalehti.fi\/taivaan-tahden\/2017\/12\/03\/super-sirius-valaisee-talvisen-taivaan\/#primaryimage\"},\"thumbnailUrl\":\"https:\/\/suomenkuvalehti.fi\/taivaan-tahden\/wp-content\/uploads\/sites\/36\/2017\/12\/sirius_a_and_b_hubble_photo-939x1024.jpg\",\"datePublished\":\"2017-12-03T08:02:22+00:00\",\"author\":{\"@id\":\"https:\/\/suomenkuvalehti.fi\/taivaan-tahden\/#\/schema\/person\/c9c1373acb19750e11084ef640abeae0\"},\"breadcrumb\":{\"@id\":\"https:\/\/suomenkuvalehti.fi\/taivaan-tahden\/2017\/12\/03\/super-sirius-valaisee-talvisen-taivaan\/#breadcrumb\"},\"inLanguage\":\"fi\",\"potentialAction\":[{\"@type\":\"ReadAction\",\"target\":[\"https:\/\/suomenkuvalehti.fi\/taivaan-tahden\/2017\/12\/03\/super-sirius-valaisee-talvisen-taivaan\/\"]}]},{\"@type\":\"ImageObject\",\"inLanguage\":\"fi\",\"@id\":\"https:\/\/suomenkuvalehti.fi\/taivaan-tahden\/2017\/12\/03\/super-sirius-valaisee-talvisen-taivaan\/#primaryimage\",\"url\":\"https:\/\/suomenkuvalehti.fi\/taivaan-tahden\/wp-content\/uploads\/sites\/36\/2017\/12\/sirius_a_and_b_hubble_photo.jpg\",\"contentUrl\":\"https:\/\/suomenkuvalehti.fi\/taivaan-tahden\/wp-content\/uploads\/sites\/36\/2017\/12\/sirius_a_and_b_hubble_photo.jpg\",\"width\":2209,\"height\":2410},{\"@type\":\"BreadcrumbList\",\"@id\":\"https:\/\/suomenkuvalehti.fi\/taivaan-tahden\/2017\/12\/03\/super-sirius-valaisee-talvisen-taivaan\/#breadcrumb\",\"itemListElement\":[{\"@type\":\"ListItem\",\"position\":1,\"name\":\"Home\",\"item\":\"https:\/\/suomenkuvalehti.fi\/taivaan-tahden\/\"},{\"@type\":\"ListItem\",\"position\":2,\"name\":\"Super-Sirius valaisee talvisen taivaan\"}]},{\"@type\":\"WebSite\",\"@id\":\"https:\/\/suomenkuvalehti.fi\/taivaan-tahden\/#website\",\"url\":\"https:\/\/suomenkuvalehti.fi\/taivaan-tahden\/\",\"name\":\"Taivaan t\u00e4hden\",\"description\":\"Tiedetoimittaja Markus Hotakainen h\u00e4mm\u00e4stelee maailmankaikkeutta.\",\"potentialAction\":[{\"@type\":\"SearchAction\",\"target\":{\"@type\":\"EntryPoint\",\"urlTemplate\":\"https:\/\/suomenkuvalehti.fi\/haku\/?q={search_term_string}\"},\"query-input\":{\"@type\":\"PropertyValueSpecification\",\"valueRequired\":true,\"valueName\":\"search_term_string\"}}],\"inLanguage\":\"fi\"},{\"@type\":\"Person\",\"@id\":\"https:\/\/suomenkuvalehti.fi\/taivaan-tahden\/#\/schema\/person\/c9c1373acb19750e11084ef640abeae0\",\"name\":\"Markus Hotakainen\",\"image\":{\"@type\":\"ImageObject\",\"inLanguage\":\"fi\",\"@id\":\"https:\/\/suomenkuvalehti.fi\/taivaan-tahden\/#\/schema\/person\/image\/\",\"url\":\"https:\/\/suomenkuvalehti.fi\/taivaan-tahden\/wp-content\/uploads\/sites\/36\/2018\/05\/markus_hotakainen_blogi_pieni-150x150.jpg\",\"contentUrl\":\"https:\/\/suomenkuvalehti.fi\/taivaan-tahden\/wp-content\/uploads\/sites\/36\/2018\/05\/markus_hotakainen_blogi_pieni-150x150.jpg\",\"caption\":\"Markus Hotakainen\"},\"description\":\"Kirjoittaja on tiedetoimittaja ja tietokirjailija.\"}]}<\/script>\n<!-- \/ Yoast SEO plugin. -->","yoast_head_json":{"title":"Super-Sirius valaisee talvisen taivaan - Taivaan t\u00e4hden","robots":{"index":"index","follow":"follow","max-snippet":"max-snippet:-1","max-image-preview":"max-image-preview:large","max-video-preview":"max-video-preview:-1"},"canonical":"https:\/\/suomenkuvalehti.fi\/taivaan-tahden\/2017\/12\/03\/super-sirius-valaisee-talvisen-taivaan\/","og_locale":"fi_FI","og_type":"article","og_title":"Super-Sirius valaisee talvisen taivaan - Taivaan t\u00e4hden","og_description":"&nbsp; T\u00e4n\u00e4\u00e4n sunnuntaina on taas superkuu. Mediassa aiheesta on perinteisesti revitelty isoin otsikoin ik\u00e4\u00e4n kuin kyseess\u00e4 olisi oikeasti merkitt\u00e4v\u00e4 ilmi\u00f6. Ei ole. Jos sivuutetaan se tosiseikka, ett\u00e4 koko k\u00e4site on l\u00e4ht\u00f6isin horoskooppiuskovaisilta astrologeilta, superkuusta meuhkaaminen&hellip;","og_url":"https:\/\/suomenkuvalehti.fi\/taivaan-tahden\/2017\/12\/03\/super-sirius-valaisee-talvisen-taivaan\/","og_site_name":"Taivaan t\u00e4hden","article_published_time":"2017-12-03T08:02:22+00:00","og_image":[{"width":2209,"height":2410,"url":"https:\/\/suomenkuvalehti.fi\/taivaan-tahden\/wp-content\/uploads\/sites\/36\/2017\/12\/sirius_a_and_b_hubble_photo.jpg","type":"image\/jpeg"}],"author":"Markus Hotakainen","twitter_card":"summary_large_image","twitter_misc":{"Written by":"Markus Hotakainen","Est. reading time":"2 minuuttia"},"schema":{"@context":"https:\/\/schema.org","@graph":[{"@type":"WebPage","@id":"https:\/\/suomenkuvalehti.fi\/taivaan-tahden\/2017\/12\/03\/super-sirius-valaisee-talvisen-taivaan\/","url":"https:\/\/suomenkuvalehti.fi\/taivaan-tahden\/2017\/12\/03\/super-sirius-valaisee-talvisen-taivaan\/","name":"Super-Sirius valaisee talvisen taivaan - Taivaan t\u00e4hden","isPartOf":{"@id":"https:\/\/suomenkuvalehti.fi\/taivaan-tahden\/#website"},"primaryImageOfPage":{"@id":"https:\/\/suomenkuvalehti.fi\/taivaan-tahden\/2017\/12\/03\/super-sirius-valaisee-talvisen-taivaan\/#primaryimage"},"image":{"@id":"https:\/\/suomenkuvalehti.fi\/taivaan-tahden\/2017\/12\/03\/super-sirius-valaisee-talvisen-taivaan\/#primaryimage"},"thumbnailUrl":"https:\/\/suomenkuvalehti.fi\/taivaan-tahden\/wp-content\/uploads\/sites\/36\/2017\/12\/sirius_a_and_b_hubble_photo-939x1024.jpg","datePublished":"2017-12-03T08:02:22+00:00","author":{"@id":"https:\/\/suomenkuvalehti.fi\/taivaan-tahden\/#\/schema\/person\/c9c1373acb19750e11084ef640abeae0"},"breadcrumb":{"@id":"https:\/\/suomenkuvalehti.fi\/taivaan-tahden\/2017\/12\/03\/super-sirius-valaisee-talvisen-taivaan\/#breadcrumb"},"inLanguage":"fi","potentialAction":[{"@type":"ReadAction","target":["https:\/\/suomenkuvalehti.fi\/taivaan-tahden\/2017\/12\/03\/super-sirius-valaisee-talvisen-taivaan\/"]}]},{"@type":"ImageObject","inLanguage":"fi","@id":"https:\/\/suomenkuvalehti.fi\/taivaan-tahden\/2017\/12\/03\/super-sirius-valaisee-talvisen-taivaan\/#primaryimage","url":"https:\/\/suomenkuvalehti.fi\/taivaan-tahden\/wp-content\/uploads\/sites\/36\/2017\/12\/sirius_a_and_b_hubble_photo.jpg","contentUrl":"https:\/\/suomenkuvalehti.fi\/taivaan-tahden\/wp-content\/uploads\/sites\/36\/2017\/12\/sirius_a_and_b_hubble_photo.jpg","width":2209,"height":2410},{"@type":"BreadcrumbList","@id":"https:\/\/suomenkuvalehti.fi\/taivaan-tahden\/2017\/12\/03\/super-sirius-valaisee-talvisen-taivaan\/#breadcrumb","itemListElement":[{"@type":"ListItem","position":1,"name":"Home","item":"https:\/\/suomenkuvalehti.fi\/taivaan-tahden\/"},{"@type":"ListItem","position":2,"name":"Super-Sirius valaisee talvisen taivaan"}]},{"@type":"WebSite","@id":"https:\/\/suomenkuvalehti.fi\/taivaan-tahden\/#website","url":"https:\/\/suomenkuvalehti.fi\/taivaan-tahden\/","name":"Taivaan t\u00e4hden","description":"Tiedetoimittaja Markus Hotakainen h\u00e4mm\u00e4stelee maailmankaikkeutta.","potentialAction":[{"@type":"SearchAction","target":{"@type":"EntryPoint","urlTemplate":"https:\/\/suomenkuvalehti.fi\/haku\/?q={search_term_string}"},"query-input":{"@type":"PropertyValueSpecification","valueRequired":true,"valueName":"search_term_string"}}],"inLanguage":"fi"},{"@type":"Person","@id":"https:\/\/suomenkuvalehti.fi\/taivaan-tahden\/#\/schema\/person\/c9c1373acb19750e11084ef640abeae0","name":"Markus Hotakainen","image":{"@type":"ImageObject","inLanguage":"fi","@id":"https:\/\/suomenkuvalehti.fi\/taivaan-tahden\/#\/schema\/person\/image\/","url":"https:\/\/suomenkuvalehti.fi\/taivaan-tahden\/wp-content\/uploads\/sites\/36\/2018\/05\/markus_hotakainen_blogi_pieni-150x150.jpg","contentUrl":"https:\/\/suomenkuvalehti.fi\/taivaan-tahden\/wp-content\/uploads\/sites\/36\/2018\/05\/markus_hotakainen_blogi_pieni-150x150.jpg","caption":"Markus Hotakainen"},"description":"Kirjoittaja on tiedetoimittaja ja tietokirjailija."}]}},"_links":{"self":[{"href":"https:\/\/suomenkuvalehti.fi\/taivaan-tahden\/wp-json\/wp\/v2\/posts\/1393","targetHints":{"allow":["GET"]}}],"collection":[{"href":"https:\/\/suomenkuvalehti.fi\/taivaan-tahden\/wp-json\/wp\/v2\/posts"}],"about":[{"href":"https:\/\/suomenkuvalehti.fi\/taivaan-tahden\/wp-json\/wp\/v2\/types\/post"}],"author":[{"embeddable":true,"href":"https:\/\/suomenkuvalehti.fi\/taivaan-tahden\/wp-json\/wp\/v2\/users\/557"}],"replies":[{"embeddable":true,"href":"https:\/\/suomenkuvalehti.fi\/taivaan-tahden\/wp-json\/wp\/v2\/comments?post=1393"}],"version-history":[{"count":6,"href":"https:\/\/suomenkuvalehti.fi\/taivaan-tahden\/wp-json\/wp\/v2\/posts\/1393\/revisions"}],"predecessor-version":[{"id":1402,"href":"https:\/\/suomenkuvalehti.fi\/taivaan-tahden\/wp-json\/wp\/v2\/posts\/1393\/revisions\/1402"}],"wp:attachment":[{"href":"https:\/\/suomenkuvalehti.fi\/taivaan-tahden\/wp-json\/wp\/v2\/media?parent=1393"}],"wp:term":[{"taxonomy":"category","embeddable":true,"href":"https:\/\/suomenkuvalehti.fi\/taivaan-tahden\/wp-json\/wp\/v2\/categories?post=1393"},{"taxonomy":"post_tag","embeddable":true,"href":"https:\/\/suomenkuvalehti.fi\/taivaan-tahden\/wp-json\/wp\/v2\/tags?post=1393"}],"curies":[{"name":"wp","href":"https:\/\/api.w.org\/{rel}","templated":true}]}}