{"id":1296,"date":"2017-10-05T11:07:00","date_gmt":"2017-10-05T08:07:00","guid":{"rendered":"https:\/\/suomenkuvalehti.fi\/taivaan-tahden\/?p=1296"},"modified":"2017-10-05T11:07:00","modified_gmt":"2017-10-05T08:07:00","slug":"mita-yhteista-lansimetrolla-ja-avaruuslennoilla","status":"publish","type":"post","link":"https:\/\/suomenkuvalehti.fi\/taivaan-tahden\/2017\/10\/05\/mita-yhteista-lansimetrolla-ja-avaruuslennoilla\/","title":{"rendered":"Mit\u00e4 yhteist\u00e4 on l\u00e4nsimetrolla ja avaruuslennoilla?"},"content":{"rendered":"<figure class=\"aligncenter size-large is-resized wp-block-image\">\n  <div class=\"wp-block-image__inner-container\">\n    <a href=\"https:\/\/suomenkuvalehti.fi\/taivaan-tahden\/wp-content\/uploads\/sites\/36\/2017\/10\/23128844405_6151e276cd_k.jpg\"><img loading=\"lazy\" decoding=\"async\" src=\"https:\/\/suomenkuvalehti.fi\/taivaan-tahden\/wp-content\/uploads\/sites\/36\/2017\/10\/23128844405_6151e276cd_k-1024x576.jpg\" alt=\"\" class=\"wp-image-1297\" width=\"1024\" height=\"576\" style=\"--aspect-ratio: 1.78\" srcset=\"https:\/\/suomenkuvalehti.fi\/taivaan-tahden\/wp-content\/uploads\/sites\/36\/2017\/10\/23128844405_6151e276cd_k-1024x576.jpg 1024w, https:\/\/suomenkuvalehti.fi\/taivaan-tahden\/wp-content\/uploads\/sites\/36\/2017\/10\/23128844405_6151e276cd_k-300x169.jpg 300w, https:\/\/suomenkuvalehti.fi\/taivaan-tahden\/wp-content\/uploads\/sites\/36\/2017\/10\/23128844405_6151e276cd_k-768x432.jpg 768w, https:\/\/suomenkuvalehti.fi\/taivaan-tahden\/wp-content\/uploads\/sites\/36\/2017\/10\/23128844405_6151e276cd_k-630x354.jpg 630w, https:\/\/suomenkuvalehti.fi\/taivaan-tahden\/wp-content\/uploads\/sites\/36\/2017\/10\/23128844405_6151e276cd_k.jpg 1575w\" sizes=\"auto, (max-width: 1024px) 100vw, 1024px\" \/><\/a>    <figcaption class=\"wp-block-image__figcaption\">\n      Avaruussukkulan seuraaja on Orion, joka lent\u00e4\u00e4 ennen pitk\u00e4\u00e4. Kuva: NASA          <\/figcaption>\n      <\/div>\n<\/figure>\n\n\n<p>P\u00e4\u00e4kaupunkiseudun murheenkryyni liikenn\u00f6i \u2013 tai sitten ei \u2013 \u201djo\u201d t\u00e4ss\u00e4 kuussa. Hankkeeseen on uponnut reilusti yli tuplaten se mit\u00e4 alun perin arvioitiin, mik\u00e4 on tyypillist\u00e4 my\u00f6s avaruushankkeille. Silti v\u00e4lill\u00e4 tuntuu, ett\u00e4 mik\u00e4\u00e4n ei toimi.&nbsp;<\/p>\n\n\n\n<p>Helsingin puolella metro on kulkenut jo vuodesta 1982, mutta siit\u00e4 eteenp\u00e4in ei tule valmista. Tai ainakaan toimivaa.&nbsp;<\/p>\n\n\n\n<p>4. lokakuuta tuli kuluneeksi 60 vuotta ensimm\u00e4isen satelliitin laukaisusta. Neuvostoliiton Sputnik 1 nousi piipitt\u00e4m\u00e4\u00e4n Maata kiert\u00e4v\u00e4lle radalle ja j\u00e4rkytti koko maailman. Ja siirsi samalla ihmiskunnan avaruusaikaan.<\/p>\n\n\n\n<p>Alle nelj\u00e4 vuotta my\u00f6hemmin tehtiin ensimm\u00e4inen miehitetty lento ja siit\u00e4 vain kahdeksan vuoden kuluttua ihminen k\u00e4veli jo Kuun pinnalla. \u201dAvaruusmetron\u201d ensimm\u00e4inen osuus oli saatu toimivaksi, mutta jatko tuntui tyss\u00e4\u00e4v\u00e4n.&nbsp;<\/p>\n\n\n\n<p>Yhdysvaltain avaruussukkulasta piti tulla halpa, nopea ja luotettava keino p\u00e4\u00e4st\u00e4 Maan kiertoradalle, mutta kuinkas sitten k\u00e4vik\u00e4\u00e4n? Siit\u00e4 tuli kallis, hidas ja vaarallinen.&nbsp;<\/p>\n\n\n\n<p>Kun Atlantis laskeutui hein\u00e4kuussa 2011 viimeisen sukkulalennon p\u00e4\u00e4tteeksi kiitoradalle, jenkeill\u00e4 ei ollut en\u00e4\u00e4 mit\u00e4\u00e4n keinoa p\u00e4\u00e4st\u00e4 avaruuteen. Siis omaa. Liikenn\u00f6inti Kansainv\u00e4liselle avaruusasemalle hoidetaan Ven\u00e4j\u00e4n Sojuz-aluksilla.&nbsp;<\/p>\n\n\n\n<p>NASAlla on ollut vuosien varrella suunnitteilla erilaisia vaihtoehtoja avaruussukkulalle, mutta budjettileikkaukset tai presidenttien vaihtumiset ovat tehneet aikeet aina tyhjiksi. Nyt on ty\u00f6n alla Orion-alus, mutta ensimm\u00e4inen miehitetty lento on m\u00e4\u00e4r\u00e4 tehd\u00e4 vasta muutaman vuoden kuluttua.&nbsp;<\/p>\n\n\n\n<p>Kiertoradan lis\u00e4ksi t\u00e4ht\u00e4imess\u00e4 on alkuun vain Kuu, mutta siell\u00e4h\u00e4n on jo k\u00e4yty \u2013 kuten monet avaruuskriitikot totesivat jo ensimm\u00e4isen Apollo-lennon j\u00e4lkeen hein\u00e4kuussa 1969.<\/p>\n\n\n\n<p>Milloin p\u00e4\u00e4st\u00e4\u00e4n oikeasti matkaan? Lento l\u00e4hiasteroidille tai Marsiin olisi jotain sellaista, mit\u00e4 ei ennen ole tehty. ISS-asemalla saadaan tietysti kaiken aikaa lis\u00e4\u00e4 tietoa painottomuuden vaikutuksista ihmiseen, mutta 400 kilometrin korkeudessa Maata kiert\u00e4v\u00e4 ik\u00e4\u00e4ntyv\u00e4 asema ei ihmeemmin edist\u00e4 avaruuden valloitusta.<\/p>\n\n\n\n<p>Yksityisell\u00e4 puolella menee paljon lujempaa. Jo nyt kantorakettimarkkinoilla on kaupallisia yrityksi\u00e4, jotka ovat saaneet hilattua laukaisujen hintoja alasp\u00e4in ja tehneet p\u00e4\u00e4syn avaruuteen helpommaksi.<\/p>\n\n\n\n<p>Tavoitteena on muutakin kuin vain satelliittien sinkoaminen aiempaa edullisemmin Maata kiert\u00e4v\u00e4lle radalle. <strong>Elon Musk<\/strong> ilmoitti vastik\u00e4\u00e4n, ett\u00e4 SpaceX vie ihmisi\u00e4 Marsiin vuonna 2024. Ensimm\u00e4isest\u00e4 laskeutumisesta Kuun pinnalle on tuolloin tullut kuluneeksi 55 vuotta.<\/p>\n\n\n\n<p>Silloin varmaan l\u00e4nsimetrokin jo kulkee.&nbsp;<\/p>\n\n\n\n<p>&nbsp;<\/p>\n\n\n","protected":false},"excerpt":{"rendered":"<p>P\u00e4\u00e4kaupunkiseudun murheenkryyni liikenn\u00f6i \u2013 tai sitten ei \u2013 \u201djo\u201d t\u00e4ss\u00e4 kuussa. Hankkeeseen on uponnut reilusti yli tuplaten se mit\u00e4 alun perin arvioitiin, mik\u00e4 on tyypillist\u00e4 my\u00f6s avaruushankkeille. Silti v\u00e4lill\u00e4 tuntuu, ett\u00e4 mik\u00e4\u00e4n ei toimi.&nbsp;<br \/>\nHelsingin puolella me&hellip;<\/p>\n","protected":false},"author":557,"featured_media":0,"comment_status":"open","ping_status":"open","sticky":false,"template":"","format":"standard","meta":{"_acf_changed":false,"asauth_required_access_level":3,"asauth_cansharepaid":"true","om_header_attributes":[],"footnotes":"","om_featured_image_focal_point":[],"om_primary_tag":0,"om_contributors":[],"om_co_authors":[],"beyondwords_generate_audio":"","beyondwords_project_id":"","beyondwords_content_id":"","beyondwords_preview_token":"","beyondwords_player_content":"","beyondwords_player_style":"","beyondwords_language_code":"","beyondwords_language_id":"","beyondwords_title_voice_id":"","beyondwords_body_voice_id":"","beyondwords_summary_voice_id":"","beyondwords_error_message":"","beyondwords_disabled":"","beyondwords_delete_content":"","beyondwords_podcast_id":"","beyondwords_hash":"","publish_post_to_speechkit":"","speechkit_hash":"","speechkit_generate_audio":"","speechkit_project_id":"","speechkit_podcast_id":"","speechkit_error_message":"","speechkit_disabled":"","speechkit_access_key":"","speechkit_error":"","speechkit_info":"","speechkit_response":"","speechkit_retries":"","speechkit_status":"","speechkit_updated_at":"","_speechkit_link":"","_speechkit_text":""},"categories":[1],"tags":[34,162,471,11,5,514,32,131,470],"class_list":["post-1296","post","type-post","status-publish","format-standard","hentry","category-taivaan-tahden","tag-avaruuslennot","tag-avaruussukkula","tag-elon-musk","tag-iss","tag-kuu","tag-lansimetro","tag-mars","tag-orion","tag-spacex"],"om_views":null,"acf":{"tuuma_off":false,"tuuma_kysymys":"","tuuma_vastaus":""},"asauth":{"required_access_level":1,"share_token":"","is_paid":false},"yoast_head":"<!-- This site is optimized with the Yoast SEO plugin v26.4 - https:\/\/yoast.com\/wordpress\/plugins\/seo\/ -->\n<title>Mit\u00e4 yhteist\u00e4 on l\u00e4nsimetrolla ja avaruuslennoilla? - Taivaan t\u00e4hden<\/title>\n<meta name=\"robots\" content=\"index, follow, max-snippet:-1, max-image-preview:large, max-video-preview:-1\" \/>\n<link rel=\"canonical\" href=\"https:\/\/suomenkuvalehti.fi\/taivaan-tahden\/2017\/10\/05\/mita-yhteista-lansimetrolla-ja-avaruuslennoilla\/\" \/>\n<meta property=\"og:locale\" content=\"fi_FI\" \/>\n<meta property=\"og:type\" content=\"article\" \/>\n<meta property=\"og:title\" content=\"Mit\u00e4 yhteist\u00e4 on l\u00e4nsimetrolla ja avaruuslennoilla? - Taivaan t\u00e4hden\" \/>\n<meta property=\"og:description\" content=\"P\u00e4\u00e4kaupunkiseudun murheenkryyni liikenn\u00f6i \u2013 tai sitten ei \u2013 \u201djo\u201d t\u00e4ss\u00e4 kuussa. Hankkeeseen on uponnut reilusti yli tuplaten se mit\u00e4 alun perin arvioitiin, mik\u00e4 on tyypillist\u00e4 my\u00f6s avaruushankkeille. Silti v\u00e4lill\u00e4 tuntuu, ett\u00e4 mik\u00e4\u00e4n ei toimi.&nbsp; Helsingin puolella me&hellip;\" \/>\n<meta property=\"og:url\" content=\"https:\/\/suomenkuvalehti.fi\/taivaan-tahden\/2017\/10\/05\/mita-yhteista-lansimetrolla-ja-avaruuslennoilla\/\" \/>\n<meta property=\"og:site_name\" content=\"Taivaan t\u00e4hden\" \/>\n<meta property=\"article:published_time\" content=\"2017-10-05T08:07:00+00:00\" \/>\n<meta property=\"og:image\" content=\"https:\/\/suomenkuvalehti.fi\/taivaan-tahden\/wp-content\/uploads\/sites\/36\/2017\/10\/23128844405_6151e276cd_k.jpg\" \/>\n\t<meta property=\"og:image:width\" content=\"1575\" \/>\n\t<meta property=\"og:image:height\" content=\"886\" \/>\n\t<meta property=\"og:image:type\" content=\"image\/jpeg\" \/>\n<meta name=\"author\" content=\"Markus Hotakainen\" \/>\n<meta name=\"twitter:card\" content=\"summary_large_image\" \/>\n<meta name=\"twitter:label1\" content=\"Written by\" \/>\n\t<meta name=\"twitter:data1\" content=\"Markus Hotakainen\" \/>\n\t<meta name=\"twitter:label2\" content=\"Est. reading time\" \/>\n\t<meta name=\"twitter:data2\" content=\"2 minuuttia\" \/>\n<script type=\"application\/ld+json\" class=\"yoast-schema-graph\">{\"@context\":\"https:\/\/schema.org\",\"@graph\":[{\"@type\":\"WebPage\",\"@id\":\"https:\/\/suomenkuvalehti.fi\/taivaan-tahden\/2017\/10\/05\/mita-yhteista-lansimetrolla-ja-avaruuslennoilla\/\",\"url\":\"https:\/\/suomenkuvalehti.fi\/taivaan-tahden\/2017\/10\/05\/mita-yhteista-lansimetrolla-ja-avaruuslennoilla\/\",\"name\":\"Mit\u00e4 yhteist\u00e4 on l\u00e4nsimetrolla ja avaruuslennoilla? - Taivaan t\u00e4hden\",\"isPartOf\":{\"@id\":\"https:\/\/suomenkuvalehti.fi\/taivaan-tahden\/#website\"},\"primaryImageOfPage\":{\"@id\":\"https:\/\/suomenkuvalehti.fi\/taivaan-tahden\/2017\/10\/05\/mita-yhteista-lansimetrolla-ja-avaruuslennoilla\/#primaryimage\"},\"image\":{\"@id\":\"https:\/\/suomenkuvalehti.fi\/taivaan-tahden\/2017\/10\/05\/mita-yhteista-lansimetrolla-ja-avaruuslennoilla\/#primaryimage\"},\"thumbnailUrl\":\"https:\/\/suomenkuvalehti.fi\/taivaan-tahden\/wp-content\/uploads\/sites\/36\/2017\/10\/23128844405_6151e276cd_k-1024x576.jpg\",\"datePublished\":\"2017-10-05T08:07:00+00:00\",\"author\":{\"@id\":\"https:\/\/suomenkuvalehti.fi\/taivaan-tahden\/#\/schema\/person\/c9c1373acb19750e11084ef640abeae0\"},\"breadcrumb\":{\"@id\":\"https:\/\/suomenkuvalehti.fi\/taivaan-tahden\/2017\/10\/05\/mita-yhteista-lansimetrolla-ja-avaruuslennoilla\/#breadcrumb\"},\"inLanguage\":\"fi\",\"potentialAction\":[{\"@type\":\"ReadAction\",\"target\":[\"https:\/\/suomenkuvalehti.fi\/taivaan-tahden\/2017\/10\/05\/mita-yhteista-lansimetrolla-ja-avaruuslennoilla\/\"]}]},{\"@type\":\"ImageObject\",\"inLanguage\":\"fi\",\"@id\":\"https:\/\/suomenkuvalehti.fi\/taivaan-tahden\/2017\/10\/05\/mita-yhteista-lansimetrolla-ja-avaruuslennoilla\/#primaryimage\",\"url\":\"https:\/\/suomenkuvalehti.fi\/taivaan-tahden\/wp-content\/uploads\/sites\/36\/2017\/10\/23128844405_6151e276cd_k.jpg\",\"contentUrl\":\"https:\/\/suomenkuvalehti.fi\/taivaan-tahden\/wp-content\/uploads\/sites\/36\/2017\/10\/23128844405_6151e276cd_k.jpg\",\"width\":1575,\"height\":886},{\"@type\":\"BreadcrumbList\",\"@id\":\"https:\/\/suomenkuvalehti.fi\/taivaan-tahden\/2017\/10\/05\/mita-yhteista-lansimetrolla-ja-avaruuslennoilla\/#breadcrumb\",\"itemListElement\":[{\"@type\":\"ListItem\",\"position\":1,\"name\":\"Home\",\"item\":\"https:\/\/suomenkuvalehti.fi\/taivaan-tahden\/\"},{\"@type\":\"ListItem\",\"position\":2,\"name\":\"Mit\u00e4 yhteist\u00e4 on l\u00e4nsimetrolla ja avaruuslennoilla?\"}]},{\"@type\":\"WebSite\",\"@id\":\"https:\/\/suomenkuvalehti.fi\/taivaan-tahden\/#website\",\"url\":\"https:\/\/suomenkuvalehti.fi\/taivaan-tahden\/\",\"name\":\"Taivaan t\u00e4hden\",\"description\":\"Tiedetoimittaja Markus Hotakainen h\u00e4mm\u00e4stelee maailmankaikkeutta.\",\"potentialAction\":[{\"@type\":\"SearchAction\",\"target\":{\"@type\":\"EntryPoint\",\"urlTemplate\":\"https:\/\/suomenkuvalehti.fi\/haku\/?q={search_term_string}\"},\"query-input\":{\"@type\":\"PropertyValueSpecification\",\"valueRequired\":true,\"valueName\":\"search_term_string\"}}],\"inLanguage\":\"fi\"},{\"@type\":\"Person\",\"@id\":\"https:\/\/suomenkuvalehti.fi\/taivaan-tahden\/#\/schema\/person\/c9c1373acb19750e11084ef640abeae0\",\"name\":\"Markus Hotakainen\",\"image\":{\"@type\":\"ImageObject\",\"inLanguage\":\"fi\",\"@id\":\"https:\/\/suomenkuvalehti.fi\/taivaan-tahden\/#\/schema\/person\/image\/\",\"url\":\"https:\/\/suomenkuvalehti.fi\/taivaan-tahden\/wp-content\/uploads\/sites\/36\/2018\/05\/markus_hotakainen_blogi_pieni-150x150.jpg\",\"contentUrl\":\"https:\/\/suomenkuvalehti.fi\/taivaan-tahden\/wp-content\/uploads\/sites\/36\/2018\/05\/markus_hotakainen_blogi_pieni-150x150.jpg\",\"caption\":\"Markus Hotakainen\"},\"description\":\"Kirjoittaja on tiedetoimittaja ja tietokirjailija.\"}]}<\/script>\n<!-- \/ Yoast SEO plugin. -->","yoast_head_json":{"title":"Mit\u00e4 yhteist\u00e4 on l\u00e4nsimetrolla ja avaruuslennoilla? - Taivaan t\u00e4hden","robots":{"index":"index","follow":"follow","max-snippet":"max-snippet:-1","max-image-preview":"max-image-preview:large","max-video-preview":"max-video-preview:-1"},"canonical":"https:\/\/suomenkuvalehti.fi\/taivaan-tahden\/2017\/10\/05\/mita-yhteista-lansimetrolla-ja-avaruuslennoilla\/","og_locale":"fi_FI","og_type":"article","og_title":"Mit\u00e4 yhteist\u00e4 on l\u00e4nsimetrolla ja avaruuslennoilla? - Taivaan t\u00e4hden","og_description":"P\u00e4\u00e4kaupunkiseudun murheenkryyni liikenn\u00f6i \u2013 tai sitten ei \u2013 \u201djo\u201d t\u00e4ss\u00e4 kuussa. Hankkeeseen on uponnut reilusti yli tuplaten se mit\u00e4 alun perin arvioitiin, mik\u00e4 on tyypillist\u00e4 my\u00f6s avaruushankkeille. Silti v\u00e4lill\u00e4 tuntuu, ett\u00e4 mik\u00e4\u00e4n ei toimi.&nbsp; Helsingin puolella me&hellip;","og_url":"https:\/\/suomenkuvalehti.fi\/taivaan-tahden\/2017\/10\/05\/mita-yhteista-lansimetrolla-ja-avaruuslennoilla\/","og_site_name":"Taivaan t\u00e4hden","article_published_time":"2017-10-05T08:07:00+00:00","og_image":[{"width":1575,"height":886,"url":"https:\/\/suomenkuvalehti.fi\/taivaan-tahden\/wp-content\/uploads\/sites\/36\/2017\/10\/23128844405_6151e276cd_k.jpg","type":"image\/jpeg"}],"author":"Markus Hotakainen","twitter_card":"summary_large_image","twitter_misc":{"Written by":"Markus Hotakainen","Est. reading time":"2 minuuttia"},"schema":{"@context":"https:\/\/schema.org","@graph":[{"@type":"WebPage","@id":"https:\/\/suomenkuvalehti.fi\/taivaan-tahden\/2017\/10\/05\/mita-yhteista-lansimetrolla-ja-avaruuslennoilla\/","url":"https:\/\/suomenkuvalehti.fi\/taivaan-tahden\/2017\/10\/05\/mita-yhteista-lansimetrolla-ja-avaruuslennoilla\/","name":"Mit\u00e4 yhteist\u00e4 on l\u00e4nsimetrolla ja avaruuslennoilla? - Taivaan t\u00e4hden","isPartOf":{"@id":"https:\/\/suomenkuvalehti.fi\/taivaan-tahden\/#website"},"primaryImageOfPage":{"@id":"https:\/\/suomenkuvalehti.fi\/taivaan-tahden\/2017\/10\/05\/mita-yhteista-lansimetrolla-ja-avaruuslennoilla\/#primaryimage"},"image":{"@id":"https:\/\/suomenkuvalehti.fi\/taivaan-tahden\/2017\/10\/05\/mita-yhteista-lansimetrolla-ja-avaruuslennoilla\/#primaryimage"},"thumbnailUrl":"https:\/\/suomenkuvalehti.fi\/taivaan-tahden\/wp-content\/uploads\/sites\/36\/2017\/10\/23128844405_6151e276cd_k-1024x576.jpg","datePublished":"2017-10-05T08:07:00+00:00","author":{"@id":"https:\/\/suomenkuvalehti.fi\/taivaan-tahden\/#\/schema\/person\/c9c1373acb19750e11084ef640abeae0"},"breadcrumb":{"@id":"https:\/\/suomenkuvalehti.fi\/taivaan-tahden\/2017\/10\/05\/mita-yhteista-lansimetrolla-ja-avaruuslennoilla\/#breadcrumb"},"inLanguage":"fi","potentialAction":[{"@type":"ReadAction","target":["https:\/\/suomenkuvalehti.fi\/taivaan-tahden\/2017\/10\/05\/mita-yhteista-lansimetrolla-ja-avaruuslennoilla\/"]}]},{"@type":"ImageObject","inLanguage":"fi","@id":"https:\/\/suomenkuvalehti.fi\/taivaan-tahden\/2017\/10\/05\/mita-yhteista-lansimetrolla-ja-avaruuslennoilla\/#primaryimage","url":"https:\/\/suomenkuvalehti.fi\/taivaan-tahden\/wp-content\/uploads\/sites\/36\/2017\/10\/23128844405_6151e276cd_k.jpg","contentUrl":"https:\/\/suomenkuvalehti.fi\/taivaan-tahden\/wp-content\/uploads\/sites\/36\/2017\/10\/23128844405_6151e276cd_k.jpg","width":1575,"height":886},{"@type":"BreadcrumbList","@id":"https:\/\/suomenkuvalehti.fi\/taivaan-tahden\/2017\/10\/05\/mita-yhteista-lansimetrolla-ja-avaruuslennoilla\/#breadcrumb","itemListElement":[{"@type":"ListItem","position":1,"name":"Home","item":"https:\/\/suomenkuvalehti.fi\/taivaan-tahden\/"},{"@type":"ListItem","position":2,"name":"Mit\u00e4 yhteist\u00e4 on l\u00e4nsimetrolla ja avaruuslennoilla?"}]},{"@type":"WebSite","@id":"https:\/\/suomenkuvalehti.fi\/taivaan-tahden\/#website","url":"https:\/\/suomenkuvalehti.fi\/taivaan-tahden\/","name":"Taivaan t\u00e4hden","description":"Tiedetoimittaja Markus Hotakainen h\u00e4mm\u00e4stelee maailmankaikkeutta.","potentialAction":[{"@type":"SearchAction","target":{"@type":"EntryPoint","urlTemplate":"https:\/\/suomenkuvalehti.fi\/haku\/?q={search_term_string}"},"query-input":{"@type":"PropertyValueSpecification","valueRequired":true,"valueName":"search_term_string"}}],"inLanguage":"fi"},{"@type":"Person","@id":"https:\/\/suomenkuvalehti.fi\/taivaan-tahden\/#\/schema\/person\/c9c1373acb19750e11084ef640abeae0","name":"Markus Hotakainen","image":{"@type":"ImageObject","inLanguage":"fi","@id":"https:\/\/suomenkuvalehti.fi\/taivaan-tahden\/#\/schema\/person\/image\/","url":"https:\/\/suomenkuvalehti.fi\/taivaan-tahden\/wp-content\/uploads\/sites\/36\/2018\/05\/markus_hotakainen_blogi_pieni-150x150.jpg","contentUrl":"https:\/\/suomenkuvalehti.fi\/taivaan-tahden\/wp-content\/uploads\/sites\/36\/2018\/05\/markus_hotakainen_blogi_pieni-150x150.jpg","caption":"Markus Hotakainen"},"description":"Kirjoittaja on tiedetoimittaja ja tietokirjailija."}]}},"_links":{"self":[{"href":"https:\/\/suomenkuvalehti.fi\/taivaan-tahden\/wp-json\/wp\/v2\/posts\/1296","targetHints":{"allow":["GET"]}}],"collection":[{"href":"https:\/\/suomenkuvalehti.fi\/taivaan-tahden\/wp-json\/wp\/v2\/posts"}],"about":[{"href":"https:\/\/suomenkuvalehti.fi\/taivaan-tahden\/wp-json\/wp\/v2\/types\/post"}],"author":[{"embeddable":true,"href":"https:\/\/suomenkuvalehti.fi\/taivaan-tahden\/wp-json\/wp\/v2\/users\/557"}],"replies":[{"embeddable":true,"href":"https:\/\/suomenkuvalehti.fi\/taivaan-tahden\/wp-json\/wp\/v2\/comments?post=1296"}],"version-history":[{"count":5,"href":"https:\/\/suomenkuvalehti.fi\/taivaan-tahden\/wp-json\/wp\/v2\/posts\/1296\/revisions"}],"predecessor-version":[{"id":1302,"href":"https:\/\/suomenkuvalehti.fi\/taivaan-tahden\/wp-json\/wp\/v2\/posts\/1296\/revisions\/1302"}],"wp:attachment":[{"href":"https:\/\/suomenkuvalehti.fi\/taivaan-tahden\/wp-json\/wp\/v2\/media?parent=1296"}],"wp:term":[{"taxonomy":"category","embeddable":true,"href":"https:\/\/suomenkuvalehti.fi\/taivaan-tahden\/wp-json\/wp\/v2\/categories?post=1296"},{"taxonomy":"post_tag","embeddable":true,"href":"https:\/\/suomenkuvalehti.fi\/taivaan-tahden\/wp-json\/wp\/v2\/tags?post=1296"}],"curies":[{"name":"wp","href":"https:\/\/api.w.org\/{rel}","templated":true}]}}