{"id":1246,"date":"2017-08-29T12:26:49","date_gmt":"2017-08-29T09:26:49","guid":{"rendered":"https:\/\/suomenkuvalehti.fi\/taivaan-tahden\/?p=1246"},"modified":"2017-08-29T12:30:52","modified_gmt":"2017-08-29T09:30:52","slug":"einstein-oli-vaarassa-jalleen-kerran","status":"publish","type":"post","link":"https:\/\/suomenkuvalehti.fi\/taivaan-tahden\/2017\/08\/29\/einstein-oli-vaarassa-jalleen-kerran\/","title":{"rendered":"Einstein oli v\u00e4\u00e4r\u00e4ss\u00e4 \u2013 j\u00e4lleen kerran"},"content":{"rendered":"<figure class=\"aligncenter size-full wp-block-image\">\n  <div class=\"wp-block-image__inner-container\">\n    <a href=\"https:\/\/suomenkuvalehti.fi\/taivaan-tahden\/wp-content\/uploads\/sites\/36\/2017\/08\/maxresdefault.jpg\"><img loading=\"lazy\" decoding=\"async\" src=\"https:\/\/suomenkuvalehti.fi\/taivaan-tahden\/wp-content\/uploads\/sites\/36\/2017\/08\/maxresdefault.jpg\" alt=\"\" class=\"wp-image-1247\" width=\"1200\" height=\"630\" style=\"--aspect-ratio: 1.9\" srcset=\"https:\/\/suomenkuvalehti.fi\/taivaan-tahden\/wp-content\/uploads\/sites\/36\/2017\/08\/maxresdefault.jpg 1200w, https:\/\/suomenkuvalehti.fi\/taivaan-tahden\/wp-content\/uploads\/sites\/36\/2017\/08\/maxresdefault-300x158.jpg 300w, https:\/\/suomenkuvalehti.fi\/taivaan-tahden\/wp-content\/uploads\/sites\/36\/2017\/08\/maxresdefault-768x403.jpg 768w, https:\/\/suomenkuvalehti.fi\/taivaan-tahden\/wp-content\/uploads\/sites\/36\/2017\/08\/maxresdefault-1024x538.jpg 1024w, https:\/\/suomenkuvalehti.fi\/taivaan-tahden\/wp-content\/uploads\/sites\/36\/2017\/08\/maxresdefault-630x331.jpg 630w\" sizes=\"auto, (max-width: 1200px) 100vw, 1200px\" \/><\/a>    <figcaption class=\"wp-block-image__figcaption\">\n      Min\u00e4k\u00f6 v\u00e4\u00e4r\u00e4ss\u00e4? Kuva: Princeton University          <\/figcaption>\n      <\/div>\n<\/figure>\n\n\n<p>Sci-Tech Universe, tuo sangen suurpiirteisesti tieteeseen ja tieteest\u00e4 uutisointiin suhtautuva sivusto otsikoi j\u00e4lleen raflaavasti:<\/p>\n\n\n\n<p> \u201dMullistavan uuden teorian mukaan gravitaatiota ja pime\u00e4\u00e4 ainetta ei ole olemassa, ja Einstein oli v\u00e4\u00e4r\u00e4ss\u00e4.\u201d<\/p>\n\n\n\n<p>Viimeinen v\u00e4ite oikeastaan jo kielii jutun huuhaa-asteen, sill\u00e4 <strong>Albert Einstein<\/strong> tuntuu olevan vaihtoehtotieteilij\u00f6iden arkki- ja lempivihollinen. Huolimatta siit\u00e4, ett\u00e4 yleinen suhteellisuusteoria on kest\u00e4nyt ajan hammasta ja tutkijoiden testej\u00e4 jo yli sata vuotta.<\/p>\n\n\n\n<p>T\u00e4ll\u00e4 kertaa vankan aseman saavuttaneen teorian kyseenalaistaa Amsterdamin yliopiston professori <b>Erik Verlinde<\/b>. H\u00e4nen mukaansa gravitaatio ei ole mik\u00e4\u00e4n luonnon perusvoima, koska se ei esiinny aina ja kaikkialla.<\/p>\n\n\n\n<p>Vuonna 2010 julkaisemassaan artikkelissa Verlinde v\u00e4itt\u00e4\u00e4, ett\u00e4 gravitaatio on \u201dentrooppinen voima, jonka synnytt\u00e4v\u00e4t aineellisten kappaleiden sijaintia koskevassa informaatiossa tapahtuvat muutokset\u201d.<\/p>\n\n\n\n<p>Saattaako tuota en\u00e4\u00e4 selke\u00e4mmin sanoa?<\/p>\n\n\n\n<p>Gravitaatio on \u2013 Verlinden mukaan \u2013 pelkk\u00e4 illuusio. Ja sy\u00f6 sanansa saman tien toteamalla, ettei se varsinaisesti ole illuusio, koska tied\u00e4mme kappaleiden putoavan. Se ei kuitenkaan selittyisi pysyv\u00e4ll\u00e4 voimalla, vaan emergentill\u00e4, ajoittain esiin ilmestyv\u00e4ll\u00e4 vuorovaikutuksella.&nbsp;<\/p>\n\n\n\n<p>Gravitaatio on ainoa tekij\u00e4, jonka perusteella on p\u00e4\u00e4telty pime\u00e4n aineen olemassaolo. Se muodostaisi yli nelj\u00e4nneksen maailmankaikkeuden massasta ja energiasta.&nbsp;<\/p>\n\n\n\n<p>Koska gravitaatio on silkkaa illuusiota, vie se tietysti pohjan my\u00f6s pime\u00e4\u00e4 ainetta koskevalta teoretisoinnilta. N\u00e4in siis esitt\u00e4\u00e4 Erik Verlinde. H\u00e4nen mukaansa gravitaatio toimii suuressa mittakaavassa Einsteinin suhteellisuusteoriasta poiketen.<\/p>\n\n\n\n<p>Aika hyvin Einsteinin yht\u00e4l\u00f6ill\u00e4 on kuitenkin pystytty selitt\u00e4m\u00e4\u00e4n ja my\u00f6s ennustamaan erilaisia universumin ilmi\u00f6it\u00e4, tuoreimpana esimerkkin\u00e4 gravitaatioaallot, joita huhujen mukaan olisi j\u00e4lleen havaittu.&nbsp;<\/p>\n\n\n\n<p>Verlinde ei suinkaan ole ainoa Einsteinin ajatukset kyseenalaistanut tutkija, mutta h\u00e4nen \u201dmullistava\u201d teoriansa p\u00e4\u00e4tynee samaan \u00d6-mappiin kuin aikaisemmatkin yritelm\u00e4t. Vaihtoehtoteoreetikot tuntuvat aina unohtavan, ett\u00e4 ollakseen uuden ajan <strong>Galileo Galilei<\/strong> ei riit\u00e4, ett\u00e4 on eri mielt\u00e4. Pit\u00e4\u00e4 olla my\u00f6s oikeassa.&nbsp;<\/p>\n\n\n\n<p>&nbsp;<\/p>\n\n\n","protected":false},"excerpt":{"rendered":"<p>Sci-Tech Universe, tuo sangen suurpiirteisesti tieteeseen ja tieteest\u00e4 uutisointiin suhtautuva sivusto otsikoi j\u00e4lleen raflaavasti: \u201dMullistavan uuden teorian mukaan gravitaatiota ja pime\u00e4\u00e4 ainetta ei ole olemassa, ja Einstein oli v\u00e4\u00e4r\u00e4ss\u00e4.\u201d Viimeinen v\u00e4ite oikeastaan jo kielii<br \/>\njutun huuhaa&hellip;<\/p>\n","protected":false},"author":557,"featured_media":0,"comment_status":"open","ping_status":"open","sticky":false,"template":"","format":"standard","meta":{"_acf_changed":false,"asauth_required_access_level":3,"asauth_cansharepaid":"true","om_header_attributes":[],"footnotes":"","om_featured_image_focal_point":[],"om_primary_tag":0,"om_contributors":[],"om_co_authors":[],"beyondwords_generate_audio":"","beyondwords_project_id":"","beyondwords_content_id":"","beyondwords_preview_token":"","beyondwords_player_content":"","beyondwords_player_style":"","beyondwords_language_code":"","beyondwords_language_id":"","beyondwords_title_voice_id":"","beyondwords_body_voice_id":"","beyondwords_summary_voice_id":"","beyondwords_error_message":"","beyondwords_disabled":"","beyondwords_delete_content":"","beyondwords_podcast_id":"","beyondwords_hash":"","publish_post_to_speechkit":"","speechkit_hash":"","speechkit_generate_audio":"","speechkit_project_id":"","speechkit_podcast_id":"","speechkit_error_message":"","speechkit_disabled":"","speechkit_access_key":"","speechkit_error":"","speechkit_info":"","speechkit_response":"","speechkit_retries":"","speechkit_status":"","speechkit_updated_at":"","_speechkit_link":"","_speechkit_text":""},"categories":[1],"tags":[229,489,117,168,16,110,488],"class_list":["post-1246","post","type-post","status-publish","format-standard","hentry","category-taivaan-tahden","tag-albert-einstein","tag-erik-verlinde","tag-gravitaatio","tag-gravitaatioaallot","tag-maailmankaikkeus","tag-pimea-aine","tag-yleinen-suhteellisuusteoria"],"om_views":null,"acf":{"tuuma_off":false,"tuuma_kysymys":"","tuuma_vastaus":""},"asauth":{"required_access_level":1,"share_token":"","is_paid":false},"yoast_head":"<!-- This site is optimized with the Yoast SEO plugin v26.4 - https:\/\/yoast.com\/wordpress\/plugins\/seo\/ -->\n<title>Einstein oli v\u00e4\u00e4r\u00e4ss\u00e4 \u2013 j\u00e4lleen kerran - Taivaan t\u00e4hden<\/title>\n<meta name=\"robots\" content=\"index, follow, max-snippet:-1, max-image-preview:large, max-video-preview:-1\" \/>\n<link rel=\"canonical\" href=\"https:\/\/suomenkuvalehti.fi\/taivaan-tahden\/2017\/08\/29\/einstein-oli-vaarassa-jalleen-kerran\/\" \/>\n<meta property=\"og:locale\" content=\"fi_FI\" \/>\n<meta property=\"og:type\" content=\"article\" \/>\n<meta property=\"og:title\" content=\"Einstein oli v\u00e4\u00e4r\u00e4ss\u00e4 \u2013 j\u00e4lleen kerran - Taivaan t\u00e4hden\" \/>\n<meta property=\"og:description\" content=\"Sci-Tech Universe, tuo sangen suurpiirteisesti tieteeseen ja tieteest\u00e4 uutisointiin suhtautuva sivusto otsikoi j\u00e4lleen raflaavasti: \u201dMullistavan uuden teorian mukaan gravitaatiota ja pime\u00e4\u00e4 ainetta ei ole olemassa, ja Einstein oli v\u00e4\u00e4r\u00e4ss\u00e4.\u201d Viimeinen v\u00e4ite oikeastaan jo kielii jutun huuhaa&hellip;\" \/>\n<meta property=\"og:url\" content=\"https:\/\/suomenkuvalehti.fi\/taivaan-tahden\/2017\/08\/29\/einstein-oli-vaarassa-jalleen-kerran\/\" \/>\n<meta property=\"og:site_name\" content=\"Taivaan t\u00e4hden\" \/>\n<meta property=\"article:published_time\" content=\"2017-08-29T09:26:49+00:00\" \/>\n<meta property=\"article:modified_time\" content=\"2017-08-29T09:30:52+00:00\" \/>\n<meta property=\"og:image\" content=\"https:\/\/suomenkuvalehti.fi\/taivaan-tahden\/wp-content\/uploads\/sites\/36\/2017\/08\/maxresdefault.jpg\" \/>\n\t<meta property=\"og:image:width\" content=\"1200\" \/>\n\t<meta property=\"og:image:height\" content=\"630\" \/>\n\t<meta property=\"og:image:type\" content=\"image\/jpeg\" \/>\n<meta name=\"author\" content=\"Markus Hotakainen\" \/>\n<meta name=\"twitter:card\" content=\"summary_large_image\" \/>\n<meta name=\"twitter:label1\" content=\"Written by\" \/>\n\t<meta name=\"twitter:data1\" content=\"Markus Hotakainen\" \/>\n\t<meta name=\"twitter:label2\" content=\"Est. reading time\" \/>\n\t<meta name=\"twitter:data2\" content=\"2 minuuttia\" \/>\n<script type=\"application\/ld+json\" class=\"yoast-schema-graph\">{\"@context\":\"https:\/\/schema.org\",\"@graph\":[{\"@type\":\"WebPage\",\"@id\":\"https:\/\/suomenkuvalehti.fi\/taivaan-tahden\/2017\/08\/29\/einstein-oli-vaarassa-jalleen-kerran\/\",\"url\":\"https:\/\/suomenkuvalehti.fi\/taivaan-tahden\/2017\/08\/29\/einstein-oli-vaarassa-jalleen-kerran\/\",\"name\":\"Einstein oli v\u00e4\u00e4r\u00e4ss\u00e4 \u2013 j\u00e4lleen kerran - Taivaan t\u00e4hden\",\"isPartOf\":{\"@id\":\"https:\/\/suomenkuvalehti.fi\/taivaan-tahden\/#website\"},\"primaryImageOfPage\":{\"@id\":\"https:\/\/suomenkuvalehti.fi\/taivaan-tahden\/2017\/08\/29\/einstein-oli-vaarassa-jalleen-kerran\/#primaryimage\"},\"image\":{\"@id\":\"https:\/\/suomenkuvalehti.fi\/taivaan-tahden\/2017\/08\/29\/einstein-oli-vaarassa-jalleen-kerran\/#primaryimage\"},\"thumbnailUrl\":\"https:\/\/suomenkuvalehti.fi\/taivaan-tahden\/wp-content\/uploads\/sites\/36\/2017\/08\/maxresdefault.jpg\",\"datePublished\":\"2017-08-29T09:26:49+00:00\",\"dateModified\":\"2017-08-29T09:30:52+00:00\",\"author\":{\"@id\":\"https:\/\/suomenkuvalehti.fi\/taivaan-tahden\/#\/schema\/person\/c9c1373acb19750e11084ef640abeae0\"},\"breadcrumb\":{\"@id\":\"https:\/\/suomenkuvalehti.fi\/taivaan-tahden\/2017\/08\/29\/einstein-oli-vaarassa-jalleen-kerran\/#breadcrumb\"},\"inLanguage\":\"fi\",\"potentialAction\":[{\"@type\":\"ReadAction\",\"target\":[\"https:\/\/suomenkuvalehti.fi\/taivaan-tahden\/2017\/08\/29\/einstein-oli-vaarassa-jalleen-kerran\/\"]}]},{\"@type\":\"ImageObject\",\"inLanguage\":\"fi\",\"@id\":\"https:\/\/suomenkuvalehti.fi\/taivaan-tahden\/2017\/08\/29\/einstein-oli-vaarassa-jalleen-kerran\/#primaryimage\",\"url\":\"https:\/\/suomenkuvalehti.fi\/taivaan-tahden\/wp-content\/uploads\/sites\/36\/2017\/08\/maxresdefault.jpg\",\"contentUrl\":\"https:\/\/suomenkuvalehti.fi\/taivaan-tahden\/wp-content\/uploads\/sites\/36\/2017\/08\/maxresdefault.jpg\"},{\"@type\":\"BreadcrumbList\",\"@id\":\"https:\/\/suomenkuvalehti.fi\/taivaan-tahden\/2017\/08\/29\/einstein-oli-vaarassa-jalleen-kerran\/#breadcrumb\",\"itemListElement\":[{\"@type\":\"ListItem\",\"position\":1,\"name\":\"Home\",\"item\":\"https:\/\/suomenkuvalehti.fi\/taivaan-tahden\/\"},{\"@type\":\"ListItem\",\"position\":2,\"name\":\"Einstein oli v\u00e4\u00e4r\u00e4ss\u00e4 \u2013 j\u00e4lleen kerran\"}]},{\"@type\":\"WebSite\",\"@id\":\"https:\/\/suomenkuvalehti.fi\/taivaan-tahden\/#website\",\"url\":\"https:\/\/suomenkuvalehti.fi\/taivaan-tahden\/\",\"name\":\"Taivaan t\u00e4hden\",\"description\":\"Tiedetoimittaja Markus Hotakainen h\u00e4mm\u00e4stelee maailmankaikkeutta.\",\"potentialAction\":[{\"@type\":\"SearchAction\",\"target\":{\"@type\":\"EntryPoint\",\"urlTemplate\":\"https:\/\/suomenkuvalehti.fi\/haku\/?q={search_term_string}\"},\"query-input\":{\"@type\":\"PropertyValueSpecification\",\"valueRequired\":true,\"valueName\":\"search_term_string\"}}],\"inLanguage\":\"fi\"},{\"@type\":\"Person\",\"@id\":\"https:\/\/suomenkuvalehti.fi\/taivaan-tahden\/#\/schema\/person\/c9c1373acb19750e11084ef640abeae0\",\"name\":\"Markus Hotakainen\",\"image\":{\"@type\":\"ImageObject\",\"inLanguage\":\"fi\",\"@id\":\"https:\/\/suomenkuvalehti.fi\/taivaan-tahden\/#\/schema\/person\/image\/\",\"url\":\"https:\/\/suomenkuvalehti.fi\/taivaan-tahden\/wp-content\/uploads\/sites\/36\/2018\/05\/markus_hotakainen_blogi_pieni-150x150.jpg\",\"contentUrl\":\"https:\/\/suomenkuvalehti.fi\/taivaan-tahden\/wp-content\/uploads\/sites\/36\/2018\/05\/markus_hotakainen_blogi_pieni-150x150.jpg\",\"caption\":\"Markus Hotakainen\"},\"description\":\"Kirjoittaja on tiedetoimittaja ja tietokirjailija.\"}]}<\/script>\n<!-- \/ Yoast SEO plugin. -->","yoast_head_json":{"title":"Einstein oli v\u00e4\u00e4r\u00e4ss\u00e4 \u2013 j\u00e4lleen kerran - Taivaan t\u00e4hden","robots":{"index":"index","follow":"follow","max-snippet":"max-snippet:-1","max-image-preview":"max-image-preview:large","max-video-preview":"max-video-preview:-1"},"canonical":"https:\/\/suomenkuvalehti.fi\/taivaan-tahden\/2017\/08\/29\/einstein-oli-vaarassa-jalleen-kerran\/","og_locale":"fi_FI","og_type":"article","og_title":"Einstein oli v\u00e4\u00e4r\u00e4ss\u00e4 \u2013 j\u00e4lleen kerran - Taivaan t\u00e4hden","og_description":"Sci-Tech Universe, tuo sangen suurpiirteisesti tieteeseen ja tieteest\u00e4 uutisointiin suhtautuva sivusto otsikoi j\u00e4lleen raflaavasti: \u201dMullistavan uuden teorian mukaan gravitaatiota ja pime\u00e4\u00e4 ainetta ei ole olemassa, ja Einstein oli v\u00e4\u00e4r\u00e4ss\u00e4.\u201d Viimeinen v\u00e4ite oikeastaan jo kielii jutun huuhaa&hellip;","og_url":"https:\/\/suomenkuvalehti.fi\/taivaan-tahden\/2017\/08\/29\/einstein-oli-vaarassa-jalleen-kerran\/","og_site_name":"Taivaan t\u00e4hden","article_published_time":"2017-08-29T09:26:49+00:00","article_modified_time":"2017-08-29T09:30:52+00:00","og_image":[{"width":1200,"height":630,"url":"https:\/\/suomenkuvalehti.fi\/taivaan-tahden\/wp-content\/uploads\/sites\/36\/2017\/08\/maxresdefault.jpg","type":"image\/jpeg"}],"author":"Markus Hotakainen","twitter_card":"summary_large_image","twitter_misc":{"Written by":"Markus Hotakainen","Est. reading time":"2 minuuttia"},"schema":{"@context":"https:\/\/schema.org","@graph":[{"@type":"WebPage","@id":"https:\/\/suomenkuvalehti.fi\/taivaan-tahden\/2017\/08\/29\/einstein-oli-vaarassa-jalleen-kerran\/","url":"https:\/\/suomenkuvalehti.fi\/taivaan-tahden\/2017\/08\/29\/einstein-oli-vaarassa-jalleen-kerran\/","name":"Einstein oli v\u00e4\u00e4r\u00e4ss\u00e4 \u2013 j\u00e4lleen kerran - Taivaan t\u00e4hden","isPartOf":{"@id":"https:\/\/suomenkuvalehti.fi\/taivaan-tahden\/#website"},"primaryImageOfPage":{"@id":"https:\/\/suomenkuvalehti.fi\/taivaan-tahden\/2017\/08\/29\/einstein-oli-vaarassa-jalleen-kerran\/#primaryimage"},"image":{"@id":"https:\/\/suomenkuvalehti.fi\/taivaan-tahden\/2017\/08\/29\/einstein-oli-vaarassa-jalleen-kerran\/#primaryimage"},"thumbnailUrl":"https:\/\/suomenkuvalehti.fi\/taivaan-tahden\/wp-content\/uploads\/sites\/36\/2017\/08\/maxresdefault.jpg","datePublished":"2017-08-29T09:26:49+00:00","dateModified":"2017-08-29T09:30:52+00:00","author":{"@id":"https:\/\/suomenkuvalehti.fi\/taivaan-tahden\/#\/schema\/person\/c9c1373acb19750e11084ef640abeae0"},"breadcrumb":{"@id":"https:\/\/suomenkuvalehti.fi\/taivaan-tahden\/2017\/08\/29\/einstein-oli-vaarassa-jalleen-kerran\/#breadcrumb"},"inLanguage":"fi","potentialAction":[{"@type":"ReadAction","target":["https:\/\/suomenkuvalehti.fi\/taivaan-tahden\/2017\/08\/29\/einstein-oli-vaarassa-jalleen-kerran\/"]}]},{"@type":"ImageObject","inLanguage":"fi","@id":"https:\/\/suomenkuvalehti.fi\/taivaan-tahden\/2017\/08\/29\/einstein-oli-vaarassa-jalleen-kerran\/#primaryimage","url":"https:\/\/suomenkuvalehti.fi\/taivaan-tahden\/wp-content\/uploads\/sites\/36\/2017\/08\/maxresdefault.jpg","contentUrl":"https:\/\/suomenkuvalehti.fi\/taivaan-tahden\/wp-content\/uploads\/sites\/36\/2017\/08\/maxresdefault.jpg"},{"@type":"BreadcrumbList","@id":"https:\/\/suomenkuvalehti.fi\/taivaan-tahden\/2017\/08\/29\/einstein-oli-vaarassa-jalleen-kerran\/#breadcrumb","itemListElement":[{"@type":"ListItem","position":1,"name":"Home","item":"https:\/\/suomenkuvalehti.fi\/taivaan-tahden\/"},{"@type":"ListItem","position":2,"name":"Einstein oli v\u00e4\u00e4r\u00e4ss\u00e4 \u2013 j\u00e4lleen kerran"}]},{"@type":"WebSite","@id":"https:\/\/suomenkuvalehti.fi\/taivaan-tahden\/#website","url":"https:\/\/suomenkuvalehti.fi\/taivaan-tahden\/","name":"Taivaan t\u00e4hden","description":"Tiedetoimittaja Markus Hotakainen h\u00e4mm\u00e4stelee maailmankaikkeutta.","potentialAction":[{"@type":"SearchAction","target":{"@type":"EntryPoint","urlTemplate":"https:\/\/suomenkuvalehti.fi\/haku\/?q={search_term_string}"},"query-input":{"@type":"PropertyValueSpecification","valueRequired":true,"valueName":"search_term_string"}}],"inLanguage":"fi"},{"@type":"Person","@id":"https:\/\/suomenkuvalehti.fi\/taivaan-tahden\/#\/schema\/person\/c9c1373acb19750e11084ef640abeae0","name":"Markus Hotakainen","image":{"@type":"ImageObject","inLanguage":"fi","@id":"https:\/\/suomenkuvalehti.fi\/taivaan-tahden\/#\/schema\/person\/image\/","url":"https:\/\/suomenkuvalehti.fi\/taivaan-tahden\/wp-content\/uploads\/sites\/36\/2018\/05\/markus_hotakainen_blogi_pieni-150x150.jpg","contentUrl":"https:\/\/suomenkuvalehti.fi\/taivaan-tahden\/wp-content\/uploads\/sites\/36\/2018\/05\/markus_hotakainen_blogi_pieni-150x150.jpg","caption":"Markus Hotakainen"},"description":"Kirjoittaja on tiedetoimittaja ja tietokirjailija."}]}},"_links":{"self":[{"href":"https:\/\/suomenkuvalehti.fi\/taivaan-tahden\/wp-json\/wp\/v2\/posts\/1246","targetHints":{"allow":["GET"]}}],"collection":[{"href":"https:\/\/suomenkuvalehti.fi\/taivaan-tahden\/wp-json\/wp\/v2\/posts"}],"about":[{"href":"https:\/\/suomenkuvalehti.fi\/taivaan-tahden\/wp-json\/wp\/v2\/types\/post"}],"author":[{"embeddable":true,"href":"https:\/\/suomenkuvalehti.fi\/taivaan-tahden\/wp-json\/wp\/v2\/users\/557"}],"replies":[{"embeddable":true,"href":"https:\/\/suomenkuvalehti.fi\/taivaan-tahden\/wp-json\/wp\/v2\/comments?post=1246"}],"version-history":[{"count":5,"href":"https:\/\/suomenkuvalehti.fi\/taivaan-tahden\/wp-json\/wp\/v2\/posts\/1246\/revisions"}],"predecessor-version":[{"id":1254,"href":"https:\/\/suomenkuvalehti.fi\/taivaan-tahden\/wp-json\/wp\/v2\/posts\/1246\/revisions\/1254"}],"wp:attachment":[{"href":"https:\/\/suomenkuvalehti.fi\/taivaan-tahden\/wp-json\/wp\/v2\/media?parent=1246"}],"wp:term":[{"taxonomy":"category","embeddable":true,"href":"https:\/\/suomenkuvalehti.fi\/taivaan-tahden\/wp-json\/wp\/v2\/categories?post=1246"},{"taxonomy":"post_tag","embeddable":true,"href":"https:\/\/suomenkuvalehti.fi\/taivaan-tahden\/wp-json\/wp\/v2\/tags?post=1246"}],"curies":[{"name":"wp","href":"https:\/\/api.w.org\/{rel}","templated":true}]}}