{"id":1219,"date":"2017-08-11T11:11:03","date_gmt":"2017-08-11T08:11:03","guid":{"rendered":"https:\/\/suomenkuvalehti.fi\/taivaan-tahden\/?p=1219"},"modified":"2017-08-11T11:11:03","modified_gmt":"2017-08-11T08:11:03","slug":"katse-ylos-pain-viikonloppuna-viuhuu-tahdenlentoja","status":"publish","type":"post","link":"https:\/\/suomenkuvalehti.fi\/taivaan-tahden\/2017\/08\/11\/katse-ylos-pain-viikonloppuna-viuhuu-tahdenlentoja\/","title":{"rendered":"Katse yl\u00f6s\u2026 P\u00c4IN! Viikonloppuna viuhuu t\u00e4hdenlentoja"},"content":{"rendered":"<figure class=\"aligncenter size-large is-resized wp-block-image\">\n  <div class=\"wp-block-image__inner-container\">\n    <a href=\"https:\/\/suomenkuvalehti.fi\/taivaan-tahden\/wp-content\/uploads\/sites\/36\/2017\/08\/geminid20091209-full.jpg\"><img loading=\"lazy\" decoding=\"async\" src=\"https:\/\/suomenkuvalehti.fi\/taivaan-tahden\/wp-content\/uploads\/sites\/36\/2017\/08\/geminid20091209-full-1024x576.jpg\" alt=\"\" class=\"wp-image-1220\" width=\"1024\" height=\"576\" style=\"--aspect-ratio: 1.78\" srcset=\"https:\/\/suomenkuvalehti.fi\/taivaan-tahden\/wp-content\/uploads\/sites\/36\/2017\/08\/geminid20091209-full-1024x576.jpg 1024w, https:\/\/suomenkuvalehti.fi\/taivaan-tahden\/wp-content\/uploads\/sites\/36\/2017\/08\/geminid20091209-full-300x169.jpg 300w, https:\/\/suomenkuvalehti.fi\/taivaan-tahden\/wp-content\/uploads\/sites\/36\/2017\/08\/geminid20091209-full-768x432.jpg 768w, https:\/\/suomenkuvalehti.fi\/taivaan-tahden\/wp-content\/uploads\/sites\/36\/2017\/08\/geminid20091209-full-630x355.jpg 630w, https:\/\/suomenkuvalehti.fi\/taivaan-tahden\/wp-content\/uploads\/sites\/36\/2017\/08\/geminid20091209-full.jpg 1260w\" sizes=\"auto, (max-width: 1024px) 100vw, 1024px\" \/><\/a>    <figcaption class=\"wp-block-image__figcaption\">\n      Aivan t\u00e4llaista ilotulitusta ei ole odotettavissa. Kuva on yhdistetty useista otoksista. Kuva: NASA \/ JPL          <\/figcaption>\n      <\/div>\n<\/figure>\n\n\n<p>S\u00e4\u00e4ennusteet ovat taas perinteisill\u00e4 linjoilla: kun taivaalla tapahtuu jotain, eteen ilmestyy pilviverho. Lauantain ja sunnuntain v\u00e4liseksi y\u00f6ksi povataan ainakin t\u00e4nne Etel\u00e4-Suomeen sadetta ja ukkosta.<\/p>\n\n\n\n<p>Taitaa siis j\u00e4\u00e4d\u00e4 t\u00e4n\u00e4kin vuonna perseidien meteoriparven maksimi n\u00e4kem\u00e4tt\u00e4. Nimens\u00e4 parvi on saanut Perseuksen t\u00e4hdist\u00f6lt\u00e4, jonka suunnasta meteorit n\u00e4ytt\u00e4v\u00e4t sinkoilevan.&nbsp;<\/p>\n\n\n\n<p>Vuosittain toistuvan parven t\u00e4hdenlentoja on n\u00e4kynyt jo hein\u00e4kuun puoliv\u00e4list\u00e4 l\u00e4htien, mutta eniten niit\u00e4 n\u00e4kyy huippuy\u00f6n\u00e4. Tai siis n\u00e4kyisi.<\/p>\n\n\n\n<p>Jos olot olisivat ideaalit eli taivas pilvet\u00f6n ja Kuu teill\u00e4 tiettym\u00e4tt\u00f6mill\u00e4, voisi taikauskoon kallistuva t\u00e4hyilij\u00e4 esitt\u00e4\u00e4 kymmeni\u00e4 toiveita tunnissa. Swiftin-Tuttlen komeetan j\u00e4lkeens\u00e4 j\u00e4tt\u00e4m\u00e4n p\u00f6lypilven hiukkasia sy\u00f6ksyy silloin tiuhaan tahtiin Maan ilmakeh\u00e4\u00e4n.<\/p>\n\n\n\n<p>Pikkuruiset p\u00f6lyhiukkaset, joista suurimmat saattavat olla jopa hiekanjyv\u00e4n kokoluokkaa, palavat ilman kitkan kuumentamina tuhkaksi hieman alle sadan kilometrin korkeudessa. \u00c4kkin\u00e4inen tuhoutuminen n\u00e4kyy valoviiruna taivaalla.<\/p>\n\n\n\n<p>T\u00e4ll\u00e4 kertaa olosuhteet eiv\u00e4t olisi ideaalit, vaikka pilvet pysyisiv\u00e4tkin loitolla. Kuu on hieman puolikasta pullukampi ja loistaa taivaalla koko maksimiy\u00f6n. Se nousee id\u00e4st\u00e4 ennen iltayht\u00e4toista ja on aamuy\u00f6ll\u00e4 etel\u00e4n suunnalla.&nbsp;<\/p>\n\n\n\n<p>Kuun hohde peitt\u00e4\u00e4 n\u00e4kyvist\u00e4 himme\u00e4mm\u00e4t t\u00e4hdenlennot eik\u00e4 asiaa auta se, ett\u00e4 elokuun puoliv\u00e4liss\u00e4 y\u00f6 ei muutenkaan pimene kokonaan: taivas on hieman vaalea keskell\u00e4 y\u00f6t\u00e4kin.<\/p>\n\n\n\n<p>Jos jostain k\u00e4sitt\u00e4m\u00e4tt\u00f6m\u00e4st\u00e4 luonnonoikusta lauantain ja sunnuntain v\u00e4lisen\u00e4 y\u00f6n\u00e4 sattuu olemaan selke\u00e4\u00e4, kannattaa viett\u00e4\u00e4 tovi t\u00e4htikirkkaan taivaan alla. Meteoreja n\u00e4kyy eniten aamuy\u00f6ll\u00e4, mutta niit\u00e4 voi yritt\u00e4\u00e4 bongailla heti kun taivas alkaa tummua.&nbsp;<\/p>\n\n\n\n<p>Talveen osuvat geminidien ja kvadrantidien meteoriparvet ovat viel\u00e4 perseidej\u00e4kin aktiivisempia, mutta loppukes\u00e4n parvella on puolellaan se etu, ett\u00e4 y\u00f6t voivat n\u00e4ihin aikoihin olla viel\u00e4 melko l\u00e4mpimi\u00e4.&nbsp;<\/p>\n\n\n\n<p>Jotta v\u00e4lttyy piinalliselta niskakivulta seuraavana p\u00e4iv\u00e4n\u00e4, kannattaa raahata lepotuoli, ilmapatja tai vaikka makuualusta paikkaan, josta on mahdollisimman avoin n\u00e4kym\u00e4 taivaalle. Jos parven aktiivisuus jossain vaiheessa hieman hiipuu, voi ottaa vaikka pienet torkut. &nbsp;<\/p>\n\n\n","protected":false},"excerpt":{"rendered":"<p>S\u00e4\u00e4ennusteet ovat taas perinteisill\u00e4 linjoilla: kun taivaalla tapahtuu jotain, eteen ilmestyy pilviverho. Lauantain ja sunnuntain v\u00e4liseksi y\u00f6ksi povataan ainakin t\u00e4nne Etel\u00e4-Suomeen sadetta ja ukkosta. Taitaa siis j\u00e4\u00e4d\u00e4 t\u00e4n\u00e4kin vuonna perseidien meteoriparven<br \/>\nmaksimi n\u00e4k&hellip;<\/p>\n","protected":false},"author":557,"featured_media":0,"comment_status":"open","ping_status":"open","sticky":false,"template":"","format":"standard","meta":{"_acf_changed":false,"asauth_required_access_level":3,"asauth_cansharepaid":"true","om_header_attributes":[],"footnotes":"","om_featured_image_focal_point":[],"om_primary_tag":0,"om_contributors":[],"om_co_authors":[],"beyondwords_generate_audio":"","beyondwords_project_id":"","beyondwords_content_id":"","beyondwords_preview_token":"","beyondwords_player_content":"","beyondwords_player_style":"","beyondwords_language_code":"","beyondwords_language_id":"","beyondwords_title_voice_id":"","beyondwords_body_voice_id":"","beyondwords_summary_voice_id":"","beyondwords_error_message":"","beyondwords_disabled":"","beyondwords_delete_content":"","beyondwords_podcast_id":"","beyondwords_hash":"","publish_post_to_speechkit":"","speechkit_hash":"","speechkit_generate_audio":"","speechkit_project_id":"","speechkit_podcast_id":"","speechkit_error_message":"","speechkit_disabled":"","speechkit_access_key":"","speechkit_error":"","speechkit_info":"","speechkit_response":"","speechkit_retries":"","speechkit_status":"","speechkit_updated_at":"","_speechkit_link":"","_speechkit_text":""},"categories":[1],"tags":[104,5,28,69,71,68],"class_list":["post-1219","post","type-post","status-publish","format-standard","hentry","category-taivaan-tahden","tag-komeetta","tag-kuu","tag-meteori","tag-perseidit","tag-swift-tuttle","tag-tahdenlento"],"om_views":null,"acf":{"tuuma_off":false,"tuuma_kysymys":"","tuuma_vastaus":""},"asauth":{"required_access_level":1,"share_token":"","is_paid":false},"yoast_head":"<!-- This site is optimized with the Yoast SEO plugin v26.4 - https:\/\/yoast.com\/wordpress\/plugins\/seo\/ -->\n<title>Katse yl\u00f6s\u2026 P\u00c4IN! Viikonloppuna viuhuu t\u00e4hdenlentoja - Taivaan t\u00e4hden<\/title>\n<meta name=\"robots\" content=\"index, follow, max-snippet:-1, max-image-preview:large, max-video-preview:-1\" \/>\n<link rel=\"canonical\" href=\"https:\/\/suomenkuvalehti.fi\/taivaan-tahden\/2017\/08\/11\/katse-ylos-pain-viikonloppuna-viuhuu-tahdenlentoja\/\" \/>\n<meta property=\"og:locale\" content=\"fi_FI\" \/>\n<meta property=\"og:type\" content=\"article\" \/>\n<meta property=\"og:title\" content=\"Katse yl\u00f6s\u2026 P\u00c4IN! Viikonloppuna viuhuu t\u00e4hdenlentoja - Taivaan t\u00e4hden\" \/>\n<meta property=\"og:description\" content=\"S\u00e4\u00e4ennusteet ovat taas perinteisill\u00e4 linjoilla: kun taivaalla tapahtuu jotain, eteen ilmestyy pilviverho. Lauantain ja sunnuntain v\u00e4liseksi y\u00f6ksi povataan ainakin t\u00e4nne Etel\u00e4-Suomeen sadetta ja ukkosta. Taitaa siis j\u00e4\u00e4d\u00e4 t\u00e4n\u00e4kin vuonna perseidien meteoriparven maksimi n\u00e4k&hellip;\" \/>\n<meta property=\"og:url\" content=\"https:\/\/suomenkuvalehti.fi\/taivaan-tahden\/2017\/08\/11\/katse-ylos-pain-viikonloppuna-viuhuu-tahdenlentoja\/\" \/>\n<meta property=\"og:site_name\" content=\"Taivaan t\u00e4hden\" \/>\n<meta property=\"article:published_time\" content=\"2017-08-11T08:11:03+00:00\" \/>\n<meta property=\"og:image\" content=\"https:\/\/suomenkuvalehti.fi\/taivaan-tahden\/wp-content\/uploads\/sites\/36\/2017\/08\/geminid20091209-full.jpg\" \/>\n\t<meta property=\"og:image:width\" content=\"1260\" \/>\n\t<meta property=\"og:image:height\" content=\"709\" \/>\n\t<meta property=\"og:image:type\" content=\"image\/jpeg\" \/>\n<meta name=\"author\" content=\"Markus Hotakainen\" \/>\n<meta name=\"twitter:card\" content=\"summary_large_image\" \/>\n<meta name=\"twitter:label1\" content=\"Written by\" \/>\n\t<meta name=\"twitter:data1\" content=\"Markus Hotakainen\" \/>\n\t<meta name=\"twitter:label2\" content=\"Est. reading time\" \/>\n\t<meta name=\"twitter:data2\" content=\"2 minuuttia\" \/>\n<script type=\"application\/ld+json\" class=\"yoast-schema-graph\">{\"@context\":\"https:\/\/schema.org\",\"@graph\":[{\"@type\":\"WebPage\",\"@id\":\"https:\/\/suomenkuvalehti.fi\/taivaan-tahden\/2017\/08\/11\/katse-ylos-pain-viikonloppuna-viuhuu-tahdenlentoja\/\",\"url\":\"https:\/\/suomenkuvalehti.fi\/taivaan-tahden\/2017\/08\/11\/katse-ylos-pain-viikonloppuna-viuhuu-tahdenlentoja\/\",\"name\":\"Katse yl\u00f6s\u2026 P\u00c4IN! Viikonloppuna viuhuu t\u00e4hdenlentoja - Taivaan t\u00e4hden\",\"isPartOf\":{\"@id\":\"https:\/\/suomenkuvalehti.fi\/taivaan-tahden\/#website\"},\"primaryImageOfPage\":{\"@id\":\"https:\/\/suomenkuvalehti.fi\/taivaan-tahden\/2017\/08\/11\/katse-ylos-pain-viikonloppuna-viuhuu-tahdenlentoja\/#primaryimage\"},\"image\":{\"@id\":\"https:\/\/suomenkuvalehti.fi\/taivaan-tahden\/2017\/08\/11\/katse-ylos-pain-viikonloppuna-viuhuu-tahdenlentoja\/#primaryimage\"},\"thumbnailUrl\":\"https:\/\/suomenkuvalehti.fi\/taivaan-tahden\/wp-content\/uploads\/sites\/36\/2017\/08\/geminid20091209-full-1024x576.jpg\",\"datePublished\":\"2017-08-11T08:11:03+00:00\",\"author\":{\"@id\":\"https:\/\/suomenkuvalehti.fi\/taivaan-tahden\/#\/schema\/person\/c9c1373acb19750e11084ef640abeae0\"},\"breadcrumb\":{\"@id\":\"https:\/\/suomenkuvalehti.fi\/taivaan-tahden\/2017\/08\/11\/katse-ylos-pain-viikonloppuna-viuhuu-tahdenlentoja\/#breadcrumb\"},\"inLanguage\":\"fi\",\"potentialAction\":[{\"@type\":\"ReadAction\",\"target\":[\"https:\/\/suomenkuvalehti.fi\/taivaan-tahden\/2017\/08\/11\/katse-ylos-pain-viikonloppuna-viuhuu-tahdenlentoja\/\"]}]},{\"@type\":\"ImageObject\",\"inLanguage\":\"fi\",\"@id\":\"https:\/\/suomenkuvalehti.fi\/taivaan-tahden\/2017\/08\/11\/katse-ylos-pain-viikonloppuna-viuhuu-tahdenlentoja\/#primaryimage\",\"url\":\"https:\/\/suomenkuvalehti.fi\/taivaan-tahden\/wp-content\/uploads\/sites\/36\/2017\/08\/geminid20091209-full.jpg\",\"contentUrl\":\"https:\/\/suomenkuvalehti.fi\/taivaan-tahden\/wp-content\/uploads\/sites\/36\/2017\/08\/geminid20091209-full.jpg\",\"width\":1260,\"height\":709},{\"@type\":\"BreadcrumbList\",\"@id\":\"https:\/\/suomenkuvalehti.fi\/taivaan-tahden\/2017\/08\/11\/katse-ylos-pain-viikonloppuna-viuhuu-tahdenlentoja\/#breadcrumb\",\"itemListElement\":[{\"@type\":\"ListItem\",\"position\":1,\"name\":\"Home\",\"item\":\"https:\/\/suomenkuvalehti.fi\/taivaan-tahden\/\"},{\"@type\":\"ListItem\",\"position\":2,\"name\":\"Katse yl\u00f6s\u2026 P\u00c4IN! Viikonloppuna viuhuu t\u00e4hdenlentoja\"}]},{\"@type\":\"WebSite\",\"@id\":\"https:\/\/suomenkuvalehti.fi\/taivaan-tahden\/#website\",\"url\":\"https:\/\/suomenkuvalehti.fi\/taivaan-tahden\/\",\"name\":\"Taivaan t\u00e4hden\",\"description\":\"Tiedetoimittaja Markus Hotakainen h\u00e4mm\u00e4stelee maailmankaikkeutta.\",\"potentialAction\":[{\"@type\":\"SearchAction\",\"target\":{\"@type\":\"EntryPoint\",\"urlTemplate\":\"https:\/\/suomenkuvalehti.fi\/haku\/?q={search_term_string}\"},\"query-input\":{\"@type\":\"PropertyValueSpecification\",\"valueRequired\":true,\"valueName\":\"search_term_string\"}}],\"inLanguage\":\"fi\"},{\"@type\":\"Person\",\"@id\":\"https:\/\/suomenkuvalehti.fi\/taivaan-tahden\/#\/schema\/person\/c9c1373acb19750e11084ef640abeae0\",\"name\":\"Markus Hotakainen\",\"image\":{\"@type\":\"ImageObject\",\"inLanguage\":\"fi\",\"@id\":\"https:\/\/suomenkuvalehti.fi\/taivaan-tahden\/#\/schema\/person\/image\/\",\"url\":\"https:\/\/suomenkuvalehti.fi\/taivaan-tahden\/wp-content\/uploads\/sites\/36\/2018\/05\/markus_hotakainen_blogi_pieni-150x150.jpg\",\"contentUrl\":\"https:\/\/suomenkuvalehti.fi\/taivaan-tahden\/wp-content\/uploads\/sites\/36\/2018\/05\/markus_hotakainen_blogi_pieni-150x150.jpg\",\"caption\":\"Markus Hotakainen\"},\"description\":\"Kirjoittaja on tiedetoimittaja ja tietokirjailija.\"}]}<\/script>\n<!-- \/ Yoast SEO plugin. -->","yoast_head_json":{"title":"Katse yl\u00f6s\u2026 P\u00c4IN! Viikonloppuna viuhuu t\u00e4hdenlentoja - Taivaan t\u00e4hden","robots":{"index":"index","follow":"follow","max-snippet":"max-snippet:-1","max-image-preview":"max-image-preview:large","max-video-preview":"max-video-preview:-1"},"canonical":"https:\/\/suomenkuvalehti.fi\/taivaan-tahden\/2017\/08\/11\/katse-ylos-pain-viikonloppuna-viuhuu-tahdenlentoja\/","og_locale":"fi_FI","og_type":"article","og_title":"Katse yl\u00f6s\u2026 P\u00c4IN! Viikonloppuna viuhuu t\u00e4hdenlentoja - Taivaan t\u00e4hden","og_description":"S\u00e4\u00e4ennusteet ovat taas perinteisill\u00e4 linjoilla: kun taivaalla tapahtuu jotain, eteen ilmestyy pilviverho. Lauantain ja sunnuntain v\u00e4liseksi y\u00f6ksi povataan ainakin t\u00e4nne Etel\u00e4-Suomeen sadetta ja ukkosta. Taitaa siis j\u00e4\u00e4d\u00e4 t\u00e4n\u00e4kin vuonna perseidien meteoriparven maksimi n\u00e4k&hellip;","og_url":"https:\/\/suomenkuvalehti.fi\/taivaan-tahden\/2017\/08\/11\/katse-ylos-pain-viikonloppuna-viuhuu-tahdenlentoja\/","og_site_name":"Taivaan t\u00e4hden","article_published_time":"2017-08-11T08:11:03+00:00","og_image":[{"width":1260,"height":709,"url":"https:\/\/suomenkuvalehti.fi\/taivaan-tahden\/wp-content\/uploads\/sites\/36\/2017\/08\/geminid20091209-full.jpg","type":"image\/jpeg"}],"author":"Markus Hotakainen","twitter_card":"summary_large_image","twitter_misc":{"Written by":"Markus Hotakainen","Est. reading time":"2 minuuttia"},"schema":{"@context":"https:\/\/schema.org","@graph":[{"@type":"WebPage","@id":"https:\/\/suomenkuvalehti.fi\/taivaan-tahden\/2017\/08\/11\/katse-ylos-pain-viikonloppuna-viuhuu-tahdenlentoja\/","url":"https:\/\/suomenkuvalehti.fi\/taivaan-tahden\/2017\/08\/11\/katse-ylos-pain-viikonloppuna-viuhuu-tahdenlentoja\/","name":"Katse yl\u00f6s\u2026 P\u00c4IN! Viikonloppuna viuhuu t\u00e4hdenlentoja - Taivaan t\u00e4hden","isPartOf":{"@id":"https:\/\/suomenkuvalehti.fi\/taivaan-tahden\/#website"},"primaryImageOfPage":{"@id":"https:\/\/suomenkuvalehti.fi\/taivaan-tahden\/2017\/08\/11\/katse-ylos-pain-viikonloppuna-viuhuu-tahdenlentoja\/#primaryimage"},"image":{"@id":"https:\/\/suomenkuvalehti.fi\/taivaan-tahden\/2017\/08\/11\/katse-ylos-pain-viikonloppuna-viuhuu-tahdenlentoja\/#primaryimage"},"thumbnailUrl":"https:\/\/suomenkuvalehti.fi\/taivaan-tahden\/wp-content\/uploads\/sites\/36\/2017\/08\/geminid20091209-full-1024x576.jpg","datePublished":"2017-08-11T08:11:03+00:00","author":{"@id":"https:\/\/suomenkuvalehti.fi\/taivaan-tahden\/#\/schema\/person\/c9c1373acb19750e11084ef640abeae0"},"breadcrumb":{"@id":"https:\/\/suomenkuvalehti.fi\/taivaan-tahden\/2017\/08\/11\/katse-ylos-pain-viikonloppuna-viuhuu-tahdenlentoja\/#breadcrumb"},"inLanguage":"fi","potentialAction":[{"@type":"ReadAction","target":["https:\/\/suomenkuvalehti.fi\/taivaan-tahden\/2017\/08\/11\/katse-ylos-pain-viikonloppuna-viuhuu-tahdenlentoja\/"]}]},{"@type":"ImageObject","inLanguage":"fi","@id":"https:\/\/suomenkuvalehti.fi\/taivaan-tahden\/2017\/08\/11\/katse-ylos-pain-viikonloppuna-viuhuu-tahdenlentoja\/#primaryimage","url":"https:\/\/suomenkuvalehti.fi\/taivaan-tahden\/wp-content\/uploads\/sites\/36\/2017\/08\/geminid20091209-full.jpg","contentUrl":"https:\/\/suomenkuvalehti.fi\/taivaan-tahden\/wp-content\/uploads\/sites\/36\/2017\/08\/geminid20091209-full.jpg","width":1260,"height":709},{"@type":"BreadcrumbList","@id":"https:\/\/suomenkuvalehti.fi\/taivaan-tahden\/2017\/08\/11\/katse-ylos-pain-viikonloppuna-viuhuu-tahdenlentoja\/#breadcrumb","itemListElement":[{"@type":"ListItem","position":1,"name":"Home","item":"https:\/\/suomenkuvalehti.fi\/taivaan-tahden\/"},{"@type":"ListItem","position":2,"name":"Katse yl\u00f6s\u2026 P\u00c4IN! Viikonloppuna viuhuu t\u00e4hdenlentoja"}]},{"@type":"WebSite","@id":"https:\/\/suomenkuvalehti.fi\/taivaan-tahden\/#website","url":"https:\/\/suomenkuvalehti.fi\/taivaan-tahden\/","name":"Taivaan t\u00e4hden","description":"Tiedetoimittaja Markus Hotakainen h\u00e4mm\u00e4stelee maailmankaikkeutta.","potentialAction":[{"@type":"SearchAction","target":{"@type":"EntryPoint","urlTemplate":"https:\/\/suomenkuvalehti.fi\/haku\/?q={search_term_string}"},"query-input":{"@type":"PropertyValueSpecification","valueRequired":true,"valueName":"search_term_string"}}],"inLanguage":"fi"},{"@type":"Person","@id":"https:\/\/suomenkuvalehti.fi\/taivaan-tahden\/#\/schema\/person\/c9c1373acb19750e11084ef640abeae0","name":"Markus Hotakainen","image":{"@type":"ImageObject","inLanguage":"fi","@id":"https:\/\/suomenkuvalehti.fi\/taivaan-tahden\/#\/schema\/person\/image\/","url":"https:\/\/suomenkuvalehti.fi\/taivaan-tahden\/wp-content\/uploads\/sites\/36\/2018\/05\/markus_hotakainen_blogi_pieni-150x150.jpg","contentUrl":"https:\/\/suomenkuvalehti.fi\/taivaan-tahden\/wp-content\/uploads\/sites\/36\/2018\/05\/markus_hotakainen_blogi_pieni-150x150.jpg","caption":"Markus Hotakainen"},"description":"Kirjoittaja on tiedetoimittaja ja tietokirjailija."}]}},"_links":{"self":[{"href":"https:\/\/suomenkuvalehti.fi\/taivaan-tahden\/wp-json\/wp\/v2\/posts\/1219","targetHints":{"allow":["GET"]}}],"collection":[{"href":"https:\/\/suomenkuvalehti.fi\/taivaan-tahden\/wp-json\/wp\/v2\/posts"}],"about":[{"href":"https:\/\/suomenkuvalehti.fi\/taivaan-tahden\/wp-json\/wp\/v2\/types\/post"}],"author":[{"embeddable":true,"href":"https:\/\/suomenkuvalehti.fi\/taivaan-tahden\/wp-json\/wp\/v2\/users\/557"}],"replies":[{"embeddable":true,"href":"https:\/\/suomenkuvalehti.fi\/taivaan-tahden\/wp-json\/wp\/v2\/comments?post=1219"}],"version-history":[{"count":1,"href":"https:\/\/suomenkuvalehti.fi\/taivaan-tahden\/wp-json\/wp\/v2\/posts\/1219\/revisions"}],"predecessor-version":[{"id":1221,"href":"https:\/\/suomenkuvalehti.fi\/taivaan-tahden\/wp-json\/wp\/v2\/posts\/1219\/revisions\/1221"}],"wp:attachment":[{"href":"https:\/\/suomenkuvalehti.fi\/taivaan-tahden\/wp-json\/wp\/v2\/media?parent=1219"}],"wp:term":[{"taxonomy":"category","embeddable":true,"href":"https:\/\/suomenkuvalehti.fi\/taivaan-tahden\/wp-json\/wp\/v2\/categories?post=1219"},{"taxonomy":"post_tag","embeddable":true,"href":"https:\/\/suomenkuvalehti.fi\/taivaan-tahden\/wp-json\/wp\/v2\/tags?post=1219"}],"curies":[{"name":"wp","href":"https:\/\/api.w.org\/{rel}","templated":true}]}}