{"id":1213,"date":"2017-08-07T08:32:31","date_gmt":"2017-08-07T05:32:31","guid":{"rendered":"https:\/\/suomenkuvalehti.fi\/taivaan-tahden\/?p=1213"},"modified":"2017-08-07T14:55:41","modified_gmt":"2017-08-07T11:55:41","slug":"kuu-pimenee-mutta-vain-aavistuksen","status":"publish","type":"post","link":"https:\/\/suomenkuvalehti.fi\/taivaan-tahden\/2017\/08\/07\/kuu-pimenee-mutta-vain-aavistuksen\/","title":{"rendered":"Kuu pimenee, mutta vain aavistuksen\u00a0"},"content":{"rendered":"<figure class=\"wp-block-image size-large is-resized alignnone\">\n  <div class=\"wp-block-image__inner-container\">\n    <a href=\"https:\/\/suomenkuvalehti.fi\/taivaan-tahden\/wp-content\/uploads\/sites\/36\/2017\/08\/pimennys_2013_sk.jpeg\"><img loading=\"lazy\" decoding=\"async\" src=\"https:\/\/suomenkuvalehti.fi\/taivaan-tahden\/wp-content\/uploads\/sites\/36\/2017\/08\/pimennys_2013_sk-1024x739.jpeg\" alt=\"\" class=\"wp-image-1214\" width=\"1024\" height=\"739\" style=\"--aspect-ratio: 1.39\" srcset=\"https:\/\/suomenkuvalehti.fi\/taivaan-tahden\/wp-content\/uploads\/sites\/36\/2017\/08\/pimennys_2013_sk-1024x739.jpeg 1024w, https:\/\/suomenkuvalehti.fi\/taivaan-tahden\/wp-content\/uploads\/sites\/36\/2017\/08\/pimennys_2013_sk-300x216.jpeg 300w, https:\/\/suomenkuvalehti.fi\/taivaan-tahden\/wp-content\/uploads\/sites\/36\/2017\/08\/pimennys_2013_sk-768x554.jpeg 768w, https:\/\/suomenkuvalehti.fi\/taivaan-tahden\/wp-content\/uploads\/sites\/36\/2017\/08\/pimennys_2013_sk-630x454.jpeg 630w, https:\/\/suomenkuvalehti.fi\/taivaan-tahden\/wp-content\/uploads\/sites\/36\/2017\/08\/pimennys_2013_sk.jpeg 1575w\" sizes=\"auto, (max-width: 1024px) 100vw, 1024px\" \/><\/a>    <figcaption class=\"wp-block-image__figcaption\">\n      Huhtikuussa 2013 pimeni Kuun yl\u00e4reuna. Kuva: Markus Hotakainen          <\/figcaption>\n      <\/div>\n<\/figure>\n\n\n<p>Maanantai-iltana on kuunpimennys. Mit\u00e4\u00e4n massiivista spektaakkelia ei kannata odotella, sill\u00e4 ilmi\u00f6 on t\u00e4ll\u00e4 kertaa monestakin syyst\u00e4 aika marginaalinen.<\/p>\n\n\n\n<p>Ensinn\u00e4kin pimennys on vain osittainen. Kuu viist\u00e4\u00e4 Maan heitt\u00e4m\u00e4n varjon yl\u00e4reunaa, joten ainoastaan kiertolaisemme alaosa tummuu hiukan. Kuu ei muutu verenkarvaiseksi palloksi, kuten t\u00e4ydellisen kuunpimennyksen aikana.<\/p>\n\n\n\n<p>Toisekseen taivas on pimennyksen aikana viel\u00e4 valoisa. Pimennys on syvimmill\u00e4\u00e4n 20 minuuttia yli iltayhdeks\u00e4n ja Aurinko laskee etel\u00e4isess\u00e4 Suomessa horisontin taakse vasta puoli kymmenen j\u00e4lkeen.&nbsp;<\/p>\n\n\n\n<p>Pohjoisemmas ment\u00e4ess\u00e4 auringonlasku siirtyy yh\u00e4 my\u00f6h\u00e4isemm\u00e4ksi. Kuun v\u00e4h\u00e4ist\u00e4 himmenemist\u00e4 on silloin vaikea edes huomata. Sit\u00e4 paitsi \u2013 kolmanneksi \u2013 pohjoisemmas ment\u00e4ess\u00e4 my\u00f6s Kuu nousee yh\u00e4 my\u00f6hemmin: Helsingiss\u00e4kin vasta sill\u00e4 hetkell\u00e4, kun pimennys on jo syvimmill\u00e4\u00e4n. &nbsp;<\/p>\n\n\n\n<p>Pimennyksen osittainen vaihe p\u00e4\u00e4ttyy kello 22.18 ja Utsjoelta katsottuna Kuu nousee kello 22.34. Aurinko sinnittelee taivaalla viel\u00e4 puoli tuntia sen j\u00e4lkeen.<\/p>\n\n\n\n<p>Puolivarjopimennyst\u00e4 kest\u00e4\u00e4 viel\u00e4 melkein puoleeny\u00f6h\u00f6n saakka, mutta sit\u00e4 on jo hyvin hankala n\u00e4hd\u00e4. Pime\u00e4n\u00e4 y\u00f6n\u00e4kin moista olisi vaikea erottaa, puhumattakaan loppukes\u00e4n valoisasta taivaasta. &nbsp;<\/p>\n\n\n\n<p>Jos siis t\u00e4m\u00e4niltaista kuunpimennyst\u00e4 haluaa ihailla, kannattaa hakeutua mahdollisimman etel\u00e4\u00e4n ja mahdollisimman aukealle paikalle, jolta l\u00e4hell\u00e4 kaakkoista horisonttia matava Kuu n\u00e4kyy.&nbsp;<\/p>\n\n\n\n<p>Nelj\u00e4nneksi haittatekij\u00e4ksi, mahdollisesti jopa esteeksi, voivat muodostua pilvet. S\u00e4\u00e4ennustekartoissa n\u00e4ytt\u00e4\u00e4 olevan tiuhassa pilvi\u00e4 ja osittain pimentynyt Kuu saattaa hyvinkin j\u00e4\u00e4d\u00e4 t\u00e4ydellisesti pilvien peitt\u00e4m\u00e4ksi.<\/p>\n\n\n","protected":false},"excerpt":{"rendered":"<p>Mit\u00e4\u00e4n massiivista spektaakkelia ei kannata odotella.<\/p>\n","protected":false},"author":557,"featured_media":0,"comment_status":"open","ping_status":"open","sticky":false,"template":"","format":"standard","meta":{"_acf_changed":false,"asauth_required_access_level":3,"asauth_cansharepaid":"true","om_header_attributes":[],"footnotes":"","om_featured_image_focal_point":[],"om_primary_tag":0,"om_contributors":[],"om_co_authors":[],"beyondwords_generate_audio":"","beyondwords_project_id":"","beyondwords_content_id":"","beyondwords_preview_token":"","beyondwords_player_content":"","beyondwords_player_style":"","beyondwords_language_code":"","beyondwords_language_id":"","beyondwords_title_voice_id":"","beyondwords_body_voice_id":"","beyondwords_summary_voice_id":"","beyondwords_error_message":"","beyondwords_disabled":"","beyondwords_delete_content":"","beyondwords_podcast_id":"","beyondwords_hash":"","publish_post_to_speechkit":"","speechkit_hash":"","speechkit_generate_audio":"","speechkit_project_id":"","speechkit_podcast_id":"","speechkit_error_message":"","speechkit_disabled":"","speechkit_access_key":"","speechkit_error":"","speechkit_info":"","speechkit_response":"","speechkit_retries":"","speechkit_status":"","speechkit_updated_at":"","_speechkit_link":"","_speechkit_text":""},"categories":[1],"tags":[72,4,5,486],"class_list":["post-1213","post","type-post","status-publish","format-standard","hentry","category-taivaan-tahden","tag-auringonpimennys","tag-aurinko","tag-kuu","tag-kuunpimennys"],"om_views":null,"acf":{"tuuma_off":false,"tuuma_kysymys":"","tuuma_vastaus":""},"asauth":{"required_access_level":1,"share_token":"","is_paid":false},"yoast_head":"<!-- This site is optimized with the Yoast SEO plugin v26.4 - https:\/\/yoast.com\/wordpress\/plugins\/seo\/ -->\n<title>Kuu pimenee, mutta vain aavistuksen\u00a0 - Taivaan t\u00e4hden<\/title>\n<meta name=\"robots\" content=\"index, follow, max-snippet:-1, max-image-preview:large, max-video-preview:-1\" \/>\n<link rel=\"canonical\" href=\"https:\/\/suomenkuvalehti.fi\/taivaan-tahden\/2017\/08\/07\/kuu-pimenee-mutta-vain-aavistuksen\/\" \/>\n<meta property=\"og:locale\" content=\"fi_FI\" \/>\n<meta property=\"og:type\" content=\"article\" \/>\n<meta property=\"og:title\" content=\"Kuu pimenee, mutta vain aavistuksen\u00a0 - Taivaan t\u00e4hden\" \/>\n<meta property=\"og:description\" content=\"Mit\u00e4\u00e4n massiivista spektaakkelia ei kannata odotella.\" \/>\n<meta property=\"og:url\" content=\"https:\/\/suomenkuvalehti.fi\/taivaan-tahden\/2017\/08\/07\/kuu-pimenee-mutta-vain-aavistuksen\/\" \/>\n<meta property=\"og:site_name\" content=\"Taivaan t\u00e4hden\" \/>\n<meta property=\"article:published_time\" content=\"2017-08-07T05:32:31+00:00\" \/>\n<meta property=\"article:modified_time\" content=\"2017-08-07T11:55:41+00:00\" \/>\n<meta property=\"og:image\" content=\"https:\/\/suomenkuvalehti.fi\/taivaan-tahden\/wp-content\/uploads\/sites\/36\/2017\/08\/pimennys_2013_sk.jpeg\" \/>\n\t<meta property=\"og:image:width\" content=\"1575\" \/>\n\t<meta property=\"og:image:height\" content=\"1136\" \/>\n\t<meta property=\"og:image:type\" content=\"image\/jpeg\" \/>\n<meta name=\"author\" content=\"Markus Hotakainen\" \/>\n<meta name=\"twitter:card\" content=\"summary_large_image\" \/>\n<meta name=\"twitter:label1\" content=\"Written by\" \/>\n\t<meta name=\"twitter:data1\" content=\"Markus Hotakainen\" \/>\n\t<meta name=\"twitter:label2\" content=\"Est. reading time\" \/>\n\t<meta name=\"twitter:data2\" content=\"1 minuutti\" \/>\n<script type=\"application\/ld+json\" class=\"yoast-schema-graph\">{\"@context\":\"https:\/\/schema.org\",\"@graph\":[{\"@type\":\"WebPage\",\"@id\":\"https:\/\/suomenkuvalehti.fi\/taivaan-tahden\/2017\/08\/07\/kuu-pimenee-mutta-vain-aavistuksen\/\",\"url\":\"https:\/\/suomenkuvalehti.fi\/taivaan-tahden\/2017\/08\/07\/kuu-pimenee-mutta-vain-aavistuksen\/\",\"name\":\"Kuu pimenee, mutta vain aavistuksen\u00a0 - Taivaan t\u00e4hden\",\"isPartOf\":{\"@id\":\"https:\/\/suomenkuvalehti.fi\/taivaan-tahden\/#website\"},\"primaryImageOfPage\":{\"@id\":\"https:\/\/suomenkuvalehti.fi\/taivaan-tahden\/2017\/08\/07\/kuu-pimenee-mutta-vain-aavistuksen\/#primaryimage\"},\"image\":{\"@id\":\"https:\/\/suomenkuvalehti.fi\/taivaan-tahden\/2017\/08\/07\/kuu-pimenee-mutta-vain-aavistuksen\/#primaryimage\"},\"thumbnailUrl\":\"https:\/\/suomenkuvalehti.fi\/taivaan-tahden\/wp-content\/uploads\/sites\/36\/2017\/08\/pimennys_2013_sk-1024x739.jpeg\",\"datePublished\":\"2017-08-07T05:32:31+00:00\",\"dateModified\":\"2017-08-07T11:55:41+00:00\",\"author\":{\"@id\":\"https:\/\/suomenkuvalehti.fi\/taivaan-tahden\/#\/schema\/person\/c9c1373acb19750e11084ef640abeae0\"},\"breadcrumb\":{\"@id\":\"https:\/\/suomenkuvalehti.fi\/taivaan-tahden\/2017\/08\/07\/kuu-pimenee-mutta-vain-aavistuksen\/#breadcrumb\"},\"inLanguage\":\"fi\",\"potentialAction\":[{\"@type\":\"ReadAction\",\"target\":[\"https:\/\/suomenkuvalehti.fi\/taivaan-tahden\/2017\/08\/07\/kuu-pimenee-mutta-vain-aavistuksen\/\"]}]},{\"@type\":\"ImageObject\",\"inLanguage\":\"fi\",\"@id\":\"https:\/\/suomenkuvalehti.fi\/taivaan-tahden\/2017\/08\/07\/kuu-pimenee-mutta-vain-aavistuksen\/#primaryimage\",\"url\":\"https:\/\/suomenkuvalehti.fi\/taivaan-tahden\/wp-content\/uploads\/sites\/36\/2017\/08\/pimennys_2013_sk.jpeg\",\"contentUrl\":\"https:\/\/suomenkuvalehti.fi\/taivaan-tahden\/wp-content\/uploads\/sites\/36\/2017\/08\/pimennys_2013_sk.jpeg\",\"width\":1575,\"height\":1136},{\"@type\":\"BreadcrumbList\",\"@id\":\"https:\/\/suomenkuvalehti.fi\/taivaan-tahden\/2017\/08\/07\/kuu-pimenee-mutta-vain-aavistuksen\/#breadcrumb\",\"itemListElement\":[{\"@type\":\"ListItem\",\"position\":1,\"name\":\"Home\",\"item\":\"https:\/\/suomenkuvalehti.fi\/taivaan-tahden\/\"},{\"@type\":\"ListItem\",\"position\":2,\"name\":\"Kuu pimenee, mutta vain aavistuksen\u00a0\"}]},{\"@type\":\"WebSite\",\"@id\":\"https:\/\/suomenkuvalehti.fi\/taivaan-tahden\/#website\",\"url\":\"https:\/\/suomenkuvalehti.fi\/taivaan-tahden\/\",\"name\":\"Taivaan t\u00e4hden\",\"description\":\"Tiedetoimittaja Markus Hotakainen h\u00e4mm\u00e4stelee maailmankaikkeutta.\",\"potentialAction\":[{\"@type\":\"SearchAction\",\"target\":{\"@type\":\"EntryPoint\",\"urlTemplate\":\"https:\/\/suomenkuvalehti.fi\/haku\/?q={search_term_string}\"},\"query-input\":{\"@type\":\"PropertyValueSpecification\",\"valueRequired\":true,\"valueName\":\"search_term_string\"}}],\"inLanguage\":\"fi\"},{\"@type\":\"Person\",\"@id\":\"https:\/\/suomenkuvalehti.fi\/taivaan-tahden\/#\/schema\/person\/c9c1373acb19750e11084ef640abeae0\",\"name\":\"Markus Hotakainen\",\"image\":{\"@type\":\"ImageObject\",\"inLanguage\":\"fi\",\"@id\":\"https:\/\/suomenkuvalehti.fi\/taivaan-tahden\/#\/schema\/person\/image\/\",\"url\":\"https:\/\/suomenkuvalehti.fi\/taivaan-tahden\/wp-content\/uploads\/sites\/36\/2018\/05\/markus_hotakainen_blogi_pieni-150x150.jpg\",\"contentUrl\":\"https:\/\/suomenkuvalehti.fi\/taivaan-tahden\/wp-content\/uploads\/sites\/36\/2018\/05\/markus_hotakainen_blogi_pieni-150x150.jpg\",\"caption\":\"Markus Hotakainen\"},\"description\":\"Kirjoittaja on tiedetoimittaja ja tietokirjailija.\"}]}<\/script>\n<!-- \/ Yoast SEO plugin. -->","yoast_head_json":{"title":"Kuu pimenee, mutta vain aavistuksen\u00a0 - Taivaan t\u00e4hden","robots":{"index":"index","follow":"follow","max-snippet":"max-snippet:-1","max-image-preview":"max-image-preview:large","max-video-preview":"max-video-preview:-1"},"canonical":"https:\/\/suomenkuvalehti.fi\/taivaan-tahden\/2017\/08\/07\/kuu-pimenee-mutta-vain-aavistuksen\/","og_locale":"fi_FI","og_type":"article","og_title":"Kuu pimenee, mutta vain aavistuksen\u00a0 - Taivaan t\u00e4hden","og_description":"Mit\u00e4\u00e4n massiivista spektaakkelia ei kannata odotella.","og_url":"https:\/\/suomenkuvalehti.fi\/taivaan-tahden\/2017\/08\/07\/kuu-pimenee-mutta-vain-aavistuksen\/","og_site_name":"Taivaan t\u00e4hden","article_published_time":"2017-08-07T05:32:31+00:00","article_modified_time":"2017-08-07T11:55:41+00:00","og_image":[{"width":1575,"height":1136,"url":"https:\/\/suomenkuvalehti.fi\/taivaan-tahden\/wp-content\/uploads\/sites\/36\/2017\/08\/pimennys_2013_sk.jpeg","type":"image\/jpeg"}],"author":"Markus Hotakainen","twitter_card":"summary_large_image","twitter_misc":{"Written by":"Markus Hotakainen","Est. reading time":"1 minuutti"},"schema":{"@context":"https:\/\/schema.org","@graph":[{"@type":"WebPage","@id":"https:\/\/suomenkuvalehti.fi\/taivaan-tahden\/2017\/08\/07\/kuu-pimenee-mutta-vain-aavistuksen\/","url":"https:\/\/suomenkuvalehti.fi\/taivaan-tahden\/2017\/08\/07\/kuu-pimenee-mutta-vain-aavistuksen\/","name":"Kuu pimenee, mutta vain aavistuksen\u00a0 - Taivaan t\u00e4hden","isPartOf":{"@id":"https:\/\/suomenkuvalehti.fi\/taivaan-tahden\/#website"},"primaryImageOfPage":{"@id":"https:\/\/suomenkuvalehti.fi\/taivaan-tahden\/2017\/08\/07\/kuu-pimenee-mutta-vain-aavistuksen\/#primaryimage"},"image":{"@id":"https:\/\/suomenkuvalehti.fi\/taivaan-tahden\/2017\/08\/07\/kuu-pimenee-mutta-vain-aavistuksen\/#primaryimage"},"thumbnailUrl":"https:\/\/suomenkuvalehti.fi\/taivaan-tahden\/wp-content\/uploads\/sites\/36\/2017\/08\/pimennys_2013_sk-1024x739.jpeg","datePublished":"2017-08-07T05:32:31+00:00","dateModified":"2017-08-07T11:55:41+00:00","author":{"@id":"https:\/\/suomenkuvalehti.fi\/taivaan-tahden\/#\/schema\/person\/c9c1373acb19750e11084ef640abeae0"},"breadcrumb":{"@id":"https:\/\/suomenkuvalehti.fi\/taivaan-tahden\/2017\/08\/07\/kuu-pimenee-mutta-vain-aavistuksen\/#breadcrumb"},"inLanguage":"fi","potentialAction":[{"@type":"ReadAction","target":["https:\/\/suomenkuvalehti.fi\/taivaan-tahden\/2017\/08\/07\/kuu-pimenee-mutta-vain-aavistuksen\/"]}]},{"@type":"ImageObject","inLanguage":"fi","@id":"https:\/\/suomenkuvalehti.fi\/taivaan-tahden\/2017\/08\/07\/kuu-pimenee-mutta-vain-aavistuksen\/#primaryimage","url":"https:\/\/suomenkuvalehti.fi\/taivaan-tahden\/wp-content\/uploads\/sites\/36\/2017\/08\/pimennys_2013_sk.jpeg","contentUrl":"https:\/\/suomenkuvalehti.fi\/taivaan-tahden\/wp-content\/uploads\/sites\/36\/2017\/08\/pimennys_2013_sk.jpeg","width":1575,"height":1136},{"@type":"BreadcrumbList","@id":"https:\/\/suomenkuvalehti.fi\/taivaan-tahden\/2017\/08\/07\/kuu-pimenee-mutta-vain-aavistuksen\/#breadcrumb","itemListElement":[{"@type":"ListItem","position":1,"name":"Home","item":"https:\/\/suomenkuvalehti.fi\/taivaan-tahden\/"},{"@type":"ListItem","position":2,"name":"Kuu pimenee, mutta vain aavistuksen\u00a0"}]},{"@type":"WebSite","@id":"https:\/\/suomenkuvalehti.fi\/taivaan-tahden\/#website","url":"https:\/\/suomenkuvalehti.fi\/taivaan-tahden\/","name":"Taivaan t\u00e4hden","description":"Tiedetoimittaja Markus Hotakainen h\u00e4mm\u00e4stelee maailmankaikkeutta.","potentialAction":[{"@type":"SearchAction","target":{"@type":"EntryPoint","urlTemplate":"https:\/\/suomenkuvalehti.fi\/haku\/?q={search_term_string}"},"query-input":{"@type":"PropertyValueSpecification","valueRequired":true,"valueName":"search_term_string"}}],"inLanguage":"fi"},{"@type":"Person","@id":"https:\/\/suomenkuvalehti.fi\/taivaan-tahden\/#\/schema\/person\/c9c1373acb19750e11084ef640abeae0","name":"Markus Hotakainen","image":{"@type":"ImageObject","inLanguage":"fi","@id":"https:\/\/suomenkuvalehti.fi\/taivaan-tahden\/#\/schema\/person\/image\/","url":"https:\/\/suomenkuvalehti.fi\/taivaan-tahden\/wp-content\/uploads\/sites\/36\/2018\/05\/markus_hotakainen_blogi_pieni-150x150.jpg","contentUrl":"https:\/\/suomenkuvalehti.fi\/taivaan-tahden\/wp-content\/uploads\/sites\/36\/2018\/05\/markus_hotakainen_blogi_pieni-150x150.jpg","caption":"Markus Hotakainen"},"description":"Kirjoittaja on tiedetoimittaja ja tietokirjailija."}]}},"_links":{"self":[{"href":"https:\/\/suomenkuvalehti.fi\/taivaan-tahden\/wp-json\/wp\/v2\/posts\/1213","targetHints":{"allow":["GET"]}}],"collection":[{"href":"https:\/\/suomenkuvalehti.fi\/taivaan-tahden\/wp-json\/wp\/v2\/posts"}],"about":[{"href":"https:\/\/suomenkuvalehti.fi\/taivaan-tahden\/wp-json\/wp\/v2\/types\/post"}],"author":[{"embeddable":true,"href":"https:\/\/suomenkuvalehti.fi\/taivaan-tahden\/wp-json\/wp\/v2\/users\/557"}],"replies":[{"embeddable":true,"href":"https:\/\/suomenkuvalehti.fi\/taivaan-tahden\/wp-json\/wp\/v2\/comments?post=1213"}],"version-history":[{"count":4,"href":"https:\/\/suomenkuvalehti.fi\/taivaan-tahden\/wp-json\/wp\/v2\/posts\/1213\/revisions"}],"predecessor-version":[{"id":1218,"href":"https:\/\/suomenkuvalehti.fi\/taivaan-tahden\/wp-json\/wp\/v2\/posts\/1213\/revisions\/1218"}],"wp:attachment":[{"href":"https:\/\/suomenkuvalehti.fi\/taivaan-tahden\/wp-json\/wp\/v2\/media?parent=1213"}],"wp:term":[{"taxonomy":"category","embeddable":true,"href":"https:\/\/suomenkuvalehti.fi\/taivaan-tahden\/wp-json\/wp\/v2\/categories?post=1213"},{"taxonomy":"post_tag","embeddable":true,"href":"https:\/\/suomenkuvalehti.fi\/taivaan-tahden\/wp-json\/wp\/v2\/tags?post=1213"}],"curies":[{"name":"wp","href":"https:\/\/api.w.org\/{rel}","templated":true}]}}