{"id":119,"date":"2015-06-02T18:30:30","date_gmt":"2015-06-02T15:30:30","guid":{"rendered":"https:\/\/suomenkuvalehti.fi\/taivaan-tahden\/?p=119"},"modified":"2015-06-02T17:16:55","modified_gmt":"2015-06-02T14:16:55","slug":"tyhja-tyhjempi-avaruus","status":"publish","type":"post","link":"https:\/\/suomenkuvalehti.fi\/taivaan-tahden\/2015\/06\/02\/tyhja-tyhjempi-avaruus\/","title":{"rendered":"Tyhj\u00e4, tyhjempi, avaruus"},"content":{"rendered":"<figure class=\"wp-block-image size-full alignnone\">\n  <div class=\"wp-block-image__inner-container\">\n    <a href=\"https:\/\/suomenkuvalehti.fi\/taivaan-tahden\/wp-content\/uploads\/sites\/36\/2015\/05\/revot_SK_MH.jpg\"><img loading=\"lazy\" decoding=\"async\" src=\"https:\/\/suomenkuvalehti.fi\/taivaan-tahden\/wp-content\/uploads\/sites\/36\/2015\/05\/revot_SK_MH.jpg\" alt=\"OLYMPUS DIGITAL CAMERA\" class=\"wp-image-121\" width=\"591\" height=\"443\" style=\"--aspect-ratio: 1.33\" srcset=\"https:\/\/suomenkuvalehti.fi\/taivaan-tahden\/wp-content\/uploads\/sites\/36\/2015\/05\/revot_SK_MH.jpg 591w, https:\/\/suomenkuvalehti.fi\/taivaan-tahden\/wp-content\/uploads\/sites\/36\/2015\/05\/revot_SK_MH-300x225.jpg 300w\" sizes=\"auto, (max-width: 591px) 100vw, 591px\" \/><\/a>    <figcaption class=\"wp-block-image__figcaption\">\n      Revontulit tanssivat etel\u00e4isen Suomen taivaalla 17.3.2015. Kuva: Markus Hotakainen          <\/figcaption>\n      <\/div>\n<\/figure>\n\n\n<p>Avaruudessa kukaan ei kuule huutoasi, koska siell\u00e4 ei ole ilmaa. Avaruudessa on tyhji\u00f6, kuten kirjoissa usein kerrotaan.<\/p>\n\n\n\n<p>Se ei tietenk\u00e4\u00e4n ole tarkkaan ottaen totta.<\/p>\n\n\n\n<p>Maanp\u00e4\u00e4llisiin oloihin ja jopa laboratoriolaitteisiin verrattuna avaruudessa vallitsee huipputyhji\u00f6, mutta tyhj\u00e4\u00e4 siell\u00e4 ei silti ole. Mik\u00e4 ei tarkoita sit\u00e4, ett\u00e4 \u00e4\u00e4ni kulkisi, vaikka scifi-leffoissa taistelualukset etenev\u00e4tkin jylin\u00e4n ja r\u00e4j\u00e4hdysten saattelemena.<\/p>\n\n\n\n<p>Avaruus on t\u00e4ynn\u00e4 tavaraa. Se on tietysti hyvin harva-aineista, mutta sielt\u00e4 l\u00f6ytyy kaasua, p\u00f6ly\u00e4, erikokoisia kivenkappaleita, s\u00e4hk\u00f6isesti varattuja hiukkasia sek\u00e4 s\u00e4hk\u00f6- ja magneettikentti\u00e4.<\/p>\n\n\n\n<p>Voiko omin silmin n\u00e4hd\u00e4, ettei avaruus olekaan niin tyhj\u00e4 kuin yleens\u00e4 ajatellaan? Kyll\u00e4 voi. Riitt\u00e4\u00e4 kun menee pilvett\u00f6m\u00e4n\u00e4, t\u00e4htikirkkaana y\u00f6n\u00e4 toviksi ulkosalle seisomaan.<\/p>\n\n\n\n<p>Ensimm\u00e4isen\u00e4 todenn\u00e4k\u00f6isesti silmiin sattuu t\u00e4hdenlento eli meteori. Sellaisia n\u00e4kyy harvakseltaan aina \u2013 keskim\u00e4\u00e4rin muutama tunnissa \u2013 mutta toisinaan lentot\u00e4hti\u00e4 parveilee kymmeni\u00e4 kertoja tiuhemmin. Silloin Maa kulkee komeetan tai asteroidin j\u00e4lkeens\u00e4 j\u00e4tt\u00e4m\u00e4n ainepilven l\u00e4pi.<\/p>\n\n\n\n<p>Meteori on valoilmi\u00f6, joka syntyy avaruuden kivensirun sy\u00f6ksyess\u00e4 suurella, toisinaan jopa usean kymmenen kilometrin sekuntinopeudella Maan ilmakeh\u00e4\u00e4n.<\/p>\n\n\n\n<p>Ilman kitka kuumentaa, sulattaa ja h\u00f6yryst\u00e4\u00e4 pienen hiekanjyv\u00e4n silm\u00e4nr\u00e4p\u00e4yksess\u00e4, mutta tuhon kuumentama ilma hehkuu hetken.<\/p>\n\n\n\n<p>Suuremmat kivenkappaleet&nbsp;aiheuttavat kirkkaita t\u00e4hdenlentoja eli tulipalloja. Toisinaan osa murikasta voi selvit\u00e4 maanpinnalle saakka meteoriittina \u2013 siin\u00e4 on kouriintuntuva todiste, ett\u00e4 avaruus ei ole tyhj\u00e4.<\/p>\n\n\n\n<p>Pienempi\u00e4 kappaleita eli p\u00f6lyhiukkasia on hankalampi mutta ei mahdoton havaita. Ennen auringonnousua ja auringonlaskun j\u00e4lkeen taivaanrannasta voi kurottaa korkealle taivaalle kalpea hehku, el\u00e4inratavalo, joka syntyy auringonvalon heijastuessa ja sirottuessa planeettainv\u00e4lisest\u00e4 p\u00f6lyst\u00e4.<\/p>\n\n\n\n<p>Suomessa Aurinko nousee ja laskee niin loivasti, ett\u00e4 yleens\u00e4 taivaan ollessa riitt\u00e4v\u00e4n tumma el\u00e4inratavalon erottamiseksi sekin on viel\u00e4 tai jo taivaanrannan takana. Silti aavemainen hohde&nbsp;on onnistuttu n\u00e4kem\u00e4\u00e4n my\u00f6s t\u00e4\u00e4lt\u00e4 Pohjan perilt\u00e4.<\/p>\n\n\n\n<p>Revontulet. Nep\u00e4 kertovatkin kertaheitolla useammanlaisesta avaruuden aineksesta \u2013 my\u00f6s aineettomasta. Kun Auringossa tapahtuu voimakas purkaus, avaruuteen sinkoutuu suunnaton hiukkaspilvi. Se matkaa satojen kilometrien sekuntinopeudella, ja toisinaan sellainen iskeytyy Maahan<\/p>\n\n\n\n<p>Ei onneksi suoraan, sill\u00e4 hiukkass\u00e4teily voi olla tappavaa. Onneksemme Maan magneettikentt\u00e4 suojaa planeettamme el\u00e4m\u00e4\u00e4, eik\u00e4 p\u00e4\u00e4st\u00e4 hiukkasia suoraan maanpinnalle.<\/p>\n\n\n\n<p>Niit\u00e4 kertyy magneettikentt\u00e4\u00e4n, joka ohjaa osan hiukkasista napaseutuja ymp\u00e4r\u00f6ivill\u00e4 alueilla syv\u00e4lle ilmakeh\u00e4\u00e4n, alimmillaan hieman yli sadan kilometrin korkeuteen.<\/p>\n\n\n\n<p>Jos purkaus on poikkeuksellisen voimakas, revontulia voi n\u00e4ky\u00e4 etel\u00e4mp\u00e4n\u00e4kin. Esimerkiksi viime maaliskuussa kirkkaat revontulet leimusivat maamme etel\u00e4rannikollakin tuntikausia.<\/p>\n\n\n\n<p>Osoituksena siit\u00e4, ett\u00e4 avaruus ei ole tyhj\u00e4.<\/p>\n\n\n","protected":false},"excerpt":{"rendered":"<p>Mene toviksi pilvett\u00f6m\u00e4n\u00e4, t\u00e4htikirkkaana y\u00f6n\u00e4 ulkosalle seisomaan.<\/p>\n","protected":false},"author":557,"featured_media":0,"comment_status":"open","ping_status":"open","sticky":false,"template":"","format":"standard","meta":{"_acf_changed":false,"asauth_required_access_level":3,"asauth_cansharepaid":"true","om_header_attributes":[],"footnotes":"","om_featured_image_focal_point":[],"om_primary_tag":0,"om_contributors":[],"om_co_authors":[],"beyondwords_generate_audio":"","beyondwords_project_id":"","beyondwords_content_id":"","beyondwords_preview_token":"","beyondwords_player_content":"","beyondwords_player_style":"","beyondwords_language_code":"","beyondwords_language_id":"","beyondwords_title_voice_id":"","beyondwords_body_voice_id":"","beyondwords_summary_voice_id":"","beyondwords_error_message":"","beyondwords_disabled":"","beyondwords_delete_content":"","beyondwords_podcast_id":"","beyondwords_hash":"","publish_post_to_speechkit":"","speechkit_hash":"","speechkit_generate_audio":"","speechkit_project_id":"","speechkit_podcast_id":"","speechkit_error_message":"","speechkit_disabled":"","speechkit_access_key":"","speechkit_error":"","speechkit_info":"","speechkit_response":"","speechkit_retries":"","speechkit_status":"","speechkit_updated_at":"","_speechkit_link":"","_speechkit_text":""},"categories":[1],"tags":[4,3,30,31,28,29],"class_list":["post-119","post","type-post","status-publish","format-standard","hentry","category-taivaan-tahden","tag-aurinko","tag-avaruus","tag-elainratavalo","tag-maa","tag-meteori","tag-revontulet"],"om_views":null,"acf":{"tuuma_off":false,"tuuma_kysymys":"","tuuma_vastaus":""},"asauth":{"required_access_level":1,"share_token":"","is_paid":false},"yoast_head":"<!-- This site is optimized with the Yoast SEO plugin v26.4 - https:\/\/yoast.com\/wordpress\/plugins\/seo\/ -->\n<title>Tyhj\u00e4, tyhjempi, avaruus - Taivaan t\u00e4hden<\/title>\n<meta name=\"robots\" content=\"index, follow, max-snippet:-1, max-image-preview:large, max-video-preview:-1\" \/>\n<link rel=\"canonical\" href=\"https:\/\/suomenkuvalehti.fi\/taivaan-tahden\/2015\/06\/02\/tyhja-tyhjempi-avaruus\/\" \/>\n<meta property=\"og:locale\" content=\"fi_FI\" \/>\n<meta property=\"og:type\" content=\"article\" \/>\n<meta property=\"og:title\" content=\"Tyhj\u00e4, tyhjempi, avaruus - Taivaan t\u00e4hden\" \/>\n<meta property=\"og:description\" content=\"Mene toviksi pilvett\u00f6m\u00e4n\u00e4, t\u00e4htikirkkaana y\u00f6n\u00e4 ulkosalle seisomaan.\" \/>\n<meta property=\"og:url\" content=\"https:\/\/suomenkuvalehti.fi\/taivaan-tahden\/2015\/06\/02\/tyhja-tyhjempi-avaruus\/\" \/>\n<meta property=\"og:site_name\" content=\"Taivaan t\u00e4hden\" \/>\n<meta property=\"article:published_time\" content=\"2015-06-02T15:30:30+00:00\" \/>\n<meta property=\"og:image\" content=\"https:\/\/suomenkuvalehti.fi\/taivaan-tahden\/wp-content\/uploads\/sites\/36\/2015\/05\/revot_SK_MH.jpg\" \/>\n<meta name=\"author\" content=\"Markus Hotakainen\" \/>\n<meta name=\"twitter:card\" content=\"summary_large_image\" \/>\n<meta name=\"twitter:label1\" content=\"Written by\" \/>\n\t<meta name=\"twitter:data1\" content=\"Markus Hotakainen\" \/>\n\t<meta name=\"twitter:label2\" content=\"Est. reading time\" \/>\n\t<meta name=\"twitter:data2\" content=\"2 minuuttia\" \/>\n<script type=\"application\/ld+json\" class=\"yoast-schema-graph\">{\"@context\":\"https:\/\/schema.org\",\"@graph\":[{\"@type\":\"WebPage\",\"@id\":\"https:\/\/suomenkuvalehti.fi\/taivaan-tahden\/2015\/06\/02\/tyhja-tyhjempi-avaruus\/\",\"url\":\"https:\/\/suomenkuvalehti.fi\/taivaan-tahden\/2015\/06\/02\/tyhja-tyhjempi-avaruus\/\",\"name\":\"Tyhj\u00e4, tyhjempi, avaruus - Taivaan t\u00e4hden\",\"isPartOf\":{\"@id\":\"https:\/\/suomenkuvalehti.fi\/taivaan-tahden\/#website\"},\"primaryImageOfPage\":{\"@id\":\"https:\/\/suomenkuvalehti.fi\/taivaan-tahden\/2015\/06\/02\/tyhja-tyhjempi-avaruus\/#primaryimage\"},\"image\":{\"@id\":\"https:\/\/suomenkuvalehti.fi\/taivaan-tahden\/2015\/06\/02\/tyhja-tyhjempi-avaruus\/#primaryimage\"},\"thumbnailUrl\":\"https:\/\/suomenkuvalehti.fi\/taivaan-tahden\/wp-content\/uploads\/sites\/36\/2015\/05\/revot_SK_MH.jpg\",\"datePublished\":\"2015-06-02T15:30:30+00:00\",\"author\":{\"@id\":\"https:\/\/suomenkuvalehti.fi\/taivaan-tahden\/#\/schema\/person\/c9c1373acb19750e11084ef640abeae0\"},\"breadcrumb\":{\"@id\":\"https:\/\/suomenkuvalehti.fi\/taivaan-tahden\/2015\/06\/02\/tyhja-tyhjempi-avaruus\/#breadcrumb\"},\"inLanguage\":\"fi\",\"potentialAction\":[{\"@type\":\"ReadAction\",\"target\":[\"https:\/\/suomenkuvalehti.fi\/taivaan-tahden\/2015\/06\/02\/tyhja-tyhjempi-avaruus\/\"]}]},{\"@type\":\"ImageObject\",\"inLanguage\":\"fi\",\"@id\":\"https:\/\/suomenkuvalehti.fi\/taivaan-tahden\/2015\/06\/02\/tyhja-tyhjempi-avaruus\/#primaryimage\",\"url\":\"https:\/\/suomenkuvalehti.fi\/taivaan-tahden\/wp-content\/uploads\/sites\/36\/2015\/05\/revot_SK_MH.jpg\",\"contentUrl\":\"https:\/\/suomenkuvalehti.fi\/taivaan-tahden\/wp-content\/uploads\/sites\/36\/2015\/05\/revot_SK_MH.jpg\"},{\"@type\":\"BreadcrumbList\",\"@id\":\"https:\/\/suomenkuvalehti.fi\/taivaan-tahden\/2015\/06\/02\/tyhja-tyhjempi-avaruus\/#breadcrumb\",\"itemListElement\":[{\"@type\":\"ListItem\",\"position\":1,\"name\":\"Home\",\"item\":\"https:\/\/suomenkuvalehti.fi\/taivaan-tahden\/\"},{\"@type\":\"ListItem\",\"position\":2,\"name\":\"Tyhj\u00e4, tyhjempi, avaruus\"}]},{\"@type\":\"WebSite\",\"@id\":\"https:\/\/suomenkuvalehti.fi\/taivaan-tahden\/#website\",\"url\":\"https:\/\/suomenkuvalehti.fi\/taivaan-tahden\/\",\"name\":\"Taivaan t\u00e4hden\",\"description\":\"Tiedetoimittaja Markus Hotakainen h\u00e4mm\u00e4stelee maailmankaikkeutta.\",\"potentialAction\":[{\"@type\":\"SearchAction\",\"target\":{\"@type\":\"EntryPoint\",\"urlTemplate\":\"https:\/\/suomenkuvalehti.fi\/haku\/?q={search_term_string}\"},\"query-input\":{\"@type\":\"PropertyValueSpecification\",\"valueRequired\":true,\"valueName\":\"search_term_string\"}}],\"inLanguage\":\"fi\"},{\"@type\":\"Person\",\"@id\":\"https:\/\/suomenkuvalehti.fi\/taivaan-tahden\/#\/schema\/person\/c9c1373acb19750e11084ef640abeae0\",\"name\":\"Markus Hotakainen\",\"image\":{\"@type\":\"ImageObject\",\"inLanguage\":\"fi\",\"@id\":\"https:\/\/suomenkuvalehti.fi\/taivaan-tahden\/#\/schema\/person\/image\/\",\"url\":\"https:\/\/suomenkuvalehti.fi\/taivaan-tahden\/wp-content\/uploads\/sites\/36\/2018\/05\/markus_hotakainen_blogi_pieni-150x150.jpg\",\"contentUrl\":\"https:\/\/suomenkuvalehti.fi\/taivaan-tahden\/wp-content\/uploads\/sites\/36\/2018\/05\/markus_hotakainen_blogi_pieni-150x150.jpg\",\"caption\":\"Markus Hotakainen\"},\"description\":\"Kirjoittaja on tiedetoimittaja ja tietokirjailija.\"}]}<\/script>\n<!-- \/ Yoast SEO plugin. -->","yoast_head_json":{"title":"Tyhj\u00e4, tyhjempi, avaruus - Taivaan t\u00e4hden","robots":{"index":"index","follow":"follow","max-snippet":"max-snippet:-1","max-image-preview":"max-image-preview:large","max-video-preview":"max-video-preview:-1"},"canonical":"https:\/\/suomenkuvalehti.fi\/taivaan-tahden\/2015\/06\/02\/tyhja-tyhjempi-avaruus\/","og_locale":"fi_FI","og_type":"article","og_title":"Tyhj\u00e4, tyhjempi, avaruus - Taivaan t\u00e4hden","og_description":"Mene toviksi pilvett\u00f6m\u00e4n\u00e4, t\u00e4htikirkkaana y\u00f6n\u00e4 ulkosalle seisomaan.","og_url":"https:\/\/suomenkuvalehti.fi\/taivaan-tahden\/2015\/06\/02\/tyhja-tyhjempi-avaruus\/","og_site_name":"Taivaan t\u00e4hden","article_published_time":"2015-06-02T15:30:30+00:00","og_image":[{"url":"https:\/\/suomenkuvalehti.fi\/taivaan-tahden\/wp-content\/uploads\/sites\/36\/2015\/05\/revot_SK_MH.jpg","type":"","width":"","height":""}],"author":"Markus Hotakainen","twitter_card":"summary_large_image","twitter_misc":{"Written by":"Markus Hotakainen","Est. reading time":"2 minuuttia"},"schema":{"@context":"https:\/\/schema.org","@graph":[{"@type":"WebPage","@id":"https:\/\/suomenkuvalehti.fi\/taivaan-tahden\/2015\/06\/02\/tyhja-tyhjempi-avaruus\/","url":"https:\/\/suomenkuvalehti.fi\/taivaan-tahden\/2015\/06\/02\/tyhja-tyhjempi-avaruus\/","name":"Tyhj\u00e4, tyhjempi, avaruus - Taivaan t\u00e4hden","isPartOf":{"@id":"https:\/\/suomenkuvalehti.fi\/taivaan-tahden\/#website"},"primaryImageOfPage":{"@id":"https:\/\/suomenkuvalehti.fi\/taivaan-tahden\/2015\/06\/02\/tyhja-tyhjempi-avaruus\/#primaryimage"},"image":{"@id":"https:\/\/suomenkuvalehti.fi\/taivaan-tahden\/2015\/06\/02\/tyhja-tyhjempi-avaruus\/#primaryimage"},"thumbnailUrl":"https:\/\/suomenkuvalehti.fi\/taivaan-tahden\/wp-content\/uploads\/sites\/36\/2015\/05\/revot_SK_MH.jpg","datePublished":"2015-06-02T15:30:30+00:00","author":{"@id":"https:\/\/suomenkuvalehti.fi\/taivaan-tahden\/#\/schema\/person\/c9c1373acb19750e11084ef640abeae0"},"breadcrumb":{"@id":"https:\/\/suomenkuvalehti.fi\/taivaan-tahden\/2015\/06\/02\/tyhja-tyhjempi-avaruus\/#breadcrumb"},"inLanguage":"fi","potentialAction":[{"@type":"ReadAction","target":["https:\/\/suomenkuvalehti.fi\/taivaan-tahden\/2015\/06\/02\/tyhja-tyhjempi-avaruus\/"]}]},{"@type":"ImageObject","inLanguage":"fi","@id":"https:\/\/suomenkuvalehti.fi\/taivaan-tahden\/2015\/06\/02\/tyhja-tyhjempi-avaruus\/#primaryimage","url":"https:\/\/suomenkuvalehti.fi\/taivaan-tahden\/wp-content\/uploads\/sites\/36\/2015\/05\/revot_SK_MH.jpg","contentUrl":"https:\/\/suomenkuvalehti.fi\/taivaan-tahden\/wp-content\/uploads\/sites\/36\/2015\/05\/revot_SK_MH.jpg"},{"@type":"BreadcrumbList","@id":"https:\/\/suomenkuvalehti.fi\/taivaan-tahden\/2015\/06\/02\/tyhja-tyhjempi-avaruus\/#breadcrumb","itemListElement":[{"@type":"ListItem","position":1,"name":"Home","item":"https:\/\/suomenkuvalehti.fi\/taivaan-tahden\/"},{"@type":"ListItem","position":2,"name":"Tyhj\u00e4, tyhjempi, avaruus"}]},{"@type":"WebSite","@id":"https:\/\/suomenkuvalehti.fi\/taivaan-tahden\/#website","url":"https:\/\/suomenkuvalehti.fi\/taivaan-tahden\/","name":"Taivaan t\u00e4hden","description":"Tiedetoimittaja Markus Hotakainen h\u00e4mm\u00e4stelee maailmankaikkeutta.","potentialAction":[{"@type":"SearchAction","target":{"@type":"EntryPoint","urlTemplate":"https:\/\/suomenkuvalehti.fi\/haku\/?q={search_term_string}"},"query-input":{"@type":"PropertyValueSpecification","valueRequired":true,"valueName":"search_term_string"}}],"inLanguage":"fi"},{"@type":"Person","@id":"https:\/\/suomenkuvalehti.fi\/taivaan-tahden\/#\/schema\/person\/c9c1373acb19750e11084ef640abeae0","name":"Markus Hotakainen","image":{"@type":"ImageObject","inLanguage":"fi","@id":"https:\/\/suomenkuvalehti.fi\/taivaan-tahden\/#\/schema\/person\/image\/","url":"https:\/\/suomenkuvalehti.fi\/taivaan-tahden\/wp-content\/uploads\/sites\/36\/2018\/05\/markus_hotakainen_blogi_pieni-150x150.jpg","contentUrl":"https:\/\/suomenkuvalehti.fi\/taivaan-tahden\/wp-content\/uploads\/sites\/36\/2018\/05\/markus_hotakainen_blogi_pieni-150x150.jpg","caption":"Markus Hotakainen"},"description":"Kirjoittaja on tiedetoimittaja ja tietokirjailija."}]}},"_links":{"self":[{"href":"https:\/\/suomenkuvalehti.fi\/taivaan-tahden\/wp-json\/wp\/v2\/posts\/119","targetHints":{"allow":["GET"]}}],"collection":[{"href":"https:\/\/suomenkuvalehti.fi\/taivaan-tahden\/wp-json\/wp\/v2\/posts"}],"about":[{"href":"https:\/\/suomenkuvalehti.fi\/taivaan-tahden\/wp-json\/wp\/v2\/types\/post"}],"author":[{"embeddable":true,"href":"https:\/\/suomenkuvalehti.fi\/taivaan-tahden\/wp-json\/wp\/v2\/users\/557"}],"replies":[{"embeddable":true,"href":"https:\/\/suomenkuvalehti.fi\/taivaan-tahden\/wp-json\/wp\/v2\/comments?post=119"}],"version-history":[{"count":4,"href":"https:\/\/suomenkuvalehti.fi\/taivaan-tahden\/wp-json\/wp\/v2\/posts\/119\/revisions"}],"predecessor-version":[{"id":125,"href":"https:\/\/suomenkuvalehti.fi\/taivaan-tahden\/wp-json\/wp\/v2\/posts\/119\/revisions\/125"}],"wp:attachment":[{"href":"https:\/\/suomenkuvalehti.fi\/taivaan-tahden\/wp-json\/wp\/v2\/media?parent=119"}],"wp:term":[{"taxonomy":"category","embeddable":true,"href":"https:\/\/suomenkuvalehti.fi\/taivaan-tahden\/wp-json\/wp\/v2\/categories?post=119"},{"taxonomy":"post_tag","embeddable":true,"href":"https:\/\/suomenkuvalehti.fi\/taivaan-tahden\/wp-json\/wp\/v2\/tags?post=119"}],"curies":[{"name":"wp","href":"https:\/\/api.w.org\/{rel}","templated":true}]}}