{"id":1189,"date":"2017-07-25T16:08:51","date_gmt":"2017-07-25T13:08:51","guid":{"rendered":"https:\/\/suomenkuvalehti.fi\/taivaan-tahden\/?p=1189"},"modified":"2017-07-25T16:51:43","modified_gmt":"2017-07-25T13:51:43","slug":"kiipea-vuorelle-ja-laihdu","status":"publish","type":"post","link":"https:\/\/suomenkuvalehti.fi\/taivaan-tahden\/2017\/07\/25\/kiipea-vuorelle-ja-laihdu\/","title":{"rendered":"Kiipe\u00e4 vuorelle ja laihdu"},"content":{"rendered":"<figure class=\"aligncenter size-large is-resized wp-block-image\">\n  <div class=\"wp-block-image__inner-container\">\n    <a href=\"https:\/\/suomenkuvalehti.fi\/taivaan-tahden\/wp-content\/uploads\/sites\/36\/2017\/07\/vuorikauriit_25072017.jpeg\"><img loading=\"lazy\" decoding=\"async\" src=\"https:\/\/suomenkuvalehti.fi\/taivaan-tahden\/wp-content\/uploads\/sites\/36\/2017\/07\/vuorikauriit_25072017-1024x683.jpeg\" alt=\"\" class=\"wp-image-1195\" width=\"1024\" height=\"683\" style=\"--aspect-ratio: 1.5\" srcset=\"https:\/\/suomenkuvalehti.fi\/taivaan-tahden\/wp-content\/uploads\/sites\/36\/2017\/07\/vuorikauriit_25072017-1024x683.jpeg 1024w, https:\/\/suomenkuvalehti.fi\/taivaan-tahden\/wp-content\/uploads\/sites\/36\/2017\/07\/vuorikauriit_25072017-300x200.jpeg 300w, https:\/\/suomenkuvalehti.fi\/taivaan-tahden\/wp-content\/uploads\/sites\/36\/2017\/07\/vuorikauriit_25072017-768x512.jpeg 768w, https:\/\/suomenkuvalehti.fi\/taivaan-tahden\/wp-content\/uploads\/sites\/36\/2017\/07\/vuorikauriit_25072017-630x420.jpeg 630w\" sizes=\"auto, (max-width: 1024px) 100vw, 1024px\" \/><\/a>    <figcaption class=\"wp-block-image__figcaption\">\n      L\u00e4htisitk\u00f6 paimentamaan n\u00e4it\u00e4 vuohia? Kuva Markus Hotakainen          <\/figcaption>\n      <\/div>\n<\/figure>\n\n\n<p>Reissussa paitsi r\u00e4hj\u00e4\u00e4ntyy my\u00f6s t\u00f6rm\u00e4\u00e4 kaikenlaiseen mielenkiintoiseen. Kuten kallionkielekkeill\u00e4 koikkelehtiviin vuorikauriisiin.<\/p>\n\n\n\n<p>Vuoripolkuvaelluksella kallionlaella erottui pieni\u00e4 vaaleita pisteit\u00e4 ja kun kameran zoomasi niihin, ne paljastuivat varmasorkkaisiksi vuohiel\u00e4imiksi.&nbsp;<\/p>\n\n\n\n<p>Pystysuorat jyrk\u00e4nteet eiv\u00e4t tuntuneet h\u00e4iritsev\u00e4n elikoiden laiduntamista ja hyppelehtimist\u00e4 kivelt\u00e4 toiselle. P\u00e4invastoin, aivan kuin huimaava korkeus tekisi arkiel\u00e4m\u00e4n niille helpommaksi.<\/p>\n\n\n\n<p>Onko painovoima korkealla pienempi kuin alhaalla laaksossa? On.&nbsp;<\/p>\n\n\n\n<p>Ei kuitenkaan niin paljon, ett\u00e4 siit\u00e4 olisi sen paremmin vuorikauriille kuin muillekaan korkeuksissa kiipeileville konkreettista hy\u00f6ty\u00e4.<\/p>\n\n\n\n<p>Maata kiert\u00e4v\u00e4ll\u00e4 radalla ty\u00f6skenteleville astro-, kosmo- ja taikonauteille painoton tila on tuttu juttu. Se ei kuitenkaan johdu avaruusaluksen lentokorkeudesta, vaikka esimerkiksi Kansainv\u00e4linen avaruusasema ISS kiert\u00e4\u00e4 Maata yli 400 kilometrin korkeudessa.<\/p>\n\n\n\n<p>Painovoima vaikuttaa asemaan ja sen sis\u00e4ll\u00e4 leijuviin avaruuslent\u00e4jiin samalla tavalla: ne kaikki ovat vapaassa pudotuksessa.&nbsp;<\/p>\n\n\n\n<p>Painottoman tilan voi kokea my\u00f6s hississ\u00e4, jonka kaapelit katkeavat. Avaruusaseman ja hissin oleellinen ero on, ett\u00e4 putoavan hissin matka p\u00e4\u00e4ttyy \u00e4kkipys\u00e4ykseen, asema sen sijaan putoaa ja samalla kiert\u00e4\u00e4 Maata niin suurella nopeudella, ett\u00e4 se menee koko ajan Maan &#8221;ohi&#8221;.<\/p>\n\n\n\n<p>Vaikka avaruuden painottomuus ei johdukaan pienemm\u00e4st\u00e4 painovoimasta, korkeuden kasvaessa painovoima todella pienenee. Maanpinnalla korkeuserot ovat kuitenkin niin v\u00e4h\u00e4isi\u00e4, ett\u00e4 jopa Mount Everestin huipulla painovoima on vain noin 0,2 prosenttia pienempi kuin merenpinnan tasossa.<\/p>\n\n\n\n<p>Satakiloinen tiedetoimittaja painaisi siis maailman korkeimman vuoden huipulla 99,8 kiloa. Tosin kipuamisen kuluessa painoa olisi varmasti pudonnut paljon enemm\u00e4n kuin parisataa grammaa.<\/p>\n\n\n\n<p>Vuorikauriit viihtyv\u00e4t yleens\u00e4 2\u20133 kilometrin korkeudessa, joten niiden asuinsijoilla painovoiman pieneneminen on paljon v\u00e4h\u00e4isemp\u00e4\u00e4 kuin maailman korkeimmilla vuorenhuipuilla.<\/p>\n\n\n\n<p>Siksi niiden koikkelehtiminen n\u00e4ytt\u00e4\u00e4 viel\u00e4kin hullunrohkeammalta. &nbsp;<\/p>\n\n\n","protected":false},"excerpt":{"rendered":"<p>Reissussa r\u00e4hj\u00e4\u00e4ntyy ja t\u00f6rm\u00e4\u00e4 kaikenlaiseen mielenkiintoiseen.<\/p>\n","protected":false},"author":557,"featured_media":0,"comment_status":"open","ping_status":"open","sticky":false,"template":"","format":"standard","meta":{"_acf_changed":false,"asauth_required_access_level":3,"asauth_cansharepaid":"true","om_header_attributes":[],"footnotes":"","om_featured_image_focal_point":[],"om_primary_tag":0,"om_contributors":[],"om_co_authors":[],"beyondwords_generate_audio":"","beyondwords_project_id":"","beyondwords_content_id":"","beyondwords_preview_token":"","beyondwords_player_content":"","beyondwords_player_style":"","beyondwords_language_code":"","beyondwords_language_id":"","beyondwords_title_voice_id":"","beyondwords_body_voice_id":"","beyondwords_summary_voice_id":"","beyondwords_error_message":"","beyondwords_disabled":"","beyondwords_delete_content":"","beyondwords_podcast_id":"","beyondwords_hash":"","publish_post_to_speechkit":"","speechkit_hash":"","speechkit_generate_audio":"","speechkit_project_id":"","speechkit_podcast_id":"","speechkit_error_message":"","speechkit_disabled":"","speechkit_access_key":"","speechkit_error":"","speechkit_info":"","speechkit_response":"","speechkit_retries":"","speechkit_status":"","speechkit_updated_at":"","_speechkit_link":"","_speechkit_text":""},"categories":[1],"tags":[11,477,480,320,479,478],"class_list":["post-1189","post","type-post","status-publish","format-standard","hentry","category-taivaan-tahden","tag-iss","tag-korkeus","tag-mount-everest","tag-painottomuus","tag-painovoima","tag-vuorikauris"],"om_views":null,"acf":{"tuuma_off":false,"tuuma_kysymys":"","tuuma_vastaus":""},"asauth":{"required_access_level":1,"share_token":"","is_paid":false},"yoast_head":"<!-- This site is optimized with the Yoast SEO plugin v26.4 - https:\/\/yoast.com\/wordpress\/plugins\/seo\/ -->\n<title>Kiipe\u00e4 vuorelle ja laihdu - Taivaan t\u00e4hden<\/title>\n<meta name=\"robots\" content=\"index, follow, max-snippet:-1, max-image-preview:large, max-video-preview:-1\" \/>\n<link rel=\"canonical\" href=\"https:\/\/suomenkuvalehti.fi\/taivaan-tahden\/2017\/07\/25\/kiipea-vuorelle-ja-laihdu\/\" \/>\n<meta property=\"og:locale\" content=\"fi_FI\" \/>\n<meta property=\"og:type\" content=\"article\" \/>\n<meta property=\"og:title\" content=\"Kiipe\u00e4 vuorelle ja laihdu - Taivaan t\u00e4hden\" \/>\n<meta property=\"og:description\" content=\"Reissussa r\u00e4hj\u00e4\u00e4ntyy ja t\u00f6rm\u00e4\u00e4 kaikenlaiseen mielenkiintoiseen.\" \/>\n<meta property=\"og:url\" content=\"https:\/\/suomenkuvalehti.fi\/taivaan-tahden\/2017\/07\/25\/kiipea-vuorelle-ja-laihdu\/\" \/>\n<meta property=\"og:site_name\" content=\"Taivaan t\u00e4hden\" \/>\n<meta property=\"article:published_time\" content=\"2017-07-25T13:08:51+00:00\" \/>\n<meta property=\"article:modified_time\" content=\"2017-07-25T13:51:43+00:00\" \/>\n<meta property=\"og:image\" content=\"https:\/\/suomenkuvalehti.fi\/taivaan-tahden\/wp-content\/uploads\/sites\/36\/2017\/07\/vuorikauriit_25072017-1024x683.jpeg\" \/>\n\t<meta property=\"og:image:width\" content=\"1024\" \/>\n\t<meta property=\"og:image:height\" content=\"683\" \/>\n\t<meta property=\"og:image:type\" content=\"image\/jpeg\" \/>\n<meta name=\"author\" content=\"Markus Hotakainen\" \/>\n<meta name=\"twitter:card\" content=\"summary_large_image\" \/>\n<meta name=\"twitter:label1\" content=\"Written by\" \/>\n\t<meta name=\"twitter:data1\" content=\"Markus Hotakainen\" \/>\n\t<meta name=\"twitter:label2\" content=\"Est. reading time\" \/>\n\t<meta name=\"twitter:data2\" content=\"1 minuutti\" \/>\n<script type=\"application\/ld+json\" class=\"yoast-schema-graph\">{\"@context\":\"https:\/\/schema.org\",\"@graph\":[{\"@type\":\"WebPage\",\"@id\":\"https:\/\/suomenkuvalehti.fi\/taivaan-tahden\/2017\/07\/25\/kiipea-vuorelle-ja-laihdu\/\",\"url\":\"https:\/\/suomenkuvalehti.fi\/taivaan-tahden\/2017\/07\/25\/kiipea-vuorelle-ja-laihdu\/\",\"name\":\"Kiipe\u00e4 vuorelle ja laihdu - Taivaan t\u00e4hden\",\"isPartOf\":{\"@id\":\"https:\/\/suomenkuvalehti.fi\/taivaan-tahden\/#website\"},\"primaryImageOfPage\":{\"@id\":\"https:\/\/suomenkuvalehti.fi\/taivaan-tahden\/2017\/07\/25\/kiipea-vuorelle-ja-laihdu\/#primaryimage\"},\"image\":{\"@id\":\"https:\/\/suomenkuvalehti.fi\/taivaan-tahden\/2017\/07\/25\/kiipea-vuorelle-ja-laihdu\/#primaryimage\"},\"thumbnailUrl\":\"https:\/\/suomenkuvalehti.fi\/taivaan-tahden\/wp-content\/uploads\/sites\/36\/2017\/07\/vuorikauriit_25072017-1024x683.jpeg\",\"datePublished\":\"2017-07-25T13:08:51+00:00\",\"dateModified\":\"2017-07-25T13:51:43+00:00\",\"author\":{\"@id\":\"https:\/\/suomenkuvalehti.fi\/taivaan-tahden\/#\/schema\/person\/c9c1373acb19750e11084ef640abeae0\"},\"breadcrumb\":{\"@id\":\"https:\/\/suomenkuvalehti.fi\/taivaan-tahden\/2017\/07\/25\/kiipea-vuorelle-ja-laihdu\/#breadcrumb\"},\"inLanguage\":\"fi\",\"potentialAction\":[{\"@type\":\"ReadAction\",\"target\":[\"https:\/\/suomenkuvalehti.fi\/taivaan-tahden\/2017\/07\/25\/kiipea-vuorelle-ja-laihdu\/\"]}]},{\"@type\":\"ImageObject\",\"inLanguage\":\"fi\",\"@id\":\"https:\/\/suomenkuvalehti.fi\/taivaan-tahden\/2017\/07\/25\/kiipea-vuorelle-ja-laihdu\/#primaryimage\",\"url\":\"https:\/\/suomenkuvalehti.fi\/taivaan-tahden\/wp-content\/uploads\/sites\/36\/2017\/07\/vuorikauriit_25072017.jpeg\",\"contentUrl\":\"https:\/\/suomenkuvalehti.fi\/taivaan-tahden\/wp-content\/uploads\/sites\/36\/2017\/07\/vuorikauriit_25072017.jpeg\",\"width\":2362,\"height\":1575},{\"@type\":\"BreadcrumbList\",\"@id\":\"https:\/\/suomenkuvalehti.fi\/taivaan-tahden\/2017\/07\/25\/kiipea-vuorelle-ja-laihdu\/#breadcrumb\",\"itemListElement\":[{\"@type\":\"ListItem\",\"position\":1,\"name\":\"Home\",\"item\":\"https:\/\/suomenkuvalehti.fi\/taivaan-tahden\/\"},{\"@type\":\"ListItem\",\"position\":2,\"name\":\"Kiipe\u00e4 vuorelle ja laihdu\"}]},{\"@type\":\"WebSite\",\"@id\":\"https:\/\/suomenkuvalehti.fi\/taivaan-tahden\/#website\",\"url\":\"https:\/\/suomenkuvalehti.fi\/taivaan-tahden\/\",\"name\":\"Taivaan t\u00e4hden\",\"description\":\"Tiedetoimittaja Markus Hotakainen h\u00e4mm\u00e4stelee maailmankaikkeutta.\",\"potentialAction\":[{\"@type\":\"SearchAction\",\"target\":{\"@type\":\"EntryPoint\",\"urlTemplate\":\"https:\/\/suomenkuvalehti.fi\/haku\/?q={search_term_string}\"},\"query-input\":{\"@type\":\"PropertyValueSpecification\",\"valueRequired\":true,\"valueName\":\"search_term_string\"}}],\"inLanguage\":\"fi\"},{\"@type\":\"Person\",\"@id\":\"https:\/\/suomenkuvalehti.fi\/taivaan-tahden\/#\/schema\/person\/c9c1373acb19750e11084ef640abeae0\",\"name\":\"Markus Hotakainen\",\"image\":{\"@type\":\"ImageObject\",\"inLanguage\":\"fi\",\"@id\":\"https:\/\/suomenkuvalehti.fi\/taivaan-tahden\/#\/schema\/person\/image\/\",\"url\":\"https:\/\/suomenkuvalehti.fi\/taivaan-tahden\/wp-content\/uploads\/sites\/36\/2018\/05\/markus_hotakainen_blogi_pieni-150x150.jpg\",\"contentUrl\":\"https:\/\/suomenkuvalehti.fi\/taivaan-tahden\/wp-content\/uploads\/sites\/36\/2018\/05\/markus_hotakainen_blogi_pieni-150x150.jpg\",\"caption\":\"Markus Hotakainen\"},\"description\":\"Kirjoittaja on tiedetoimittaja ja tietokirjailija.\"}]}<\/script>\n<!-- \/ Yoast SEO plugin. -->","yoast_head_json":{"title":"Kiipe\u00e4 vuorelle ja laihdu - Taivaan t\u00e4hden","robots":{"index":"index","follow":"follow","max-snippet":"max-snippet:-1","max-image-preview":"max-image-preview:large","max-video-preview":"max-video-preview:-1"},"canonical":"https:\/\/suomenkuvalehti.fi\/taivaan-tahden\/2017\/07\/25\/kiipea-vuorelle-ja-laihdu\/","og_locale":"fi_FI","og_type":"article","og_title":"Kiipe\u00e4 vuorelle ja laihdu - Taivaan t\u00e4hden","og_description":"Reissussa r\u00e4hj\u00e4\u00e4ntyy ja t\u00f6rm\u00e4\u00e4 kaikenlaiseen mielenkiintoiseen.","og_url":"https:\/\/suomenkuvalehti.fi\/taivaan-tahden\/2017\/07\/25\/kiipea-vuorelle-ja-laihdu\/","og_site_name":"Taivaan t\u00e4hden","article_published_time":"2017-07-25T13:08:51+00:00","article_modified_time":"2017-07-25T13:51:43+00:00","og_image":[{"width":1024,"height":683,"url":"https:\/\/suomenkuvalehti.fi\/taivaan-tahden\/wp-content\/uploads\/sites\/36\/2017\/07\/vuorikauriit_25072017-1024x683.jpeg","type":"image\/jpeg"}],"author":"Markus Hotakainen","twitter_card":"summary_large_image","twitter_misc":{"Written by":"Markus Hotakainen","Est. reading time":"1 minuutti"},"schema":{"@context":"https:\/\/schema.org","@graph":[{"@type":"WebPage","@id":"https:\/\/suomenkuvalehti.fi\/taivaan-tahden\/2017\/07\/25\/kiipea-vuorelle-ja-laihdu\/","url":"https:\/\/suomenkuvalehti.fi\/taivaan-tahden\/2017\/07\/25\/kiipea-vuorelle-ja-laihdu\/","name":"Kiipe\u00e4 vuorelle ja laihdu - Taivaan t\u00e4hden","isPartOf":{"@id":"https:\/\/suomenkuvalehti.fi\/taivaan-tahden\/#website"},"primaryImageOfPage":{"@id":"https:\/\/suomenkuvalehti.fi\/taivaan-tahden\/2017\/07\/25\/kiipea-vuorelle-ja-laihdu\/#primaryimage"},"image":{"@id":"https:\/\/suomenkuvalehti.fi\/taivaan-tahden\/2017\/07\/25\/kiipea-vuorelle-ja-laihdu\/#primaryimage"},"thumbnailUrl":"https:\/\/suomenkuvalehti.fi\/taivaan-tahden\/wp-content\/uploads\/sites\/36\/2017\/07\/vuorikauriit_25072017-1024x683.jpeg","datePublished":"2017-07-25T13:08:51+00:00","dateModified":"2017-07-25T13:51:43+00:00","author":{"@id":"https:\/\/suomenkuvalehti.fi\/taivaan-tahden\/#\/schema\/person\/c9c1373acb19750e11084ef640abeae0"},"breadcrumb":{"@id":"https:\/\/suomenkuvalehti.fi\/taivaan-tahden\/2017\/07\/25\/kiipea-vuorelle-ja-laihdu\/#breadcrumb"},"inLanguage":"fi","potentialAction":[{"@type":"ReadAction","target":["https:\/\/suomenkuvalehti.fi\/taivaan-tahden\/2017\/07\/25\/kiipea-vuorelle-ja-laihdu\/"]}]},{"@type":"ImageObject","inLanguage":"fi","@id":"https:\/\/suomenkuvalehti.fi\/taivaan-tahden\/2017\/07\/25\/kiipea-vuorelle-ja-laihdu\/#primaryimage","url":"https:\/\/suomenkuvalehti.fi\/taivaan-tahden\/wp-content\/uploads\/sites\/36\/2017\/07\/vuorikauriit_25072017.jpeg","contentUrl":"https:\/\/suomenkuvalehti.fi\/taivaan-tahden\/wp-content\/uploads\/sites\/36\/2017\/07\/vuorikauriit_25072017.jpeg","width":2362,"height":1575},{"@type":"BreadcrumbList","@id":"https:\/\/suomenkuvalehti.fi\/taivaan-tahden\/2017\/07\/25\/kiipea-vuorelle-ja-laihdu\/#breadcrumb","itemListElement":[{"@type":"ListItem","position":1,"name":"Home","item":"https:\/\/suomenkuvalehti.fi\/taivaan-tahden\/"},{"@type":"ListItem","position":2,"name":"Kiipe\u00e4 vuorelle ja laihdu"}]},{"@type":"WebSite","@id":"https:\/\/suomenkuvalehti.fi\/taivaan-tahden\/#website","url":"https:\/\/suomenkuvalehti.fi\/taivaan-tahden\/","name":"Taivaan t\u00e4hden","description":"Tiedetoimittaja Markus Hotakainen h\u00e4mm\u00e4stelee maailmankaikkeutta.","potentialAction":[{"@type":"SearchAction","target":{"@type":"EntryPoint","urlTemplate":"https:\/\/suomenkuvalehti.fi\/haku\/?q={search_term_string}"},"query-input":{"@type":"PropertyValueSpecification","valueRequired":true,"valueName":"search_term_string"}}],"inLanguage":"fi"},{"@type":"Person","@id":"https:\/\/suomenkuvalehti.fi\/taivaan-tahden\/#\/schema\/person\/c9c1373acb19750e11084ef640abeae0","name":"Markus Hotakainen","image":{"@type":"ImageObject","inLanguage":"fi","@id":"https:\/\/suomenkuvalehti.fi\/taivaan-tahden\/#\/schema\/person\/image\/","url":"https:\/\/suomenkuvalehti.fi\/taivaan-tahden\/wp-content\/uploads\/sites\/36\/2018\/05\/markus_hotakainen_blogi_pieni-150x150.jpg","contentUrl":"https:\/\/suomenkuvalehti.fi\/taivaan-tahden\/wp-content\/uploads\/sites\/36\/2018\/05\/markus_hotakainen_blogi_pieni-150x150.jpg","caption":"Markus Hotakainen"},"description":"Kirjoittaja on tiedetoimittaja ja tietokirjailija."}]}},"_links":{"self":[{"href":"https:\/\/suomenkuvalehti.fi\/taivaan-tahden\/wp-json\/wp\/v2\/posts\/1189","targetHints":{"allow":["GET"]}}],"collection":[{"href":"https:\/\/suomenkuvalehti.fi\/taivaan-tahden\/wp-json\/wp\/v2\/posts"}],"about":[{"href":"https:\/\/suomenkuvalehti.fi\/taivaan-tahden\/wp-json\/wp\/v2\/types\/post"}],"author":[{"embeddable":true,"href":"https:\/\/suomenkuvalehti.fi\/taivaan-tahden\/wp-json\/wp\/v2\/users\/557"}],"replies":[{"embeddable":true,"href":"https:\/\/suomenkuvalehti.fi\/taivaan-tahden\/wp-json\/wp\/v2\/comments?post=1189"}],"version-history":[{"count":5,"href":"https:\/\/suomenkuvalehti.fi\/taivaan-tahden\/wp-json\/wp\/v2\/posts\/1189\/revisions"}],"predecessor-version":[{"id":1198,"href":"https:\/\/suomenkuvalehti.fi\/taivaan-tahden\/wp-json\/wp\/v2\/posts\/1189\/revisions\/1198"}],"wp:attachment":[{"href":"https:\/\/suomenkuvalehti.fi\/taivaan-tahden\/wp-json\/wp\/v2\/media?parent=1189"}],"wp:term":[{"taxonomy":"category","embeddable":true,"href":"https:\/\/suomenkuvalehti.fi\/taivaan-tahden\/wp-json\/wp\/v2\/categories?post=1189"},{"taxonomy":"post_tag","embeddable":true,"href":"https:\/\/suomenkuvalehti.fi\/taivaan-tahden\/wp-json\/wp\/v2\/tags?post=1189"}],"curies":[{"name":"wp","href":"https:\/\/api.w.org\/{rel}","templated":true}]}}