{"id":1124,"date":"2017-06-17T14:03:12","date_gmt":"2017-06-17T11:03:12","guid":{"rendered":"https:\/\/suomenkuvalehti.fi\/taivaan-tahden\/?p=1124"},"modified":"2017-06-17T14:03:12","modified_gmt":"2017-06-17T11:03:12","slug":"kuu-syntyi-synestiasta-siis-mista","status":"publish","type":"post","link":"https:\/\/suomenkuvalehti.fi\/taivaan-tahden\/2017\/06\/17\/kuu-syntyi-synestiasta-siis-mista\/","title":{"rendered":"Kuu syntyi synestiasta. Siis mist\u00e4?!"},"content":{"rendered":"<figure class=\"aligncenter size-large is-resized wp-block-image\">\n  <div class=\"wp-block-image__inner-container\">\n    <a href=\"https:\/\/suomenkuvalehti.fi\/taivaan-tahden\/wp-content\/uploads\/sites\/36\/2017\/06\/170523081852_1_900x600.jpg\"><img loading=\"lazy\" decoding=\"async\" src=\"https:\/\/suomenkuvalehti.fi\/taivaan-tahden\/wp-content\/uploads\/sites\/36\/2017\/06\/170523081852_1_900x600-1024x581.jpg\" alt=\"\" class=\"wp-image-1125\" width=\"1024\" height=\"581\" style=\"--aspect-ratio: 1.76\" srcset=\"https:\/\/suomenkuvalehti.fi\/taivaan-tahden\/wp-content\/uploads\/sites\/36\/2017\/06\/170523081852_1_900x600-1024x581.jpg 1024w, https:\/\/suomenkuvalehti.fi\/taivaan-tahden\/wp-content\/uploads\/sites\/36\/2017\/06\/170523081852_1_900x600-300x170.jpg 300w, https:\/\/suomenkuvalehti.fi\/taivaan-tahden\/wp-content\/uploads\/sites\/36\/2017\/06\/170523081852_1_900x600-768x436.jpg 768w, https:\/\/suomenkuvalehti.fi\/taivaan-tahden\/wp-content\/uploads\/sites\/36\/2017\/06\/170523081852_1_900x600-630x357.jpg 630w, https:\/\/suomenkuvalehti.fi\/taivaan-tahden\/wp-content\/uploads\/sites\/36\/2017\/06\/170523081852_1_900x600.jpg 1102w\" sizes=\"auto, (max-width: 1024px) 100vw, 1024px\" \/><\/a>    <figcaption class=\"wp-block-image__figcaption\">\n      Maa on joskus muinoin saattanut muistuttaa muodoltaan donitsia. Ehk\u00e4 useaan otteeseen. Kuva: Simon Lock\/Harvard University          <\/figcaption>\n      <\/div>\n<\/figure>\n\n\n<p>1960- ja 1970-lukujen vaihteessa tehdyt kuulennot romuttivat aiemmat teoriat Kuun synnyst\u00e4. Kiertolaisemme pinnalta tuotujen kivien ja sen rakenteesta saatujen tietojen avulla kehitettiin ihan uusi hypoteesi.<\/p>\n\n\n\n<p>Pian Maan muotoutumisen j\u00e4lkeen siihen t\u00f6rm\u00e4si suunnilleen Marsin kokoinen kappale. Avaruuteen sinkoutunut aine ker\u00e4\u00e4ntyi ensin Maata ymp\u00e4r\u00f6iv\u00e4ksi renkaaksi tai kiekoksi ja tiivistyi sitten Kuuksi.<\/p>\n\n\n\n<p>Kuulostaa yksinkertaiselta, mutta ei v\u00e4ltt\u00e4m\u00e4tt\u00e4 sit\u00e4 ollut. Tapahtumat saattoivat edet\u00e4 tyystin toisella tavalla.<\/p>\n\n\n\n<p>Uusin Kuun syntyteoria l\u00e4htee edelleen liikkeelle valtaisasta kosmisesta kolarista. <strong>Sarah Stewart<\/strong> ja <strong>Simon Lock<\/strong> mallinsivat Harvardin yliopistossa erilaisia t\u00f6rm\u00e4ysvaihtoehtoja ja p\u00e4\u00e4tyiv\u00e4t yll\u00e4tt\u00e4v\u00e4\u00e4n tulokseen.<\/p>\n\n\n\n<p>Suurella nopeudella tapahtuneen kolaroinnin tuloksena saattoi synty\u00e4 omituinen &#8221;kappale&#8221;, jollaisesta kukaan ei ollut koskaan kuullutkaan. Tutkijakaksikko antoi sille nimeksi synestia. Se tulee kreikan kielen sanasta <i>syn<\/i> eli kanssa tai yhdess\u00e4, ja kreikkalaisesta arkkitehtuurin (ja muutaman muun asian) jumalasta <i>Hestiasta<\/i>.<\/p>\n\n\n\n<p>Tietokonemallissa t\u00f6rm\u00e4ys sai varhaisen Maan py\u00f6rim\u00e4\u00e4n niin vinhasti, ett\u00e4 h\u00f6yrystyneen ja sulaneen kiviaineksen pilvi laajeni kymmenientuhansien kilometrien l\u00e4pimittaiseksi. Ruhjoutunutta planeettaa ei ymp\u00e4r\u00f6inytk\u00e4\u00e4n erillinen kiekko tai rengas, vaan kiinte\u00e4 ydin muuttui ulosp\u00e4in ment\u00e4ess\u00e4 ilman selv\u00e4\u00e4 rajaa kivisulaksi ja -h\u00f6yryksi.<\/p>\n\n\n\n<p>Synestia oli muodoltaan kuin munkkirinkil\u00e4, mutta ilman keskell\u00e4 olevaa reik\u00e4\u00e4. Laaja pilvi j\u00e4\u00e4htyi hitaasti ja osa siit\u00e4 tiivistyi Kuuksi.<\/p>\n\n\n\n<p>Tarina ei kuitenkaan ole viel\u00e4 t\u00e4ss\u00e4. Maahan tai planeetta-alkioon, joka se aikoinaan oli, on Aurinkokunnan nuoruudessa todenn\u00e4k\u00f6isesti t\u00f6rm\u00e4nnyt kookkaita kappaleita useita kertoja.<\/p>\n\n\n\n<p>Ja joka kerta \u2013 jos toinen kappale on ollut riitt\u00e4v\u00e4n suuri ja t\u00f6rm\u00e4ys on tapahtunut riitt\u00e4v\u00e4n suurella nopeudella \u2013 \u201dMaa\u201d on muuttunut tuliseksi donitsiksi. Viimeisen t\u00f6rm\u00e4yksen tuloksena syntyi Kuu.<\/p>\n\n\n\n<p>Kuun synnyn lis\u00e4ksi uusi teoria voi tuoda lis\u00e4valaistusta siihen, miten Maasta on tullut nykyisenlainen planeetta: miten sen ydin on muotoutunut, mist\u00e4 on per\u00e4isin valtamerien vesi ja ilmakeh\u00e4n kaasut. &nbsp; &nbsp;<\/p>\n\n\n\n<p>Mik\u00e4li synestia on muutakin kuin tietokoneen uumenissa hyrr\u00e4\u00e4v\u00e4 simulaatio, sellaisia voi olla t\u00e4ll\u00e4kin hetkell\u00e4 muissa planeettaj\u00e4rjestelmiss\u00e4. Jos oikea synestia joskus l\u00f6ydet\u00e4\u00e4n, se voi olla avain oman Aurinkokuntamme historiaan.<\/p>\n\n\n","protected":false},"excerpt":{"rendered":"<p>1960- ja 1970-lukujen vaihteessa tehdyt kuulennot romuttivat aiemmat teoriat Kuun synnyst\u00e4. Kiertolaisemme pinnalta tuotujen kivien ja sen rakenteesta saatujen tietojen avulla kehitettiin ihan uusi hypoteesi. Pian Maan muotoutumisen j\u00e4lkeen siihen t\u00f6rm\u00e4si suunnilleen Marsin kokoinen<br \/>\nkap&hellip;<\/p>\n","protected":false},"author":557,"featured_media":0,"comment_status":"open","ping_status":"open","sticky":false,"template":"","format":"standard","meta":{"_acf_changed":false,"asauth_required_access_level":3,"asauth_cansharepaid":"true","om_header_attributes":[],"footnotes":"","om_featured_image_focal_point":[],"om_primary_tag":0,"om_contributors":[],"om_co_authors":[],"beyondwords_generate_audio":"","beyondwords_project_id":"","beyondwords_content_id":"","beyondwords_preview_token":"","beyondwords_player_content":"","beyondwords_player_style":"","beyondwords_language_code":"","beyondwords_language_id":"","beyondwords_title_voice_id":"","beyondwords_body_voice_id":"","beyondwords_summary_voice_id":"","beyondwords_error_message":"","beyondwords_disabled":"","beyondwords_delete_content":"","beyondwords_podcast_id":"","beyondwords_hash":"","publish_post_to_speechkit":"","speechkit_hash":"","speechkit_generate_audio":"","speechkit_project_id":"","speechkit_podcast_id":"","speechkit_error_message":"","speechkit_disabled":"","speechkit_access_key":"","speechkit_error":"","speechkit_info":"","speechkit_response":"","speechkit_retries":"","speechkit_status":"","speechkit_updated_at":"","_speechkit_link":"","_speechkit_text":""},"categories":[1],"tags":[5,451,31,452],"class_list":["post-1124","post","type-post","status-publish","format-standard","hentry","category-taivaan-tahden","tag-kuu","tag-kuun-synty","tag-maa","tag-synestia"],"om_views":null,"acf":{"tuuma_off":false,"tuuma_kysymys":"","tuuma_vastaus":""},"asauth":{"required_access_level":1,"share_token":"","is_paid":false},"yoast_head":"<!-- This site is optimized with the Yoast SEO plugin v26.4 - https:\/\/yoast.com\/wordpress\/plugins\/seo\/ -->\n<title>Kuu syntyi synestiasta. Siis mist\u00e4?! - Taivaan t\u00e4hden<\/title>\n<meta name=\"robots\" content=\"index, follow, max-snippet:-1, max-image-preview:large, max-video-preview:-1\" \/>\n<link rel=\"canonical\" href=\"https:\/\/suomenkuvalehti.fi\/taivaan-tahden\/2017\/06\/17\/kuu-syntyi-synestiasta-siis-mista\/\" \/>\n<meta property=\"og:locale\" content=\"fi_FI\" \/>\n<meta property=\"og:type\" content=\"article\" \/>\n<meta property=\"og:title\" content=\"Kuu syntyi synestiasta. Siis mist\u00e4?! - Taivaan t\u00e4hden\" \/>\n<meta property=\"og:description\" content=\"1960- ja 1970-lukujen vaihteessa tehdyt kuulennot romuttivat aiemmat teoriat Kuun synnyst\u00e4. Kiertolaisemme pinnalta tuotujen kivien ja sen rakenteesta saatujen tietojen avulla kehitettiin ihan uusi hypoteesi. Pian Maan muotoutumisen j\u00e4lkeen siihen t\u00f6rm\u00e4si suunnilleen Marsin kokoinen kap&hellip;\" \/>\n<meta property=\"og:url\" content=\"https:\/\/suomenkuvalehti.fi\/taivaan-tahden\/2017\/06\/17\/kuu-syntyi-synestiasta-siis-mista\/\" \/>\n<meta property=\"og:site_name\" content=\"Taivaan t\u00e4hden\" \/>\n<meta property=\"article:published_time\" content=\"2017-06-17T11:03:12+00:00\" \/>\n<meta property=\"og:image\" content=\"https:\/\/suomenkuvalehti.fi\/taivaan-tahden\/wp-content\/uploads\/sites\/36\/2017\/06\/170523081852_1_900x600.jpg\" \/>\n\t<meta property=\"og:image:width\" content=\"1102\" \/>\n\t<meta property=\"og:image:height\" content=\"625\" \/>\n\t<meta property=\"og:image:type\" content=\"image\/jpeg\" \/>\n<meta name=\"author\" content=\"Markus Hotakainen\" \/>\n<meta name=\"twitter:card\" content=\"summary_large_image\" \/>\n<meta name=\"twitter:label1\" content=\"Written by\" \/>\n\t<meta name=\"twitter:data1\" content=\"Markus Hotakainen\" \/>\n\t<meta name=\"twitter:label2\" content=\"Est. reading time\" \/>\n\t<meta name=\"twitter:data2\" content=\"2 minuuttia\" \/>\n<script type=\"application\/ld+json\" class=\"yoast-schema-graph\">{\"@context\":\"https:\/\/schema.org\",\"@graph\":[{\"@type\":\"WebPage\",\"@id\":\"https:\/\/suomenkuvalehti.fi\/taivaan-tahden\/2017\/06\/17\/kuu-syntyi-synestiasta-siis-mista\/\",\"url\":\"https:\/\/suomenkuvalehti.fi\/taivaan-tahden\/2017\/06\/17\/kuu-syntyi-synestiasta-siis-mista\/\",\"name\":\"Kuu syntyi synestiasta. Siis mist\u00e4?! - Taivaan t\u00e4hden\",\"isPartOf\":{\"@id\":\"https:\/\/suomenkuvalehti.fi\/taivaan-tahden\/#website\"},\"primaryImageOfPage\":{\"@id\":\"https:\/\/suomenkuvalehti.fi\/taivaan-tahden\/2017\/06\/17\/kuu-syntyi-synestiasta-siis-mista\/#primaryimage\"},\"image\":{\"@id\":\"https:\/\/suomenkuvalehti.fi\/taivaan-tahden\/2017\/06\/17\/kuu-syntyi-synestiasta-siis-mista\/#primaryimage\"},\"thumbnailUrl\":\"https:\/\/suomenkuvalehti.fi\/taivaan-tahden\/wp-content\/uploads\/sites\/36\/2017\/06\/170523081852_1_900x600-1024x581.jpg\",\"datePublished\":\"2017-06-17T11:03:12+00:00\",\"author\":{\"@id\":\"https:\/\/suomenkuvalehti.fi\/taivaan-tahden\/#\/schema\/person\/c9c1373acb19750e11084ef640abeae0\"},\"breadcrumb\":{\"@id\":\"https:\/\/suomenkuvalehti.fi\/taivaan-tahden\/2017\/06\/17\/kuu-syntyi-synestiasta-siis-mista\/#breadcrumb\"},\"inLanguage\":\"fi\",\"potentialAction\":[{\"@type\":\"ReadAction\",\"target\":[\"https:\/\/suomenkuvalehti.fi\/taivaan-tahden\/2017\/06\/17\/kuu-syntyi-synestiasta-siis-mista\/\"]}]},{\"@type\":\"ImageObject\",\"inLanguage\":\"fi\",\"@id\":\"https:\/\/suomenkuvalehti.fi\/taivaan-tahden\/2017\/06\/17\/kuu-syntyi-synestiasta-siis-mista\/#primaryimage\",\"url\":\"https:\/\/suomenkuvalehti.fi\/taivaan-tahden\/wp-content\/uploads\/sites\/36\/2017\/06\/170523081852_1_900x600.jpg\",\"contentUrl\":\"https:\/\/suomenkuvalehti.fi\/taivaan-tahden\/wp-content\/uploads\/sites\/36\/2017\/06\/170523081852_1_900x600.jpg\",\"width\":1102,\"height\":625},{\"@type\":\"BreadcrumbList\",\"@id\":\"https:\/\/suomenkuvalehti.fi\/taivaan-tahden\/2017\/06\/17\/kuu-syntyi-synestiasta-siis-mista\/#breadcrumb\",\"itemListElement\":[{\"@type\":\"ListItem\",\"position\":1,\"name\":\"Home\",\"item\":\"https:\/\/suomenkuvalehti.fi\/taivaan-tahden\/\"},{\"@type\":\"ListItem\",\"position\":2,\"name\":\"Kuu syntyi synestiasta. Siis mist\u00e4?!\"}]},{\"@type\":\"WebSite\",\"@id\":\"https:\/\/suomenkuvalehti.fi\/taivaan-tahden\/#website\",\"url\":\"https:\/\/suomenkuvalehti.fi\/taivaan-tahden\/\",\"name\":\"Taivaan t\u00e4hden\",\"description\":\"Tiedetoimittaja Markus Hotakainen h\u00e4mm\u00e4stelee maailmankaikkeutta.\",\"potentialAction\":[{\"@type\":\"SearchAction\",\"target\":{\"@type\":\"EntryPoint\",\"urlTemplate\":\"https:\/\/suomenkuvalehti.fi\/haku\/?q={search_term_string}\"},\"query-input\":{\"@type\":\"PropertyValueSpecification\",\"valueRequired\":true,\"valueName\":\"search_term_string\"}}],\"inLanguage\":\"fi\"},{\"@type\":\"Person\",\"@id\":\"https:\/\/suomenkuvalehti.fi\/taivaan-tahden\/#\/schema\/person\/c9c1373acb19750e11084ef640abeae0\",\"name\":\"Markus Hotakainen\",\"image\":{\"@type\":\"ImageObject\",\"inLanguage\":\"fi\",\"@id\":\"https:\/\/suomenkuvalehti.fi\/taivaan-tahden\/#\/schema\/person\/image\/\",\"url\":\"https:\/\/suomenkuvalehti.fi\/taivaan-tahden\/wp-content\/uploads\/sites\/36\/2018\/05\/markus_hotakainen_blogi_pieni-150x150.jpg\",\"contentUrl\":\"https:\/\/suomenkuvalehti.fi\/taivaan-tahden\/wp-content\/uploads\/sites\/36\/2018\/05\/markus_hotakainen_blogi_pieni-150x150.jpg\",\"caption\":\"Markus Hotakainen\"},\"description\":\"Kirjoittaja on tiedetoimittaja ja tietokirjailija.\"}]}<\/script>\n<!-- \/ Yoast SEO plugin. -->","yoast_head_json":{"title":"Kuu syntyi synestiasta. Siis mist\u00e4?! - Taivaan t\u00e4hden","robots":{"index":"index","follow":"follow","max-snippet":"max-snippet:-1","max-image-preview":"max-image-preview:large","max-video-preview":"max-video-preview:-1"},"canonical":"https:\/\/suomenkuvalehti.fi\/taivaan-tahden\/2017\/06\/17\/kuu-syntyi-synestiasta-siis-mista\/","og_locale":"fi_FI","og_type":"article","og_title":"Kuu syntyi synestiasta. Siis mist\u00e4?! - Taivaan t\u00e4hden","og_description":"1960- ja 1970-lukujen vaihteessa tehdyt kuulennot romuttivat aiemmat teoriat Kuun synnyst\u00e4. Kiertolaisemme pinnalta tuotujen kivien ja sen rakenteesta saatujen tietojen avulla kehitettiin ihan uusi hypoteesi. Pian Maan muotoutumisen j\u00e4lkeen siihen t\u00f6rm\u00e4si suunnilleen Marsin kokoinen kap&hellip;","og_url":"https:\/\/suomenkuvalehti.fi\/taivaan-tahden\/2017\/06\/17\/kuu-syntyi-synestiasta-siis-mista\/","og_site_name":"Taivaan t\u00e4hden","article_published_time":"2017-06-17T11:03:12+00:00","og_image":[{"width":1102,"height":625,"url":"https:\/\/suomenkuvalehti.fi\/taivaan-tahden\/wp-content\/uploads\/sites\/36\/2017\/06\/170523081852_1_900x600.jpg","type":"image\/jpeg"}],"author":"Markus Hotakainen","twitter_card":"summary_large_image","twitter_misc":{"Written by":"Markus Hotakainen","Est. reading time":"2 minuuttia"},"schema":{"@context":"https:\/\/schema.org","@graph":[{"@type":"WebPage","@id":"https:\/\/suomenkuvalehti.fi\/taivaan-tahden\/2017\/06\/17\/kuu-syntyi-synestiasta-siis-mista\/","url":"https:\/\/suomenkuvalehti.fi\/taivaan-tahden\/2017\/06\/17\/kuu-syntyi-synestiasta-siis-mista\/","name":"Kuu syntyi synestiasta. Siis mist\u00e4?! - Taivaan t\u00e4hden","isPartOf":{"@id":"https:\/\/suomenkuvalehti.fi\/taivaan-tahden\/#website"},"primaryImageOfPage":{"@id":"https:\/\/suomenkuvalehti.fi\/taivaan-tahden\/2017\/06\/17\/kuu-syntyi-synestiasta-siis-mista\/#primaryimage"},"image":{"@id":"https:\/\/suomenkuvalehti.fi\/taivaan-tahden\/2017\/06\/17\/kuu-syntyi-synestiasta-siis-mista\/#primaryimage"},"thumbnailUrl":"https:\/\/suomenkuvalehti.fi\/taivaan-tahden\/wp-content\/uploads\/sites\/36\/2017\/06\/170523081852_1_900x600-1024x581.jpg","datePublished":"2017-06-17T11:03:12+00:00","author":{"@id":"https:\/\/suomenkuvalehti.fi\/taivaan-tahden\/#\/schema\/person\/c9c1373acb19750e11084ef640abeae0"},"breadcrumb":{"@id":"https:\/\/suomenkuvalehti.fi\/taivaan-tahden\/2017\/06\/17\/kuu-syntyi-synestiasta-siis-mista\/#breadcrumb"},"inLanguage":"fi","potentialAction":[{"@type":"ReadAction","target":["https:\/\/suomenkuvalehti.fi\/taivaan-tahden\/2017\/06\/17\/kuu-syntyi-synestiasta-siis-mista\/"]}]},{"@type":"ImageObject","inLanguage":"fi","@id":"https:\/\/suomenkuvalehti.fi\/taivaan-tahden\/2017\/06\/17\/kuu-syntyi-synestiasta-siis-mista\/#primaryimage","url":"https:\/\/suomenkuvalehti.fi\/taivaan-tahden\/wp-content\/uploads\/sites\/36\/2017\/06\/170523081852_1_900x600.jpg","contentUrl":"https:\/\/suomenkuvalehti.fi\/taivaan-tahden\/wp-content\/uploads\/sites\/36\/2017\/06\/170523081852_1_900x600.jpg","width":1102,"height":625},{"@type":"BreadcrumbList","@id":"https:\/\/suomenkuvalehti.fi\/taivaan-tahden\/2017\/06\/17\/kuu-syntyi-synestiasta-siis-mista\/#breadcrumb","itemListElement":[{"@type":"ListItem","position":1,"name":"Home","item":"https:\/\/suomenkuvalehti.fi\/taivaan-tahden\/"},{"@type":"ListItem","position":2,"name":"Kuu syntyi synestiasta. Siis mist\u00e4?!"}]},{"@type":"WebSite","@id":"https:\/\/suomenkuvalehti.fi\/taivaan-tahden\/#website","url":"https:\/\/suomenkuvalehti.fi\/taivaan-tahden\/","name":"Taivaan t\u00e4hden","description":"Tiedetoimittaja Markus Hotakainen h\u00e4mm\u00e4stelee maailmankaikkeutta.","potentialAction":[{"@type":"SearchAction","target":{"@type":"EntryPoint","urlTemplate":"https:\/\/suomenkuvalehti.fi\/haku\/?q={search_term_string}"},"query-input":{"@type":"PropertyValueSpecification","valueRequired":true,"valueName":"search_term_string"}}],"inLanguage":"fi"},{"@type":"Person","@id":"https:\/\/suomenkuvalehti.fi\/taivaan-tahden\/#\/schema\/person\/c9c1373acb19750e11084ef640abeae0","name":"Markus Hotakainen","image":{"@type":"ImageObject","inLanguage":"fi","@id":"https:\/\/suomenkuvalehti.fi\/taivaan-tahden\/#\/schema\/person\/image\/","url":"https:\/\/suomenkuvalehti.fi\/taivaan-tahden\/wp-content\/uploads\/sites\/36\/2018\/05\/markus_hotakainen_blogi_pieni-150x150.jpg","contentUrl":"https:\/\/suomenkuvalehti.fi\/taivaan-tahden\/wp-content\/uploads\/sites\/36\/2018\/05\/markus_hotakainen_blogi_pieni-150x150.jpg","caption":"Markus Hotakainen"},"description":"Kirjoittaja on tiedetoimittaja ja tietokirjailija."}]}},"_links":{"self":[{"href":"https:\/\/suomenkuvalehti.fi\/taivaan-tahden\/wp-json\/wp\/v2\/posts\/1124","targetHints":{"allow":["GET"]}}],"collection":[{"href":"https:\/\/suomenkuvalehti.fi\/taivaan-tahden\/wp-json\/wp\/v2\/posts"}],"about":[{"href":"https:\/\/suomenkuvalehti.fi\/taivaan-tahden\/wp-json\/wp\/v2\/types\/post"}],"author":[{"embeddable":true,"href":"https:\/\/suomenkuvalehti.fi\/taivaan-tahden\/wp-json\/wp\/v2\/users\/557"}],"replies":[{"embeddable":true,"href":"https:\/\/suomenkuvalehti.fi\/taivaan-tahden\/wp-json\/wp\/v2\/comments?post=1124"}],"version-history":[{"count":3,"href":"https:\/\/suomenkuvalehti.fi\/taivaan-tahden\/wp-json\/wp\/v2\/posts\/1124\/revisions"}],"predecessor-version":[{"id":1130,"href":"https:\/\/suomenkuvalehti.fi\/taivaan-tahden\/wp-json\/wp\/v2\/posts\/1124\/revisions\/1130"}],"wp:attachment":[{"href":"https:\/\/suomenkuvalehti.fi\/taivaan-tahden\/wp-json\/wp\/v2\/media?parent=1124"}],"wp:term":[{"taxonomy":"category","embeddable":true,"href":"https:\/\/suomenkuvalehti.fi\/taivaan-tahden\/wp-json\/wp\/v2\/categories?post=1124"},{"taxonomy":"post_tag","embeddable":true,"href":"https:\/\/suomenkuvalehti.fi\/taivaan-tahden\/wp-json\/wp\/v2\/tags?post=1124"}],"curies":[{"name":"wp","href":"https:\/\/api.w.org\/{rel}","templated":true}]}}