{"id":1026,"date":"2017-04-06T08:40:37","date_gmt":"2017-04-06T05:40:37","guid":{"rendered":"https:\/\/suomenkuvalehti.fi\/taivaan-tahden\/?p=1026"},"modified":"2017-04-06T09:17:28","modified_gmt":"2017-04-06T06:17:28","slug":"enta-jos-asteroidi-osuisi-suomeen","status":"publish","type":"post","link":"https:\/\/suomenkuvalehti.fi\/taivaan-tahden\/2017\/04\/06\/enta-jos-asteroidi-osuisi-suomeen\/","title":{"rendered":"Ent\u00e4 jos asteroidi osuisi Suomeen?"},"content":{"rendered":"<figure class=\"aligncenter size-full wp-block-image\">\n  <div class=\"wp-block-image__inner-container\">\n    <a href=\"https:\/\/suomenkuvalehti.fi\/taivaan-tahden\/wp-content\/uploads\/sites\/36\/2017\/04\/clavius_05042017_hkljkl.jpeg\"><img loading=\"lazy\" decoding=\"async\" src=\"https:\/\/suomenkuvalehti.fi\/taivaan-tahden\/wp-content\/uploads\/sites\/36\/2017\/04\/clavius_05042017_hkljkl.jpeg\" alt=\"\" class=\"wp-image-1027\" width=\"601\" height=\"306\" style=\"--aspect-ratio: 1.96\" srcset=\"https:\/\/suomenkuvalehti.fi\/taivaan-tahden\/wp-content\/uploads\/sites\/36\/2017\/04\/clavius_05042017_hkljkl.jpeg 601w, https:\/\/suomenkuvalehti.fi\/taivaan-tahden\/wp-content\/uploads\/sites\/36\/2017\/04\/clavius_05042017_hkljkl-300x153.jpeg 300w\" sizes=\"auto, (max-width: 601px) 100vw, 601px\" \/><\/a>    <figcaption class=\"wp-block-image__figcaption\">\n      Kuun Clavius-kraatteri mahtuisi vaivoin Helsingin ja Jyv\u00e4skyl\u00e4n v\u00e4liin. Kuva: Markus Hotakainen          <\/figcaption>\n      <\/div>\n<\/figure>\n\n\n<p>Kuvasin Kuuta. V\u00e4h\u00e4n yli puolikkaana sen yksityiskohdat erottuvat kaikkein parhaiten. Valoisan ja pime\u00e4n \u2013 eli p\u00e4iv\u00e4n ja y\u00f6n \u2013 rajalla auringonvalo lankeaa Kuun rokonarpiselle pinnalle hyvin matalalta, ja kaikki kraatterit, rotkot ja harjanteet korostuvat.<\/p>\n\n\n\n<p>Kuun etel\u00e4isell\u00e4 yl\u00e4nk\u00f6alueella on Clavius, yksi Kuun suurimpia kraattereita. Sen l\u00e4pimitta on noin 230 kilometri\u00e4. Jos samankokoinen iskuj\u00e4lki olisi etel\u00e4isen Suomen kohdalla, kraatterin reuna kulkisi suunnilleen Helsingin ja Jyv\u00e4skyl\u00e4n kohdilla.<\/p>\n\n\n\n<p>Kuun kraatterit ovat syntyneet asteroidien t\u00f6rm\u00e4illess\u00e4 Kuun pintaan. Iskeytyj\u00e4n kokoluokasta voi esitt\u00e4\u00e4 vain arvioita, mutta nyrkkis\u00e4\u00e4nt\u00f6n\u00e4 pidet\u00e4\u00e4n, ett\u00e4 yleens\u00e4 se on ollut 1\/10\u20131\/20 syntyneen kraatterin l\u00e4pimitasta. Claviuksen tapauksessa siis noin 15 kilometri\u00e4.<\/p>\n\n\n\n<p>Mit\u00e4 jos sellainen kappale osuisi Suomeen?<\/p>\n\n\n\n<p>Yli 100 000 kilometrin tuntinopeudella peruskallioon iskeytyv\u00e4 kivenj\u00e4rk\u00e4le h\u00f6yrystyisi silm\u00e4nr\u00e4p\u00e4yksess\u00e4 ja vapautunut energia sulattaisi laajat alueet hehkuvankuumaksi laavaj\u00e4rveksi.<\/p>\n\n\n\n<p>Sulaa kive\u00e4 ja pirstoutunutta kalliota sinkoilisi joka suuntaan ja p\u00e4\u00e4tyisi ymp\u00e4ri maata. Polttava paineaalto pyyhk\u00e4isisi tielt\u00e4\u00e4n kaiken. Jos jotain olisi viel\u00e4 pystyss\u00e4, se palaisi pian poroksi.<\/p>\n\n\n\n<p>Armasta kotimaatamme ei en\u00e4\u00e4 olisi. Kartat menisiv\u00e4t uusiksi, kun entisen Suomen paikalla olisi yli 200 kilometrin l\u00e4pimittainen kraatteri ja sen ymp\u00e4rill\u00e4 elottomaksi ruhjoutunutta maisemaa.<\/p>\n\n\n\n<p>V\u00e4lit\u00f6nt\u00e4 syyt\u00e4 huoleen ei ole. Clavius syntyi noin nelj\u00e4 miljardia vuotta sitten, kun Aurinkokunta vilisi erikokoisia kivenj\u00e4rk\u00e4leit\u00e4 ja kallionlohkareita. Suurin osa niist\u00e4 p\u00e4\u00e4tyi jo aikakausia sitten&nbsp;isompien kappaleiden, planeettojen ja kuiden, pintaan.<\/p>\n\n\n\n<p>Maahan kohdistui muinoin samanlainen pommitus kuin Kuuhun, t\u00e4\u00e4lt\u00e4 kraatterit vain ovat vuosimiljardien saatossa suurimmaksi osaksi kadonneet. Mannerliikunnot, laavapurkaukset ja j\u00e4\u00e4kaudet ovat tuhonneet, peitt\u00e4neet ja&nbsp;kuluttaneet kraattereita.<\/p>\n\n\n\n<p>Koko maapallolta tunnetaan varmuudella alle 200 t\u00f6rm\u00e4yskraatteria, Suomesta niit\u00e4 on l\u00f6ytynyt 11. Maamme iskuj\u00e4ljist\u00e4 nuorin on Lappaj\u00e4rvi ja sill\u00e4kin on ik\u00e4\u00e4 yli 76 miljoonaa vuotta.<\/p>\n\n\n\n<p>Nykyisin avaruus on onneksi paljon autiompi.<\/p>\n\n\n","protected":false},"excerpt":{"rendered":"<p>Kuvasin Kuuta. V\u00e4h\u00e4n yli puolikkaana sen yksityiskohdat erottuvat kaikkein parhaiten.<\/p>\n","protected":false},"author":557,"featured_media":0,"comment_status":"open","ping_status":"open","sticky":false,"template":"","format":"standard","meta":{"_acf_changed":false,"asauth_required_access_level":3,"asauth_cansharepaid":"true","om_header_attributes":[],"footnotes":"","om_featured_image_focal_point":[],"om_primary_tag":0,"om_contributors":[],"om_co_authors":[],"beyondwords_generate_audio":"","beyondwords_project_id":"","beyondwords_content_id":"","beyondwords_preview_token":"","beyondwords_player_content":"","beyondwords_player_style":"","beyondwords_language_code":"","beyondwords_language_id":"","beyondwords_title_voice_id":"","beyondwords_body_voice_id":"","beyondwords_summary_voice_id":"","beyondwords_error_message":"","beyondwords_disabled":"","beyondwords_delete_content":"","beyondwords_podcast_id":"","beyondwords_hash":"","publish_post_to_speechkit":"","speechkit_hash":"","speechkit_generate_audio":"","speechkit_project_id":"","speechkit_podcast_id":"","speechkit_error_message":"","speechkit_disabled":"","speechkit_access_key":"","speechkit_error":"","speechkit_info":"","speechkit_response":"","speechkit_retries":"","speechkit_status":"","speechkit_updated_at":"","_speechkit_link":"","_speechkit_text":""},"categories":[1],"tags":[144,417,419,416,5,418,31],"class_list":["post-1026","post","type-post","status-publish","format-standard","hentry","category-taivaan-tahden","tag-asteroidi","tag-clavius","tag-kosminen-tormays","tag-kraatterit","tag-kuu","tag-lappajarvi","tag-maa"],"om_views":null,"acf":{"tuuma_off":false,"tuuma_kysymys":"","tuuma_vastaus":""},"asauth":{"required_access_level":1,"share_token":"","is_paid":false},"yoast_head":"<!-- This site is optimized with the Yoast SEO plugin v26.4 - https:\/\/yoast.com\/wordpress\/plugins\/seo\/ -->\n<title>Ent\u00e4 jos asteroidi osuisi Suomeen? - Taivaan t\u00e4hden<\/title>\n<meta name=\"robots\" content=\"index, follow, max-snippet:-1, max-image-preview:large, max-video-preview:-1\" \/>\n<link rel=\"canonical\" href=\"https:\/\/suomenkuvalehti.fi\/taivaan-tahden\/2017\/04\/06\/enta-jos-asteroidi-osuisi-suomeen\/\" \/>\n<meta property=\"og:locale\" content=\"fi_FI\" \/>\n<meta property=\"og:type\" content=\"article\" \/>\n<meta property=\"og:title\" content=\"Ent\u00e4 jos asteroidi osuisi Suomeen? - Taivaan t\u00e4hden\" \/>\n<meta property=\"og:description\" content=\"Kuvasin Kuuta. V\u00e4h\u00e4n yli puolikkaana sen yksityiskohdat erottuvat kaikkein parhaiten.\" \/>\n<meta property=\"og:url\" content=\"https:\/\/suomenkuvalehti.fi\/taivaan-tahden\/2017\/04\/06\/enta-jos-asteroidi-osuisi-suomeen\/\" \/>\n<meta property=\"og:site_name\" content=\"Taivaan t\u00e4hden\" \/>\n<meta property=\"article:published_time\" content=\"2017-04-06T05:40:37+00:00\" \/>\n<meta property=\"article:modified_time\" content=\"2017-04-06T06:17:28+00:00\" \/>\n<meta property=\"og:image\" content=\"https:\/\/suomenkuvalehti.fi\/taivaan-tahden\/wp-content\/uploads\/sites\/36\/2017\/04\/clavius_05042017_hkljkl.jpeg\" \/>\n\t<meta property=\"og:image:width\" content=\"601\" \/>\n\t<meta property=\"og:image:height\" content=\"306\" \/>\n\t<meta property=\"og:image:type\" content=\"image\/jpeg\" \/>\n<meta name=\"author\" content=\"Markus Hotakainen\" \/>\n<meta name=\"twitter:card\" content=\"summary_large_image\" \/>\n<meta name=\"twitter:label1\" content=\"Written by\" \/>\n\t<meta name=\"twitter:data1\" content=\"Markus Hotakainen\" \/>\n\t<meta name=\"twitter:label2\" content=\"Est. reading time\" \/>\n\t<meta name=\"twitter:data2\" content=\"2 minuuttia\" \/>\n<script type=\"application\/ld+json\" class=\"yoast-schema-graph\">{\"@context\":\"https:\/\/schema.org\",\"@graph\":[{\"@type\":\"WebPage\",\"@id\":\"https:\/\/suomenkuvalehti.fi\/taivaan-tahden\/2017\/04\/06\/enta-jos-asteroidi-osuisi-suomeen\/\",\"url\":\"https:\/\/suomenkuvalehti.fi\/taivaan-tahden\/2017\/04\/06\/enta-jos-asteroidi-osuisi-suomeen\/\",\"name\":\"Ent\u00e4 jos asteroidi osuisi Suomeen? - Taivaan t\u00e4hden\",\"isPartOf\":{\"@id\":\"https:\/\/suomenkuvalehti.fi\/taivaan-tahden\/#website\"},\"primaryImageOfPage\":{\"@id\":\"https:\/\/suomenkuvalehti.fi\/taivaan-tahden\/2017\/04\/06\/enta-jos-asteroidi-osuisi-suomeen\/#primaryimage\"},\"image\":{\"@id\":\"https:\/\/suomenkuvalehti.fi\/taivaan-tahden\/2017\/04\/06\/enta-jos-asteroidi-osuisi-suomeen\/#primaryimage\"},\"thumbnailUrl\":\"https:\/\/suomenkuvalehti.fi\/taivaan-tahden\/wp-content\/uploads\/sites\/36\/2017\/04\/clavius_05042017_hkljkl.jpeg\",\"datePublished\":\"2017-04-06T05:40:37+00:00\",\"dateModified\":\"2017-04-06T06:17:28+00:00\",\"author\":{\"@id\":\"https:\/\/suomenkuvalehti.fi\/taivaan-tahden\/#\/schema\/person\/c9c1373acb19750e11084ef640abeae0\"},\"breadcrumb\":{\"@id\":\"https:\/\/suomenkuvalehti.fi\/taivaan-tahden\/2017\/04\/06\/enta-jos-asteroidi-osuisi-suomeen\/#breadcrumb\"},\"inLanguage\":\"fi\",\"potentialAction\":[{\"@type\":\"ReadAction\",\"target\":[\"https:\/\/suomenkuvalehti.fi\/taivaan-tahden\/2017\/04\/06\/enta-jos-asteroidi-osuisi-suomeen\/\"]}]},{\"@type\":\"ImageObject\",\"inLanguage\":\"fi\",\"@id\":\"https:\/\/suomenkuvalehti.fi\/taivaan-tahden\/2017\/04\/06\/enta-jos-asteroidi-osuisi-suomeen\/#primaryimage\",\"url\":\"https:\/\/suomenkuvalehti.fi\/taivaan-tahden\/wp-content\/uploads\/sites\/36\/2017\/04\/clavius_05042017_hkljkl.jpeg\",\"contentUrl\":\"https:\/\/suomenkuvalehti.fi\/taivaan-tahden\/wp-content\/uploads\/sites\/36\/2017\/04\/clavius_05042017_hkljkl.jpeg\"},{\"@type\":\"BreadcrumbList\",\"@id\":\"https:\/\/suomenkuvalehti.fi\/taivaan-tahden\/2017\/04\/06\/enta-jos-asteroidi-osuisi-suomeen\/#breadcrumb\",\"itemListElement\":[{\"@type\":\"ListItem\",\"position\":1,\"name\":\"Home\",\"item\":\"https:\/\/suomenkuvalehti.fi\/taivaan-tahden\/\"},{\"@type\":\"ListItem\",\"position\":2,\"name\":\"Ent\u00e4 jos asteroidi osuisi Suomeen?\"}]},{\"@type\":\"WebSite\",\"@id\":\"https:\/\/suomenkuvalehti.fi\/taivaan-tahden\/#website\",\"url\":\"https:\/\/suomenkuvalehti.fi\/taivaan-tahden\/\",\"name\":\"Taivaan t\u00e4hden\",\"description\":\"Tiedetoimittaja Markus Hotakainen h\u00e4mm\u00e4stelee maailmankaikkeutta.\",\"potentialAction\":[{\"@type\":\"SearchAction\",\"target\":{\"@type\":\"EntryPoint\",\"urlTemplate\":\"https:\/\/suomenkuvalehti.fi\/haku\/?q={search_term_string}\"},\"query-input\":{\"@type\":\"PropertyValueSpecification\",\"valueRequired\":true,\"valueName\":\"search_term_string\"}}],\"inLanguage\":\"fi\"},{\"@type\":\"Person\",\"@id\":\"https:\/\/suomenkuvalehti.fi\/taivaan-tahden\/#\/schema\/person\/c9c1373acb19750e11084ef640abeae0\",\"name\":\"Markus Hotakainen\",\"image\":{\"@type\":\"ImageObject\",\"inLanguage\":\"fi\",\"@id\":\"https:\/\/suomenkuvalehti.fi\/taivaan-tahden\/#\/schema\/person\/image\/\",\"url\":\"https:\/\/suomenkuvalehti.fi\/taivaan-tahden\/wp-content\/uploads\/sites\/36\/2018\/05\/markus_hotakainen_blogi_pieni-150x150.jpg\",\"contentUrl\":\"https:\/\/suomenkuvalehti.fi\/taivaan-tahden\/wp-content\/uploads\/sites\/36\/2018\/05\/markus_hotakainen_blogi_pieni-150x150.jpg\",\"caption\":\"Markus Hotakainen\"},\"description\":\"Kirjoittaja on tiedetoimittaja ja tietokirjailija.\"}]}<\/script>\n<!-- \/ Yoast SEO plugin. -->","yoast_head_json":{"title":"Ent\u00e4 jos asteroidi osuisi Suomeen? - Taivaan t\u00e4hden","robots":{"index":"index","follow":"follow","max-snippet":"max-snippet:-1","max-image-preview":"max-image-preview:large","max-video-preview":"max-video-preview:-1"},"canonical":"https:\/\/suomenkuvalehti.fi\/taivaan-tahden\/2017\/04\/06\/enta-jos-asteroidi-osuisi-suomeen\/","og_locale":"fi_FI","og_type":"article","og_title":"Ent\u00e4 jos asteroidi osuisi Suomeen? - Taivaan t\u00e4hden","og_description":"Kuvasin Kuuta. V\u00e4h\u00e4n yli puolikkaana sen yksityiskohdat erottuvat kaikkein parhaiten.","og_url":"https:\/\/suomenkuvalehti.fi\/taivaan-tahden\/2017\/04\/06\/enta-jos-asteroidi-osuisi-suomeen\/","og_site_name":"Taivaan t\u00e4hden","article_published_time":"2017-04-06T05:40:37+00:00","article_modified_time":"2017-04-06T06:17:28+00:00","og_image":[{"width":601,"height":306,"url":"https:\/\/suomenkuvalehti.fi\/taivaan-tahden\/wp-content\/uploads\/sites\/36\/2017\/04\/clavius_05042017_hkljkl.jpeg","type":"image\/jpeg"}],"author":"Markus Hotakainen","twitter_card":"summary_large_image","twitter_misc":{"Written by":"Markus Hotakainen","Est. reading time":"2 minuuttia"},"schema":{"@context":"https:\/\/schema.org","@graph":[{"@type":"WebPage","@id":"https:\/\/suomenkuvalehti.fi\/taivaan-tahden\/2017\/04\/06\/enta-jos-asteroidi-osuisi-suomeen\/","url":"https:\/\/suomenkuvalehti.fi\/taivaan-tahden\/2017\/04\/06\/enta-jos-asteroidi-osuisi-suomeen\/","name":"Ent\u00e4 jos asteroidi osuisi Suomeen? - Taivaan t\u00e4hden","isPartOf":{"@id":"https:\/\/suomenkuvalehti.fi\/taivaan-tahden\/#website"},"primaryImageOfPage":{"@id":"https:\/\/suomenkuvalehti.fi\/taivaan-tahden\/2017\/04\/06\/enta-jos-asteroidi-osuisi-suomeen\/#primaryimage"},"image":{"@id":"https:\/\/suomenkuvalehti.fi\/taivaan-tahden\/2017\/04\/06\/enta-jos-asteroidi-osuisi-suomeen\/#primaryimage"},"thumbnailUrl":"https:\/\/suomenkuvalehti.fi\/taivaan-tahden\/wp-content\/uploads\/sites\/36\/2017\/04\/clavius_05042017_hkljkl.jpeg","datePublished":"2017-04-06T05:40:37+00:00","dateModified":"2017-04-06T06:17:28+00:00","author":{"@id":"https:\/\/suomenkuvalehti.fi\/taivaan-tahden\/#\/schema\/person\/c9c1373acb19750e11084ef640abeae0"},"breadcrumb":{"@id":"https:\/\/suomenkuvalehti.fi\/taivaan-tahden\/2017\/04\/06\/enta-jos-asteroidi-osuisi-suomeen\/#breadcrumb"},"inLanguage":"fi","potentialAction":[{"@type":"ReadAction","target":["https:\/\/suomenkuvalehti.fi\/taivaan-tahden\/2017\/04\/06\/enta-jos-asteroidi-osuisi-suomeen\/"]}]},{"@type":"ImageObject","inLanguage":"fi","@id":"https:\/\/suomenkuvalehti.fi\/taivaan-tahden\/2017\/04\/06\/enta-jos-asteroidi-osuisi-suomeen\/#primaryimage","url":"https:\/\/suomenkuvalehti.fi\/taivaan-tahden\/wp-content\/uploads\/sites\/36\/2017\/04\/clavius_05042017_hkljkl.jpeg","contentUrl":"https:\/\/suomenkuvalehti.fi\/taivaan-tahden\/wp-content\/uploads\/sites\/36\/2017\/04\/clavius_05042017_hkljkl.jpeg"},{"@type":"BreadcrumbList","@id":"https:\/\/suomenkuvalehti.fi\/taivaan-tahden\/2017\/04\/06\/enta-jos-asteroidi-osuisi-suomeen\/#breadcrumb","itemListElement":[{"@type":"ListItem","position":1,"name":"Home","item":"https:\/\/suomenkuvalehti.fi\/taivaan-tahden\/"},{"@type":"ListItem","position":2,"name":"Ent\u00e4 jos asteroidi osuisi Suomeen?"}]},{"@type":"WebSite","@id":"https:\/\/suomenkuvalehti.fi\/taivaan-tahden\/#website","url":"https:\/\/suomenkuvalehti.fi\/taivaan-tahden\/","name":"Taivaan t\u00e4hden","description":"Tiedetoimittaja Markus Hotakainen h\u00e4mm\u00e4stelee maailmankaikkeutta.","potentialAction":[{"@type":"SearchAction","target":{"@type":"EntryPoint","urlTemplate":"https:\/\/suomenkuvalehti.fi\/haku\/?q={search_term_string}"},"query-input":{"@type":"PropertyValueSpecification","valueRequired":true,"valueName":"search_term_string"}}],"inLanguage":"fi"},{"@type":"Person","@id":"https:\/\/suomenkuvalehti.fi\/taivaan-tahden\/#\/schema\/person\/c9c1373acb19750e11084ef640abeae0","name":"Markus Hotakainen","image":{"@type":"ImageObject","inLanguage":"fi","@id":"https:\/\/suomenkuvalehti.fi\/taivaan-tahden\/#\/schema\/person\/image\/","url":"https:\/\/suomenkuvalehti.fi\/taivaan-tahden\/wp-content\/uploads\/sites\/36\/2018\/05\/markus_hotakainen_blogi_pieni-150x150.jpg","contentUrl":"https:\/\/suomenkuvalehti.fi\/taivaan-tahden\/wp-content\/uploads\/sites\/36\/2018\/05\/markus_hotakainen_blogi_pieni-150x150.jpg","caption":"Markus Hotakainen"},"description":"Kirjoittaja on tiedetoimittaja ja tietokirjailija."}]}},"_links":{"self":[{"href":"https:\/\/suomenkuvalehti.fi\/taivaan-tahden\/wp-json\/wp\/v2\/posts\/1026","targetHints":{"allow":["GET"]}}],"collection":[{"href":"https:\/\/suomenkuvalehti.fi\/taivaan-tahden\/wp-json\/wp\/v2\/posts"}],"about":[{"href":"https:\/\/suomenkuvalehti.fi\/taivaan-tahden\/wp-json\/wp\/v2\/types\/post"}],"author":[{"embeddable":true,"href":"https:\/\/suomenkuvalehti.fi\/taivaan-tahden\/wp-json\/wp\/v2\/users\/557"}],"replies":[{"embeddable":true,"href":"https:\/\/suomenkuvalehti.fi\/taivaan-tahden\/wp-json\/wp\/v2\/comments?post=1026"}],"version-history":[{"count":5,"href":"https:\/\/suomenkuvalehti.fi\/taivaan-tahden\/wp-json\/wp\/v2\/posts\/1026\/revisions"}],"predecessor-version":[{"id":1033,"href":"https:\/\/suomenkuvalehti.fi\/taivaan-tahden\/wp-json\/wp\/v2\/posts\/1026\/revisions\/1033"}],"wp:attachment":[{"href":"https:\/\/suomenkuvalehti.fi\/taivaan-tahden\/wp-json\/wp\/v2\/media?parent=1026"}],"wp:term":[{"taxonomy":"category","embeddable":true,"href":"https:\/\/suomenkuvalehti.fi\/taivaan-tahden\/wp-json\/wp\/v2\/categories?post=1026"},{"taxonomy":"post_tag","embeddable":true,"href":"https:\/\/suomenkuvalehti.fi\/taivaan-tahden\/wp-json\/wp\/v2\/tags?post=1026"}],"curies":[{"name":"wp","href":"https:\/\/api.w.org\/{rel}","templated":true}]}}