{"id":1013,"date":"2017-03-29T08:48:36","date_gmt":"2017-03-29T05:48:36","guid":{"rendered":"https:\/\/suomenkuvalehti.fi\/taivaan-tahden\/?p=1013"},"modified":"2017-03-29T11:03:31","modified_gmt":"2017-03-29T08:03:31","slug":"tassa-ei-kepler-onnistunut-katso-kuva","status":"publish","type":"post","link":"https:\/\/suomenkuvalehti.fi\/taivaan-tahden\/2017\/03\/29\/tassa-ei-kepler-onnistunut-katso-kuva\/","title":{"rendered":"T\u00e4ss\u00e4 ei Kepler onnistunut. Katso kuva!"},"content":{"rendered":"<figure class=\"aligncenter size-large is-resized wp-block-image\">\n  <div class=\"wp-block-image__inner-container\">\n    <a href=\"https:\/\/suomenkuvalehti.fi\/taivaan-tahden\/wp-content\/uploads\/sites\/36\/2017\/03\/me_ma_28032017.jpeg\"><img loading=\"lazy\" decoding=\"async\" src=\"https:\/\/suomenkuvalehti.fi\/taivaan-tahden\/wp-content\/uploads\/sites\/36\/2017\/03\/me_ma_28032017-1024x714.jpeg\" alt=\"\" class=\"wp-image-1014\" width=\"1024\" height=\"714\" style=\"--aspect-ratio: 1.43\" srcset=\"https:\/\/suomenkuvalehti.fi\/taivaan-tahden\/wp-content\/uploads\/sites\/36\/2017\/03\/me_ma_28032017-1024x714.jpeg 1024w, https:\/\/suomenkuvalehti.fi\/taivaan-tahden\/wp-content\/uploads\/sites\/36\/2017\/03\/me_ma_28032017-300x209.jpeg 300w, https:\/\/suomenkuvalehti.fi\/taivaan-tahden\/wp-content\/uploads\/sites\/36\/2017\/03\/me_ma_28032017-768x535.jpeg 768w, https:\/\/suomenkuvalehti.fi\/taivaan-tahden\/wp-content\/uploads\/sites\/36\/2017\/03\/me_ma_28032017-630x439.jpeg 630w, https:\/\/suomenkuvalehti.fi\/taivaan-tahden\/wp-content\/uploads\/sites\/36\/2017\/03\/me_ma_28032017.jpeg 1506w\" sizes=\"auto, (max-width: 1024px) 100vw, 1024px\" \/><\/a>    <figcaption class=\"wp-block-image__figcaption\">\n      Merkurius n\u00e4kyy iltataivaalla, seuranaan sill\u00e4 on Mars. Kuva: Markus Hotakainen          <\/figcaption>\n      <\/div>\n<\/figure>\n\n\n<p>Jos haluaa p\u00e4ihitt\u00e4\u00e4 1600-luvulla vaikuttaneen kuuluisan t\u00e4htitieteilij\u00e4n, nyt siihen on oiva tilaisuus.<\/p>\n\n\n\n<p>Saksalainen <strong>Johannes Kepler<\/strong> ratkoi nelisensataa vuotta sitten planeettojen vaelteluun liittyvi\u00e4 arvoituksia, mutta saavutuksistaan huolimatta \u2013 h\u00e4n muotoili kolme planeettaliikkeen lakia \u2013 h\u00e4n ei koskaan n\u00e4hnyt sisint\u00e4 planeettaa Merkuriusta.<\/p>\n\n\n\n<p>Helppo bongattava se ei olekaan. Merkurius kiert\u00e4\u00e4 Aurinkoa alle 50 miljoonan kilometrin et\u00e4isyydell\u00e4 eli sen et\u00e4isyys on vajaa&nbsp;kolmannes Maan ja Auringon v\u00e4limatkasta. Siksi planeetta ei Maasta katsottuna et\u00e4\u00e4nny kovin kauas p\u00e4iv\u00e4t\u00e4hdest\u00e4mme.<\/p>\n\n\n\n<p>Suomen leveysasteilla Aurinko nousee ja laskee niin loivassa kulmassa, ett\u00e4 Merkurius ei n\u00e4y koskaan t\u00e4ysin pime\u00e4ll\u00e4 taivaalla. Merkuriuksen noustessa aamulla tai laskiessa illalla Auringon kajo valaisee taivasta.<\/p>\n\n\n\n<p>Merkurius kiert\u00e4\u00e4 Auringon vajaassa kolmessa kuukaudessa, joten se piipahtelee melko tiuhaan vuoroin aamu-, vuoroin iltataivaalla. Juuri nyt planeetta on iltataivaalla ja l\u00f6ytyy helposti l\u00e4nnen suunnalta auringonlaskun j\u00e4lkeen.<\/p>\n\n\n\n<p>Heti auringonlaskun j\u00e4lkeen taivas on viel\u00e4 liian valoisa, jotta pieni valopiste erottuisi, mutta h\u00e4m\u00e4r\u00e4n laskeutuessa Merkurius ilmestyy n\u00e4kyviin. Edellytt\u00e4en tietysti, ett\u00e4 taivas on selke\u00e4 horisonttiin saakka.<\/p>\n\n\n\n<p>Merkurius laskee pari tuntia Aurinkoa my\u00f6hemmin, joten tullessaan n\u00e4kyviin se on jo melko matalalla. Planeetta on kauimpana Auringon it\u00e4puolella 1.4. ja n\u00e4kyy hyvin viel\u00e4 joidenkin&nbsp;p\u00e4ivien ajan.<\/p>\n\n\n\n<p>Sitten Merkurius alkaa painua yh\u00e4 alemmas, kun se kiertyy radallaan Maan ja Auringon v\u00e4liin, kunnes ilmestyy toukokuussa taas aamutaivaalle. Silloin se on kuitenkin hyvin matalalla ja liki mahdoton l\u00f6yt\u00e4\u00e4 valoisalta loppukev\u00e4\u00e4n taivaalta.<\/p>\n\n\n\n<p>Mutta miksi Johannes Kepler, alan ammattilainen, ei onnistunut n\u00e4kem\u00e4\u00e4n Merkuriusta, vaikka se toisinaan on melko helppo l\u00f6yt\u00e4\u00e4 taivaalta? Keplerin n\u00e4k\u00f6kyky oli heikentynyt jo lapsena, sill\u00e4 h\u00e4n sairasti nelivuotiaana isorokon.<\/p>\n\n\n","protected":false},"excerpt":{"rendered":"<p>Jos haluaa p\u00e4ihitt\u00e4\u00e4 1600-luvulla vaikuttaneen kuuluisan t\u00e4htitieteilij\u00e4n, nyt siihen on oiva tilaisuus.<\/p>\n","protected":false},"author":557,"featured_media":0,"comment_status":"open","ping_status":"open","sticky":false,"template":"","format":"standard","meta":{"_acf_changed":false,"asauth_required_access_level":3,"asauth_cansharepaid":"true","om_header_attributes":[],"footnotes":"","om_featured_image_focal_point":[],"om_primary_tag":0,"om_contributors":[],"om_co_authors":[],"beyondwords_generate_audio":"","beyondwords_project_id":"","beyondwords_content_id":"","beyondwords_preview_token":"","beyondwords_player_content":"","beyondwords_player_style":"","beyondwords_language_code":"","beyondwords_language_id":"","beyondwords_title_voice_id":"","beyondwords_body_voice_id":"","beyondwords_summary_voice_id":"","beyondwords_error_message":"","beyondwords_disabled":"","beyondwords_delete_content":"","beyondwords_podcast_id":"","beyondwords_hash":"","publish_post_to_speechkit":"","speechkit_hash":"","speechkit_generate_audio":"","speechkit_project_id":"","speechkit_podcast_id":"","speechkit_error_message":"","speechkit_disabled":"","speechkit_access_key":"","speechkit_error":"","speechkit_info":"","speechkit_response":"","speechkit_retries":"","speechkit_status":"","speechkit_updated_at":"","_speechkit_link":"","_speechkit_text":""},"categories":[1],"tags":[4,412,32,411],"class_list":["post-1013","post","type-post","status-publish","format-standard","hentry","category-taivaan-tahden","tag-aurinko","tag-johannes-kepler","tag-mars","tag-merkurius"],"om_views":null,"acf":{"tuuma_off":false,"tuuma_kysymys":"","tuuma_vastaus":""},"asauth":{"required_access_level":1,"share_token":"","is_paid":false},"yoast_head":"<!-- This site is optimized with the Yoast SEO plugin v26.4 - https:\/\/yoast.com\/wordpress\/plugins\/seo\/ -->\n<title>T\u00e4ss\u00e4 ei Kepler onnistunut. Katso kuva! - Taivaan t\u00e4hden<\/title>\n<meta name=\"robots\" content=\"index, follow, max-snippet:-1, max-image-preview:large, max-video-preview:-1\" \/>\n<link rel=\"canonical\" href=\"https:\/\/suomenkuvalehti.fi\/taivaan-tahden\/2017\/03\/29\/tassa-ei-kepler-onnistunut-katso-kuva\/\" \/>\n<meta property=\"og:locale\" content=\"fi_FI\" \/>\n<meta property=\"og:type\" content=\"article\" \/>\n<meta property=\"og:title\" content=\"T\u00e4ss\u00e4 ei Kepler onnistunut. Katso kuva! - Taivaan t\u00e4hden\" \/>\n<meta property=\"og:description\" content=\"Jos haluaa p\u00e4ihitt\u00e4\u00e4 1600-luvulla vaikuttaneen kuuluisan t\u00e4htitieteilij\u00e4n, nyt siihen on oiva tilaisuus.\" \/>\n<meta property=\"og:url\" content=\"https:\/\/suomenkuvalehti.fi\/taivaan-tahden\/2017\/03\/29\/tassa-ei-kepler-onnistunut-katso-kuva\/\" \/>\n<meta property=\"og:site_name\" content=\"Taivaan t\u00e4hden\" \/>\n<meta property=\"article:published_time\" content=\"2017-03-29T05:48:36+00:00\" \/>\n<meta property=\"article:modified_time\" content=\"2017-03-29T08:03:31+00:00\" \/>\n<meta property=\"og:image\" content=\"https:\/\/suomenkuvalehti.fi\/taivaan-tahden\/wp-content\/uploads\/sites\/36\/2017\/03\/me_ma_28032017.jpeg\" \/>\n\t<meta property=\"og:image:width\" content=\"1506\" \/>\n\t<meta property=\"og:image:height\" content=\"1050\" \/>\n\t<meta property=\"og:image:type\" content=\"image\/jpeg\" \/>\n<meta name=\"author\" content=\"Markus Hotakainen\" \/>\n<meta name=\"twitter:card\" content=\"summary_large_image\" \/>\n<meta name=\"twitter:label1\" content=\"Written by\" \/>\n\t<meta name=\"twitter:data1\" content=\"Markus Hotakainen\" \/>\n\t<meta name=\"twitter:label2\" content=\"Est. reading time\" \/>\n\t<meta name=\"twitter:data2\" content=\"1 minuutti\" \/>\n<script type=\"application\/ld+json\" class=\"yoast-schema-graph\">{\"@context\":\"https:\/\/schema.org\",\"@graph\":[{\"@type\":\"WebPage\",\"@id\":\"https:\/\/suomenkuvalehti.fi\/taivaan-tahden\/2017\/03\/29\/tassa-ei-kepler-onnistunut-katso-kuva\/\",\"url\":\"https:\/\/suomenkuvalehti.fi\/taivaan-tahden\/2017\/03\/29\/tassa-ei-kepler-onnistunut-katso-kuva\/\",\"name\":\"T\u00e4ss\u00e4 ei Kepler onnistunut. Katso kuva! - Taivaan t\u00e4hden\",\"isPartOf\":{\"@id\":\"https:\/\/suomenkuvalehti.fi\/taivaan-tahden\/#website\"},\"primaryImageOfPage\":{\"@id\":\"https:\/\/suomenkuvalehti.fi\/taivaan-tahden\/2017\/03\/29\/tassa-ei-kepler-onnistunut-katso-kuva\/#primaryimage\"},\"image\":{\"@id\":\"https:\/\/suomenkuvalehti.fi\/taivaan-tahden\/2017\/03\/29\/tassa-ei-kepler-onnistunut-katso-kuva\/#primaryimage\"},\"thumbnailUrl\":\"https:\/\/suomenkuvalehti.fi\/taivaan-tahden\/wp-content\/uploads\/sites\/36\/2017\/03\/me_ma_28032017-1024x714.jpeg\",\"datePublished\":\"2017-03-29T05:48:36+00:00\",\"dateModified\":\"2017-03-29T08:03:31+00:00\",\"author\":{\"@id\":\"https:\/\/suomenkuvalehti.fi\/taivaan-tahden\/#\/schema\/person\/c9c1373acb19750e11084ef640abeae0\"},\"breadcrumb\":{\"@id\":\"https:\/\/suomenkuvalehti.fi\/taivaan-tahden\/2017\/03\/29\/tassa-ei-kepler-onnistunut-katso-kuva\/#breadcrumb\"},\"inLanguage\":\"fi\",\"potentialAction\":[{\"@type\":\"ReadAction\",\"target\":[\"https:\/\/suomenkuvalehti.fi\/taivaan-tahden\/2017\/03\/29\/tassa-ei-kepler-onnistunut-katso-kuva\/\"]}]},{\"@type\":\"ImageObject\",\"inLanguage\":\"fi\",\"@id\":\"https:\/\/suomenkuvalehti.fi\/taivaan-tahden\/2017\/03\/29\/tassa-ei-kepler-onnistunut-katso-kuva\/#primaryimage\",\"url\":\"https:\/\/suomenkuvalehti.fi\/taivaan-tahden\/wp-content\/uploads\/sites\/36\/2017\/03\/me_ma_28032017.jpeg\",\"contentUrl\":\"https:\/\/suomenkuvalehti.fi\/taivaan-tahden\/wp-content\/uploads\/sites\/36\/2017\/03\/me_ma_28032017.jpeg\",\"width\":1506,\"height\":1050},{\"@type\":\"BreadcrumbList\",\"@id\":\"https:\/\/suomenkuvalehti.fi\/taivaan-tahden\/2017\/03\/29\/tassa-ei-kepler-onnistunut-katso-kuva\/#breadcrumb\",\"itemListElement\":[{\"@type\":\"ListItem\",\"position\":1,\"name\":\"Home\",\"item\":\"https:\/\/suomenkuvalehti.fi\/taivaan-tahden\/\"},{\"@type\":\"ListItem\",\"position\":2,\"name\":\"T\u00e4ss\u00e4 ei Kepler onnistunut. Katso kuva!\"}]},{\"@type\":\"WebSite\",\"@id\":\"https:\/\/suomenkuvalehti.fi\/taivaan-tahden\/#website\",\"url\":\"https:\/\/suomenkuvalehti.fi\/taivaan-tahden\/\",\"name\":\"Taivaan t\u00e4hden\",\"description\":\"Tiedetoimittaja Markus Hotakainen h\u00e4mm\u00e4stelee maailmankaikkeutta.\",\"potentialAction\":[{\"@type\":\"SearchAction\",\"target\":{\"@type\":\"EntryPoint\",\"urlTemplate\":\"https:\/\/suomenkuvalehti.fi\/haku\/?q={search_term_string}\"},\"query-input\":{\"@type\":\"PropertyValueSpecification\",\"valueRequired\":true,\"valueName\":\"search_term_string\"}}],\"inLanguage\":\"fi\"},{\"@type\":\"Person\",\"@id\":\"https:\/\/suomenkuvalehti.fi\/taivaan-tahden\/#\/schema\/person\/c9c1373acb19750e11084ef640abeae0\",\"name\":\"Markus Hotakainen\",\"image\":{\"@type\":\"ImageObject\",\"inLanguage\":\"fi\",\"@id\":\"https:\/\/suomenkuvalehti.fi\/taivaan-tahden\/#\/schema\/person\/image\/\",\"url\":\"https:\/\/suomenkuvalehti.fi\/taivaan-tahden\/wp-content\/uploads\/sites\/36\/2018\/05\/markus_hotakainen_blogi_pieni-150x150.jpg\",\"contentUrl\":\"https:\/\/suomenkuvalehti.fi\/taivaan-tahden\/wp-content\/uploads\/sites\/36\/2018\/05\/markus_hotakainen_blogi_pieni-150x150.jpg\",\"caption\":\"Markus Hotakainen\"},\"description\":\"Kirjoittaja on tiedetoimittaja ja tietokirjailija.\"}]}<\/script>\n<!-- \/ Yoast SEO plugin. -->","yoast_head_json":{"title":"T\u00e4ss\u00e4 ei Kepler onnistunut. Katso kuva! - Taivaan t\u00e4hden","robots":{"index":"index","follow":"follow","max-snippet":"max-snippet:-1","max-image-preview":"max-image-preview:large","max-video-preview":"max-video-preview:-1"},"canonical":"https:\/\/suomenkuvalehti.fi\/taivaan-tahden\/2017\/03\/29\/tassa-ei-kepler-onnistunut-katso-kuva\/","og_locale":"fi_FI","og_type":"article","og_title":"T\u00e4ss\u00e4 ei Kepler onnistunut. Katso kuva! - Taivaan t\u00e4hden","og_description":"Jos haluaa p\u00e4ihitt\u00e4\u00e4 1600-luvulla vaikuttaneen kuuluisan t\u00e4htitieteilij\u00e4n, nyt siihen on oiva tilaisuus.","og_url":"https:\/\/suomenkuvalehti.fi\/taivaan-tahden\/2017\/03\/29\/tassa-ei-kepler-onnistunut-katso-kuva\/","og_site_name":"Taivaan t\u00e4hden","article_published_time":"2017-03-29T05:48:36+00:00","article_modified_time":"2017-03-29T08:03:31+00:00","og_image":[{"width":1506,"height":1050,"url":"https:\/\/suomenkuvalehti.fi\/taivaan-tahden\/wp-content\/uploads\/sites\/36\/2017\/03\/me_ma_28032017.jpeg","type":"image\/jpeg"}],"author":"Markus Hotakainen","twitter_card":"summary_large_image","twitter_misc":{"Written by":"Markus Hotakainen","Est. reading time":"1 minuutti"},"schema":{"@context":"https:\/\/schema.org","@graph":[{"@type":"WebPage","@id":"https:\/\/suomenkuvalehti.fi\/taivaan-tahden\/2017\/03\/29\/tassa-ei-kepler-onnistunut-katso-kuva\/","url":"https:\/\/suomenkuvalehti.fi\/taivaan-tahden\/2017\/03\/29\/tassa-ei-kepler-onnistunut-katso-kuva\/","name":"T\u00e4ss\u00e4 ei Kepler onnistunut. Katso kuva! - Taivaan t\u00e4hden","isPartOf":{"@id":"https:\/\/suomenkuvalehti.fi\/taivaan-tahden\/#website"},"primaryImageOfPage":{"@id":"https:\/\/suomenkuvalehti.fi\/taivaan-tahden\/2017\/03\/29\/tassa-ei-kepler-onnistunut-katso-kuva\/#primaryimage"},"image":{"@id":"https:\/\/suomenkuvalehti.fi\/taivaan-tahden\/2017\/03\/29\/tassa-ei-kepler-onnistunut-katso-kuva\/#primaryimage"},"thumbnailUrl":"https:\/\/suomenkuvalehti.fi\/taivaan-tahden\/wp-content\/uploads\/sites\/36\/2017\/03\/me_ma_28032017-1024x714.jpeg","datePublished":"2017-03-29T05:48:36+00:00","dateModified":"2017-03-29T08:03:31+00:00","author":{"@id":"https:\/\/suomenkuvalehti.fi\/taivaan-tahden\/#\/schema\/person\/c9c1373acb19750e11084ef640abeae0"},"breadcrumb":{"@id":"https:\/\/suomenkuvalehti.fi\/taivaan-tahden\/2017\/03\/29\/tassa-ei-kepler-onnistunut-katso-kuva\/#breadcrumb"},"inLanguage":"fi","potentialAction":[{"@type":"ReadAction","target":["https:\/\/suomenkuvalehti.fi\/taivaan-tahden\/2017\/03\/29\/tassa-ei-kepler-onnistunut-katso-kuva\/"]}]},{"@type":"ImageObject","inLanguage":"fi","@id":"https:\/\/suomenkuvalehti.fi\/taivaan-tahden\/2017\/03\/29\/tassa-ei-kepler-onnistunut-katso-kuva\/#primaryimage","url":"https:\/\/suomenkuvalehti.fi\/taivaan-tahden\/wp-content\/uploads\/sites\/36\/2017\/03\/me_ma_28032017.jpeg","contentUrl":"https:\/\/suomenkuvalehti.fi\/taivaan-tahden\/wp-content\/uploads\/sites\/36\/2017\/03\/me_ma_28032017.jpeg","width":1506,"height":1050},{"@type":"BreadcrumbList","@id":"https:\/\/suomenkuvalehti.fi\/taivaan-tahden\/2017\/03\/29\/tassa-ei-kepler-onnistunut-katso-kuva\/#breadcrumb","itemListElement":[{"@type":"ListItem","position":1,"name":"Home","item":"https:\/\/suomenkuvalehti.fi\/taivaan-tahden\/"},{"@type":"ListItem","position":2,"name":"T\u00e4ss\u00e4 ei Kepler onnistunut. Katso kuva!"}]},{"@type":"WebSite","@id":"https:\/\/suomenkuvalehti.fi\/taivaan-tahden\/#website","url":"https:\/\/suomenkuvalehti.fi\/taivaan-tahden\/","name":"Taivaan t\u00e4hden","description":"Tiedetoimittaja Markus Hotakainen h\u00e4mm\u00e4stelee maailmankaikkeutta.","potentialAction":[{"@type":"SearchAction","target":{"@type":"EntryPoint","urlTemplate":"https:\/\/suomenkuvalehti.fi\/haku\/?q={search_term_string}"},"query-input":{"@type":"PropertyValueSpecification","valueRequired":true,"valueName":"search_term_string"}}],"inLanguage":"fi"},{"@type":"Person","@id":"https:\/\/suomenkuvalehti.fi\/taivaan-tahden\/#\/schema\/person\/c9c1373acb19750e11084ef640abeae0","name":"Markus Hotakainen","image":{"@type":"ImageObject","inLanguage":"fi","@id":"https:\/\/suomenkuvalehti.fi\/taivaan-tahden\/#\/schema\/person\/image\/","url":"https:\/\/suomenkuvalehti.fi\/taivaan-tahden\/wp-content\/uploads\/sites\/36\/2018\/05\/markus_hotakainen_blogi_pieni-150x150.jpg","contentUrl":"https:\/\/suomenkuvalehti.fi\/taivaan-tahden\/wp-content\/uploads\/sites\/36\/2018\/05\/markus_hotakainen_blogi_pieni-150x150.jpg","caption":"Markus Hotakainen"},"description":"Kirjoittaja on tiedetoimittaja ja tietokirjailija."}]}},"_links":{"self":[{"href":"https:\/\/suomenkuvalehti.fi\/taivaan-tahden\/wp-json\/wp\/v2\/posts\/1013","targetHints":{"allow":["GET"]}}],"collection":[{"href":"https:\/\/suomenkuvalehti.fi\/taivaan-tahden\/wp-json\/wp\/v2\/posts"}],"about":[{"href":"https:\/\/suomenkuvalehti.fi\/taivaan-tahden\/wp-json\/wp\/v2\/types\/post"}],"author":[{"embeddable":true,"href":"https:\/\/suomenkuvalehti.fi\/taivaan-tahden\/wp-json\/wp\/v2\/users\/557"}],"replies":[{"embeddable":true,"href":"https:\/\/suomenkuvalehti.fi\/taivaan-tahden\/wp-json\/wp\/v2\/comments?post=1013"}],"version-history":[{"count":3,"href":"https:\/\/suomenkuvalehti.fi\/taivaan-tahden\/wp-json\/wp\/v2\/posts\/1013\/revisions"}],"predecessor-version":[{"id":1018,"href":"https:\/\/suomenkuvalehti.fi\/taivaan-tahden\/wp-json\/wp\/v2\/posts\/1013\/revisions\/1018"}],"wp:attachment":[{"href":"https:\/\/suomenkuvalehti.fi\/taivaan-tahden\/wp-json\/wp\/v2\/media?parent=1013"}],"wp:term":[{"taxonomy":"category","embeddable":true,"href":"https:\/\/suomenkuvalehti.fi\/taivaan-tahden\/wp-json\/wp\/v2\/categories?post=1013"},{"taxonomy":"post_tag","embeddable":true,"href":"https:\/\/suomenkuvalehti.fi\/taivaan-tahden\/wp-json\/wp\/v2\/tags?post=1013"}],"curies":[{"name":"wp","href":"https:\/\/api.w.org\/{rel}","templated":true}]}}