{"id":1006,"date":"2017-03-28T12:18:09","date_gmt":"2017-03-28T09:18:09","guid":{"rendered":"https:\/\/suomenkuvalehti.fi\/taivaan-tahden\/?p=1006"},"modified":"2017-03-28T15:42:19","modified_gmt":"2017-03-28T12:42:19","slug":"nuoressa-maailmankaikkeudessa-tuoksui-grillimakkara","status":"publish","type":"post","link":"https:\/\/suomenkuvalehti.fi\/taivaan-tahden\/2017\/03\/28\/nuoressa-maailmankaikkeudessa-tuoksui-grillimakkara\/","title":{"rendered":"Nuoressa maailmankaikkeudessa tuoksui grillimakkara"},"content":{"rendered":"<figure class=\"aligncenter size-full wp-block-image\">\n  <div class=\"wp-block-image__inner-container\">\n    <a href=\"https:\/\/suomenkuvalehti.fi\/taivaan-tahden\/wp-content\/uploads\/sites\/36\/2017\/03\/10271319_10152359980784346_3814809859210238284_o.jpg\"><img loading=\"lazy\" decoding=\"async\" src=\"https:\/\/suomenkuvalehti.fi\/taivaan-tahden\/wp-content\/uploads\/sites\/36\/2017\/03\/10271319_10152359980784346_3814809859210238284_o.jpg\" alt=\"\" class=\"wp-image-1007\" width=\"1004\" height=\"753\" style=\"--aspect-ratio: 1.33\" srcset=\"https:\/\/suomenkuvalehti.fi\/taivaan-tahden\/wp-content\/uploads\/sites\/36\/2017\/03\/10271319_10152359980784346_3814809859210238284_o.jpg 1004w, https:\/\/suomenkuvalehti.fi\/taivaan-tahden\/wp-content\/uploads\/sites\/36\/2017\/03\/10271319_10152359980784346_3814809859210238284_o-300x225.jpg 300w, https:\/\/suomenkuvalehti.fi\/taivaan-tahden\/wp-content\/uploads\/sites\/36\/2017\/03\/10271319_10152359980784346_3814809859210238284_o-768x576.jpg 768w, https:\/\/suomenkuvalehti.fi\/taivaan-tahden\/wp-content\/uploads\/sites\/36\/2017\/03\/10271319_10152359980784346_3814809859210238284_o-630x473.jpg 630w\" sizes=\"auto, (max-width: 1004px) 100vw, 1004px\" \/><\/a>    <figcaption class=\"wp-block-image__figcaption\">\n      Mit\u00e4 yhteist\u00e4 on maailmankaikkeudella ja grillimakkaralla? Kuva: Markus Hotakainen          <\/figcaption>\n      <\/div>\n<\/figure>\n\n\n<p>Miljardin vuosien takaisten asioiden tutkiminen tuntuu \u00e4kkiselt\u00e4\u00e4n mahdottomalta, mutta onneksi maailmankaikkeus on kuin valtaisa aikakone. Koska valon nopeus on \u00e4\u00e4rellinen \u2013 \u201dvain\u201d noin 300 000 kilometri\u00e4 sekunnissa \u2013 se kuljettaa mukanaan ikivanhoja viestej\u00e4.<\/p>\n\n\n\n<p>Jos tutkijat tarkastelevat vaikkapa kymmenen miljardin valovuoden et\u00e4isyydell\u00e4 sijaitsevia galakseja, niist\u00e4 tuleva valo on l\u00e4htenyt matkaan yht\u00e4 monta vuotta sitten. Siis kauan ennen kuin Auringosta ja sit\u00e4 kiert\u00e4vist\u00e4 planeetoista oli tietoakaan.<\/p>\n\n\n\n<p>Nyt t\u00e4htitieteilij\u00e4t ovat todenneet, ett\u00e4 noihin aikoihin t\u00e4htienv\u00e4lisess\u00e4 avaruudessa oli kaasun ja p\u00f6lyn seassa my\u00f6s polysyklisi\u00e4 aromaattisia hiilivetyj\u00e4 eli PAH-yhdisteit\u00e4.<\/p>\n\n\n\n<p>Havaijilla sijaitsevalla kymmenmetrisell\u00e4 Keck-teleskoopilla ja vuonna 2003 laukaistulla Spitzer-avaruusteleskoopilla tehtiin havaintoja noin 1 500 kaukaisesta galaksista.<\/p>\n\n\n\n<p>PAH-yhdisteiden m\u00e4\u00e4r\u00e4 ja siin\u00e4 esiintyv\u00e4t vaihtelut erikokoisissa ja -ik\u00e4isiss\u00e4 galakseissa kertovat, ett\u00e4 t\u00e4htien syntytahti oli maailmankaikkeuden nuoruudessa jopa kolmanneksen kiivaampi kuin aiemmin on arveltu.<\/p>\n\n\n\n<p>Maailmankaikkeudessa muodostui vety\u00e4 ja heliumia raskaampia alkuaineita oletettua enemm\u00e4n ja nopeammin, mill\u00e4 on vaikutuksensa my\u00f6s arvioihin siit\u00e4, milloin ensimm\u00e4iset merkit el\u00e4m\u00e4st\u00e4 ovat voineet ilmaantua.<\/p>\n\n\n\n<p>Mutta ent\u00e4 se universumin tuoksu?<\/p>\n\n\n\n<p>Polysykliset aromaattiset hiilivedyt ovat konstikkaasta nimest\u00e4\u00e4n huolimatta hyvin tuttuja. Niit\u00e4 on esimerkiksi hiiless\u00e4 ja tervassa, ja yht\u00e4 lailla liikenteen p\u00e4\u00e4st\u00f6iss\u00e4 kuin mets\u00e4palojen syyt\u00e4m\u00e4ss\u00e4 savussa, mutta my\u00f6s kes\u00e4aikaan grilleiss\u00e4 tiriseviss\u00e4 makkaroissa.<\/p>\n\n\n\n<p>Tai jos tarkkoja ollaan, PAH-yhdisteit\u00e4 muodostuu makkaroihin, jos niit\u00e4 k\u00e4rvent\u00e4\u00e4 liian pitk\u00e4\u00e4n. Juuri niiss\u00e4 mustuneissa kohdissa, jotka monien mielest\u00e4 antavat makkaralle parhaan maun, on kosolti PAH-yhdisteit\u00e4. Ja monet niist\u00e4 ovat terveydelle haitallisia. Kuten suurissa m\u00e4\u00e4riss\u00e4 makkarat muutenkin.<\/p>\n\n\n","protected":false},"excerpt":{"rendered":"<p>Maailmankaikkeus on kuin valtaisa aikakone.<\/p>\n","protected":false},"author":557,"featured_media":0,"comment_status":"open","ping_status":"open","sticky":false,"template":"","format":"standard","meta":{"_acf_changed":false,"asauth_required_access_level":3,"asauth_cansharepaid":"true","om_header_attributes":[],"footnotes":"","om_featured_image_focal_point":[],"om_primary_tag":0,"om_contributors":[],"om_co_authors":[],"beyondwords_generate_audio":"","beyondwords_project_id":"","beyondwords_content_id":"","beyondwords_preview_token":"","beyondwords_player_content":"","beyondwords_player_style":"","beyondwords_language_code":"","beyondwords_language_id":"","beyondwords_title_voice_id":"","beyondwords_body_voice_id":"","beyondwords_summary_voice_id":"","beyondwords_error_message":"","beyondwords_disabled":"","beyondwords_delete_content":"","beyondwords_podcast_id":"","beyondwords_hash":"","publish_post_to_speechkit":"","speechkit_hash":"","speechkit_generate_audio":"","speechkit_project_id":"","speechkit_podcast_id":"","speechkit_error_message":"","speechkit_disabled":"","speechkit_access_key":"","speechkit_error":"","speechkit_info":"","speechkit_response":"","speechkit_retries":"","speechkit_status":"","speechkit_updated_at":"","_speechkit_link":"","_speechkit_text":""},"categories":[1],"tags":[409,407,278,16,410,406,408],"class_list":["post-1006","post","type-post","status-publish","format-standard","hentry","category-taivaan-tahden","tag-grilli","tag-keck-teleskooppi","tag-kosmologia","tag-maailmankaikkeus","tag-makkara","tag-pah-yhdisteet","tag-spitzer-avaruusteleskooppi"],"om_views":null,"acf":{"tuuma_off":false,"tuuma_kysymys":"","tuuma_vastaus":""},"asauth":{"required_access_level":1,"share_token":"","is_paid":false},"yoast_head":"<!-- This site is optimized with the Yoast SEO plugin v26.4 - https:\/\/yoast.com\/wordpress\/plugins\/seo\/ -->\n<title>Nuoressa maailmankaikkeudessa tuoksui grillimakkara - Taivaan t\u00e4hden<\/title>\n<meta name=\"robots\" content=\"index, follow, max-snippet:-1, max-image-preview:large, max-video-preview:-1\" \/>\n<link rel=\"canonical\" href=\"https:\/\/suomenkuvalehti.fi\/taivaan-tahden\/2017\/03\/28\/nuoressa-maailmankaikkeudessa-tuoksui-grillimakkara\/\" \/>\n<meta property=\"og:locale\" content=\"fi_FI\" \/>\n<meta property=\"og:type\" content=\"article\" \/>\n<meta property=\"og:title\" content=\"Nuoressa maailmankaikkeudessa tuoksui grillimakkara - Taivaan t\u00e4hden\" \/>\n<meta property=\"og:description\" content=\"Maailmankaikkeus on kuin valtaisa aikakone.\" \/>\n<meta property=\"og:url\" content=\"https:\/\/suomenkuvalehti.fi\/taivaan-tahden\/2017\/03\/28\/nuoressa-maailmankaikkeudessa-tuoksui-grillimakkara\/\" \/>\n<meta property=\"og:site_name\" content=\"Taivaan t\u00e4hden\" \/>\n<meta property=\"article:published_time\" content=\"2017-03-28T09:18:09+00:00\" \/>\n<meta property=\"article:modified_time\" content=\"2017-03-28T12:42:19+00:00\" \/>\n<meta property=\"og:image\" content=\"https:\/\/suomenkuvalehti.fi\/taivaan-tahden\/wp-content\/uploads\/sites\/36\/2017\/03\/10271319_10152359980784346_3814809859210238284_o.jpg\" \/>\n\t<meta property=\"og:image:width\" content=\"1004\" \/>\n\t<meta property=\"og:image:height\" content=\"753\" \/>\n\t<meta property=\"og:image:type\" content=\"image\/jpeg\" \/>\n<meta name=\"author\" content=\"Markus Hotakainen\" \/>\n<meta name=\"twitter:card\" content=\"summary_large_image\" \/>\n<meta name=\"twitter:label1\" content=\"Written by\" \/>\n\t<meta name=\"twitter:data1\" content=\"Markus Hotakainen\" \/>\n\t<meta name=\"twitter:label2\" content=\"Est. reading time\" \/>\n\t<meta name=\"twitter:data2\" content=\"1 minuutti\" \/>\n<script type=\"application\/ld+json\" class=\"yoast-schema-graph\">{\"@context\":\"https:\/\/schema.org\",\"@graph\":[{\"@type\":\"WebPage\",\"@id\":\"https:\/\/suomenkuvalehti.fi\/taivaan-tahden\/2017\/03\/28\/nuoressa-maailmankaikkeudessa-tuoksui-grillimakkara\/\",\"url\":\"https:\/\/suomenkuvalehti.fi\/taivaan-tahden\/2017\/03\/28\/nuoressa-maailmankaikkeudessa-tuoksui-grillimakkara\/\",\"name\":\"Nuoressa maailmankaikkeudessa tuoksui grillimakkara - Taivaan t\u00e4hden\",\"isPartOf\":{\"@id\":\"https:\/\/suomenkuvalehti.fi\/taivaan-tahden\/#website\"},\"primaryImageOfPage\":{\"@id\":\"https:\/\/suomenkuvalehti.fi\/taivaan-tahden\/2017\/03\/28\/nuoressa-maailmankaikkeudessa-tuoksui-grillimakkara\/#primaryimage\"},\"image\":{\"@id\":\"https:\/\/suomenkuvalehti.fi\/taivaan-tahden\/2017\/03\/28\/nuoressa-maailmankaikkeudessa-tuoksui-grillimakkara\/#primaryimage\"},\"thumbnailUrl\":\"https:\/\/suomenkuvalehti.fi\/taivaan-tahden\/wp-content\/uploads\/sites\/36\/2017\/03\/10271319_10152359980784346_3814809859210238284_o.jpg\",\"datePublished\":\"2017-03-28T09:18:09+00:00\",\"dateModified\":\"2017-03-28T12:42:19+00:00\",\"author\":{\"@id\":\"https:\/\/suomenkuvalehti.fi\/taivaan-tahden\/#\/schema\/person\/c9c1373acb19750e11084ef640abeae0\"},\"breadcrumb\":{\"@id\":\"https:\/\/suomenkuvalehti.fi\/taivaan-tahden\/2017\/03\/28\/nuoressa-maailmankaikkeudessa-tuoksui-grillimakkara\/#breadcrumb\"},\"inLanguage\":\"fi\",\"potentialAction\":[{\"@type\":\"ReadAction\",\"target\":[\"https:\/\/suomenkuvalehti.fi\/taivaan-tahden\/2017\/03\/28\/nuoressa-maailmankaikkeudessa-tuoksui-grillimakkara\/\"]}]},{\"@type\":\"ImageObject\",\"inLanguage\":\"fi\",\"@id\":\"https:\/\/suomenkuvalehti.fi\/taivaan-tahden\/2017\/03\/28\/nuoressa-maailmankaikkeudessa-tuoksui-grillimakkara\/#primaryimage\",\"url\":\"https:\/\/suomenkuvalehti.fi\/taivaan-tahden\/wp-content\/uploads\/sites\/36\/2017\/03\/10271319_10152359980784346_3814809859210238284_o.jpg\",\"contentUrl\":\"https:\/\/suomenkuvalehti.fi\/taivaan-tahden\/wp-content\/uploads\/sites\/36\/2017\/03\/10271319_10152359980784346_3814809859210238284_o.jpg\"},{\"@type\":\"BreadcrumbList\",\"@id\":\"https:\/\/suomenkuvalehti.fi\/taivaan-tahden\/2017\/03\/28\/nuoressa-maailmankaikkeudessa-tuoksui-grillimakkara\/#breadcrumb\",\"itemListElement\":[{\"@type\":\"ListItem\",\"position\":1,\"name\":\"Home\",\"item\":\"https:\/\/suomenkuvalehti.fi\/taivaan-tahden\/\"},{\"@type\":\"ListItem\",\"position\":2,\"name\":\"Nuoressa maailmankaikkeudessa tuoksui grillimakkara\"}]},{\"@type\":\"WebSite\",\"@id\":\"https:\/\/suomenkuvalehti.fi\/taivaan-tahden\/#website\",\"url\":\"https:\/\/suomenkuvalehti.fi\/taivaan-tahden\/\",\"name\":\"Taivaan t\u00e4hden\",\"description\":\"Tiedetoimittaja Markus Hotakainen h\u00e4mm\u00e4stelee maailmankaikkeutta.\",\"potentialAction\":[{\"@type\":\"SearchAction\",\"target\":{\"@type\":\"EntryPoint\",\"urlTemplate\":\"https:\/\/suomenkuvalehti.fi\/haku\/?q={search_term_string}\"},\"query-input\":{\"@type\":\"PropertyValueSpecification\",\"valueRequired\":true,\"valueName\":\"search_term_string\"}}],\"inLanguage\":\"fi\"},{\"@type\":\"Person\",\"@id\":\"https:\/\/suomenkuvalehti.fi\/taivaan-tahden\/#\/schema\/person\/c9c1373acb19750e11084ef640abeae0\",\"name\":\"Markus Hotakainen\",\"image\":{\"@type\":\"ImageObject\",\"inLanguage\":\"fi\",\"@id\":\"https:\/\/suomenkuvalehti.fi\/taivaan-tahden\/#\/schema\/person\/image\/\",\"url\":\"https:\/\/suomenkuvalehti.fi\/taivaan-tahden\/wp-content\/uploads\/sites\/36\/2018\/05\/markus_hotakainen_blogi_pieni-150x150.jpg\",\"contentUrl\":\"https:\/\/suomenkuvalehti.fi\/taivaan-tahden\/wp-content\/uploads\/sites\/36\/2018\/05\/markus_hotakainen_blogi_pieni-150x150.jpg\",\"caption\":\"Markus Hotakainen\"},\"description\":\"Kirjoittaja on tiedetoimittaja ja tietokirjailija.\"}]}<\/script>\n<!-- \/ Yoast SEO plugin. -->","yoast_head_json":{"title":"Nuoressa maailmankaikkeudessa tuoksui grillimakkara - Taivaan t\u00e4hden","robots":{"index":"index","follow":"follow","max-snippet":"max-snippet:-1","max-image-preview":"max-image-preview:large","max-video-preview":"max-video-preview:-1"},"canonical":"https:\/\/suomenkuvalehti.fi\/taivaan-tahden\/2017\/03\/28\/nuoressa-maailmankaikkeudessa-tuoksui-grillimakkara\/","og_locale":"fi_FI","og_type":"article","og_title":"Nuoressa maailmankaikkeudessa tuoksui grillimakkara - Taivaan t\u00e4hden","og_description":"Maailmankaikkeus on kuin valtaisa aikakone.","og_url":"https:\/\/suomenkuvalehti.fi\/taivaan-tahden\/2017\/03\/28\/nuoressa-maailmankaikkeudessa-tuoksui-grillimakkara\/","og_site_name":"Taivaan t\u00e4hden","article_published_time":"2017-03-28T09:18:09+00:00","article_modified_time":"2017-03-28T12:42:19+00:00","og_image":[{"width":1004,"height":753,"url":"https:\/\/suomenkuvalehti.fi\/taivaan-tahden\/wp-content\/uploads\/sites\/36\/2017\/03\/10271319_10152359980784346_3814809859210238284_o.jpg","type":"image\/jpeg"}],"author":"Markus Hotakainen","twitter_card":"summary_large_image","twitter_misc":{"Written by":"Markus Hotakainen","Est. reading time":"1 minuutti"},"schema":{"@context":"https:\/\/schema.org","@graph":[{"@type":"WebPage","@id":"https:\/\/suomenkuvalehti.fi\/taivaan-tahden\/2017\/03\/28\/nuoressa-maailmankaikkeudessa-tuoksui-grillimakkara\/","url":"https:\/\/suomenkuvalehti.fi\/taivaan-tahden\/2017\/03\/28\/nuoressa-maailmankaikkeudessa-tuoksui-grillimakkara\/","name":"Nuoressa maailmankaikkeudessa tuoksui grillimakkara - Taivaan t\u00e4hden","isPartOf":{"@id":"https:\/\/suomenkuvalehti.fi\/taivaan-tahden\/#website"},"primaryImageOfPage":{"@id":"https:\/\/suomenkuvalehti.fi\/taivaan-tahden\/2017\/03\/28\/nuoressa-maailmankaikkeudessa-tuoksui-grillimakkara\/#primaryimage"},"image":{"@id":"https:\/\/suomenkuvalehti.fi\/taivaan-tahden\/2017\/03\/28\/nuoressa-maailmankaikkeudessa-tuoksui-grillimakkara\/#primaryimage"},"thumbnailUrl":"https:\/\/suomenkuvalehti.fi\/taivaan-tahden\/wp-content\/uploads\/sites\/36\/2017\/03\/10271319_10152359980784346_3814809859210238284_o.jpg","datePublished":"2017-03-28T09:18:09+00:00","dateModified":"2017-03-28T12:42:19+00:00","author":{"@id":"https:\/\/suomenkuvalehti.fi\/taivaan-tahden\/#\/schema\/person\/c9c1373acb19750e11084ef640abeae0"},"breadcrumb":{"@id":"https:\/\/suomenkuvalehti.fi\/taivaan-tahden\/2017\/03\/28\/nuoressa-maailmankaikkeudessa-tuoksui-grillimakkara\/#breadcrumb"},"inLanguage":"fi","potentialAction":[{"@type":"ReadAction","target":["https:\/\/suomenkuvalehti.fi\/taivaan-tahden\/2017\/03\/28\/nuoressa-maailmankaikkeudessa-tuoksui-grillimakkara\/"]}]},{"@type":"ImageObject","inLanguage":"fi","@id":"https:\/\/suomenkuvalehti.fi\/taivaan-tahden\/2017\/03\/28\/nuoressa-maailmankaikkeudessa-tuoksui-grillimakkara\/#primaryimage","url":"https:\/\/suomenkuvalehti.fi\/taivaan-tahden\/wp-content\/uploads\/sites\/36\/2017\/03\/10271319_10152359980784346_3814809859210238284_o.jpg","contentUrl":"https:\/\/suomenkuvalehti.fi\/taivaan-tahden\/wp-content\/uploads\/sites\/36\/2017\/03\/10271319_10152359980784346_3814809859210238284_o.jpg"},{"@type":"BreadcrumbList","@id":"https:\/\/suomenkuvalehti.fi\/taivaan-tahden\/2017\/03\/28\/nuoressa-maailmankaikkeudessa-tuoksui-grillimakkara\/#breadcrumb","itemListElement":[{"@type":"ListItem","position":1,"name":"Home","item":"https:\/\/suomenkuvalehti.fi\/taivaan-tahden\/"},{"@type":"ListItem","position":2,"name":"Nuoressa maailmankaikkeudessa tuoksui grillimakkara"}]},{"@type":"WebSite","@id":"https:\/\/suomenkuvalehti.fi\/taivaan-tahden\/#website","url":"https:\/\/suomenkuvalehti.fi\/taivaan-tahden\/","name":"Taivaan t\u00e4hden","description":"Tiedetoimittaja Markus Hotakainen h\u00e4mm\u00e4stelee maailmankaikkeutta.","potentialAction":[{"@type":"SearchAction","target":{"@type":"EntryPoint","urlTemplate":"https:\/\/suomenkuvalehti.fi\/haku\/?q={search_term_string}"},"query-input":{"@type":"PropertyValueSpecification","valueRequired":true,"valueName":"search_term_string"}}],"inLanguage":"fi"},{"@type":"Person","@id":"https:\/\/suomenkuvalehti.fi\/taivaan-tahden\/#\/schema\/person\/c9c1373acb19750e11084ef640abeae0","name":"Markus Hotakainen","image":{"@type":"ImageObject","inLanguage":"fi","@id":"https:\/\/suomenkuvalehti.fi\/taivaan-tahden\/#\/schema\/person\/image\/","url":"https:\/\/suomenkuvalehti.fi\/taivaan-tahden\/wp-content\/uploads\/sites\/36\/2018\/05\/markus_hotakainen_blogi_pieni-150x150.jpg","contentUrl":"https:\/\/suomenkuvalehti.fi\/taivaan-tahden\/wp-content\/uploads\/sites\/36\/2018\/05\/markus_hotakainen_blogi_pieni-150x150.jpg","caption":"Markus Hotakainen"},"description":"Kirjoittaja on tiedetoimittaja ja tietokirjailija."}]}},"_links":{"self":[{"href":"https:\/\/suomenkuvalehti.fi\/taivaan-tahden\/wp-json\/wp\/v2\/posts\/1006","targetHints":{"allow":["GET"]}}],"collection":[{"href":"https:\/\/suomenkuvalehti.fi\/taivaan-tahden\/wp-json\/wp\/v2\/posts"}],"about":[{"href":"https:\/\/suomenkuvalehti.fi\/taivaan-tahden\/wp-json\/wp\/v2\/types\/post"}],"author":[{"embeddable":true,"href":"https:\/\/suomenkuvalehti.fi\/taivaan-tahden\/wp-json\/wp\/v2\/users\/557"}],"replies":[{"embeddable":true,"href":"https:\/\/suomenkuvalehti.fi\/taivaan-tahden\/wp-json\/wp\/v2\/comments?post=1006"}],"version-history":[{"count":3,"href":"https:\/\/suomenkuvalehti.fi\/taivaan-tahden\/wp-json\/wp\/v2\/posts\/1006\/revisions"}],"predecessor-version":[{"id":1011,"href":"https:\/\/suomenkuvalehti.fi\/taivaan-tahden\/wp-json\/wp\/v2\/posts\/1006\/revisions\/1011"}],"wp:attachment":[{"href":"https:\/\/suomenkuvalehti.fi\/taivaan-tahden\/wp-json\/wp\/v2\/media?parent=1006"}],"wp:term":[{"taxonomy":"category","embeddable":true,"href":"https:\/\/suomenkuvalehti.fi\/taivaan-tahden\/wp-json\/wp\/v2\/categories?post=1006"},{"taxonomy":"post_tag","embeddable":true,"href":"https:\/\/suomenkuvalehti.fi\/taivaan-tahden\/wp-json\/wp\/v2\/tags?post=1006"}],"curies":[{"name":"wp","href":"https:\/\/api.w.org\/{rel}","templated":true}]}}