{"id":89,"date":"2011-12-31T19:56:42","date_gmt":"2011-12-31T17:56:42","guid":{"rendered":"https:\/\/suomenkuvalehti.fi\/tahanontultu\/2011\/12\/31\/yritysten-arvot-ja-vr\/"},"modified":"2011-12-31T19:56:42","modified_gmt":"2011-12-31T17:56:42","slug":"yritysten-arvot-ja-vr","status":"publish","type":"post","link":"https:\/\/suomenkuvalehti.fi\/tahanontultu\/yritysten-arvot-ja-vr\/","title":{"rendered":"Yritysten arvot ja VR"},"content":{"rendered":"\n\n<p>Aikoinani sain olla paljonkin piirtelem\u00e4ss\u00e4 sessioita, joissa kehiteltiin ja viestitettiin yritysten arvoja. J\u00e4i vaikutelma, ett\u00e4 muutaman t\u00e4rkeimm\u00e4n arvon m\u00e4\u00e4ritteleminen ei ole supervaikeaa puuhaa, mutta niiden yhteensovittaminen on v\u00e4lill\u00e4 hankalaa. V\u00e4kisinkin tulee tilanteita, joissa jotkut arvot ly\u00f6v\u00e4t toisiaan korville, kuten vaikka <em>asiakastyytyv\u00e4isyys<\/em> ja taloudellinen <em>kannattavuus<\/em>.<\/p>\n\n\n\n<p>N\u00e4m\u00e4 arvojutut tulivat mieleen, kun luin <a title=\"Iltalehti\" href=\"http:\/\/www.iltalehti.fi\/uutiset\/2011123115022752_uu.shtml\" target=\"_blank\">Valtion Rautateiden toimitusjohtajan kannustimista<\/a>. Olen jo pitk\u00e4\u00e4n ep\u00e4illyt, ett\u00e4 VR ei ole vain \u00e4\u00e4rett\u00f6m\u00e4ll\u00e4 ep\u00e4onnella kirottu, vaan sill\u00e4 on syvempi\u00e4 ongelmia. T\u00e4m\u00e4 uutinen taisi v\u00e4h\u00e4n valottaa niit\u00e4.<\/p>\n\n\n\n<p>VR-konsernin <a title=\"vr\" href=\"http:\/\/www.vr-konserni.fi\/fi\/index\/vr_konserni_2\/Konserniesittely\/Arvot.html\" target=\"_blank\">arvot ovat<\/a>:<\/p>\n\n\n\n<ol class=\"wp-block-list\">\n<li>Asiakas toiminnan l\u00e4ht\u00f6kohtana<\/li>\n<li>Turvallisuus ja vastuullisuus<br><\/li>\n<li>Yhdess\u00e4 menestyminen<br><\/li>\n<li>Tavoitteellisuus<br><\/li>\n<li>Uudistuminen<\/li>\n<\/ol>\n\n\n\n<p><em>Asiakas<\/em> ei nyt taida olla kovin tyytyv\u00e4inen, <em>turvallisuuteen ja vastuullisuuteen<\/em> liittyv\u00e4 <em>luotettavuus<\/em> on ajoittain onnetonta. <em>Yhdess\u00e4 menestymisen<\/em> alakohtana mainittua <em>viestint\u00e4\u00e4<\/em> on luonnehdittu surkeaksi. <em>Tavoitteellisuus<\/em> pit\u00e4\u00e4 sis\u00e4ll\u00e4\u00e4n tuon alussa mainitsemani taloudellisen <em>kannattavuuden<\/em>. Ja lopuksi <em>uudistuminen<\/em> tarkoittaa VR:ll\u00e4 sit\u00e4, ett\u00e4 toiminta kehittyy jatkuvasti, ja &#8221;virheist\u00e4 opitaan&#8221;. Luulisi, ett\u00e4 etenkin arvot 1,2 ja 5 ovat nyt aika kriittisess\u00e4 tilassa.<\/p>\n\n\n\n<p>VR:n toimitusjohtaja <strong>Mikael Aroa<\/strong> sitoutetaan jopa 1,1 miljoonaan euroon nousevilla bonuksilla, jos h\u00e4n saavuttaa &#8221;asetetut tavoitteet&#8221;. Liittyv\u00e4tk\u00f6 n\u00e4m\u00e4 tavoitteet asiakastyytyv\u00e4isyyteen, luotettavuuteen tai henkil\u00f6kunnan heikentyneen tyytyv\u00e4isyyden parantamiseen? Noh, Iltalehden mukaan t\u00e4yden bonuksen saaminen edellytt\u00e4\u00e4 &#8221;<em>VR-konsernin kumulatiivisen liikevoiton nostamista 286,2 miljoonaan euroon ensi vuoden loppuun menness\u00e4&#8221;.<\/em><\/p>\n\n\n\n<p>Liikevoiton kasvutavoitetta pidet\u00e4\u00e4n &#8221;kovana&#8221;, eli se ei ole helposti saavutettavissa. Lienee pakko tehd\u00e4 koviakin ratkaisuja. Ja liikevoiton kasvu on nimenomaan arvo, joka on omiaan ly\u00f6m\u00e4\u00e4n <em>asiakasta, turvallisuutta<\/em> ja <em>vastuullisuutta<\/em> korville. Jos minulle tarjottaisiin miljoonaa jos pystyisin liikevoiton kovaan kasvattamiseen 2012, arvatkaa kaksi kertaa tekisink\u00f6 tuona vuonna kalliita investointeja tulevaisuuteen?<\/p>\n\n\n\n<p>Mikael Arolle on nyt annettu selv\u00e4 signaali siit\u00e4, mit\u00e4 arvoa tulee pit\u00e4\u00e4 muita t\u00e4rke\u00e4mp\u00e4n\u00e4. Ja tavoite on viel\u00e4 aikataulutettu tavalla, joka kannustaa lyhyen t\u00e4ht\u00e4imen s\u00e4\u00e4st\u00f6ihin. En tunne Mikael Aroa, h\u00e4n saattaa suoriutua teht\u00e4v\u00e4st\u00e4\u00e4n mallikkaasti niin ett\u00e4 my\u00f6s asiakkaat, henkil\u00f6kunta ja rataverkko voivat nykyist\u00e4 paremmin. Jos n\u00e4in onnekkaasti k\u00e4y, se tapahtuu t\u00e4st\u00e4 \u00e4\u00e4li\u00f6m\u00e4isest\u00e4 bonuksesta huolimatta, ei sen ansiosta.<\/p>\n\n\n","protected":false},"excerpt":{"rendered":"<p>Aikoinani sain olla paljonkin piirtelem\u00e4ss\u00e4 sessioita, joissa kehiteltiin ja viestitettiin yritysten arvoja. J\u00e4i vaikutelma, ett\u00e4 muutaman t\u00e4rkeimm\u00e4n arvon m\u00e4\u00e4ritteleminen ei ole supervaikeaa puuhaa, mutta niiden yhteensovittaminen on v\u00e4lill\u00e4 hankalaa. V\u00e4kisinkin tulee tilanteita, joissa jotkut<br \/>\narvot ly\u00f6v&hellip;<\/p>\n","protected":false},"author":153,"featured_media":0,"comment_status":"open","ping_status":"open","sticky":false,"template":"","format":"standard","meta":{"_acf_changed":false,"asauth_required_access_level":0,"asauth_cansharepaid":"","om_header_attributes":[],"footnotes":"","om_featured_image_focal_point":[],"om_primary_tag":0,"om_contributors":[],"om_co_authors":[],"beyondwords_generate_audio":"","beyondwords_project_id":"","beyondwords_content_id":"","beyondwords_preview_token":"","beyondwords_player_content":"","beyondwords_player_style":"","beyondwords_language_code":"","beyondwords_language_id":"","beyondwords_title_voice_id":"","beyondwords_body_voice_id":"","beyondwords_summary_voice_id":"","beyondwords_error_message":"","beyondwords_disabled":"","beyondwords_delete_content":"","beyondwords_podcast_id":"","beyondwords_hash":"","publish_post_to_speechkit":"","speechkit_hash":"","speechkit_generate_audio":"","speechkit_project_id":"","speechkit_podcast_id":"","speechkit_error_message":"","speechkit_disabled":"","speechkit_access_key":"","speechkit_error":"","speechkit_info":"","speechkit_response":"","speechkit_retries":"","speechkit_status":"","speechkit_updated_at":"","_speechkit_link":"","_speechkit_text":""},"categories":[1],"tags":[243,242,240,241],"class_list":["post-89","post","type-post","status-publish","format-standard","hentry","category-tahan-on-tultu","tag-bonukset","tag-palkkaus","tag-vr","tag-yritysjohto"],"om_views":null,"acf":{"tuuma_off":false,"tuuma_kysymys":"","tuuma_vastaus":""},"asauth":{"required_access_level":1,"share_token":"","is_paid":false},"yoast_head":"<!-- This site is optimized with the Yoast SEO plugin v26.4 - https:\/\/yoast.com\/wordpress\/plugins\/seo\/ -->\n<title>Yritysten arvot ja VR - T\u00e4h\u00e4n on tultu<\/title>\n<meta name=\"robots\" content=\"index, follow, max-snippet:-1, max-image-preview:large, max-video-preview:-1\" \/>\n<link rel=\"canonical\" href=\"https:\/\/suomenkuvalehti.fi\/tahanontultu\/yritysten-arvot-ja-vr\/\" \/>\n<meta property=\"og:locale\" content=\"fi_FI\" \/>\n<meta property=\"og:type\" content=\"article\" \/>\n<meta property=\"og:title\" content=\"Yritysten arvot ja VR - T\u00e4h\u00e4n on tultu\" \/>\n<meta property=\"og:description\" content=\"Aikoinani sain olla paljonkin piirtelem\u00e4ss\u00e4 sessioita, joissa kehiteltiin ja viestitettiin yritysten arvoja. J\u00e4i vaikutelma, ett\u00e4 muutaman t\u00e4rkeimm\u00e4n arvon m\u00e4\u00e4ritteleminen ei ole supervaikeaa puuhaa, mutta niiden yhteensovittaminen on v\u00e4lill\u00e4 hankalaa. V\u00e4kisinkin tulee tilanteita, joissa jotkut arvot ly\u00f6v&hellip;\" \/>\n<meta property=\"og:url\" content=\"https:\/\/suomenkuvalehti.fi\/tahanontultu\/yritysten-arvot-ja-vr\/\" \/>\n<meta property=\"og:site_name\" content=\"T\u00e4h\u00e4n on tultu\" \/>\n<meta property=\"article:published_time\" content=\"2011-12-31T17:56:42+00:00\" \/>\n<meta property=\"og:image\" content=\"https:\/\/suomenkuvalehti.fi\/tahanontultu\/wp-content\/uploads\/sites\/14\/2013\/11\/jarla.jpg\" \/>\n\t<meta property=\"og:image:width\" content=\"419\" \/>\n\t<meta property=\"og:image:height\" content=\"425\" \/>\n\t<meta property=\"og:image:type\" content=\"image\/jpeg\" \/>\n<meta name=\"author\" content=\"Pertti Jarla\" \/>\n<meta name=\"twitter:card\" content=\"summary_large_image\" \/>\n<meta name=\"twitter:label1\" content=\"Written by\" \/>\n\t<meta name=\"twitter:data1\" content=\"Pertti Jarla\" \/>\n\t<meta name=\"twitter:label2\" content=\"Est. reading time\" \/>\n\t<meta name=\"twitter:data2\" content=\"2 minuuttia\" \/>\n<script type=\"application\/ld+json\" class=\"yoast-schema-graph\">{\"@context\":\"https:\/\/schema.org\",\"@graph\":[{\"@type\":\"WebPage\",\"@id\":\"https:\/\/suomenkuvalehti.fi\/tahanontultu\/yritysten-arvot-ja-vr\/\",\"url\":\"https:\/\/suomenkuvalehti.fi\/tahanontultu\/yritysten-arvot-ja-vr\/\",\"name\":\"Yritysten arvot ja VR - T\u00e4h\u00e4n on tultu\",\"isPartOf\":{\"@id\":\"https:\/\/suomenkuvalehti.fi\/tahanontultu\/#website\"},\"datePublished\":\"2011-12-31T17:56:42+00:00\",\"author\":{\"@id\":\"https:\/\/suomenkuvalehti.fi\/tahanontultu\/#\/schema\/person\/f258b4d6c9f57d438aab20b0066db5e7\"},\"breadcrumb\":{\"@id\":\"https:\/\/suomenkuvalehti.fi\/tahanontultu\/yritysten-arvot-ja-vr\/#breadcrumb\"},\"inLanguage\":\"fi\",\"potentialAction\":[{\"@type\":\"ReadAction\",\"target\":[\"https:\/\/suomenkuvalehti.fi\/tahanontultu\/yritysten-arvot-ja-vr\/\"]}]},{\"@type\":\"BreadcrumbList\",\"@id\":\"https:\/\/suomenkuvalehti.fi\/tahanontultu\/yritysten-arvot-ja-vr\/#breadcrumb\",\"itemListElement\":[{\"@type\":\"ListItem\",\"position\":1,\"name\":\"Home\",\"item\":\"https:\/\/suomenkuvalehti.fi\/tahanontultu\/\"},{\"@type\":\"ListItem\",\"position\":2,\"name\":\"Yritysten arvot ja VR\"}]},{\"@type\":\"WebSite\",\"@id\":\"https:\/\/suomenkuvalehti.fi\/tahanontultu\/#website\",\"url\":\"https:\/\/suomenkuvalehti.fi\/tahanontultu\/\",\"name\":\"T\u00e4h\u00e4n on tultu\",\"description\":\"Fingerpori-sarjakuvan piirt\u00e4j\u00e4 p\u00e4hk\u00e4ilee maailmaa vitsien takana.\",\"potentialAction\":[{\"@type\":\"SearchAction\",\"target\":{\"@type\":\"EntryPoint\",\"urlTemplate\":\"https:\/\/suomenkuvalehti.fi\/haku\/?q={search_term_string}\"},\"query-input\":{\"@type\":\"PropertyValueSpecification\",\"valueRequired\":true,\"valueName\":\"search_term_string\"}}],\"inLanguage\":\"fi\"},{\"@type\":\"Person\",\"@id\":\"https:\/\/suomenkuvalehti.fi\/tahanontultu\/#\/schema\/person\/f258b4d6c9f57d438aab20b0066db5e7\",\"name\":\"Pertti Jarla\",\"image\":{\"@type\":\"ImageObject\",\"inLanguage\":\"fi\",\"@id\":\"https:\/\/suomenkuvalehti.fi\/tahanontultu\/#\/schema\/person\/image\/\",\"url\":\"https:\/\/suomenkuvalehti.fi\/tahanontultu\/wp-content\/uploads\/sites\/14\/2013\/11\/jarla-150x150.jpg\",\"contentUrl\":\"https:\/\/suomenkuvalehti.fi\/tahanontultu\/wp-content\/uploads\/sites\/14\/2013\/11\/jarla-150x150.jpg\",\"caption\":\"Pertti Jarla\"},\"description\":\"Kirjoittaja on porvoolainen sarjakuvantekij\u00e4.\"}]}<\/script>\n<!-- \/ Yoast SEO plugin. -->","yoast_head_json":{"title":"Yritysten arvot ja VR - T\u00e4h\u00e4n on tultu","robots":{"index":"index","follow":"follow","max-snippet":"max-snippet:-1","max-image-preview":"max-image-preview:large","max-video-preview":"max-video-preview:-1"},"canonical":"https:\/\/suomenkuvalehti.fi\/tahanontultu\/yritysten-arvot-ja-vr\/","og_locale":"fi_FI","og_type":"article","og_title":"Yritysten arvot ja VR - T\u00e4h\u00e4n on tultu","og_description":"Aikoinani sain olla paljonkin piirtelem\u00e4ss\u00e4 sessioita, joissa kehiteltiin ja viestitettiin yritysten arvoja. J\u00e4i vaikutelma, ett\u00e4 muutaman t\u00e4rkeimm\u00e4n arvon m\u00e4\u00e4ritteleminen ei ole supervaikeaa puuhaa, mutta niiden yhteensovittaminen on v\u00e4lill\u00e4 hankalaa. V\u00e4kisinkin tulee tilanteita, joissa jotkut arvot ly\u00f6v&hellip;","og_url":"https:\/\/suomenkuvalehti.fi\/tahanontultu\/yritysten-arvot-ja-vr\/","og_site_name":"T\u00e4h\u00e4n on tultu","article_published_time":"2011-12-31T17:56:42+00:00","og_image":[{"width":419,"height":425,"url":"https:\/\/suomenkuvalehti.fi\/tahanontultu\/wp-content\/uploads\/sites\/14\/2013\/11\/jarla.jpg","type":"image\/jpeg"}],"author":"Pertti Jarla","twitter_card":"summary_large_image","twitter_misc":{"Written by":"Pertti Jarla","Est. reading time":"2 minuuttia"},"schema":{"@context":"https:\/\/schema.org","@graph":[{"@type":"WebPage","@id":"https:\/\/suomenkuvalehti.fi\/tahanontultu\/yritysten-arvot-ja-vr\/","url":"https:\/\/suomenkuvalehti.fi\/tahanontultu\/yritysten-arvot-ja-vr\/","name":"Yritysten arvot ja VR - T\u00e4h\u00e4n on tultu","isPartOf":{"@id":"https:\/\/suomenkuvalehti.fi\/tahanontultu\/#website"},"datePublished":"2011-12-31T17:56:42+00:00","author":{"@id":"https:\/\/suomenkuvalehti.fi\/tahanontultu\/#\/schema\/person\/f258b4d6c9f57d438aab20b0066db5e7"},"breadcrumb":{"@id":"https:\/\/suomenkuvalehti.fi\/tahanontultu\/yritysten-arvot-ja-vr\/#breadcrumb"},"inLanguage":"fi","potentialAction":[{"@type":"ReadAction","target":["https:\/\/suomenkuvalehti.fi\/tahanontultu\/yritysten-arvot-ja-vr\/"]}]},{"@type":"BreadcrumbList","@id":"https:\/\/suomenkuvalehti.fi\/tahanontultu\/yritysten-arvot-ja-vr\/#breadcrumb","itemListElement":[{"@type":"ListItem","position":1,"name":"Home","item":"https:\/\/suomenkuvalehti.fi\/tahanontultu\/"},{"@type":"ListItem","position":2,"name":"Yritysten arvot ja VR"}]},{"@type":"WebSite","@id":"https:\/\/suomenkuvalehti.fi\/tahanontultu\/#website","url":"https:\/\/suomenkuvalehti.fi\/tahanontultu\/","name":"T\u00e4h\u00e4n on tultu","description":"Fingerpori-sarjakuvan piirt\u00e4j\u00e4 p\u00e4hk\u00e4ilee maailmaa vitsien takana.","potentialAction":[{"@type":"SearchAction","target":{"@type":"EntryPoint","urlTemplate":"https:\/\/suomenkuvalehti.fi\/haku\/?q={search_term_string}"},"query-input":{"@type":"PropertyValueSpecification","valueRequired":true,"valueName":"search_term_string"}}],"inLanguage":"fi"},{"@type":"Person","@id":"https:\/\/suomenkuvalehti.fi\/tahanontultu\/#\/schema\/person\/f258b4d6c9f57d438aab20b0066db5e7","name":"Pertti Jarla","image":{"@type":"ImageObject","inLanguage":"fi","@id":"https:\/\/suomenkuvalehti.fi\/tahanontultu\/#\/schema\/person\/image\/","url":"https:\/\/suomenkuvalehti.fi\/tahanontultu\/wp-content\/uploads\/sites\/14\/2013\/11\/jarla-150x150.jpg","contentUrl":"https:\/\/suomenkuvalehti.fi\/tahanontultu\/wp-content\/uploads\/sites\/14\/2013\/11\/jarla-150x150.jpg","caption":"Pertti Jarla"},"description":"Kirjoittaja on porvoolainen sarjakuvantekij\u00e4."}]}},"_links":{"self":[{"href":"https:\/\/suomenkuvalehti.fi\/tahanontultu\/wp-json\/wp\/v2\/posts\/89","targetHints":{"allow":["GET"]}}],"collection":[{"href":"https:\/\/suomenkuvalehti.fi\/tahanontultu\/wp-json\/wp\/v2\/posts"}],"about":[{"href":"https:\/\/suomenkuvalehti.fi\/tahanontultu\/wp-json\/wp\/v2\/types\/post"}],"author":[{"embeddable":true,"href":"https:\/\/suomenkuvalehti.fi\/tahanontultu\/wp-json\/wp\/v2\/users\/153"}],"replies":[{"embeddable":true,"href":"https:\/\/suomenkuvalehti.fi\/tahanontultu\/wp-json\/wp\/v2\/comments?post=89"}],"version-history":[{"count":0,"href":"https:\/\/suomenkuvalehti.fi\/tahanontultu\/wp-json\/wp\/v2\/posts\/89\/revisions"}],"wp:attachment":[{"href":"https:\/\/suomenkuvalehti.fi\/tahanontultu\/wp-json\/wp\/v2\/media?parent=89"}],"wp:term":[{"taxonomy":"category","embeddable":true,"href":"https:\/\/suomenkuvalehti.fi\/tahanontultu\/wp-json\/wp\/v2\/categories?post=89"},{"taxonomy":"post_tag","embeddable":true,"href":"https:\/\/suomenkuvalehti.fi\/tahanontultu\/wp-json\/wp\/v2\/tags?post=89"}],"curies":[{"name":"wp","href":"https:\/\/api.w.org\/{rel}","templated":true}]}}